{"id":69124,"date":"2023-03-23T09:36:37","date_gmt":"2023-03-23T08:36:37","guid":{"rendered":"https:\/\/vosgesinfo.fr\/remiremontinfo\/2023\/03\/remiremont-visites-guidees-de-lexposition-paul-nicolas-maitre-verrier-vie-a-travers-archives\/"},"modified":"2023-03-23T09:36:37","modified_gmt":"2023-03-23T08:36:37","slug":"remiremont-visites-guidees-de-lexposition-paul-nicolas-maitre-verrier-vie-a-travers-archives","status":"publish","type":"post","link":"https:\/\/vosgesinfo.fr\/remiremontinfo\/2023\/03\/remiremont-visites-guidees-de-lexposition-paul-nicolas-maitre-verrier-vie-a-travers-archives\/","title":{"rendered":"Remiremont : visites guid\u00e9es de l\u2019exposition \u00ab Paul Nicolas, Ma\u00eetre-verrier Sa vie \u00e0 travers ses archives \u00bb"},"content":{"rendered":"<p><a href=\"\/2023\/02\/exposition-mus\u00e9e-131.jpg\"><img decoding=\"async\" class=\"alignnone size-large wp-image-364347\" src=\"\/2023\/02\/exposition-mus\u00e9e-131-1024x794.jpg\" alt=\"exposition mus\u00e9e (13)\" width=\"960\" height=\"744\" \/><\/a><\/p>\n<p><span style=\"font-size: 10pt;\"><em>Photo d&rsquo;archive\u00a0\u00a0<\/em><\/span><\/p>\n<h2><span style=\"font-size: 12pt;\"><strong>Florence NICOLAS, petite-fille du Ma\u00eetre-verrier Paul NICOLAS, proposera des visites guid\u00e9es de l\u2019exposition actuellement en cours aux Archives Municipales de Remiremont.\u00a0<\/strong><\/span><\/h2>\n<p>Elle y pr\u00e9sentera diff\u00e9rents documents, illustrations, photographies, qui permettent de comprendre la vie de l\u2019artiste et ses relations avec les personnalit\u00e9s de l\u2019\u00c9cole de Nancy, les mercredi 29 et vendredi 31 mars \u00e0 14h30, samedi 8 avril \u00e0 10h30, jeudi 20 avril \u00e0 15h, jeudi 27 avril \u00e0 20h30, vendredi 12 mai \u00e0 10h30, mercredi 17 mai, mardi 6 juin et jeudi 15 juin \u00e0 15h.<\/p>\n<p>Informations pratiques :<br \/>\nArchives municipales \u2013 4 place Christian Poncelet \u00e0 Remiremont<br \/>\nOuvertes les mardis, mercredis et jeudis et de 13h30 \u00e0 17h30<br \/>\nEntr\u00e9e libre<\/p>\n<p><span style=\"font-size: 10pt;\"><em>Communiqu\u00e9 de la Mairie\u00a0<\/em><\/span><\/p>\n","protected":false},"excerpt":{"rendered":"<p>Photo d&rsquo;archive\u00a0\u00a0 Florence NICOLAS, petite-fille du Ma\u00eetre-verrier Paul NICOLAS, proposera des visites guid\u00e9es de l\u2019exposition actuellement en cours aux Archives [&hellip;]<\/p>\n","protected":false},"author":407,"featured_media":69125,"comment_status":"open","ping_status":"open","sticky":false,"template":"","format":"standard","meta":{"footnotes":""},"categories":[26,4,1556,35],"tags":[2756,44,32],"class_list":["post-69124","post","type-post","status-publish","format-standard","has-post-thumbnail","hentry","category-a-la-une","category-culture","category-remiremont-remiremont-son-canton-2","category-remiremont-son-canton","tag-expo","tag-remiremont","tag-vosges"],"acf":[],"yoast_head":"<!-- This site is optimized with the Yoast SEO plugin v22.5 - https:\/\/yoast.com\/wordpress\/plugins\/seo\/ -->\n<title>Remiremont : visites guid\u00e9es de l\u2019exposition \u00ab Paul Nicolas, Ma\u00eetre-verrier Sa vie \u00e0 travers ses archives \u00bb - Remiremont Info<\/title>\n<meta name=\"robots\" content=\"index, follow, max-snippet:-1, max-image-preview:large, max-video-preview:-1\" \/>\n<link rel=\"canonical\" href=\"https:\/\/vosgesinfo.fr\/remiremontinfo\/2023\/03\/remiremont-visites-guidees-de-lexposition-paul-nicolas-maitre-verrier-vie-a-travers-archives\/\" \/>\n<meta name=\"twitter:card\" content=\"summary_large_image\" \/>\n<meta name=\"twitter:title\" content=\"Remiremont : visites guid\u00e9es de l\u2019exposition \u00ab Paul Nicolas, Ma\u00eetre-verrier Sa vie \u00e0 travers ses archives \u00bb - Remiremont Info\" \/>\n<meta name=\"twitter:description\" content=\"Photo d&rsquo;archive\u00a0\u00a0 Florence NICOLAS, petite-fille du Ma\u00eetre-verrier Paul NICOLAS, proposera des visites guid\u00e9es de l\u2019exposition actuellement en cours aux Archives [&hellip;]\" \/>\n<meta name=\"twitter:image\" content=\"https:\/\/vosgesinfo.fr\/app\/uploads\/sites\/5\/2024\/09\/202302exposition-musee-131-1.jpg\" \/>\n<meta name=\"twitter:creator\" content=\"@VosgesInfo88\" \/>\n<meta name=\"twitter:site\" content=\"@VosgesInfo88\" \/>\n<meta name=\"twitter:label1\" content=\"\u00c9crit par\" \/>\n\t<meta name=\"twitter:data1\" content=\"C D\" \/>\n\t<meta name=\"twitter:label2\" content=\"Dur\u00e9e de lecture estim\u00e9e\" \/>\n\t<meta name=\"twitter:data2\" content=\"1 minute\" \/>\n<script type=\"application\/ld+json\" class=\"yoast-schema-graph\">{\"@context\":\"https:\/\/schema.org\",\"@graph\":[{\"@type\":\"Article\",\"@id\":\"https:\/\/vosgesinfo.fr\/remiremontinfo\/2023\/03\/remiremont-visites-guidees-de-lexposition-paul-nicolas-maitre-verrier-vie-a-travers-archives\/#article\",\"isPartOf\":{\"@id\":\"https:\/\/vosgesinfo.fr\/remiremontinfo\/2023\/03\/remiremont-visites-guidees-de-lexposition-paul-nicolas-maitre-verrier-vie-a-travers-archives\/\"},\"author\":{\"name\":\"C D\",\"@id\":\"https:\/\/vosgesinfo.fr\/remiremontinfo\/#\/schema\/person\/3bfd164d5218a185b1db68655a265316\"},\"headline\":\"Remiremont : visites guid\u00e9es de l\u2019exposition \u00ab Paul Nicolas, Ma\u00eetre-verrier Sa vie \u00e0 travers ses archives \u00bb\",\"datePublished\":\"2023-03-23T08:36:37+00:00\",\"dateModified\":\"2023-03-23T08:36:37+00:00\",\"mainEntityOfPage\":{\"@id\":\"https:\/\/vosgesinfo.fr\/remiremontinfo\/2023\/03\/remiremont-visites-guidees-de-lexposition-paul-nicolas-maitre-verrier-vie-a-travers-archives\/\"},\"wordCount\":124,\"commentCount\":0,\"publisher\":{\"@id\":\"https:\/\/vosgesinfo.fr\/remiremontinfo\/#organization\"},\"image\":{\"@id\":\"https:\/\/vosgesinfo.fr\/remiremontinfo\/2023\/03\/remiremont-visites-guidees-de-lexposition-paul-nicolas-maitre-verrier-vie-a-travers-archives\/#primaryimage\"},\"thumbnailUrl\":\"https:\/\/vosgesinfo.fr\/app\/uploads\/sites\/5\/2024\/09\/202302exposition-musee-131-1.jpg\",\"keywords\":[\"Expo\",\"remiremont\",\"Vosges\"],\"articleSection\":[\"A la Une\",\"Culture\",\"Remiremont\",\"Remiremont &amp; son canton\"],\"inLanguage\":\"fr-FR\",\"potentialAction\":[{\"@type\":\"CommentAction\",\"name\":\"Comment\",\"target\":[\"https:\/\/vosgesinfo.fr\/remiremontinfo\/2023\/03\/remiremont-visites-guidees-de-lexposition-paul-nicolas-maitre-verrier-vie-a-travers-archives\/#respond\"]}]},{\"@type\":\"WebPage\",\"@id\":\"https:\/\/vosgesinfo.fr\/remiremontinfo\/2023\/03\/remiremont-visites-guidees-de-lexposition-paul-nicolas-maitre-verrier-vie-a-travers-archives\/\",\"url\":\"https:\/\/vosgesinfo.fr\/remiremontinfo\/2023\/03\/remiremont-visites-guidees-de-lexposition-paul-nicolas-maitre-verrier-vie-a-travers-archives\/\",\"name\":\"Remiremont : visites guid\u00e9es de l\u2019exposition \u00ab Paul Nicolas, Ma\u00eetre-verrier Sa vie \u00e0 travers ses archives \u00bb - Remiremont Info\",\"isPartOf\":{\"@id\":\"https:\/\/vosgesinfo.fr\/remiremontinfo\/#website\"},\"primaryImageOfPage\":{\"@id\":\"https:\/\/vosgesinfo.fr\/remiremontinfo\/2023\/03\/remiremont-visites-guidees-de-lexposition-paul-nicolas-maitre-verrier-vie-a-travers-archives\/#primaryimage\"},\"image\":{\"@id\":\"https:\/\/vosgesinfo.fr\/remiremontinfo\/2023\/03\/remiremont-visites-guidees-de-lexposition-paul-nicolas-maitre-verrier-vie-a-travers-archives\/#primaryimage\"},\"thumbnailUrl\":\"https:\/\/vosgesinfo.fr\/app\/uploads\/sites\/5\/2024\/09\/202302exposition-musee-131-1.jpg\",\"datePublished\":\"2023-03-23T08:36:37+00:00\",\"dateModified\":\"2023-03-23T08:36:37+00:00\",\"breadcrumb\":{\"@id\":\"https:\/\/vosgesinfo.fr\/remiremontinfo\/2023\/03\/remiremont-visites-guidees-de-lexposition-paul-nicolas-maitre-verrier-vie-a-travers-archives\/#breadcrumb\"},\"inLanguage\":\"fr-FR\",\"potentialAction\":[{\"@type\":\"ReadAction\",\"target\":[\"https:\/\/vosgesinfo.fr\/remiremontinfo\/2023\/03\/remiremont-visites-guidees-de-lexposition-paul-nicolas-maitre-verrier-vie-a-travers-archives\/\"]}]},{\"@type\":\"ImageObject\",\"inLanguage\":\"fr-FR\",\"@id\":\"https:\/\/vosgesinfo.fr\/remiremontinfo\/2023\/03\/remiremont-visites-guidees-de-lexposition-paul-nicolas-maitre-verrier-vie-a-travers-archives\/#primaryimage\",\"url\":\"https:\/\/vosgesinfo.fr\/app\/uploads\/sites\/5\/2024\/09\/202302exposition-musee-131-1.jpg\",\"contentUrl\":\"https:\/\/vosgesinfo.fr\/app\/uploads\/sites\/5\/2024\/09\/202302exposition-musee-131-1.jpg\",\"width\":1600,\"height\":1241},{\"@type\":\"BreadcrumbList\",\"@id\":\"https:\/\/vosgesinfo.fr\/remiremontinfo\/2023\/03\/remiremont-visites-guidees-de-lexposition-paul-nicolas-maitre-verrier-vie-a-travers-archives\/#breadcrumb\",\"itemListElement\":[{\"@type\":\"ListItem\",\"position\":1,\"name\":\"Home\",\"item\":\"https:\/\/vosgesinfo.fr\/remiremontinfo\/\"},{\"@type\":\"ListItem\",\"position\":2,\"name\":\"Remiremont : visites guid\u00e9es de l\u2019exposition \u00ab Paul Nicolas, Ma\u00eetre-verrier Sa vie \u00e0 travers ses archives \u00bb\"}]},{\"@type\":\"WebSite\",\"@id\":\"https:\/\/vosgesinfo.fr\/remiremontinfo\/#website\",\"url\":\"https:\/\/vosgesinfo.fr\/remiremontinfo\/\",\"name\":\"Remiremont Info\",\"description\":\"Toute l&#039;actualit\u00e9 de Remiremont\",\"publisher\":{\"@id\":\"https:\/\/vosgesinfo.fr\/remiremontinfo\/#organization\"},\"alternateName\":\"Toute l'actualit\u00e9 de Remiremont\",\"potentialAction\":[{\"@type\":\"SearchAction\",\"target\":{\"@type\":\"EntryPoint\",\"urlTemplate\":\"https:\/\/vosgesinfo.fr\/remiremontinfo\/?s={search_term_string}\"},\"query-input\":\"required name=search_term_string\"}],\"inLanguage\":\"fr-FR\"},{\"@type\":\"Organization\",\"@id\":\"https:\/\/vosgesinfo.fr\/remiremontinfo\/#organization\",\"name\":\"Remiremont Info\",\"url\":\"https:\/\/vosgesinfo.fr\/remiremontinfo\/\",\"logo\":{\"@type\":\"ImageObject\",\"inLanguage\":\"fr-FR\",\"@id\":\"https:\/\/vosgesinfo.fr\/remiremontinfo\/#\/schema\/logo\/image\/\",\"url\":\"https:\/\/vosgesinfo.fr\/app\/uploads\/sites\/5\/2023\/08\/favicon-remiremontinfo.png\",\"contentUrl\":\"https:\/\/vosgesinfo.fr\/app\/uploads\/sites\/5\/2023\/08\/favicon-remiremontinfo.png\",\"width\":512,\"height\":512,\"caption\":\"Remiremont Info\"},\"image\":{\"@id\":\"https:\/\/vosgesinfo.fr\/remiremontinfo\/#\/schema\/logo\/image\/\"},\"sameAs\":[\"https:\/\/www.facebook.com\/remiremontinfo\",\"https:\/\/x.com\/VosgesInfo88\",\"https:\/\/www.youtube.com\/@vosgesinfo\"]},{\"@type\":\"Person\",\"@id\":\"https:\/\/vosgesinfo.fr\/remiremontinfo\/#\/schema\/person\/3bfd164d5218a185b1db68655a265316\",\"name\":\"C D\",\"image\":{\"@type\":\"ImageObject\",\"inLanguage\":\"fr-FR\",\"@id\":\"https:\/\/vosgesinfo.fr\/remiremontinfo\/#\/schema\/person\/image\/\",\"url\":\"https:\/\/secure.gravatar.com\/avatar\/1f9a70007336511a47468b8f1c66f922b8b7cf617b02a31149ada43893a5d48f?s=96&d=mm&r=g\",\"contentUrl\":\"https:\/\/secure.gravatar.com\/avatar\/1f9a70007336511a47468b8f1c66f922b8b7cf617b02a31149ada43893a5d48f?s=96&d=mm&r=g\",\"caption\":\"C D\"},\"url\":\"https:\/\/vosgesinfo.fr\/remiremontinfo\/author\/cedric-drevet\/\"}]}<\/script>\n<!-- \/ Yoast SEO plugin. -->","yoast_head_json":{"title":"Remiremont : visites guid\u00e9es de l\u2019exposition \u00ab Paul Nicolas, Ma\u00eetre-verrier Sa vie \u00e0 travers ses archives \u00bb - Remiremont Info","robots":{"index":"index","follow":"follow","max-snippet":"max-snippet:-1","max-image-preview":"max-image-preview:large","max-video-preview":"max-video-preview:-1"},"canonical":"https:\/\/vosgesinfo.fr\/remiremontinfo\/2023\/03\/remiremont-visites-guidees-de-lexposition-paul-nicolas-maitre-verrier-vie-a-travers-archives\/","twitter_card":"summary_large_image","twitter_title":"Remiremont : visites guid\u00e9es de l\u2019exposition \u00ab Paul Nicolas, Ma\u00eetre-verrier Sa vie \u00e0 travers ses archives \u00bb - Remiremont Info","twitter_description":"Photo d&rsquo;archive\u00a0\u00a0 Florence NICOLAS, petite-fille du Ma\u00eetre-verrier Paul NICOLAS, proposera des visites guid\u00e9es de l\u2019exposition actuellement en cours aux Archives [&hellip;]","twitter_image":"https:\/\/vosgesinfo.fr\/app\/uploads\/sites\/5\/2024\/09\/202302exposition-musee-131-1.jpg","twitter_creator":"@VosgesInfo88","twitter_site":"@VosgesInfo88","twitter_misc":{"\u00c9crit par":"C D","Dur\u00e9e de lecture estim\u00e9e":"1 minute"},"schema":{"@context":"https:\/\/schema.org","@graph":[{"@type":"Article","@id":"https:\/\/vosgesinfo.fr\/remiremontinfo\/2023\/03\/remiremont-visites-guidees-de-lexposition-paul-nicolas-maitre-verrier-vie-a-travers-archives\/#article","isPartOf":{"@id":"https:\/\/vosgesinfo.fr\/remiremontinfo\/2023\/03\/remiremont-visites-guidees-de-lexposition-paul-nicolas-maitre-verrier-vie-a-travers-archives\/"},"author":{"name":"C D","@id":"https:\/\/vosgesinfo.fr\/remiremontinfo\/#\/schema\/person\/3bfd164d5218a185b1db68655a265316"},"headline":"Remiremont : visites guid\u00e9es de l\u2019exposition \u00ab Paul Nicolas, Ma\u00eetre-verrier Sa vie \u00e0 travers ses archives \u00bb","datePublished":"2023-03-23T08:36:37+00:00","dateModified":"2023-03-23T08:36:37+00:00","mainEntityOfPage":{"@id":"https:\/\/vosgesinfo.fr\/remiremontinfo\/2023\/03\/remiremont-visites-guidees-de-lexposition-paul-nicolas-maitre-verrier-vie-a-travers-archives\/"},"wordCount":124,"commentCount":0,"publisher":{"@id":"https:\/\/vosgesinfo.fr\/remiremontinfo\/#organization"},"image":{"@id":"https:\/\/vosgesinfo.fr\/remiremontinfo\/2023\/03\/remiremont-visites-guidees-de-lexposition-paul-nicolas-maitre-verrier-vie-a-travers-archives\/#primaryimage"},"thumbnailUrl":"https:\/\/vosgesinfo.fr\/app\/uploads\/sites\/5\/2024\/09\/202302exposition-musee-131-1.jpg","keywords":["Expo","remiremont","Vosges"],"articleSection":["A la Une","Culture","Remiremont","Remiremont &amp; son canton"],"inLanguage":"fr-FR","potentialAction":[{"@type":"CommentAction","name":"Comment","target":["https:\/\/vosgesinfo.fr\/remiremontinfo\/2023\/03\/remiremont-visites-guidees-de-lexposition-paul-nicolas-maitre-verrier-vie-a-travers-archives\/#respond"]}]},{"@type":"WebPage","@id":"https:\/\/vosgesinfo.fr\/remiremontinfo\/2023\/03\/remiremont-visites-guidees-de-lexposition-paul-nicolas-maitre-verrier-vie-a-travers-archives\/","url":"https:\/\/vosgesinfo.fr\/remiremontinfo\/2023\/03\/remiremont-visites-guidees-de-lexposition-paul-nicolas-maitre-verrier-vie-a-travers-archives\/","name":"Remiremont : visites guid\u00e9es de l\u2019exposition \u00ab Paul Nicolas, Ma\u00eetre-verrier Sa vie \u00e0 travers ses archives \u00bb - Remiremont Info","isPartOf":{"@id":"https:\/\/vosgesinfo.fr\/remiremontinfo\/#website"},"primaryImageOfPage":{"@id":"https:\/\/vosgesinfo.fr\/remiremontinfo\/2023\/03\/remiremont-visites-guidees-de-lexposition-paul-nicolas-maitre-verrier-vie-a-travers-archives\/#primaryimage"},"image":{"@id":"https:\/\/vosgesinfo.fr\/remiremontinfo\/2023\/03\/remiremont-visites-guidees-de-lexposition-paul-nicolas-maitre-verrier-vie-a-travers-archives\/#primaryimage"},"thumbnailUrl":"https:\/\/vosgesinfo.fr\/app\/uploads\/sites\/5\/2024\/09\/202302exposition-musee-131-1.jpg","datePublished":"2023-03-23T08:36:37+00:00","dateModified":"2023-03-23T08:36:37+00:00","breadcrumb":{"@id":"https:\/\/vosgesinfo.fr\/remiremontinfo\/2023\/03\/remiremont-visites-guidees-de-lexposition-paul-nicolas-maitre-verrier-vie-a-travers-archives\/#breadcrumb"},"inLanguage":"fr-FR","potentialAction":[{"@type":"ReadAction","target":["https:\/\/vosgesinfo.fr\/remiremontinfo\/2023\/03\/remiremont-visites-guidees-de-lexposition-paul-nicolas-maitre-verrier-vie-a-travers-archives\/"]}]},{"@type":"ImageObject","inLanguage":"fr-FR","@id":"https:\/\/vosgesinfo.fr\/remiremontinfo\/2023\/03\/remiremont-visites-guidees-de-lexposition-paul-nicolas-maitre-verrier-vie-a-travers-archives\/#primaryimage","url":"https:\/\/vosgesinfo.fr\/app\/uploads\/sites\/5\/2024\/09\/202302exposition-musee-131-1.jpg","contentUrl":"https:\/\/vosgesinfo.fr\/app\/uploads\/sites\/5\/2024\/09\/202302exposition-musee-131-1.jpg","width":1600,"height":1241},{"@type":"BreadcrumbList","@id":"https:\/\/vosgesinfo.fr\/remiremontinfo\/2023\/03\/remiremont-visites-guidees-de-lexposition-paul-nicolas-maitre-verrier-vie-a-travers-archives\/#breadcrumb","itemListElement":[{"@type":"ListItem","position":1,"name":"Home","item":"https:\/\/vosgesinfo.fr\/remiremontinfo\/"},{"@type":"ListItem","position":2,"name":"Remiremont : visites guid\u00e9es de l\u2019exposition \u00ab Paul Nicolas, Ma\u00eetre-verrier Sa vie \u00e0 travers ses archives \u00bb"}]},{"@type":"WebSite","@id":"https:\/\/vosgesinfo.fr\/remiremontinfo\/#website","url":"https:\/\/vosgesinfo.fr\/remiremontinfo\/","name":"Remiremont Info","description":"Toute l&#039;actualit\u00e9 de Remiremont","publisher":{"@id":"https:\/\/vosgesinfo.fr\/remiremontinfo\/#organization"},"alternateName":"Toute l'actualit\u00e9 de Remiremont","potentialAction":[{"@type":"SearchAction","target":{"@type":"EntryPoint","urlTemplate":"https:\/\/vosgesinfo.fr\/remiremontinfo\/?s={search_term_string}"},"query-input":"required name=search_term_string"}],"inLanguage":"fr-FR"},{"@type":"Organization","@id":"https:\/\/vosgesinfo.fr\/remiremontinfo\/#organization","name":"Remiremont Info","url":"https:\/\/vosgesinfo.fr\/remiremontinfo\/","logo":{"@type":"ImageObject","inLanguage":"fr-FR","@id":"https:\/\/vosgesinfo.fr\/remiremontinfo\/#\/schema\/logo\/image\/","url":"https:\/\/vosgesinfo.fr\/app\/uploads\/sites\/5\/2023\/08\/favicon-remiremontinfo.png","contentUrl":"https:\/\/vosgesinfo.fr\/app\/uploads\/sites\/5\/2023\/08\/favicon-remiremontinfo.png","width":512,"height":512,"caption":"Remiremont Info"},"image":{"@id":"https:\/\/vosgesinfo.fr\/remiremontinfo\/#\/schema\/logo\/image\/"},"sameAs":["https:\/\/www.facebook.com\/remiremontinfo","https:\/\/x.com\/VosgesInfo88","https:\/\/www.youtube.com\/@vosgesinfo"]},{"@type":"Person","@id":"https:\/\/vosgesinfo.fr\/remiremontinfo\/#\/schema\/person\/3bfd164d5218a185b1db68655a265316","name":"C D","image":{"@type":"ImageObject","inLanguage":"fr-FR","@id":"https:\/\/vosgesinfo.fr\/remiremontinfo\/#\/schema\/person\/image\/","url":"https:\/\/secure.gravatar.com\/avatar\/1f9a70007336511a47468b8f1c66f922b8b7cf617b02a31149ada43893a5d48f?s=96&d=mm&r=g","contentUrl":"https:\/\/secure.gravatar.com\/avatar\/1f9a70007336511a47468b8f1c66f922b8b7cf617b02a31149ada43893a5d48f?s=96&d=mm&r=g","caption":"C D"},"url":"https:\/\/vosgesinfo.fr\/remiremontinfo\/author\/cedric-drevet\/"}]}},"_links":{"self":[{"href":"https:\/\/vosgesinfo.fr\/remiremontinfo\/wp-json\/wp\/v2\/posts\/69124","targetHints":{"allow":["GET"]}}],"collection":[{"href":"https:\/\/vosgesinfo.fr\/remiremontinfo\/wp-json\/wp\/v2\/posts"}],"about":[{"href":"https:\/\/vosgesinfo.fr\/remiremontinfo\/wp-json\/wp\/v2\/types\/post"}],"author":[{"embeddable":true,"href":"https:\/\/vosgesinfo.fr\/remiremontinfo\/wp-json\/wp\/v2\/users\/407"}],"replies":[{"embeddable":true,"href":"https:\/\/vosgesinfo.fr\/remiremontinfo\/wp-json\/wp\/v2\/comments?post=69124"}],"version-history":[{"count":0,"href":"https:\/\/vosgesinfo.fr\/remiremontinfo\/wp-json\/wp\/v2\/posts\/69124\/revisions"}],"wp:featuredmedia":[{"embeddable":true,"href":"https:\/\/vosgesinfo.fr\/remiremontinfo\/wp-json\/wp\/v2\/media\/69125"}],"wp:attachment":[{"href":"https:\/\/vosgesinfo.fr\/remiremontinfo\/wp-json\/wp\/v2\/media?parent=69124"}],"wp:term":[{"taxonomy":"category","embeddable":true,"href":"https:\/\/vosgesinfo.fr\/remiremontinfo\/wp-json\/wp\/v2\/categories?post=69124"},{"taxonomy":"post_tag","embeddable":true,"href":"https:\/\/vosgesinfo.fr\/remiremontinfo\/wp-json\/wp\/v2\/tags?post=69124"}],"curies":[{"name":"wp","href":"https:\/\/api.w.org\/{rel}","templated":true}]}}