{"id":69146,"date":"2023-03-24T08:14:21","date_gmt":"2023-03-24T07:14:21","guid":{"rendered":"https:\/\/vosgesinfo.fr\/remiremontinfo\/2023\/03\/prefete-vosges-condamne-violences-degradations-commises-lors-de-manifestation-23-mars\/"},"modified":"2023-03-24T08:14:21","modified_gmt":"2023-03-24T07:14:21","slug":"prefete-vosges-condamne-violences-degradations-commises-lors-de-manifestation-23-mars","status":"publish","type":"post","link":"https:\/\/vosgesinfo.fr\/remiremontinfo\/2023\/03\/prefete-vosges-condamne-violences-degradations-commises-lors-de-manifestation-23-mars\/","title":{"rendered":"La pr\u00e9f\u00e8te des Vosges condamne les violences et les d\u00e9gradations commises lors de la manifestation du 23 mars"},"content":{"rendered":"<div id=\"attachment_331052\" style=\"width: 810px\" class=\"wp-caption alignnone\"><a href=\"\/2021\/11\/Capture-d\u2019\u00e9cran-2021-11-06-092526.png\"><img decoding=\"async\" aria-describedby=\"caption-attachment-331052\" class=\"size-full wp-image-331052\" src=\"\/2021\/11\/Capture-d\u2019\u00e9cran-2021-11-06-092526.png\" alt=\"Pr\u00e9f\u00e9cture, Google Maps\" width=\"800\" height=\"557\" \/><\/a><p id=\"caption-attachment-331052\" class=\"wp-caption-text\">Pr\u00e9f\u00e9cture, Google Maps<\/p><\/div>\n<p style=\"text-align: center;\"><em>Communiqu\u00e9 de la Pr\u00e9fecture\u00a0<\/em><\/p>\n<h2><span style=\"font-size: 12pt;\"><strong><span dir=\"ltr\">La pr\u00e9f\u00e8te condamne les actions violentes et les d\u00e9gradations commises par une<\/span><span dir=\"ltr\">\u00a0petite minorit\u00e9 d\u2019individus lors de la journ\u00e9e nationale d\u2019action contre la r\u00e9forme des<\/span><span dir=\"ltr\">\u00a0retraites du 23 mars.<\/span><\/strong><\/span><\/h2>\n<p><span dir=\"ltr\">La<\/span>\u00a0<span dir=\"ltr\">manifestation<\/span>\u00a0<span dir=\"ltr\">intersyndicale<\/span>\u00a0<span dir=\"ltr\">s\u2019est<\/span>\u00a0<span dir=\"ltr\">d\u00e9roul\u00e9e<\/span>\u00a0<span dir=\"ltr\">dans<\/span>\u00a0<span dir=\"ltr\">les<\/span>\u00a0<span dir=\"ltr\">conditions<\/span>\u00a0<span dir=\"ltr\">de<\/span>\u00a0<span dir=\"ltr\">droit<\/span><span dir=\"ltr\">\u00a0conformes \u00e0 la R\u00e9publique.<\/span><span dir=\"ltr\">\u00a0Les interventions des forces de s\u00e9curit\u00e9 int\u00e9rieure face \u00e0 une minorit\u00e9 violente ont<\/span><span dir=\"ltr\">\u00a0conduit \u00e0 quatre interpellations dans la soir\u00e9e.<\/span><span dir=\"ltr\">\u00a0La pr\u00e9f\u00e8te salue l\u2019engagement des forces de s\u00e9curit\u00e9 pour prot\u00e9ger les citoyens et<\/span><span dir=\"ltr\">\u00a0faire face aux casseurs. Elle condamne les violences inacceptables commises \u00e0<\/span><span dir=\"ltr\">\u00a0l\u2019encontre<\/span>\u00a0<span dir=\"ltr\">des<\/span>\u00a0<span dir=\"ltr\">forces<\/span>\u00a0<span dir=\"ltr\">de<\/span>\u00a0<span dir=\"ltr\">l\u2019ordre<\/span>\u00a0<span dir=\"ltr\">et<\/span>\u00a0<span dir=\"ltr\">rappelle<\/span>\u00a0<span dir=\"ltr\">que<\/span>\u00a0<span dir=\"ltr\">les<\/span>\u00a0<span dir=\"ltr\">insultes,<\/span>\u00a0<span dir=\"ltr\">les<\/span>\u00a0<span dir=\"ltr\">menaces<\/span>\u00a0<span dir=\"ltr\">et<\/span><span dir=\"ltr\">\u00a0intimidations n\u2019ont pas leur place dans la R\u00e9publique fran\u00e7aise.<\/span><\/p>\n","protected":false},"excerpt":{"rendered":"<p>Communiqu\u00e9 de la Pr\u00e9fecture\u00a0 La pr\u00e9f\u00e8te condamne les actions violentes et les d\u00e9gradations commises par une\u00a0petite minorit\u00e9 d\u2019individus lors de [&hellip;]<\/p>\n","protected":false},"author":407,"featured_media":69147,"comment_status":"open","ping_status":"open","sticky":false,"template":"","format":"standard","meta":{"footnotes":""},"categories":[26,13,18],"tags":[199,66,32],"class_list":["post-69146","post","type-post","status-publish","format-standard","has-post-thumbnail","hentry","category-a-la-une","category-societe","category-vosges","tag-manifestation","tag-societe","tag-vosges"],"acf":[],"yoast_head":"<!-- This site is optimized with the Yoast SEO plugin v22.5 - https:\/\/yoast.com\/wordpress\/plugins\/seo\/ -->\n<title>La pr\u00e9f\u00e8te des Vosges condamne les violences et les d\u00e9gradations commises lors de la manifestation du 23 mars - Remiremont Info<\/title>\n<meta name=\"robots\" content=\"index, follow, max-snippet:-1, max-image-preview:large, max-video-preview:-1\" \/>\n<link rel=\"canonical\" href=\"https:\/\/vosgesinfo.fr\/remiremontinfo\/2023\/03\/prefete-vosges-condamne-violences-degradations-commises-lors-de-manifestation-23-mars\/\" \/>\n<meta name=\"twitter:card\" content=\"summary_large_image\" \/>\n<meta name=\"twitter:title\" content=\"La pr\u00e9f\u00e8te des Vosges condamne les violences et les d\u00e9gradations commises lors de la manifestation du 23 mars - Remiremont Info\" \/>\n<meta name=\"twitter:description\" content=\"Communiqu\u00e9 de la Pr\u00e9fecture\u00a0 La pr\u00e9f\u00e8te condamne les actions violentes et les d\u00e9gradations commises par une\u00a0petite minorit\u00e9 d\u2019individus lors de [&hellip;]\" \/>\n<meta name=\"twitter:image\" content=\"https:\/\/vosgesinfo.fr\/app\/uploads\/sites\/5\/2024\/09\/202111capture-decran-2021-11-06-092526-10.png\" \/>\n<meta name=\"twitter:creator\" content=\"@VosgesInfo88\" \/>\n<meta name=\"twitter:site\" content=\"@VosgesInfo88\" \/>\n<meta name=\"twitter:label1\" content=\"\u00c9crit par\" \/>\n\t<meta name=\"twitter:data1\" content=\"C D\" \/>\n\t<meta name=\"twitter:label2\" content=\"Dur\u00e9e de lecture estim\u00e9e\" \/>\n\t<meta name=\"twitter:data2\" content=\"1 minute\" \/>\n<script type=\"application\/ld+json\" class=\"yoast-schema-graph\">{\"@context\":\"https:\/\/schema.org\",\"@graph\":[{\"@type\":\"Article\",\"@id\":\"https:\/\/vosgesinfo.fr\/remiremontinfo\/2023\/03\/prefete-vosges-condamne-violences-degradations-commises-lors-de-manifestation-23-mars\/#article\",\"isPartOf\":{\"@id\":\"https:\/\/vosgesinfo.fr\/remiremontinfo\/2023\/03\/prefete-vosges-condamne-violences-degradations-commises-lors-de-manifestation-23-mars\/\"},\"author\":{\"name\":\"C D\",\"@id\":\"https:\/\/vosgesinfo.fr\/remiremontinfo\/#\/schema\/person\/3bfd164d5218a185b1db68655a265316\"},\"headline\":\"La pr\u00e9f\u00e8te des Vosges condamne les violences et les d\u00e9gradations commises lors de la manifestation du 23 mars\",\"datePublished\":\"2023-03-24T07:14:21+00:00\",\"dateModified\":\"2023-03-24T07:14:21+00:00\",\"mainEntityOfPage\":{\"@id\":\"https:\/\/vosgesinfo.fr\/remiremontinfo\/2023\/03\/prefete-vosges-condamne-violences-degradations-commises-lors-de-manifestation-23-mars\/\"},\"wordCount\":165,\"commentCount\":0,\"publisher\":{\"@id\":\"https:\/\/vosgesinfo.fr\/remiremontinfo\/#organization\"},\"image\":{\"@id\":\"https:\/\/vosgesinfo.fr\/remiremontinfo\/2023\/03\/prefete-vosges-condamne-violences-degradations-commises-lors-de-manifestation-23-mars\/#primaryimage\"},\"thumbnailUrl\":\"https:\/\/vosgesinfo.fr\/app\/uploads\/sites\/5\/2024\/09\/202111capture-decran-2021-11-06-092526-10.png\",\"keywords\":[\"manifestation\",\"Soci\u00e9t\u00e9\",\"Vosges\"],\"articleSection\":[\"A la Une\",\"Soci\u00e9t\u00e9\",\"Vosges\"],\"inLanguage\":\"fr-FR\",\"potentialAction\":[{\"@type\":\"CommentAction\",\"name\":\"Comment\",\"target\":[\"https:\/\/vosgesinfo.fr\/remiremontinfo\/2023\/03\/prefete-vosges-condamne-violences-degradations-commises-lors-de-manifestation-23-mars\/#respond\"]}]},{\"@type\":\"WebPage\",\"@id\":\"https:\/\/vosgesinfo.fr\/remiremontinfo\/2023\/03\/prefete-vosges-condamne-violences-degradations-commises-lors-de-manifestation-23-mars\/\",\"url\":\"https:\/\/vosgesinfo.fr\/remiremontinfo\/2023\/03\/prefete-vosges-condamne-violences-degradations-commises-lors-de-manifestation-23-mars\/\",\"name\":\"La pr\u00e9f\u00e8te des Vosges condamne les violences et les d\u00e9gradations commises lors de la manifestation du 23 mars - Remiremont Info\",\"isPartOf\":{\"@id\":\"https:\/\/vosgesinfo.fr\/remiremontinfo\/#website\"},\"primaryImageOfPage\":{\"@id\":\"https:\/\/vosgesinfo.fr\/remiremontinfo\/2023\/03\/prefete-vosges-condamne-violences-degradations-commises-lors-de-manifestation-23-mars\/#primaryimage\"},\"image\":{\"@id\":\"https:\/\/vosgesinfo.fr\/remiremontinfo\/2023\/03\/prefete-vosges-condamne-violences-degradations-commises-lors-de-manifestation-23-mars\/#primaryimage\"},\"thumbnailUrl\":\"https:\/\/vosgesinfo.fr\/app\/uploads\/sites\/5\/2024\/09\/202111capture-decran-2021-11-06-092526-10.png\",\"datePublished\":\"2023-03-24T07:14:21+00:00\",\"dateModified\":\"2023-03-24T07:14:21+00:00\",\"breadcrumb\":{\"@id\":\"https:\/\/vosgesinfo.fr\/remiremontinfo\/2023\/03\/prefete-vosges-condamne-violences-degradations-commises-lors-de-manifestation-23-mars\/#breadcrumb\"},\"inLanguage\":\"fr-FR\",\"potentialAction\":[{\"@type\":\"ReadAction\",\"target\":[\"https:\/\/vosgesinfo.fr\/remiremontinfo\/2023\/03\/prefete-vosges-condamne-violences-degradations-commises-lors-de-manifestation-23-mars\/\"]}]},{\"@type\":\"ImageObject\",\"inLanguage\":\"fr-FR\",\"@id\":\"https:\/\/vosgesinfo.fr\/remiremontinfo\/2023\/03\/prefete-vosges-condamne-violences-degradations-commises-lors-de-manifestation-23-mars\/#primaryimage\",\"url\":\"https:\/\/vosgesinfo.fr\/app\/uploads\/sites\/5\/2024\/09\/202111capture-decran-2021-11-06-092526-10.png\",\"contentUrl\":\"https:\/\/vosgesinfo.fr\/app\/uploads\/sites\/5\/2024\/09\/202111capture-decran-2021-11-06-092526-10.png\",\"width\":800,\"height\":557},{\"@type\":\"BreadcrumbList\",\"@id\":\"https:\/\/vosgesinfo.fr\/remiremontinfo\/2023\/03\/prefete-vosges-condamne-violences-degradations-commises-lors-de-manifestation-23-mars\/#breadcrumb\",\"itemListElement\":[{\"@type\":\"ListItem\",\"position\":1,\"name\":\"Home\",\"item\":\"https:\/\/vosgesinfo.fr\/remiremontinfo\/\"},{\"@type\":\"ListItem\",\"position\":2,\"name\":\"La pr\u00e9f\u00e8te des Vosges condamne les violences et les d\u00e9gradations commises lors de la manifestation du 23 mars\"}]},{\"@type\":\"WebSite\",\"@id\":\"https:\/\/vosgesinfo.fr\/remiremontinfo\/#website\",\"url\":\"https:\/\/vosgesinfo.fr\/remiremontinfo\/\",\"name\":\"Remiremont Info\",\"description\":\"Toute l&#039;actualit\u00e9 de Remiremont\",\"publisher\":{\"@id\":\"https:\/\/vosgesinfo.fr\/remiremontinfo\/#organization\"},\"alternateName\":\"Toute l'actualit\u00e9 de Remiremont\",\"potentialAction\":[{\"@type\":\"SearchAction\",\"target\":{\"@type\":\"EntryPoint\",\"urlTemplate\":\"https:\/\/vosgesinfo.fr\/remiremontinfo\/?s={search_term_string}\"},\"query-input\":\"required name=search_term_string\"}],\"inLanguage\":\"fr-FR\"},{\"@type\":\"Organization\",\"@id\":\"https:\/\/vosgesinfo.fr\/remiremontinfo\/#organization\",\"name\":\"Remiremont Info\",\"url\":\"https:\/\/vosgesinfo.fr\/remiremontinfo\/\",\"logo\":{\"@type\":\"ImageObject\",\"inLanguage\":\"fr-FR\",\"@id\":\"https:\/\/vosgesinfo.fr\/remiremontinfo\/#\/schema\/logo\/image\/\",\"url\":\"https:\/\/vosgesinfo.fr\/app\/uploads\/sites\/5\/2023\/08\/favicon-remiremontinfo.png\",\"contentUrl\":\"https:\/\/vosgesinfo.fr\/app\/uploads\/sites\/5\/2023\/08\/favicon-remiremontinfo.png\",\"width\":512,\"height\":512,\"caption\":\"Remiremont Info\"},\"image\":{\"@id\":\"https:\/\/vosgesinfo.fr\/remiremontinfo\/#\/schema\/logo\/image\/\"},\"sameAs\":[\"https:\/\/www.facebook.com\/remiremontinfo\",\"https:\/\/x.com\/VosgesInfo88\",\"https:\/\/www.youtube.com\/@vosgesinfo\"]},{\"@type\":\"Person\",\"@id\":\"https:\/\/vosgesinfo.fr\/remiremontinfo\/#\/schema\/person\/3bfd164d5218a185b1db68655a265316\",\"name\":\"C D\",\"image\":{\"@type\":\"ImageObject\",\"inLanguage\":\"fr-FR\",\"@id\":\"https:\/\/vosgesinfo.fr\/remiremontinfo\/#\/schema\/person\/image\/\",\"url\":\"https:\/\/secure.gravatar.com\/avatar\/1f9a70007336511a47468b8f1c66f922b8b7cf617b02a31149ada43893a5d48f?s=96&d=mm&r=g\",\"contentUrl\":\"https:\/\/secure.gravatar.com\/avatar\/1f9a70007336511a47468b8f1c66f922b8b7cf617b02a31149ada43893a5d48f?s=96&d=mm&r=g\",\"caption\":\"C D\"},\"url\":\"https:\/\/vosgesinfo.fr\/remiremontinfo\/author\/cedric-drevet\/\"}]}<\/script>\n<!-- \/ Yoast SEO plugin. -->","yoast_head_json":{"title":"La pr\u00e9f\u00e8te des Vosges condamne les violences et les d\u00e9gradations commises lors de la manifestation du 23 mars - Remiremont Info","robots":{"index":"index","follow":"follow","max-snippet":"max-snippet:-1","max-image-preview":"max-image-preview:large","max-video-preview":"max-video-preview:-1"},"canonical":"https:\/\/vosgesinfo.fr\/remiremontinfo\/2023\/03\/prefete-vosges-condamne-violences-degradations-commises-lors-de-manifestation-23-mars\/","twitter_card":"summary_large_image","twitter_title":"La pr\u00e9f\u00e8te des Vosges condamne les violences et les d\u00e9gradations commises lors de la manifestation du 23 mars - Remiremont Info","twitter_description":"Communiqu\u00e9 de la Pr\u00e9fecture\u00a0 La pr\u00e9f\u00e8te condamne les actions violentes et les d\u00e9gradations commises par une\u00a0petite minorit\u00e9 d\u2019individus lors de [&hellip;]","twitter_image":"https:\/\/vosgesinfo.fr\/app\/uploads\/sites\/5\/2024\/09\/202111capture-decran-2021-11-06-092526-10.png","twitter_creator":"@VosgesInfo88","twitter_site":"@VosgesInfo88","twitter_misc":{"\u00c9crit par":"C D","Dur\u00e9e de lecture estim\u00e9e":"1 minute"},"schema":{"@context":"https:\/\/schema.org","@graph":[{"@type":"Article","@id":"https:\/\/vosgesinfo.fr\/remiremontinfo\/2023\/03\/prefete-vosges-condamne-violences-degradations-commises-lors-de-manifestation-23-mars\/#article","isPartOf":{"@id":"https:\/\/vosgesinfo.fr\/remiremontinfo\/2023\/03\/prefete-vosges-condamne-violences-degradations-commises-lors-de-manifestation-23-mars\/"},"author":{"name":"C D","@id":"https:\/\/vosgesinfo.fr\/remiremontinfo\/#\/schema\/person\/3bfd164d5218a185b1db68655a265316"},"headline":"La pr\u00e9f\u00e8te des Vosges condamne les violences et les d\u00e9gradations commises lors de la manifestation du 23 mars","datePublished":"2023-03-24T07:14:21+00:00","dateModified":"2023-03-24T07:14:21+00:00","mainEntityOfPage":{"@id":"https:\/\/vosgesinfo.fr\/remiremontinfo\/2023\/03\/prefete-vosges-condamne-violences-degradations-commises-lors-de-manifestation-23-mars\/"},"wordCount":165,"commentCount":0,"publisher":{"@id":"https:\/\/vosgesinfo.fr\/remiremontinfo\/#organization"},"image":{"@id":"https:\/\/vosgesinfo.fr\/remiremontinfo\/2023\/03\/prefete-vosges-condamne-violences-degradations-commises-lors-de-manifestation-23-mars\/#primaryimage"},"thumbnailUrl":"https:\/\/vosgesinfo.fr\/app\/uploads\/sites\/5\/2024\/09\/202111capture-decran-2021-11-06-092526-10.png","keywords":["manifestation","Soci\u00e9t\u00e9","Vosges"],"articleSection":["A la Une","Soci\u00e9t\u00e9","Vosges"],"inLanguage":"fr-FR","potentialAction":[{"@type":"CommentAction","name":"Comment","target":["https:\/\/vosgesinfo.fr\/remiremontinfo\/2023\/03\/prefete-vosges-condamne-violences-degradations-commises-lors-de-manifestation-23-mars\/#respond"]}]},{"@type":"WebPage","@id":"https:\/\/vosgesinfo.fr\/remiremontinfo\/2023\/03\/prefete-vosges-condamne-violences-degradations-commises-lors-de-manifestation-23-mars\/","url":"https:\/\/vosgesinfo.fr\/remiremontinfo\/2023\/03\/prefete-vosges-condamne-violences-degradations-commises-lors-de-manifestation-23-mars\/","name":"La pr\u00e9f\u00e8te des Vosges condamne les violences et les d\u00e9gradations commises lors de la manifestation du 23 mars - Remiremont Info","isPartOf":{"@id":"https:\/\/vosgesinfo.fr\/remiremontinfo\/#website"},"primaryImageOfPage":{"@id":"https:\/\/vosgesinfo.fr\/remiremontinfo\/2023\/03\/prefete-vosges-condamne-violences-degradations-commises-lors-de-manifestation-23-mars\/#primaryimage"},"image":{"@id":"https:\/\/vosgesinfo.fr\/remiremontinfo\/2023\/03\/prefete-vosges-condamne-violences-degradations-commises-lors-de-manifestation-23-mars\/#primaryimage"},"thumbnailUrl":"https:\/\/vosgesinfo.fr\/app\/uploads\/sites\/5\/2024\/09\/202111capture-decran-2021-11-06-092526-10.png","datePublished":"2023-03-24T07:14:21+00:00","dateModified":"2023-03-24T07:14:21+00:00","breadcrumb":{"@id":"https:\/\/vosgesinfo.fr\/remiremontinfo\/2023\/03\/prefete-vosges-condamne-violences-degradations-commises-lors-de-manifestation-23-mars\/#breadcrumb"},"inLanguage":"fr-FR","potentialAction":[{"@type":"ReadAction","target":["https:\/\/vosgesinfo.fr\/remiremontinfo\/2023\/03\/prefete-vosges-condamne-violences-degradations-commises-lors-de-manifestation-23-mars\/"]}]},{"@type":"ImageObject","inLanguage":"fr-FR","@id":"https:\/\/vosgesinfo.fr\/remiremontinfo\/2023\/03\/prefete-vosges-condamne-violences-degradations-commises-lors-de-manifestation-23-mars\/#primaryimage","url":"https:\/\/vosgesinfo.fr\/app\/uploads\/sites\/5\/2024\/09\/202111capture-decran-2021-11-06-092526-10.png","contentUrl":"https:\/\/vosgesinfo.fr\/app\/uploads\/sites\/5\/2024\/09\/202111capture-decran-2021-11-06-092526-10.png","width":800,"height":557},{"@type":"BreadcrumbList","@id":"https:\/\/vosgesinfo.fr\/remiremontinfo\/2023\/03\/prefete-vosges-condamne-violences-degradations-commises-lors-de-manifestation-23-mars\/#breadcrumb","itemListElement":[{"@type":"ListItem","position":1,"name":"Home","item":"https:\/\/vosgesinfo.fr\/remiremontinfo\/"},{"@type":"ListItem","position":2,"name":"La pr\u00e9f\u00e8te des Vosges condamne les violences et les d\u00e9gradations commises lors de la manifestation du 23 mars"}]},{"@type":"WebSite","@id":"https:\/\/vosgesinfo.fr\/remiremontinfo\/#website","url":"https:\/\/vosgesinfo.fr\/remiremontinfo\/","name":"Remiremont Info","description":"Toute l&#039;actualit\u00e9 de Remiremont","publisher":{"@id":"https:\/\/vosgesinfo.fr\/remiremontinfo\/#organization"},"alternateName":"Toute l'actualit\u00e9 de Remiremont","potentialAction":[{"@type":"SearchAction","target":{"@type":"EntryPoint","urlTemplate":"https:\/\/vosgesinfo.fr\/remiremontinfo\/?s={search_term_string}"},"query-input":"required name=search_term_string"}],"inLanguage":"fr-FR"},{"@type":"Organization","@id":"https:\/\/vosgesinfo.fr\/remiremontinfo\/#organization","name":"Remiremont Info","url":"https:\/\/vosgesinfo.fr\/remiremontinfo\/","logo":{"@type":"ImageObject","inLanguage":"fr-FR","@id":"https:\/\/vosgesinfo.fr\/remiremontinfo\/#\/schema\/logo\/image\/","url":"https:\/\/vosgesinfo.fr\/app\/uploads\/sites\/5\/2023\/08\/favicon-remiremontinfo.png","contentUrl":"https:\/\/vosgesinfo.fr\/app\/uploads\/sites\/5\/2023\/08\/favicon-remiremontinfo.png","width":512,"height":512,"caption":"Remiremont Info"},"image":{"@id":"https:\/\/vosgesinfo.fr\/remiremontinfo\/#\/schema\/logo\/image\/"},"sameAs":["https:\/\/www.facebook.com\/remiremontinfo","https:\/\/x.com\/VosgesInfo88","https:\/\/www.youtube.com\/@vosgesinfo"]},{"@type":"Person","@id":"https:\/\/vosgesinfo.fr\/remiremontinfo\/#\/schema\/person\/3bfd164d5218a185b1db68655a265316","name":"C D","image":{"@type":"ImageObject","inLanguage":"fr-FR","@id":"https:\/\/vosgesinfo.fr\/remiremontinfo\/#\/schema\/person\/image\/","url":"https:\/\/secure.gravatar.com\/avatar\/1f9a70007336511a47468b8f1c66f922b8b7cf617b02a31149ada43893a5d48f?s=96&d=mm&r=g","contentUrl":"https:\/\/secure.gravatar.com\/avatar\/1f9a70007336511a47468b8f1c66f922b8b7cf617b02a31149ada43893a5d48f?s=96&d=mm&r=g","caption":"C D"},"url":"https:\/\/vosgesinfo.fr\/remiremontinfo\/author\/cedric-drevet\/"}]}},"_links":{"self":[{"href":"https:\/\/vosgesinfo.fr\/remiremontinfo\/wp-json\/wp\/v2\/posts\/69146","targetHints":{"allow":["GET"]}}],"collection":[{"href":"https:\/\/vosgesinfo.fr\/remiremontinfo\/wp-json\/wp\/v2\/posts"}],"about":[{"href":"https:\/\/vosgesinfo.fr\/remiremontinfo\/wp-json\/wp\/v2\/types\/post"}],"author":[{"embeddable":true,"href":"https:\/\/vosgesinfo.fr\/remiremontinfo\/wp-json\/wp\/v2\/users\/407"}],"replies":[{"embeddable":true,"href":"https:\/\/vosgesinfo.fr\/remiremontinfo\/wp-json\/wp\/v2\/comments?post=69146"}],"version-history":[{"count":0,"href":"https:\/\/vosgesinfo.fr\/remiremontinfo\/wp-json\/wp\/v2\/posts\/69146\/revisions"}],"wp:featuredmedia":[{"embeddable":true,"href":"https:\/\/vosgesinfo.fr\/remiremontinfo\/wp-json\/wp\/v2\/media\/69147"}],"wp:attachment":[{"href":"https:\/\/vosgesinfo.fr\/remiremontinfo\/wp-json\/wp\/v2\/media?parent=69146"}],"wp:term":[{"taxonomy":"category","embeddable":true,"href":"https:\/\/vosgesinfo.fr\/remiremontinfo\/wp-json\/wp\/v2\/categories?post=69146"},{"taxonomy":"post_tag","embeddable":true,"href":"https:\/\/vosgesinfo.fr\/remiremontinfo\/wp-json\/wp\/v2\/tags?post=69146"}],"curies":[{"name":"wp","href":"https:\/\/api.w.org\/{rel}","templated":true}]}}