{"id":69148,"date":"2023-03-24T09:21:31","date_gmt":"2023-03-24T08:21:31","guid":{"rendered":"https:\/\/vosgesinfo.fr\/remiremontinfo\/2023\/03\/retraites-motion-de-censure-depute-christophe-naegelen-explique-position\/"},"modified":"2023-03-24T09:21:31","modified_gmt":"2023-03-24T08:21:31","slug":"retraites-motion-de-censure-depute-christophe-naegelen-explique-position","status":"publish","type":"post","link":"https:\/\/vosgesinfo.fr\/remiremontinfo\/2023\/03\/retraites-motion-de-censure-depute-christophe-naegelen-explique-position\/","title":{"rendered":"Retraites, motion de censure : le d\u00e9put\u00e9 Christophe Naegelen explique sa position"},"content":{"rendered":"<p><a href=\"\/2023\/03\/christophe-naegelen.jpg\"><img decoding=\"async\" class=\"alignnone size-large wp-image-366340\" src=\"\/2023\/03\/christophe-naegelen-1024x752.jpg\" alt=\"christophe naegelen\" width=\"960\" height=\"705\" \/><\/a><\/p>\n<p><span style=\"font-size: 10pt;\"><em>Photo par\u00a0<a href=\"https:\/\/www.facebook.com\/ChristopheNaegelenVosges\">Christophe Naegelen<\/a><\/em><\/span><\/p>\n<h2><span style=\"font-size: 12pt;\"><strong>La mobilisation contre la r\u00e9forme des retraites ne faiblit pas dans les Vosges, avec des blocages, des op\u00e9rations de tractage, des op\u00e9rations escargot et des milliers de manifestants dans les rues d\u2019\u00c9pinal, notamment, ce jeudi. Revenons de quelques jours en arri\u00e8re\u00a0: suite \u00e0 l\u2019activation du \u00ab\u00a049.3\u00a0\u00bb par le gouvernement, des motions de censure ont \u00e9t\u00e9 mise au vote \u00e0 l\u2019Assembl\u00e9e nationale. Aucun des quatre d\u00e9put\u00e9s \u00e9lus pour repr\u00e9senter les vosgiens n\u2019a vot\u00e9 en faveur de la motion de censure.<\/strong><\/span><\/h2>\n<p>Dans le texte ci dessous, Christophe Naegelen, d\u00e9put\u00e9 de la troisi\u00e8me circonscription des Vosges, explique son choix et d\u00e9taille sa position concernant la r\u00e9forme des retraites en elle-m\u00eame, le d\u00e9roul\u00e9 du travail parlementaire et la motion de censure\u00a0:<\/p>\n<p><em>\u00ab\u00a0 Il y a eu cette semaine et la semaine derni\u00e8re \u00e0 l\u2019Assembl\u00e9e nationale, l\u2019absence de vote sur la r\u00e9forme des retraites et le vote d&rsquo; une motion de censure.<\/em><\/p>\n<p><em>Comme je l\u2019ai indiqu\u00e9 depuis plusieurs semaines et notamment dans la presse, je ne comptais et je n\u2019aurais pas vot\u00e9 en faveur de cette r\u00e9forme des retraites pour plusieurs raisons :<\/em><\/p>\n<p><em>&#8211; Sur la m\u00e9thode de financement (report de l\u2019\u00e2ge l\u00e9gal de d\u00e9part \u00e0 la retraite) ;<\/em><\/p>\n<p><em>&#8211; Sur l\u2019insuffisance de prise en compte de la p\u00e9nibilit\u00e9<\/em><\/p>\n<p><em>&#8211; Par rapports au traitement des personnes n\u00e9es en fin d&rsquo;annee 1961, 1962, 1963, 1964.<\/em><\/p>\n<p><em>Il y avait cependant, et il faut le reconna\u00eetre quelques bonnes mesures comme :<\/em><\/p>\n<p><em>&#8211; Le cumul emploi retraite ;<\/em><\/p>\n<p><em>&#8211; La revalorisation des petites retraites pour les carri\u00e8res compl\u00e8tes ;<\/em><\/p>\n<p><em>&#8211; La cr\u00e9ation d\u2019un fonds d\u2019investissement dans la pr\u00e9vention de l\u2019usure professionnelle<\/em><\/p>\n<p><em>&#8211; La fixation d&rsquo;un minimum de deux trimestres de majoration au titre de l&rsquo;\u00e9ducation des enfants au b\u00e9n\u00e9fice de la m\u00e8re.<\/em><\/p>\n<p><em>Malheureusement, nous n\u2019avons pas pu aller au vote sur ce texte :<\/em><\/p>\n<p><em>1. Parce que la France Insoumise, du fait de son comportement dans l\u2019h\u00e9micycle et notamment de son obstruction parlementaire, nous a emp\u00each\u00e9s d\u2019aller au vote en premi\u00e8re lecture ;<\/em><\/p>\n<p><em>2. En raison du recours au 49.3 par le Gouvernement.<\/em><\/p>\n<p><em>Il nous a alors \u00e9t\u00e9 pos\u00e9 la question de se positionner sur une motion de censure qui n&rsquo;etait plus transpartisane contrairement \u00e0 ce que j&rsquo;avais demand\u00e9 \u00e0 mon groupe initialement ( car uniquement cosign\u00e9 par des Deputes Liot et Nupes) et bien que j\u2019ai longuement h\u00e9sit\u00e9, je n\u2019ai pas particip\u00e9 au vote pour les raisons suivantes :<\/em><\/p>\n<p><em>1. Comme l\u2019a dit Laurent BERGER, ne pas voter la motion de censure ne veut pas dire qu\u2019on est d\u2019accord avec le texte.<\/em><\/p>\n<p><em>2. J&rsquo;ai le sentiment que si j&rsquo;avais vot\u00e9 cette motion et que le Gouvernement avait d\u00e9missionn\u00e9, le Pr\u00e9sident aurait nomm\u00e9 le m\u00eame et donc que en r\u00e9alit\u00e9 rien n&rsquo;aurait chang\u00e9.<\/em><\/p>\n<p><em>3. J\u2019ai \u00e9t\u00e9 marqu\u00e9 par le comportement et par la violence d\u2019une partie de l\u2019extr\u00eame gauche dans l\u2019h\u00e9micycle ; je ne voulais pas ajouter du d\u00e9sordre au chaos.<\/em><\/p>\n<p><em>J\u2019ai pu voir et lire que :<\/em><\/p>\n<p><em>&#8211; Je n\u2019avais pas vot\u00e9 cette motion par manque de courage : la r\u00e9alit\u00e9 est qu\u2019il fallait plus de courage pour ne pas la voter compte tenu de la pression m\u00e9diatique ;<\/em><\/p>\n<p><em>&#8211; J\u2019ai lu aussi que c\u2019\u00e9tait par peur d\u2019une dissolution : j\u2019ai toujours consid\u00e9r\u00e9 que la politique n\u2019est pas un m\u00e9tier donc je ne compte pas en faire toute ma vie, et en cas de dissolution, il aurait \u00e9t\u00e9 plus favorable pour moi, l\u00e0 aussi, de voter cette motion.<\/em><\/p>\n<p><em>J\u2019ai h\u00e9sit\u00e9 jusqu\u2019\u00e0 la derni\u00e8re minute sur l\u2019attitude \u00e0 tenir, j\u2019ai essay\u00e9 de le faire en responsabilit\u00e9 tel que je le fais depuis 6 ans. C\u2019est d\u2019ailleurs pour cela que nous avons d\u00e9pos\u00e9 un recours au Conseil constitutionnel et que j&rsquo;ai fait une proposition de loi pour revenir sur les crit\u00e8res de p\u00e9nibilit\u00e9 afin qu\u2019ils soient mieux pris en compte (ports de charges lourdes, postures p\u00e9nibles, vibrations m\u00e9caniques) pour que les salari\u00e9s expos\u00e9s puissent partir plus t\u00f4t.<\/em><\/p>\n<p><em>Je joins aussi le communiqu\u00e9 que nous avons fait suite \u00e0 la d\u00e9claration du pr\u00e9sident de la R\u00e9publique mercredi\u00a0\u00bb.\u00a0<\/em><\/p>\n<p style=\"text-align: center;\"><a href=\"\/2023\/03\/336885755_558379889719558_8461409913269057035_n.jpg\"><img decoding=\"async\" class=\"alignnone size-full wp-image-366345\" src=\"\/2023\/03\/336885755_558379889719558_8461409913269057035_n.jpg\" alt=\"336885755_558379889719558_8461409913269057035_n\" width=\"748\" height=\"960\" \/><\/a><\/p>\n","protected":false},"excerpt":{"rendered":"<p>Photo par\u00a0Christophe Naegelen La mobilisation contre la r\u00e9forme des retraites ne faiblit pas dans les Vosges, avec des blocages, des [&hellip;]<\/p>\n","protected":false},"author":407,"featured_media":2266,"comment_status":"open","ping_status":"open","sticky":false,"template":"","format":"standard","meta":{"footnotes":""},"categories":[26,10,18],"tags":[5652,5637,126,5431,32],"class_list":["post-69148","post","type-post","status-publish","format-standard","has-post-thumbnail","hentry","category-a-la-une","category-politique","category-vosges","tag-assemblee","tag-motion-de-censure","tag-politique","tag-reforme-des-retraite","tag-vosges"],"acf":[],"yoast_head":"<!-- This site is optimized with the Yoast SEO plugin v22.5 - https:\/\/yoast.com\/wordpress\/plugins\/seo\/ -->\n<title>Retraites, motion de censure : le d\u00e9put\u00e9 Christophe Naegelen explique sa position - Remiremont Info<\/title>\n<meta name=\"robots\" content=\"index, follow, max-snippet:-1, max-image-preview:large, max-video-preview:-1\" \/>\n<link rel=\"canonical\" href=\"https:\/\/vosgesinfo.fr\/remiremontinfo\/2023\/03\/retraites-motion-de-censure-depute-christophe-naegelen-explique-position\/\" \/>\n<meta name=\"twitter:card\" content=\"summary_large_image\" \/>\n<meta name=\"twitter:title\" content=\"Retraites, motion de censure : le d\u00e9put\u00e9 Christophe Naegelen explique sa position - Remiremont Info\" \/>\n<meta name=\"twitter:description\" content=\"Photo par\u00a0Christophe Naegelen La mobilisation contre la r\u00e9forme des retraites ne faiblit pas dans les Vosges, avec des blocages, des [&hellip;]\" \/>\n<meta name=\"twitter:image\" content=\"https:\/\/vosgesinfo.fr\/app\/uploads\/sites\/5\/2023\/10\/christophe-naegelen.jpg\" \/>\n<meta name=\"twitter:creator\" content=\"@VosgesInfo88\" \/>\n<meta name=\"twitter:site\" content=\"@VosgesInfo88\" \/>\n<meta name=\"twitter:label1\" content=\"\u00c9crit par\" \/>\n\t<meta name=\"twitter:data1\" content=\"C D\" \/>\n\t<meta name=\"twitter:label2\" content=\"Dur\u00e9e de lecture estim\u00e9e\" \/>\n\t<meta name=\"twitter:data2\" content=\"4 minutes\" \/>\n<script type=\"application\/ld+json\" class=\"yoast-schema-graph\">{\"@context\":\"https:\/\/schema.org\",\"@graph\":[{\"@type\":\"Article\",\"@id\":\"https:\/\/vosgesinfo.fr\/remiremontinfo\/2023\/03\/retraites-motion-de-censure-depute-christophe-naegelen-explique-position\/#article\",\"isPartOf\":{\"@id\":\"https:\/\/vosgesinfo.fr\/remiremontinfo\/2023\/03\/retraites-motion-de-censure-depute-christophe-naegelen-explique-position\/\"},\"author\":{\"name\":\"C D\",\"@id\":\"https:\/\/vosgesinfo.fr\/remiremontinfo\/#\/schema\/person\/3bfd164d5218a185b1db68655a265316\"},\"headline\":\"Retraites, motion de censure : le d\u00e9put\u00e9 Christophe Naegelen explique sa position\",\"datePublished\":\"2023-03-24T08:21:31+00:00\",\"dateModified\":\"2023-03-24T08:21:31+00:00\",\"mainEntityOfPage\":{\"@id\":\"https:\/\/vosgesinfo.fr\/remiremontinfo\/2023\/03\/retraites-motion-de-censure-depute-christophe-naegelen-explique-position\/\"},\"wordCount\":745,\"commentCount\":0,\"publisher\":{\"@id\":\"https:\/\/vosgesinfo.fr\/remiremontinfo\/#organization\"},\"image\":{\"@id\":\"https:\/\/vosgesinfo.fr\/remiremontinfo\/2023\/03\/retraites-motion-de-censure-depute-christophe-naegelen-explique-position\/#primaryimage\"},\"thumbnailUrl\":\"https:\/\/vosgesinfo.fr\/app\/uploads\/sites\/5\/2023\/10\/christophe-naegelen.jpg\",\"keywords\":[\"assembl\u00e9e\",\"motion de censure\",\"politique\",\"r\u00e9forme des retraite\",\"Vosges\"],\"articleSection\":[\"A la Une\",\"Politique\",\"Vosges\"],\"inLanguage\":\"fr-FR\",\"potentialAction\":[{\"@type\":\"CommentAction\",\"name\":\"Comment\",\"target\":[\"https:\/\/vosgesinfo.fr\/remiremontinfo\/2023\/03\/retraites-motion-de-censure-depute-christophe-naegelen-explique-position\/#respond\"]}]},{\"@type\":\"WebPage\",\"@id\":\"https:\/\/vosgesinfo.fr\/remiremontinfo\/2023\/03\/retraites-motion-de-censure-depute-christophe-naegelen-explique-position\/\",\"url\":\"https:\/\/vosgesinfo.fr\/remiremontinfo\/2023\/03\/retraites-motion-de-censure-depute-christophe-naegelen-explique-position\/\",\"name\":\"Retraites, motion de censure : le d\u00e9put\u00e9 Christophe Naegelen explique sa position - Remiremont Info\",\"isPartOf\":{\"@id\":\"https:\/\/vosgesinfo.fr\/remiremontinfo\/#website\"},\"primaryImageOfPage\":{\"@id\":\"https:\/\/vosgesinfo.fr\/remiremontinfo\/2023\/03\/retraites-motion-de-censure-depute-christophe-naegelen-explique-position\/#primaryimage\"},\"image\":{\"@id\":\"https:\/\/vosgesinfo.fr\/remiremontinfo\/2023\/03\/retraites-motion-de-censure-depute-christophe-naegelen-explique-position\/#primaryimage\"},\"thumbnailUrl\":\"https:\/\/vosgesinfo.fr\/app\/uploads\/sites\/5\/2023\/10\/christophe-naegelen.jpg\",\"datePublished\":\"2023-03-24T08:21:31+00:00\",\"dateModified\":\"2023-03-24T08:21:31+00:00\",\"breadcrumb\":{\"@id\":\"https:\/\/vosgesinfo.fr\/remiremontinfo\/2023\/03\/retraites-motion-de-censure-depute-christophe-naegelen-explique-position\/#breadcrumb\"},\"inLanguage\":\"fr-FR\",\"potentialAction\":[{\"@type\":\"ReadAction\",\"target\":[\"https:\/\/vosgesinfo.fr\/remiremontinfo\/2023\/03\/retraites-motion-de-censure-depute-christophe-naegelen-explique-position\/\"]}]},{\"@type\":\"ImageObject\",\"inLanguage\":\"fr-FR\",\"@id\":\"https:\/\/vosgesinfo.fr\/remiremontinfo\/2023\/03\/retraites-motion-de-censure-depute-christophe-naegelen-explique-position\/#primaryimage\",\"url\":\"https:\/\/vosgesinfo.fr\/app\/uploads\/sites\/5\/2023\/10\/christophe-naegelen.jpg\",\"contentUrl\":\"https:\/\/vosgesinfo.fr\/app\/uploads\/sites\/5\/2023\/10\/christophe-naegelen.jpg\",\"width\":800,\"height\":400},{\"@type\":\"BreadcrumbList\",\"@id\":\"https:\/\/vosgesinfo.fr\/remiremontinfo\/2023\/03\/retraites-motion-de-censure-depute-christophe-naegelen-explique-position\/#breadcrumb\",\"itemListElement\":[{\"@type\":\"ListItem\",\"position\":1,\"name\":\"Home\",\"item\":\"https:\/\/vosgesinfo.fr\/remiremontinfo\/\"},{\"@type\":\"ListItem\",\"position\":2,\"name\":\"Retraites, motion de censure : le d\u00e9put\u00e9 Christophe Naegelen explique sa position\"}]},{\"@type\":\"WebSite\",\"@id\":\"https:\/\/vosgesinfo.fr\/remiremontinfo\/#website\",\"url\":\"https:\/\/vosgesinfo.fr\/remiremontinfo\/\",\"name\":\"Remiremont Info\",\"description\":\"Toute l&#039;actualit\u00e9 de Remiremont\",\"publisher\":{\"@id\":\"https:\/\/vosgesinfo.fr\/remiremontinfo\/#organization\"},\"alternateName\":\"Toute l'actualit\u00e9 de Remiremont\",\"potentialAction\":[{\"@type\":\"SearchAction\",\"target\":{\"@type\":\"EntryPoint\",\"urlTemplate\":\"https:\/\/vosgesinfo.fr\/remiremontinfo\/?s={search_term_string}\"},\"query-input\":\"required name=search_term_string\"}],\"inLanguage\":\"fr-FR\"},{\"@type\":\"Organization\",\"@id\":\"https:\/\/vosgesinfo.fr\/remiremontinfo\/#organization\",\"name\":\"Remiremont Info\",\"url\":\"https:\/\/vosgesinfo.fr\/remiremontinfo\/\",\"logo\":{\"@type\":\"ImageObject\",\"inLanguage\":\"fr-FR\",\"@id\":\"https:\/\/vosgesinfo.fr\/remiremontinfo\/#\/schema\/logo\/image\/\",\"url\":\"https:\/\/vosgesinfo.fr\/app\/uploads\/sites\/5\/2023\/08\/favicon-remiremontinfo.png\",\"contentUrl\":\"https:\/\/vosgesinfo.fr\/app\/uploads\/sites\/5\/2023\/08\/favicon-remiremontinfo.png\",\"width\":512,\"height\":512,\"caption\":\"Remiremont Info\"},\"image\":{\"@id\":\"https:\/\/vosgesinfo.fr\/remiremontinfo\/#\/schema\/logo\/image\/\"},\"sameAs\":[\"https:\/\/www.facebook.com\/remiremontinfo\",\"https:\/\/x.com\/VosgesInfo88\",\"https:\/\/www.youtube.com\/@vosgesinfo\"]},{\"@type\":\"Person\",\"@id\":\"https:\/\/vosgesinfo.fr\/remiremontinfo\/#\/schema\/person\/3bfd164d5218a185b1db68655a265316\",\"name\":\"C D\",\"image\":{\"@type\":\"ImageObject\",\"inLanguage\":\"fr-FR\",\"@id\":\"https:\/\/vosgesinfo.fr\/remiremontinfo\/#\/schema\/person\/image\/\",\"url\":\"https:\/\/secure.gravatar.com\/avatar\/1f9a70007336511a47468b8f1c66f922b8b7cf617b02a31149ada43893a5d48f?s=96&d=mm&r=g\",\"contentUrl\":\"https:\/\/secure.gravatar.com\/avatar\/1f9a70007336511a47468b8f1c66f922b8b7cf617b02a31149ada43893a5d48f?s=96&d=mm&r=g\",\"caption\":\"C D\"},\"url\":\"https:\/\/vosgesinfo.fr\/remiremontinfo\/author\/cedric-drevet\/\"}]}<\/script>\n<!-- \/ Yoast SEO plugin. -->","yoast_head_json":{"title":"Retraites, motion de censure : le d\u00e9put\u00e9 Christophe Naegelen explique sa position - Remiremont Info","robots":{"index":"index","follow":"follow","max-snippet":"max-snippet:-1","max-image-preview":"max-image-preview:large","max-video-preview":"max-video-preview:-1"},"canonical":"https:\/\/vosgesinfo.fr\/remiremontinfo\/2023\/03\/retraites-motion-de-censure-depute-christophe-naegelen-explique-position\/","twitter_card":"summary_large_image","twitter_title":"Retraites, motion de censure : le d\u00e9put\u00e9 Christophe Naegelen explique sa position - Remiremont Info","twitter_description":"Photo par\u00a0Christophe Naegelen La mobilisation contre la r\u00e9forme des retraites ne faiblit pas dans les Vosges, avec des blocages, des [&hellip;]","twitter_image":"https:\/\/vosgesinfo.fr\/app\/uploads\/sites\/5\/2023\/10\/christophe-naegelen.jpg","twitter_creator":"@VosgesInfo88","twitter_site":"@VosgesInfo88","twitter_misc":{"\u00c9crit par":"C D","Dur\u00e9e de lecture estim\u00e9e":"4 minutes"},"schema":{"@context":"https:\/\/schema.org","@graph":[{"@type":"Article","@id":"https:\/\/vosgesinfo.fr\/remiremontinfo\/2023\/03\/retraites-motion-de-censure-depute-christophe-naegelen-explique-position\/#article","isPartOf":{"@id":"https:\/\/vosgesinfo.fr\/remiremontinfo\/2023\/03\/retraites-motion-de-censure-depute-christophe-naegelen-explique-position\/"},"author":{"name":"C D","@id":"https:\/\/vosgesinfo.fr\/remiremontinfo\/#\/schema\/person\/3bfd164d5218a185b1db68655a265316"},"headline":"Retraites, motion de censure : le d\u00e9put\u00e9 Christophe Naegelen explique sa position","datePublished":"2023-03-24T08:21:31+00:00","dateModified":"2023-03-24T08:21:31+00:00","mainEntityOfPage":{"@id":"https:\/\/vosgesinfo.fr\/remiremontinfo\/2023\/03\/retraites-motion-de-censure-depute-christophe-naegelen-explique-position\/"},"wordCount":745,"commentCount":0,"publisher":{"@id":"https:\/\/vosgesinfo.fr\/remiremontinfo\/#organization"},"image":{"@id":"https:\/\/vosgesinfo.fr\/remiremontinfo\/2023\/03\/retraites-motion-de-censure-depute-christophe-naegelen-explique-position\/#primaryimage"},"thumbnailUrl":"https:\/\/vosgesinfo.fr\/app\/uploads\/sites\/5\/2023\/10\/christophe-naegelen.jpg","keywords":["assembl\u00e9e","motion de censure","politique","r\u00e9forme des retraite","Vosges"],"articleSection":["A la Une","Politique","Vosges"],"inLanguage":"fr-FR","potentialAction":[{"@type":"CommentAction","name":"Comment","target":["https:\/\/vosgesinfo.fr\/remiremontinfo\/2023\/03\/retraites-motion-de-censure-depute-christophe-naegelen-explique-position\/#respond"]}]},{"@type":"WebPage","@id":"https:\/\/vosgesinfo.fr\/remiremontinfo\/2023\/03\/retraites-motion-de-censure-depute-christophe-naegelen-explique-position\/","url":"https:\/\/vosgesinfo.fr\/remiremontinfo\/2023\/03\/retraites-motion-de-censure-depute-christophe-naegelen-explique-position\/","name":"Retraites, motion de censure : le d\u00e9put\u00e9 Christophe Naegelen explique sa position - Remiremont Info","isPartOf":{"@id":"https:\/\/vosgesinfo.fr\/remiremontinfo\/#website"},"primaryImageOfPage":{"@id":"https:\/\/vosgesinfo.fr\/remiremontinfo\/2023\/03\/retraites-motion-de-censure-depute-christophe-naegelen-explique-position\/#primaryimage"},"image":{"@id":"https:\/\/vosgesinfo.fr\/remiremontinfo\/2023\/03\/retraites-motion-de-censure-depute-christophe-naegelen-explique-position\/#primaryimage"},"thumbnailUrl":"https:\/\/vosgesinfo.fr\/app\/uploads\/sites\/5\/2023\/10\/christophe-naegelen.jpg","datePublished":"2023-03-24T08:21:31+00:00","dateModified":"2023-03-24T08:21:31+00:00","breadcrumb":{"@id":"https:\/\/vosgesinfo.fr\/remiremontinfo\/2023\/03\/retraites-motion-de-censure-depute-christophe-naegelen-explique-position\/#breadcrumb"},"inLanguage":"fr-FR","potentialAction":[{"@type":"ReadAction","target":["https:\/\/vosgesinfo.fr\/remiremontinfo\/2023\/03\/retraites-motion-de-censure-depute-christophe-naegelen-explique-position\/"]}]},{"@type":"ImageObject","inLanguage":"fr-FR","@id":"https:\/\/vosgesinfo.fr\/remiremontinfo\/2023\/03\/retraites-motion-de-censure-depute-christophe-naegelen-explique-position\/#primaryimage","url":"https:\/\/vosgesinfo.fr\/app\/uploads\/sites\/5\/2023\/10\/christophe-naegelen.jpg","contentUrl":"https:\/\/vosgesinfo.fr\/app\/uploads\/sites\/5\/2023\/10\/christophe-naegelen.jpg","width":800,"height":400},{"@type":"BreadcrumbList","@id":"https:\/\/vosgesinfo.fr\/remiremontinfo\/2023\/03\/retraites-motion-de-censure-depute-christophe-naegelen-explique-position\/#breadcrumb","itemListElement":[{"@type":"ListItem","position":1,"name":"Home","item":"https:\/\/vosgesinfo.fr\/remiremontinfo\/"},{"@type":"ListItem","position":2,"name":"Retraites, motion de censure : le d\u00e9put\u00e9 Christophe Naegelen explique sa position"}]},{"@type":"WebSite","@id":"https:\/\/vosgesinfo.fr\/remiremontinfo\/#website","url":"https:\/\/vosgesinfo.fr\/remiremontinfo\/","name":"Remiremont Info","description":"Toute l&#039;actualit\u00e9 de Remiremont","publisher":{"@id":"https:\/\/vosgesinfo.fr\/remiremontinfo\/#organization"},"alternateName":"Toute l'actualit\u00e9 de Remiremont","potentialAction":[{"@type":"SearchAction","target":{"@type":"EntryPoint","urlTemplate":"https:\/\/vosgesinfo.fr\/remiremontinfo\/?s={search_term_string}"},"query-input":"required name=search_term_string"}],"inLanguage":"fr-FR"},{"@type":"Organization","@id":"https:\/\/vosgesinfo.fr\/remiremontinfo\/#organization","name":"Remiremont Info","url":"https:\/\/vosgesinfo.fr\/remiremontinfo\/","logo":{"@type":"ImageObject","inLanguage":"fr-FR","@id":"https:\/\/vosgesinfo.fr\/remiremontinfo\/#\/schema\/logo\/image\/","url":"https:\/\/vosgesinfo.fr\/app\/uploads\/sites\/5\/2023\/08\/favicon-remiremontinfo.png","contentUrl":"https:\/\/vosgesinfo.fr\/app\/uploads\/sites\/5\/2023\/08\/favicon-remiremontinfo.png","width":512,"height":512,"caption":"Remiremont Info"},"image":{"@id":"https:\/\/vosgesinfo.fr\/remiremontinfo\/#\/schema\/logo\/image\/"},"sameAs":["https:\/\/www.facebook.com\/remiremontinfo","https:\/\/x.com\/VosgesInfo88","https:\/\/www.youtube.com\/@vosgesinfo"]},{"@type":"Person","@id":"https:\/\/vosgesinfo.fr\/remiremontinfo\/#\/schema\/person\/3bfd164d5218a185b1db68655a265316","name":"C D","image":{"@type":"ImageObject","inLanguage":"fr-FR","@id":"https:\/\/vosgesinfo.fr\/remiremontinfo\/#\/schema\/person\/image\/","url":"https:\/\/secure.gravatar.com\/avatar\/1f9a70007336511a47468b8f1c66f922b8b7cf617b02a31149ada43893a5d48f?s=96&d=mm&r=g","contentUrl":"https:\/\/secure.gravatar.com\/avatar\/1f9a70007336511a47468b8f1c66f922b8b7cf617b02a31149ada43893a5d48f?s=96&d=mm&r=g","caption":"C D"},"url":"https:\/\/vosgesinfo.fr\/remiremontinfo\/author\/cedric-drevet\/"}]}},"_links":{"self":[{"href":"https:\/\/vosgesinfo.fr\/remiremontinfo\/wp-json\/wp\/v2\/posts\/69148","targetHints":{"allow":["GET"]}}],"collection":[{"href":"https:\/\/vosgesinfo.fr\/remiremontinfo\/wp-json\/wp\/v2\/posts"}],"about":[{"href":"https:\/\/vosgesinfo.fr\/remiremontinfo\/wp-json\/wp\/v2\/types\/post"}],"author":[{"embeddable":true,"href":"https:\/\/vosgesinfo.fr\/remiremontinfo\/wp-json\/wp\/v2\/users\/407"}],"replies":[{"embeddable":true,"href":"https:\/\/vosgesinfo.fr\/remiremontinfo\/wp-json\/wp\/v2\/comments?post=69148"}],"version-history":[{"count":0,"href":"https:\/\/vosgesinfo.fr\/remiremontinfo\/wp-json\/wp\/v2\/posts\/69148\/revisions"}],"wp:featuredmedia":[{"embeddable":true,"href":"https:\/\/vosgesinfo.fr\/remiremontinfo\/wp-json\/wp\/v2\/media\/2266"}],"wp:attachment":[{"href":"https:\/\/vosgesinfo.fr\/remiremontinfo\/wp-json\/wp\/v2\/media?parent=69148"}],"wp:term":[{"taxonomy":"category","embeddable":true,"href":"https:\/\/vosgesinfo.fr\/remiremontinfo\/wp-json\/wp\/v2\/categories?post=69148"},{"taxonomy":"post_tag","embeddable":true,"href":"https:\/\/vosgesinfo.fr\/remiremontinfo\/wp-json\/wp\/v2\/tags?post=69148"}],"curies":[{"name":"wp","href":"https:\/\/api.w.org\/{rel}","templated":true}]}}