{"id":69163,"date":"2023-03-24T06:58:34","date_gmt":"2023-03-24T05:58:34","guid":{"rendered":"https:\/\/vosgesinfo.fr\/remiremontinfo\/2023\/03\/rupt-moselle-releves-de-compteurs-deau-seront-effectues-a-partir-27-mars\/"},"modified":"2023-03-24T06:58:34","modified_gmt":"2023-03-24T05:58:34","slug":"rupt-moselle-releves-de-compteurs-deau-seront-effectues-a-partir-27-mars","status":"publish","type":"post","link":"https:\/\/vosgesinfo.fr\/remiremontinfo\/2023\/03\/rupt-moselle-releves-de-compteurs-deau-seront-effectues-a-partir-27-mars\/","title":{"rendered":"Rupt-sur-Moselle : les relev\u00e9s de compteurs d&rsquo;eau seront effectu\u00e9s \u00e0 partir du 27 mars"},"content":{"rendered":"<div class=\"x11i5rnm xat24cr x1mh8g0r x1vvkbs xdj266r x126k92a\">\n<p dir=\"auto\"><a href=\"\/2023\/03\/337672314_1571247990009639_9138832543811754817_n.jpg\"><img decoding=\"async\" class=\"alignnone size-full wp-image-366365\" src=\"\/2023\/03\/337672314_1571247990009639_9138832543811754817_n.jpg\" alt=\"337672314_1571247990009639_9138832543811754817_n\" width=\"876\" height=\"627\" \/><\/a><\/p>\n<p dir=\"auto\"><span style=\"font-size: 10pt;\"><em>Photo par la Mairie de Rupt\u00a0<\/em><\/span><\/p>\n<h2 dir=\"auto\"><span style=\"font-size: 12pt;\"><strong>A compter du 27 mars 2023, les employ\u00e9s communaux de Rupt-sur-Moselle effectueront les relev\u00e9s des compteurs d\u2019eau. \u00ab\u00a0Nous vous remercions de veiller \u00e0 ce que le compteur soit accessible\u00a0\u00bb, affirme la mairie. \u00ab\u00a0En cas d\u2019absence, une fiche de passage sera d\u00e9pos\u00e9e. Elle sera \u00e0 retourner au secr\u00e9tariat de la Mairie, d\u00fbment compl\u00e9t\u00e9e, dans les meilleurs d\u00e9lais. Merci de votre compr\u00e9hension\u00a0\u00bb.\u00a0<\/strong><\/span><\/h2>\n<\/div>\n","protected":false},"excerpt":{"rendered":"<p>Photo par la Mairie de Rupt\u00a0 A compter du 27 mars 2023, les employ\u00e9s communaux de Rupt-sur-Moselle effectueront les relev\u00e9s [&hellip;]<\/p>\n","protected":false},"author":407,"featured_media":69164,"comment_status":"open","ping_status":"open","sticky":false,"template":"","format":"standard","meta":{"footnotes":""},"categories":[26,37,250,13],"tags":[5653,2876,32],"class_list":["post-69163","post","type-post","status-publish","format-standard","has-post-thumbnail","hentry","category-a-la-une","category-le-thillot-son-canton","category-rupt-sur-moselle","category-societe","tag-compteur-eau","tag-rupt","tag-vosges"],"acf":[],"yoast_head":"<!-- This site is optimized with the Yoast SEO plugin v22.5 - https:\/\/yoast.com\/wordpress\/plugins\/seo\/ -->\n<title>Rupt-sur-Moselle : les relev\u00e9s de compteurs d&#039;eau seront effectu\u00e9s \u00e0 partir du 27 mars - Remiremont Info<\/title>\n<meta name=\"robots\" content=\"index, follow, max-snippet:-1, max-image-preview:large, max-video-preview:-1\" \/>\n<link rel=\"canonical\" href=\"https:\/\/vosgesinfo.fr\/remiremontinfo\/2023\/03\/rupt-moselle-releves-de-compteurs-deau-seront-effectues-a-partir-27-mars\/\" \/>\n<meta name=\"twitter:card\" content=\"summary_large_image\" \/>\n<meta name=\"twitter:title\" content=\"Rupt-sur-Moselle : les relev\u00e9s de compteurs d&#039;eau seront effectu\u00e9s \u00e0 partir du 27 mars - Remiremont Info\" \/>\n<meta name=\"twitter:description\" content=\"Photo par la Mairie de Rupt\u00a0 A compter du 27 mars 2023, les employ\u00e9s communaux de Rupt-sur-Moselle effectueront les relev\u00e9s [&hellip;]\" \/>\n<meta name=\"twitter:image\" content=\"https:\/\/vosgesinfo.fr\/app\/uploads\/sites\/5\/2024\/09\/202303337672314-1571247990009639-9138832543811754817-n.jpg\" \/>\n<meta name=\"twitter:creator\" content=\"@VosgesInfo88\" \/>\n<meta name=\"twitter:site\" content=\"@VosgesInfo88\" \/>\n<meta name=\"twitter:label1\" content=\"\u00c9crit par\" \/>\n\t<meta name=\"twitter:data1\" content=\"C D\" \/>\n<script type=\"application\/ld+json\" class=\"yoast-schema-graph\">{\"@context\":\"https:\/\/schema.org\",\"@graph\":[{\"@type\":\"Article\",\"@id\":\"https:\/\/vosgesinfo.fr\/remiremontinfo\/2023\/03\/rupt-moselle-releves-de-compteurs-deau-seront-effectues-a-partir-27-mars\/#article\",\"isPartOf\":{\"@id\":\"https:\/\/vosgesinfo.fr\/remiremontinfo\/2023\/03\/rupt-moselle-releves-de-compteurs-deau-seront-effectues-a-partir-27-mars\/\"},\"author\":{\"name\":\"C D\",\"@id\":\"https:\/\/vosgesinfo.fr\/remiremontinfo\/#\/schema\/person\/3bfd164d5218a185b1db68655a265316\"},\"headline\":\"Rupt-sur-Moselle : les relev\u00e9s de compteurs d&rsquo;eau seront effectu\u00e9s \u00e0 partir du 27 mars\",\"datePublished\":\"2023-03-24T05:58:34+00:00\",\"dateModified\":\"2023-03-24T05:58:34+00:00\",\"mainEntityOfPage\":{\"@id\":\"https:\/\/vosgesinfo.fr\/remiremontinfo\/2023\/03\/rupt-moselle-releves-de-compteurs-deau-seront-effectues-a-partir-27-mars\/\"},\"wordCount\":88,\"commentCount\":0,\"publisher\":{\"@id\":\"https:\/\/vosgesinfo.fr\/remiremontinfo\/#organization\"},\"image\":{\"@id\":\"https:\/\/vosgesinfo.fr\/remiremontinfo\/2023\/03\/rupt-moselle-releves-de-compteurs-deau-seront-effectues-a-partir-27-mars\/#primaryimage\"},\"thumbnailUrl\":\"https:\/\/vosgesinfo.fr\/app\/uploads\/sites\/5\/2024\/09\/202303337672314-1571247990009639-9138832543811754817-n.jpg\",\"keywords\":[\"compteur eau\",\"rupt\",\"Vosges\"],\"articleSection\":[\"A la Une\",\"Le Thillot &amp; son canton\",\"Rupt-Sur-Moselle\",\"Soci\u00e9t\u00e9\"],\"inLanguage\":\"fr-FR\",\"potentialAction\":[{\"@type\":\"CommentAction\",\"name\":\"Comment\",\"target\":[\"https:\/\/vosgesinfo.fr\/remiremontinfo\/2023\/03\/rupt-moselle-releves-de-compteurs-deau-seront-effectues-a-partir-27-mars\/#respond\"]}]},{\"@type\":\"WebPage\",\"@id\":\"https:\/\/vosgesinfo.fr\/remiremontinfo\/2023\/03\/rupt-moselle-releves-de-compteurs-deau-seront-effectues-a-partir-27-mars\/\",\"url\":\"https:\/\/vosgesinfo.fr\/remiremontinfo\/2023\/03\/rupt-moselle-releves-de-compteurs-deau-seront-effectues-a-partir-27-mars\/\",\"name\":\"Rupt-sur-Moselle : les relev\u00e9s de compteurs d'eau seront effectu\u00e9s \u00e0 partir du 27 mars - Remiremont Info\",\"isPartOf\":{\"@id\":\"https:\/\/vosgesinfo.fr\/remiremontinfo\/#website\"},\"primaryImageOfPage\":{\"@id\":\"https:\/\/vosgesinfo.fr\/remiremontinfo\/2023\/03\/rupt-moselle-releves-de-compteurs-deau-seront-effectues-a-partir-27-mars\/#primaryimage\"},\"image\":{\"@id\":\"https:\/\/vosgesinfo.fr\/remiremontinfo\/2023\/03\/rupt-moselle-releves-de-compteurs-deau-seront-effectues-a-partir-27-mars\/#primaryimage\"},\"thumbnailUrl\":\"https:\/\/vosgesinfo.fr\/app\/uploads\/sites\/5\/2024\/09\/202303337672314-1571247990009639-9138832543811754817-n.jpg\",\"datePublished\":\"2023-03-24T05:58:34+00:00\",\"dateModified\":\"2023-03-24T05:58:34+00:00\",\"breadcrumb\":{\"@id\":\"https:\/\/vosgesinfo.fr\/remiremontinfo\/2023\/03\/rupt-moselle-releves-de-compteurs-deau-seront-effectues-a-partir-27-mars\/#breadcrumb\"},\"inLanguage\":\"fr-FR\",\"potentialAction\":[{\"@type\":\"ReadAction\",\"target\":[\"https:\/\/vosgesinfo.fr\/remiremontinfo\/2023\/03\/rupt-moselle-releves-de-compteurs-deau-seront-effectues-a-partir-27-mars\/\"]}]},{\"@type\":\"ImageObject\",\"inLanguage\":\"fr-FR\",\"@id\":\"https:\/\/vosgesinfo.fr\/remiremontinfo\/2023\/03\/rupt-moselle-releves-de-compteurs-deau-seront-effectues-a-partir-27-mars\/#primaryimage\",\"url\":\"https:\/\/vosgesinfo.fr\/app\/uploads\/sites\/5\/2024\/09\/202303337672314-1571247990009639-9138832543811754817-n.jpg\",\"contentUrl\":\"https:\/\/vosgesinfo.fr\/app\/uploads\/sites\/5\/2024\/09\/202303337672314-1571247990009639-9138832543811754817-n.jpg\",\"width\":876,\"height\":627},{\"@type\":\"BreadcrumbList\",\"@id\":\"https:\/\/vosgesinfo.fr\/remiremontinfo\/2023\/03\/rupt-moselle-releves-de-compteurs-deau-seront-effectues-a-partir-27-mars\/#breadcrumb\",\"itemListElement\":[{\"@type\":\"ListItem\",\"position\":1,\"name\":\"Home\",\"item\":\"https:\/\/vosgesinfo.fr\/remiremontinfo\/\"},{\"@type\":\"ListItem\",\"position\":2,\"name\":\"Rupt-sur-Moselle : les relev\u00e9s de compteurs d&rsquo;eau seront effectu\u00e9s \u00e0 partir du 27 mars\"}]},{\"@type\":\"WebSite\",\"@id\":\"https:\/\/vosgesinfo.fr\/remiremontinfo\/#website\",\"url\":\"https:\/\/vosgesinfo.fr\/remiremontinfo\/\",\"name\":\"Remiremont Info\",\"description\":\"Toute l&#039;actualit\u00e9 de Remiremont\",\"publisher\":{\"@id\":\"https:\/\/vosgesinfo.fr\/remiremontinfo\/#organization\"},\"alternateName\":\"Toute l'actualit\u00e9 de Remiremont\",\"potentialAction\":[{\"@type\":\"SearchAction\",\"target\":{\"@type\":\"EntryPoint\",\"urlTemplate\":\"https:\/\/vosgesinfo.fr\/remiremontinfo\/?s={search_term_string}\"},\"query-input\":\"required name=search_term_string\"}],\"inLanguage\":\"fr-FR\"},{\"@type\":\"Organization\",\"@id\":\"https:\/\/vosgesinfo.fr\/remiremontinfo\/#organization\",\"name\":\"Remiremont Info\",\"url\":\"https:\/\/vosgesinfo.fr\/remiremontinfo\/\",\"logo\":{\"@type\":\"ImageObject\",\"inLanguage\":\"fr-FR\",\"@id\":\"https:\/\/vosgesinfo.fr\/remiremontinfo\/#\/schema\/logo\/image\/\",\"url\":\"https:\/\/vosgesinfo.fr\/app\/uploads\/sites\/5\/2023\/08\/favicon-remiremontinfo.png\",\"contentUrl\":\"https:\/\/vosgesinfo.fr\/app\/uploads\/sites\/5\/2023\/08\/favicon-remiremontinfo.png\",\"width\":512,\"height\":512,\"caption\":\"Remiremont Info\"},\"image\":{\"@id\":\"https:\/\/vosgesinfo.fr\/remiremontinfo\/#\/schema\/logo\/image\/\"},\"sameAs\":[\"https:\/\/www.facebook.com\/remiremontinfo\",\"https:\/\/x.com\/VosgesInfo88\",\"https:\/\/www.youtube.com\/@vosgesinfo\"]},{\"@type\":\"Person\",\"@id\":\"https:\/\/vosgesinfo.fr\/remiremontinfo\/#\/schema\/person\/3bfd164d5218a185b1db68655a265316\",\"name\":\"C D\",\"image\":{\"@type\":\"ImageObject\",\"inLanguage\":\"fr-FR\",\"@id\":\"https:\/\/vosgesinfo.fr\/remiremontinfo\/#\/schema\/person\/image\/\",\"url\":\"https:\/\/secure.gravatar.com\/avatar\/1f9a70007336511a47468b8f1c66f922b8b7cf617b02a31149ada43893a5d48f?s=96&d=mm&r=g\",\"contentUrl\":\"https:\/\/secure.gravatar.com\/avatar\/1f9a70007336511a47468b8f1c66f922b8b7cf617b02a31149ada43893a5d48f?s=96&d=mm&r=g\",\"caption\":\"C D\"},\"url\":\"https:\/\/vosgesinfo.fr\/remiremontinfo\/author\/cedric-drevet\/\"}]}<\/script>\n<!-- \/ Yoast SEO plugin. -->","yoast_head_json":{"title":"Rupt-sur-Moselle : les relev\u00e9s de compteurs d'eau seront effectu\u00e9s \u00e0 partir du 27 mars - Remiremont Info","robots":{"index":"index","follow":"follow","max-snippet":"max-snippet:-1","max-image-preview":"max-image-preview:large","max-video-preview":"max-video-preview:-1"},"canonical":"https:\/\/vosgesinfo.fr\/remiremontinfo\/2023\/03\/rupt-moselle-releves-de-compteurs-deau-seront-effectues-a-partir-27-mars\/","twitter_card":"summary_large_image","twitter_title":"Rupt-sur-Moselle : les relev\u00e9s de compteurs d'eau seront effectu\u00e9s \u00e0 partir du 27 mars - Remiremont Info","twitter_description":"Photo par la Mairie de Rupt\u00a0 A compter du 27 mars 2023, les employ\u00e9s communaux de Rupt-sur-Moselle effectueront les relev\u00e9s [&hellip;]","twitter_image":"https:\/\/vosgesinfo.fr\/app\/uploads\/sites\/5\/2024\/09\/202303337672314-1571247990009639-9138832543811754817-n.jpg","twitter_creator":"@VosgesInfo88","twitter_site":"@VosgesInfo88","twitter_misc":{"\u00c9crit par":"C D"},"schema":{"@context":"https:\/\/schema.org","@graph":[{"@type":"Article","@id":"https:\/\/vosgesinfo.fr\/remiremontinfo\/2023\/03\/rupt-moselle-releves-de-compteurs-deau-seront-effectues-a-partir-27-mars\/#article","isPartOf":{"@id":"https:\/\/vosgesinfo.fr\/remiremontinfo\/2023\/03\/rupt-moselle-releves-de-compteurs-deau-seront-effectues-a-partir-27-mars\/"},"author":{"name":"C D","@id":"https:\/\/vosgesinfo.fr\/remiremontinfo\/#\/schema\/person\/3bfd164d5218a185b1db68655a265316"},"headline":"Rupt-sur-Moselle : les relev\u00e9s de compteurs d&rsquo;eau seront effectu\u00e9s \u00e0 partir du 27 mars","datePublished":"2023-03-24T05:58:34+00:00","dateModified":"2023-03-24T05:58:34+00:00","mainEntityOfPage":{"@id":"https:\/\/vosgesinfo.fr\/remiremontinfo\/2023\/03\/rupt-moselle-releves-de-compteurs-deau-seront-effectues-a-partir-27-mars\/"},"wordCount":88,"commentCount":0,"publisher":{"@id":"https:\/\/vosgesinfo.fr\/remiremontinfo\/#organization"},"image":{"@id":"https:\/\/vosgesinfo.fr\/remiremontinfo\/2023\/03\/rupt-moselle-releves-de-compteurs-deau-seront-effectues-a-partir-27-mars\/#primaryimage"},"thumbnailUrl":"https:\/\/vosgesinfo.fr\/app\/uploads\/sites\/5\/2024\/09\/202303337672314-1571247990009639-9138832543811754817-n.jpg","keywords":["compteur eau","rupt","Vosges"],"articleSection":["A la Une","Le Thillot &amp; son canton","Rupt-Sur-Moselle","Soci\u00e9t\u00e9"],"inLanguage":"fr-FR","potentialAction":[{"@type":"CommentAction","name":"Comment","target":["https:\/\/vosgesinfo.fr\/remiremontinfo\/2023\/03\/rupt-moselle-releves-de-compteurs-deau-seront-effectues-a-partir-27-mars\/#respond"]}]},{"@type":"WebPage","@id":"https:\/\/vosgesinfo.fr\/remiremontinfo\/2023\/03\/rupt-moselle-releves-de-compteurs-deau-seront-effectues-a-partir-27-mars\/","url":"https:\/\/vosgesinfo.fr\/remiremontinfo\/2023\/03\/rupt-moselle-releves-de-compteurs-deau-seront-effectues-a-partir-27-mars\/","name":"Rupt-sur-Moselle : les relev\u00e9s de compteurs d'eau seront effectu\u00e9s \u00e0 partir du 27 mars - Remiremont Info","isPartOf":{"@id":"https:\/\/vosgesinfo.fr\/remiremontinfo\/#website"},"primaryImageOfPage":{"@id":"https:\/\/vosgesinfo.fr\/remiremontinfo\/2023\/03\/rupt-moselle-releves-de-compteurs-deau-seront-effectues-a-partir-27-mars\/#primaryimage"},"image":{"@id":"https:\/\/vosgesinfo.fr\/remiremontinfo\/2023\/03\/rupt-moselle-releves-de-compteurs-deau-seront-effectues-a-partir-27-mars\/#primaryimage"},"thumbnailUrl":"https:\/\/vosgesinfo.fr\/app\/uploads\/sites\/5\/2024\/09\/202303337672314-1571247990009639-9138832543811754817-n.jpg","datePublished":"2023-03-24T05:58:34+00:00","dateModified":"2023-03-24T05:58:34+00:00","breadcrumb":{"@id":"https:\/\/vosgesinfo.fr\/remiremontinfo\/2023\/03\/rupt-moselle-releves-de-compteurs-deau-seront-effectues-a-partir-27-mars\/#breadcrumb"},"inLanguage":"fr-FR","potentialAction":[{"@type":"ReadAction","target":["https:\/\/vosgesinfo.fr\/remiremontinfo\/2023\/03\/rupt-moselle-releves-de-compteurs-deau-seront-effectues-a-partir-27-mars\/"]}]},{"@type":"ImageObject","inLanguage":"fr-FR","@id":"https:\/\/vosgesinfo.fr\/remiremontinfo\/2023\/03\/rupt-moselle-releves-de-compteurs-deau-seront-effectues-a-partir-27-mars\/#primaryimage","url":"https:\/\/vosgesinfo.fr\/app\/uploads\/sites\/5\/2024\/09\/202303337672314-1571247990009639-9138832543811754817-n.jpg","contentUrl":"https:\/\/vosgesinfo.fr\/app\/uploads\/sites\/5\/2024\/09\/202303337672314-1571247990009639-9138832543811754817-n.jpg","width":876,"height":627},{"@type":"BreadcrumbList","@id":"https:\/\/vosgesinfo.fr\/remiremontinfo\/2023\/03\/rupt-moselle-releves-de-compteurs-deau-seront-effectues-a-partir-27-mars\/#breadcrumb","itemListElement":[{"@type":"ListItem","position":1,"name":"Home","item":"https:\/\/vosgesinfo.fr\/remiremontinfo\/"},{"@type":"ListItem","position":2,"name":"Rupt-sur-Moselle : les relev\u00e9s de compteurs d&rsquo;eau seront effectu\u00e9s \u00e0 partir du 27 mars"}]},{"@type":"WebSite","@id":"https:\/\/vosgesinfo.fr\/remiremontinfo\/#website","url":"https:\/\/vosgesinfo.fr\/remiremontinfo\/","name":"Remiremont Info","description":"Toute l&#039;actualit\u00e9 de Remiremont","publisher":{"@id":"https:\/\/vosgesinfo.fr\/remiremontinfo\/#organization"},"alternateName":"Toute l'actualit\u00e9 de Remiremont","potentialAction":[{"@type":"SearchAction","target":{"@type":"EntryPoint","urlTemplate":"https:\/\/vosgesinfo.fr\/remiremontinfo\/?s={search_term_string}"},"query-input":"required name=search_term_string"}],"inLanguage":"fr-FR"},{"@type":"Organization","@id":"https:\/\/vosgesinfo.fr\/remiremontinfo\/#organization","name":"Remiremont Info","url":"https:\/\/vosgesinfo.fr\/remiremontinfo\/","logo":{"@type":"ImageObject","inLanguage":"fr-FR","@id":"https:\/\/vosgesinfo.fr\/remiremontinfo\/#\/schema\/logo\/image\/","url":"https:\/\/vosgesinfo.fr\/app\/uploads\/sites\/5\/2023\/08\/favicon-remiremontinfo.png","contentUrl":"https:\/\/vosgesinfo.fr\/app\/uploads\/sites\/5\/2023\/08\/favicon-remiremontinfo.png","width":512,"height":512,"caption":"Remiremont Info"},"image":{"@id":"https:\/\/vosgesinfo.fr\/remiremontinfo\/#\/schema\/logo\/image\/"},"sameAs":["https:\/\/www.facebook.com\/remiremontinfo","https:\/\/x.com\/VosgesInfo88","https:\/\/www.youtube.com\/@vosgesinfo"]},{"@type":"Person","@id":"https:\/\/vosgesinfo.fr\/remiremontinfo\/#\/schema\/person\/3bfd164d5218a185b1db68655a265316","name":"C D","image":{"@type":"ImageObject","inLanguage":"fr-FR","@id":"https:\/\/vosgesinfo.fr\/remiremontinfo\/#\/schema\/person\/image\/","url":"https:\/\/secure.gravatar.com\/avatar\/1f9a70007336511a47468b8f1c66f922b8b7cf617b02a31149ada43893a5d48f?s=96&d=mm&r=g","contentUrl":"https:\/\/secure.gravatar.com\/avatar\/1f9a70007336511a47468b8f1c66f922b8b7cf617b02a31149ada43893a5d48f?s=96&d=mm&r=g","caption":"C D"},"url":"https:\/\/vosgesinfo.fr\/remiremontinfo\/author\/cedric-drevet\/"}]}},"_links":{"self":[{"href":"https:\/\/vosgesinfo.fr\/remiremontinfo\/wp-json\/wp\/v2\/posts\/69163","targetHints":{"allow":["GET"]}}],"collection":[{"href":"https:\/\/vosgesinfo.fr\/remiremontinfo\/wp-json\/wp\/v2\/posts"}],"about":[{"href":"https:\/\/vosgesinfo.fr\/remiremontinfo\/wp-json\/wp\/v2\/types\/post"}],"author":[{"embeddable":true,"href":"https:\/\/vosgesinfo.fr\/remiremontinfo\/wp-json\/wp\/v2\/users\/407"}],"replies":[{"embeddable":true,"href":"https:\/\/vosgesinfo.fr\/remiremontinfo\/wp-json\/wp\/v2\/comments?post=69163"}],"version-history":[{"count":0,"href":"https:\/\/vosgesinfo.fr\/remiremontinfo\/wp-json\/wp\/v2\/posts\/69163\/revisions"}],"wp:featuredmedia":[{"embeddable":true,"href":"https:\/\/vosgesinfo.fr\/remiremontinfo\/wp-json\/wp\/v2\/media\/69164"}],"wp:attachment":[{"href":"https:\/\/vosgesinfo.fr\/remiremontinfo\/wp-json\/wp\/v2\/media?parent=69163"}],"wp:term":[{"taxonomy":"category","embeddable":true,"href":"https:\/\/vosgesinfo.fr\/remiremontinfo\/wp-json\/wp\/v2\/categories?post=69163"},{"taxonomy":"post_tag","embeddable":true,"href":"https:\/\/vosgesinfo.fr\/remiremontinfo\/wp-json\/wp\/v2\/tags?post=69163"}],"curies":[{"name":"wp","href":"https:\/\/api.w.org\/{rel}","templated":true}]}}