{"id":69165,"date":"2023-03-24T08:01:35","date_gmt":"2023-03-24T07:01:35","guid":{"rendered":"https:\/\/vosgesinfo.fr\/remiremontinfo\/2023\/03\/eloyes-15-enfants-participent-a-animation-pop-multiculturelle-a-creche\/"},"modified":"2023-03-24T08:01:35","modified_gmt":"2023-03-24T07:01:35","slug":"eloyes-15-enfants-participent-a-animation-pop-multiculturelle-a-creche","status":"publish","type":"post","link":"https:\/\/vosgesinfo.fr\/remiremontinfo\/2023\/03\/eloyes-15-enfants-participent-a-animation-pop-multiculturelle-a-creche\/","title":{"rendered":"Eloyes : 15 enfants participent \u00e0 une animation \u00ab pop et multiculturelle \u00bb \u00e0 la cr\u00e8che"},"content":{"rendered":"\n<p><span style=\"font-size: 10pt;\"><em>Source :\u00a0CCPVM<\/em><\/span><\/p>\n<h2><span style=\"font-size: 12pt;\"><strong>Chaque ann\u00e9e, sous l\u2019impulsion de la CAF, se tient la Semaine Nationale de la Petite Enfance qui met en lumi\u00e8re la petite enfance en rassemblant parents, enfants et professionnels. Sur le territoire de la CCPVM, plusieurs structures intercommunales ont con\u00e7u ensemble une programmation commune toute la semaine :<\/strong><\/span><\/h2>\n<p>&#8211; le Relais Petite Enfance La Ronde, qui coordonne et anime<br \/>\n&#8211; la cr\u00e8che La Pt\u2019ite Cabane<br \/>\n&#8211; l\u2019\u00c9cole de Musique Le Cube<br \/>\n&#8211; la M\u00e9diath\u00e8que Le Cercle<\/p>\n<p>Une animation petite enfance \u00ab pop et multiculturelle \u00bb !<\/p>\n<p>Sous la th\u00e9matique nationale POP \u2013 Explorer l\u2019extraordinaire dans le quotidien, le groupe s\u2019est donn\u00e9 pour objectif d\u2019apporter la culture dans la petite enfance, dans un projet favorisant l\u2019inclusion. Ainsi, les services apportent tous leur pierre \u00e0 l\u2019\u00e9difice et enrichissent mutuellement leur pratique.<\/p>\n<p>Ce mercredi 22 mars, 15 enfants ont particip\u00e9 \u00e0 une animation \u00e0 la Cr\u00e8che La Petite Cabane \u00e0 \u00c9loyes. Au programme ? La lecture d\u2019une s\u00e9lection de livres color\u00e9s \u00e9crits et illustr\u00e9s par Herv\u00e9 Tullet qui permettent la participation de l\u2019enfant, rendant la lecture vivante et joyeuse. Les enfants ont ensuite \u00e9t\u00e9 invit\u00e9s \u00e0 \u00ab donner vie \u00bb \u00e0 des livres g\u00e9ants pendant un concert de musiques pop retravaill\u00e9es en instrumental par l\u2019\u00c9cole de Musique.<\/p>\n<p>Une joyeuse matin\u00e9e, en compagnie du sympathique personnel de la cr\u00e8che et sous la baguette de Pauline Drouilly-Grandpierre, animatrice du Relais Petite Enfance, qui coordonnait cette animation avec explosion de couleurs, de jeunesse, de cr\u00e9ativit\u00e9 et de musique.<\/p>\n<p>Le projet candidate d\u2019ailleurs aux Girafes Awards et esp\u00e8re bien d\u00e9crocher un troph\u00e9e pour son inventivit\u00e9 et son professionnalisme, marque de fabrique du RPE, des cr\u00e8ches et des acteurs de la petite enfance\u2026 On croise les doigts pour eux !<\/p>\n<p><span style=\"font-size: 10pt;\"><em>Communiqu\u00e9 de la CCPVM\u00a0<\/em><\/span><\/p>\n\n","protected":false},"excerpt":{"rendered":"<p>Source :\u00a0CCPVM Chaque ann\u00e9e, sous l\u2019impulsion de la CAF, se tient la Semaine Nationale de la Petite Enfance qui met [&hellip;]<\/p>\n","protected":false},"author":407,"featured_media":69166,"comment_status":"open","ping_status":"open","sticky":false,"template":"","format":"standard","meta":{"footnotes":""},"categories":[26,4,318,35],"tags":[574,319,32],"class_list":["post-69165","post","type-post","status-publish","format-standard","has-post-thumbnail","hentry","category-a-la-une","category-culture","category-eloyes","category-remiremont-son-canton","tag-creche","tag-eloyes","tag-vosges"],"acf":[],"yoast_head":"<!-- This site is optimized with the Yoast SEO plugin v22.5 - https:\/\/yoast.com\/wordpress\/plugins\/seo\/ -->\n<title>Eloyes : 15 enfants participent \u00e0 une animation \u00ab pop et multiculturelle \u00bb \u00e0 la cr\u00e8che - Remiremont Info<\/title>\n<meta name=\"robots\" content=\"index, follow, max-snippet:-1, max-image-preview:large, max-video-preview:-1\" \/>\n<link rel=\"canonical\" href=\"https:\/\/vosgesinfo.fr\/remiremontinfo\/2023\/03\/eloyes-15-enfants-participent-a-animation-pop-multiculturelle-a-creche\/\" \/>\n<meta name=\"twitter:card\" content=\"summary_large_image\" \/>\n<meta name=\"twitter:title\" content=\"Eloyes : 15 enfants participent \u00e0 une animation \u00ab pop et multiculturelle \u00bb \u00e0 la cr\u00e8che - Remiremont Info\" \/>\n<meta name=\"twitter:description\" content=\"Source :\u00a0CCPVM Chaque ann\u00e9e, sous l\u2019impulsion de la CAF, se tient la Semaine Nationale de la Petite Enfance qui met [&hellip;]\" \/>\n<meta name=\"twitter:image\" content=\"https:\/\/vosgesinfo.fr\/app\/uploads\/sites\/5\/2024\/09\/202303semaine-nationale-petite-enfance-eloyes-2833.jpg\" \/>\n<meta name=\"twitter:creator\" content=\"@VosgesInfo88\" \/>\n<meta name=\"twitter:site\" content=\"@VosgesInfo88\" \/>\n<meta name=\"twitter:label1\" content=\"\u00c9crit par\" \/>\n\t<meta name=\"twitter:data1\" content=\"C D\" \/>\n\t<meta name=\"twitter:label2\" content=\"Dur\u00e9e de lecture estim\u00e9e\" \/>\n\t<meta name=\"twitter:data2\" content=\"2 minutes\" \/>\n<script type=\"application\/ld+json\" class=\"yoast-schema-graph\">{\"@context\":\"https:\/\/schema.org\",\"@graph\":[{\"@type\":\"Article\",\"@id\":\"https:\/\/vosgesinfo.fr\/remiremontinfo\/2023\/03\/eloyes-15-enfants-participent-a-animation-pop-multiculturelle-a-creche\/#article\",\"isPartOf\":{\"@id\":\"https:\/\/vosgesinfo.fr\/remiremontinfo\/2023\/03\/eloyes-15-enfants-participent-a-animation-pop-multiculturelle-a-creche\/\"},\"author\":{\"name\":\"C D\",\"@id\":\"https:\/\/vosgesinfo.fr\/remiremontinfo\/#\/schema\/person\/3bfd164d5218a185b1db68655a265316\"},\"headline\":\"Eloyes : 15 enfants participent \u00e0 une animation \u00ab pop et multiculturelle \u00bb \u00e0 la cr\u00e8che\",\"datePublished\":\"2023-03-24T07:01:35+00:00\",\"dateModified\":\"2023-03-24T07:01:35+00:00\",\"mainEntityOfPage\":{\"@id\":\"https:\/\/vosgesinfo.fr\/remiremontinfo\/2023\/03\/eloyes-15-enfants-participent-a-animation-pop-multiculturelle-a-creche\/\"},\"wordCount\":331,\"commentCount\":0,\"publisher\":{\"@id\":\"https:\/\/vosgesinfo.fr\/remiremontinfo\/#organization\"},\"image\":{\"@id\":\"https:\/\/vosgesinfo.fr\/remiremontinfo\/2023\/03\/eloyes-15-enfants-participent-a-animation-pop-multiculturelle-a-creche\/#primaryimage\"},\"thumbnailUrl\":\"https:\/\/vosgesinfo.fr\/app\/uploads\/sites\/5\/2024\/09\/202303semaine-nationale-petite-enfance-eloyes-2833.jpg\",\"keywords\":[\"creche\",\"eloyes\",\"Vosges\"],\"articleSection\":[\"A la Une\",\"Culture\",\"Eloyes\",\"Remiremont &amp; son canton\"],\"inLanguage\":\"fr-FR\",\"potentialAction\":[{\"@type\":\"CommentAction\",\"name\":\"Comment\",\"target\":[\"https:\/\/vosgesinfo.fr\/remiremontinfo\/2023\/03\/eloyes-15-enfants-participent-a-animation-pop-multiculturelle-a-creche\/#respond\"]}]},{\"@type\":\"WebPage\",\"@id\":\"https:\/\/vosgesinfo.fr\/remiremontinfo\/2023\/03\/eloyes-15-enfants-participent-a-animation-pop-multiculturelle-a-creche\/\",\"url\":\"https:\/\/vosgesinfo.fr\/remiremontinfo\/2023\/03\/eloyes-15-enfants-participent-a-animation-pop-multiculturelle-a-creche\/\",\"name\":\"Eloyes : 15 enfants participent \u00e0 une animation \u00ab pop et multiculturelle \u00bb \u00e0 la cr\u00e8che - Remiremont Info\",\"isPartOf\":{\"@id\":\"https:\/\/vosgesinfo.fr\/remiremontinfo\/#website\"},\"primaryImageOfPage\":{\"@id\":\"https:\/\/vosgesinfo.fr\/remiremontinfo\/2023\/03\/eloyes-15-enfants-participent-a-animation-pop-multiculturelle-a-creche\/#primaryimage\"},\"image\":{\"@id\":\"https:\/\/vosgesinfo.fr\/remiremontinfo\/2023\/03\/eloyes-15-enfants-participent-a-animation-pop-multiculturelle-a-creche\/#primaryimage\"},\"thumbnailUrl\":\"https:\/\/vosgesinfo.fr\/app\/uploads\/sites\/5\/2024\/09\/202303semaine-nationale-petite-enfance-eloyes-2833.jpg\",\"datePublished\":\"2023-03-24T07:01:35+00:00\",\"dateModified\":\"2023-03-24T07:01:35+00:00\",\"breadcrumb\":{\"@id\":\"https:\/\/vosgesinfo.fr\/remiremontinfo\/2023\/03\/eloyes-15-enfants-participent-a-animation-pop-multiculturelle-a-creche\/#breadcrumb\"},\"inLanguage\":\"fr-FR\",\"potentialAction\":[{\"@type\":\"ReadAction\",\"target\":[\"https:\/\/vosgesinfo.fr\/remiremontinfo\/2023\/03\/eloyes-15-enfants-participent-a-animation-pop-multiculturelle-a-creche\/\"]}]},{\"@type\":\"ImageObject\",\"inLanguage\":\"fr-FR\",\"@id\":\"https:\/\/vosgesinfo.fr\/remiremontinfo\/2023\/03\/eloyes-15-enfants-participent-a-animation-pop-multiculturelle-a-creche\/#primaryimage\",\"url\":\"https:\/\/vosgesinfo.fr\/app\/uploads\/sites\/5\/2024\/09\/202303semaine-nationale-petite-enfance-eloyes-2833.jpg\",\"contentUrl\":\"https:\/\/vosgesinfo.fr\/app\/uploads\/sites\/5\/2024\/09\/202303semaine-nationale-petite-enfance-eloyes-2833.jpg\",\"width\":1600,\"height\":1196},{\"@type\":\"BreadcrumbList\",\"@id\":\"https:\/\/vosgesinfo.fr\/remiremontinfo\/2023\/03\/eloyes-15-enfants-participent-a-animation-pop-multiculturelle-a-creche\/#breadcrumb\",\"itemListElement\":[{\"@type\":\"ListItem\",\"position\":1,\"name\":\"Home\",\"item\":\"https:\/\/vosgesinfo.fr\/remiremontinfo\/\"},{\"@type\":\"ListItem\",\"position\":2,\"name\":\"Eloyes : 15 enfants participent \u00e0 une animation \u00ab pop et multiculturelle \u00bb \u00e0 la cr\u00e8che\"}]},{\"@type\":\"WebSite\",\"@id\":\"https:\/\/vosgesinfo.fr\/remiremontinfo\/#website\",\"url\":\"https:\/\/vosgesinfo.fr\/remiremontinfo\/\",\"name\":\"Remiremont Info\",\"description\":\"Toute l&#039;actualit\u00e9 de Remiremont\",\"publisher\":{\"@id\":\"https:\/\/vosgesinfo.fr\/remiremontinfo\/#organization\"},\"alternateName\":\"Toute l'actualit\u00e9 de Remiremont\",\"potentialAction\":[{\"@type\":\"SearchAction\",\"target\":{\"@type\":\"EntryPoint\",\"urlTemplate\":\"https:\/\/vosgesinfo.fr\/remiremontinfo\/?s={search_term_string}\"},\"query-input\":\"required name=search_term_string\"}],\"inLanguage\":\"fr-FR\"},{\"@type\":\"Organization\",\"@id\":\"https:\/\/vosgesinfo.fr\/remiremontinfo\/#organization\",\"name\":\"Remiremont Info\",\"url\":\"https:\/\/vosgesinfo.fr\/remiremontinfo\/\",\"logo\":{\"@type\":\"ImageObject\",\"inLanguage\":\"fr-FR\",\"@id\":\"https:\/\/vosgesinfo.fr\/remiremontinfo\/#\/schema\/logo\/image\/\",\"url\":\"https:\/\/vosgesinfo.fr\/app\/uploads\/sites\/5\/2023\/08\/favicon-remiremontinfo.png\",\"contentUrl\":\"https:\/\/vosgesinfo.fr\/app\/uploads\/sites\/5\/2023\/08\/favicon-remiremontinfo.png\",\"width\":512,\"height\":512,\"caption\":\"Remiremont Info\"},\"image\":{\"@id\":\"https:\/\/vosgesinfo.fr\/remiremontinfo\/#\/schema\/logo\/image\/\"},\"sameAs\":[\"https:\/\/www.facebook.com\/remiremontinfo\",\"https:\/\/x.com\/VosgesInfo88\",\"https:\/\/www.youtube.com\/@vosgesinfo\"]},{\"@type\":\"Person\",\"@id\":\"https:\/\/vosgesinfo.fr\/remiremontinfo\/#\/schema\/person\/3bfd164d5218a185b1db68655a265316\",\"name\":\"C D\",\"image\":{\"@type\":\"ImageObject\",\"inLanguage\":\"fr-FR\",\"@id\":\"https:\/\/vosgesinfo.fr\/remiremontinfo\/#\/schema\/person\/image\/\",\"url\":\"https:\/\/secure.gravatar.com\/avatar\/1f9a70007336511a47468b8f1c66f922b8b7cf617b02a31149ada43893a5d48f?s=96&d=mm&r=g\",\"contentUrl\":\"https:\/\/secure.gravatar.com\/avatar\/1f9a70007336511a47468b8f1c66f922b8b7cf617b02a31149ada43893a5d48f?s=96&d=mm&r=g\",\"caption\":\"C D\"},\"url\":\"https:\/\/vosgesinfo.fr\/remiremontinfo\/author\/cedric-drevet\/\"}]}<\/script>\n<!-- \/ Yoast SEO plugin. -->","yoast_head_json":{"title":"Eloyes : 15 enfants participent \u00e0 une animation \u00ab pop et multiculturelle \u00bb \u00e0 la cr\u00e8che - Remiremont Info","robots":{"index":"index","follow":"follow","max-snippet":"max-snippet:-1","max-image-preview":"max-image-preview:large","max-video-preview":"max-video-preview:-1"},"canonical":"https:\/\/vosgesinfo.fr\/remiremontinfo\/2023\/03\/eloyes-15-enfants-participent-a-animation-pop-multiculturelle-a-creche\/","twitter_card":"summary_large_image","twitter_title":"Eloyes : 15 enfants participent \u00e0 une animation \u00ab pop et multiculturelle \u00bb \u00e0 la cr\u00e8che - Remiremont Info","twitter_description":"Source :\u00a0CCPVM Chaque ann\u00e9e, sous l\u2019impulsion de la CAF, se tient la Semaine Nationale de la Petite Enfance qui met [&hellip;]","twitter_image":"https:\/\/vosgesinfo.fr\/app\/uploads\/sites\/5\/2024\/09\/202303semaine-nationale-petite-enfance-eloyes-2833.jpg","twitter_creator":"@VosgesInfo88","twitter_site":"@VosgesInfo88","twitter_misc":{"\u00c9crit par":"C D","Dur\u00e9e de lecture estim\u00e9e":"2 minutes"},"schema":{"@context":"https:\/\/schema.org","@graph":[{"@type":"Article","@id":"https:\/\/vosgesinfo.fr\/remiremontinfo\/2023\/03\/eloyes-15-enfants-participent-a-animation-pop-multiculturelle-a-creche\/#article","isPartOf":{"@id":"https:\/\/vosgesinfo.fr\/remiremontinfo\/2023\/03\/eloyes-15-enfants-participent-a-animation-pop-multiculturelle-a-creche\/"},"author":{"name":"C D","@id":"https:\/\/vosgesinfo.fr\/remiremontinfo\/#\/schema\/person\/3bfd164d5218a185b1db68655a265316"},"headline":"Eloyes : 15 enfants participent \u00e0 une animation \u00ab pop et multiculturelle \u00bb \u00e0 la cr\u00e8che","datePublished":"2023-03-24T07:01:35+00:00","dateModified":"2023-03-24T07:01:35+00:00","mainEntityOfPage":{"@id":"https:\/\/vosgesinfo.fr\/remiremontinfo\/2023\/03\/eloyes-15-enfants-participent-a-animation-pop-multiculturelle-a-creche\/"},"wordCount":331,"commentCount":0,"publisher":{"@id":"https:\/\/vosgesinfo.fr\/remiremontinfo\/#organization"},"image":{"@id":"https:\/\/vosgesinfo.fr\/remiremontinfo\/2023\/03\/eloyes-15-enfants-participent-a-animation-pop-multiculturelle-a-creche\/#primaryimage"},"thumbnailUrl":"https:\/\/vosgesinfo.fr\/app\/uploads\/sites\/5\/2024\/09\/202303semaine-nationale-petite-enfance-eloyes-2833.jpg","keywords":["creche","eloyes","Vosges"],"articleSection":["A la Une","Culture","Eloyes","Remiremont &amp; son canton"],"inLanguage":"fr-FR","potentialAction":[{"@type":"CommentAction","name":"Comment","target":["https:\/\/vosgesinfo.fr\/remiremontinfo\/2023\/03\/eloyes-15-enfants-participent-a-animation-pop-multiculturelle-a-creche\/#respond"]}]},{"@type":"WebPage","@id":"https:\/\/vosgesinfo.fr\/remiremontinfo\/2023\/03\/eloyes-15-enfants-participent-a-animation-pop-multiculturelle-a-creche\/","url":"https:\/\/vosgesinfo.fr\/remiremontinfo\/2023\/03\/eloyes-15-enfants-participent-a-animation-pop-multiculturelle-a-creche\/","name":"Eloyes : 15 enfants participent \u00e0 une animation \u00ab pop et multiculturelle \u00bb \u00e0 la cr\u00e8che - Remiremont Info","isPartOf":{"@id":"https:\/\/vosgesinfo.fr\/remiremontinfo\/#website"},"primaryImageOfPage":{"@id":"https:\/\/vosgesinfo.fr\/remiremontinfo\/2023\/03\/eloyes-15-enfants-participent-a-animation-pop-multiculturelle-a-creche\/#primaryimage"},"image":{"@id":"https:\/\/vosgesinfo.fr\/remiremontinfo\/2023\/03\/eloyes-15-enfants-participent-a-animation-pop-multiculturelle-a-creche\/#primaryimage"},"thumbnailUrl":"https:\/\/vosgesinfo.fr\/app\/uploads\/sites\/5\/2024\/09\/202303semaine-nationale-petite-enfance-eloyes-2833.jpg","datePublished":"2023-03-24T07:01:35+00:00","dateModified":"2023-03-24T07:01:35+00:00","breadcrumb":{"@id":"https:\/\/vosgesinfo.fr\/remiremontinfo\/2023\/03\/eloyes-15-enfants-participent-a-animation-pop-multiculturelle-a-creche\/#breadcrumb"},"inLanguage":"fr-FR","potentialAction":[{"@type":"ReadAction","target":["https:\/\/vosgesinfo.fr\/remiremontinfo\/2023\/03\/eloyes-15-enfants-participent-a-animation-pop-multiculturelle-a-creche\/"]}]},{"@type":"ImageObject","inLanguage":"fr-FR","@id":"https:\/\/vosgesinfo.fr\/remiremontinfo\/2023\/03\/eloyes-15-enfants-participent-a-animation-pop-multiculturelle-a-creche\/#primaryimage","url":"https:\/\/vosgesinfo.fr\/app\/uploads\/sites\/5\/2024\/09\/202303semaine-nationale-petite-enfance-eloyes-2833.jpg","contentUrl":"https:\/\/vosgesinfo.fr\/app\/uploads\/sites\/5\/2024\/09\/202303semaine-nationale-petite-enfance-eloyes-2833.jpg","width":1600,"height":1196},{"@type":"BreadcrumbList","@id":"https:\/\/vosgesinfo.fr\/remiremontinfo\/2023\/03\/eloyes-15-enfants-participent-a-animation-pop-multiculturelle-a-creche\/#breadcrumb","itemListElement":[{"@type":"ListItem","position":1,"name":"Home","item":"https:\/\/vosgesinfo.fr\/remiremontinfo\/"},{"@type":"ListItem","position":2,"name":"Eloyes : 15 enfants participent \u00e0 une animation \u00ab pop et multiculturelle \u00bb \u00e0 la cr\u00e8che"}]},{"@type":"WebSite","@id":"https:\/\/vosgesinfo.fr\/remiremontinfo\/#website","url":"https:\/\/vosgesinfo.fr\/remiremontinfo\/","name":"Remiremont Info","description":"Toute l&#039;actualit\u00e9 de Remiremont","publisher":{"@id":"https:\/\/vosgesinfo.fr\/remiremontinfo\/#organization"},"alternateName":"Toute l'actualit\u00e9 de Remiremont","potentialAction":[{"@type":"SearchAction","target":{"@type":"EntryPoint","urlTemplate":"https:\/\/vosgesinfo.fr\/remiremontinfo\/?s={search_term_string}"},"query-input":"required name=search_term_string"}],"inLanguage":"fr-FR"},{"@type":"Organization","@id":"https:\/\/vosgesinfo.fr\/remiremontinfo\/#organization","name":"Remiremont Info","url":"https:\/\/vosgesinfo.fr\/remiremontinfo\/","logo":{"@type":"ImageObject","inLanguage":"fr-FR","@id":"https:\/\/vosgesinfo.fr\/remiremontinfo\/#\/schema\/logo\/image\/","url":"https:\/\/vosgesinfo.fr\/app\/uploads\/sites\/5\/2023\/08\/favicon-remiremontinfo.png","contentUrl":"https:\/\/vosgesinfo.fr\/app\/uploads\/sites\/5\/2023\/08\/favicon-remiremontinfo.png","width":512,"height":512,"caption":"Remiremont Info"},"image":{"@id":"https:\/\/vosgesinfo.fr\/remiremontinfo\/#\/schema\/logo\/image\/"},"sameAs":["https:\/\/www.facebook.com\/remiremontinfo","https:\/\/x.com\/VosgesInfo88","https:\/\/www.youtube.com\/@vosgesinfo"]},{"@type":"Person","@id":"https:\/\/vosgesinfo.fr\/remiremontinfo\/#\/schema\/person\/3bfd164d5218a185b1db68655a265316","name":"C D","image":{"@type":"ImageObject","inLanguage":"fr-FR","@id":"https:\/\/vosgesinfo.fr\/remiremontinfo\/#\/schema\/person\/image\/","url":"https:\/\/secure.gravatar.com\/avatar\/1f9a70007336511a47468b8f1c66f922b8b7cf617b02a31149ada43893a5d48f?s=96&d=mm&r=g","contentUrl":"https:\/\/secure.gravatar.com\/avatar\/1f9a70007336511a47468b8f1c66f922b8b7cf617b02a31149ada43893a5d48f?s=96&d=mm&r=g","caption":"C D"},"url":"https:\/\/vosgesinfo.fr\/remiremontinfo\/author\/cedric-drevet\/"}]}},"_links":{"self":[{"href":"https:\/\/vosgesinfo.fr\/remiremontinfo\/wp-json\/wp\/v2\/posts\/69165","targetHints":{"allow":["GET"]}}],"collection":[{"href":"https:\/\/vosgesinfo.fr\/remiremontinfo\/wp-json\/wp\/v2\/posts"}],"about":[{"href":"https:\/\/vosgesinfo.fr\/remiremontinfo\/wp-json\/wp\/v2\/types\/post"}],"author":[{"embeddable":true,"href":"https:\/\/vosgesinfo.fr\/remiremontinfo\/wp-json\/wp\/v2\/users\/407"}],"replies":[{"embeddable":true,"href":"https:\/\/vosgesinfo.fr\/remiremontinfo\/wp-json\/wp\/v2\/comments?post=69165"}],"version-history":[{"count":0,"href":"https:\/\/vosgesinfo.fr\/remiremontinfo\/wp-json\/wp\/v2\/posts\/69165\/revisions"}],"wp:featuredmedia":[{"embeddable":true,"href":"https:\/\/vosgesinfo.fr\/remiremontinfo\/wp-json\/wp\/v2\/media\/69166"}],"wp:attachment":[{"href":"https:\/\/vosgesinfo.fr\/remiremontinfo\/wp-json\/wp\/v2\/media?parent=69165"}],"wp:term":[{"taxonomy":"category","embeddable":true,"href":"https:\/\/vosgesinfo.fr\/remiremontinfo\/wp-json\/wp\/v2\/categories?post=69165"},{"taxonomy":"post_tag","embeddable":true,"href":"https:\/\/vosgesinfo.fr\/remiremontinfo\/wp-json\/wp\/v2\/tags?post=69165"}],"curies":[{"name":"wp","href":"https:\/\/api.w.org\/{rel}","templated":true}]}}