{"id":69179,"date":"2023-03-24T09:00:40","date_gmt":"2023-03-24T08:00:40","guid":{"rendered":"https:\/\/vosgesinfo.fr\/remiremontinfo\/2023\/03\/funerailles-paroisses-de-vallee-de-haute-moselle-recherchent-volontaires\/"},"modified":"2023-03-24T09:00:40","modified_gmt":"2023-03-24T08:00:40","slug":"funerailles-paroisses-de-vallee-de-haute-moselle-recherchent-volontaires","status":"publish","type":"post","link":"https:\/\/vosgesinfo.fr\/remiremontinfo\/2023\/03\/funerailles-paroisses-de-vallee-de-haute-moselle-recherchent-volontaires\/","title":{"rendered":"Fun\u00e9railles : les paroisses de la vall\u00e9e de la haute Moselle recherchent des volontaires"},"content":{"rendered":"<p><a href=\"\/2023\/03\/death-2421820_960_720.jpg\"><img decoding=\"async\" class=\"alignnone size-full wp-image-366385\" src=\"\/2023\/03\/death-2421820_960_720.jpg\" alt=\"death-2421820_960_720\" width=\"960\" height=\"639\" \/><\/a><\/p>\n<p><span style=\"font-size: 10pt;\"><em>Photo d&rsquo;illustration\u00a0<\/em><\/span><\/p>\n<h2><span style=\"font-size: 12pt;\"><strong>Les paroisse de la Vall\u00e9e de la Haute Moselle sont toujours \u00e0 la recherche de personnes souhaitant s&rsquo;investir dans l&rsquo;organisation des fun\u00e9railles chr\u00e9tiennes. Pour plus de renseignements, contacter le 06 88 76 35 56 ou envoyer un message \u00e0 <a href=\"mailto:paroisses.hautemoselle@gmail.com\">paroisses.hautemoselle@gmail.com<\/a>.\u00a0<\/strong><\/span><\/h2>\n<p>En fin d\u2019ann\u00e9e 2022, la Paroisse Ozanam de Le Thillot a pris une d\u00e9cision concernant l\u2019organisation des fun\u00e9railles : \u00e0 partir du 1er janvier 2023, les c\u00e9l\u00e9brations se d\u00e9rouleront uniquement dans les \u00e9glises de Le Thillot et de Rupt sur Moselle, villes o\u00f9 sont install\u00e9es les maisons fun\u00e9raires. Une d\u00e9cision qui n&rsquo;a pas fait pas l\u2019unanimit\u00e9, et qui interroge sur la situation des paroisses rurales :\u00a0<a href=\"https:\/\/remiremontinfo.fr\/2023\/01\/fin-funerailles-a-bussang-reunion-publique-deux-pretres-expliquer-situation\/\">Fin des fun\u00e9railles \u00e0 Bussang,<\/a>\u00a0<a href=\"https:\/\/remiremontinfo.fr\/2022\/12\/saint-maurice-conseil-municipal-sinsurge-contre-decision-de-delocaliser-funerailles\/\">Saint-Maurice : le Conseil Municipal s&rsquo;insurge contre la d\u00e9cision de d\u00e9localiser les fun\u00e9railles,<\/a>\u00a0<a href=\"https:\/\/remiremontinfo.fr\/2022\/12\/funerailles-ne-seront-plus-celebrees-a-leglise-de-bussang\/\">Les fun\u00e9railles ne seront plus c\u00e9l\u00e9br\u00e9es \u00e0 l&rsquo;\u00e9glise de Bussang.<\/a><\/p>\n<p style=\"text-align: center;\"><a href=\"\/2023\/03\/336170304_763615891800789_3774953785191552078_n.jpg\"><img decoding=\"async\" class=\"alignnone size-large wp-image-366386\" src=\"\/2023\/03\/336170304_763615891800789_3774953785191552078_n-722x1024.jpg\" alt=\"336170304_763615891800789_3774953785191552078_n\" width=\"722\" height=\"1024\" \/><\/a><\/p>\n<p style=\"text-align: center;\">\n","protected":false},"excerpt":{"rendered":"<p>Photo d&rsquo;illustration\u00a0 Les paroisse de la Vall\u00e9e de la Haute Moselle sont toujours \u00e0 la recherche de personnes souhaitant s&rsquo;investir [&hellip;]<\/p>\n","protected":false},"author":407,"featured_media":69180,"comment_status":"open","ping_status":"open","sticky":false,"template":"","format":"standard","meta":{"footnotes":""},"categories":[26,13],"tags":[5206,5654,32],"class_list":["post-69179","post","type-post","status-publish","format-standard","has-post-thumbnail","hentry","category-a-la-une","category-societe","tag-funerailles","tag-paroisses-de-la-haute-moselle","tag-vosges"],"acf":[],"yoast_head":"<!-- This site is optimized with the Yoast SEO plugin v22.5 - https:\/\/yoast.com\/wordpress\/plugins\/seo\/ -->\n<title>Fun\u00e9railles : les paroisses de la vall\u00e9e de la haute Moselle recherchent des volontaires - Remiremont Info<\/title>\n<meta name=\"robots\" content=\"index, follow, max-snippet:-1, max-image-preview:large, max-video-preview:-1\" \/>\n<link rel=\"canonical\" href=\"https:\/\/vosgesinfo.fr\/remiremontinfo\/2023\/03\/funerailles-paroisses-de-vallee-de-haute-moselle-recherchent-volontaires\/\" \/>\n<meta name=\"twitter:card\" content=\"summary_large_image\" \/>\n<meta name=\"twitter:title\" content=\"Fun\u00e9railles : les paroisses de la vall\u00e9e de la haute Moselle recherchent des volontaires - Remiremont Info\" \/>\n<meta name=\"twitter:description\" content=\"Photo d&rsquo;illustration\u00a0 Les paroisse de la Vall\u00e9e de la Haute Moselle sont toujours \u00e0 la recherche de personnes souhaitant s&rsquo;investir [&hellip;]\" \/>\n<meta name=\"twitter:image\" content=\"https:\/\/vosgesinfo.fr\/app\/uploads\/sites\/5\/2024\/09\/202303death-2421820-960-720.jpg\" \/>\n<meta name=\"twitter:creator\" content=\"@VosgesInfo88\" \/>\n<meta name=\"twitter:site\" content=\"@VosgesInfo88\" \/>\n<meta name=\"twitter:label1\" content=\"\u00c9crit par\" \/>\n\t<meta name=\"twitter:data1\" content=\"C D\" \/>\n\t<meta name=\"twitter:label2\" content=\"Dur\u00e9e de lecture estim\u00e9e\" \/>\n\t<meta name=\"twitter:data2\" content=\"1 minute\" \/>\n<script type=\"application\/ld+json\" class=\"yoast-schema-graph\">{\"@context\":\"https:\/\/schema.org\",\"@graph\":[{\"@type\":\"Article\",\"@id\":\"https:\/\/vosgesinfo.fr\/remiremontinfo\/2023\/03\/funerailles-paroisses-de-vallee-de-haute-moselle-recherchent-volontaires\/#article\",\"isPartOf\":{\"@id\":\"https:\/\/vosgesinfo.fr\/remiremontinfo\/2023\/03\/funerailles-paroisses-de-vallee-de-haute-moselle-recherchent-volontaires\/\"},\"author\":{\"name\":\"C D\",\"@id\":\"https:\/\/vosgesinfo.fr\/remiremontinfo\/#\/schema\/person\/3bfd164d5218a185b1db68655a265316\"},\"headline\":\"Fun\u00e9railles : les paroisses de la vall\u00e9e de la haute Moselle recherchent des volontaires\",\"datePublished\":\"2023-03-24T08:00:40+00:00\",\"dateModified\":\"2023-03-24T08:00:40+00:00\",\"mainEntityOfPage\":{\"@id\":\"https:\/\/vosgesinfo.fr\/remiremontinfo\/2023\/03\/funerailles-paroisses-de-vallee-de-haute-moselle-recherchent-volontaires\/\"},\"wordCount\":168,\"commentCount\":0,\"publisher\":{\"@id\":\"https:\/\/vosgesinfo.fr\/remiremontinfo\/#organization\"},\"image\":{\"@id\":\"https:\/\/vosgesinfo.fr\/remiremontinfo\/2023\/03\/funerailles-paroisses-de-vallee-de-haute-moselle-recherchent-volontaires\/#primaryimage\"},\"thumbnailUrl\":\"https:\/\/vosgesinfo.fr\/app\/uploads\/sites\/5\/2024\/09\/202303death-2421820-960-720.jpg\",\"keywords\":[\"fun\u00e9railles\",\"paroisses de la haute moselle\",\"Vosges\"],\"articleSection\":[\"A la Une\",\"Soci\u00e9t\u00e9\"],\"inLanguage\":\"fr-FR\",\"potentialAction\":[{\"@type\":\"CommentAction\",\"name\":\"Comment\",\"target\":[\"https:\/\/vosgesinfo.fr\/remiremontinfo\/2023\/03\/funerailles-paroisses-de-vallee-de-haute-moselle-recherchent-volontaires\/#respond\"]}]},{\"@type\":\"WebPage\",\"@id\":\"https:\/\/vosgesinfo.fr\/remiremontinfo\/2023\/03\/funerailles-paroisses-de-vallee-de-haute-moselle-recherchent-volontaires\/\",\"url\":\"https:\/\/vosgesinfo.fr\/remiremontinfo\/2023\/03\/funerailles-paroisses-de-vallee-de-haute-moselle-recherchent-volontaires\/\",\"name\":\"Fun\u00e9railles : les paroisses de la vall\u00e9e de la haute Moselle recherchent des volontaires - Remiremont Info\",\"isPartOf\":{\"@id\":\"https:\/\/vosgesinfo.fr\/remiremontinfo\/#website\"},\"primaryImageOfPage\":{\"@id\":\"https:\/\/vosgesinfo.fr\/remiremontinfo\/2023\/03\/funerailles-paroisses-de-vallee-de-haute-moselle-recherchent-volontaires\/#primaryimage\"},\"image\":{\"@id\":\"https:\/\/vosgesinfo.fr\/remiremontinfo\/2023\/03\/funerailles-paroisses-de-vallee-de-haute-moselle-recherchent-volontaires\/#primaryimage\"},\"thumbnailUrl\":\"https:\/\/vosgesinfo.fr\/app\/uploads\/sites\/5\/2024\/09\/202303death-2421820-960-720.jpg\",\"datePublished\":\"2023-03-24T08:00:40+00:00\",\"dateModified\":\"2023-03-24T08:00:40+00:00\",\"breadcrumb\":{\"@id\":\"https:\/\/vosgesinfo.fr\/remiremontinfo\/2023\/03\/funerailles-paroisses-de-vallee-de-haute-moselle-recherchent-volontaires\/#breadcrumb\"},\"inLanguage\":\"fr-FR\",\"potentialAction\":[{\"@type\":\"ReadAction\",\"target\":[\"https:\/\/vosgesinfo.fr\/remiremontinfo\/2023\/03\/funerailles-paroisses-de-vallee-de-haute-moselle-recherchent-volontaires\/\"]}]},{\"@type\":\"ImageObject\",\"inLanguage\":\"fr-FR\",\"@id\":\"https:\/\/vosgesinfo.fr\/remiremontinfo\/2023\/03\/funerailles-paroisses-de-vallee-de-haute-moselle-recherchent-volontaires\/#primaryimage\",\"url\":\"https:\/\/vosgesinfo.fr\/app\/uploads\/sites\/5\/2024\/09\/202303death-2421820-960-720.jpg\",\"contentUrl\":\"https:\/\/vosgesinfo.fr\/app\/uploads\/sites\/5\/2024\/09\/202303death-2421820-960-720.jpg\",\"width\":960,\"height\":639},{\"@type\":\"BreadcrumbList\",\"@id\":\"https:\/\/vosgesinfo.fr\/remiremontinfo\/2023\/03\/funerailles-paroisses-de-vallee-de-haute-moselle-recherchent-volontaires\/#breadcrumb\",\"itemListElement\":[{\"@type\":\"ListItem\",\"position\":1,\"name\":\"Home\",\"item\":\"https:\/\/vosgesinfo.fr\/remiremontinfo\/\"},{\"@type\":\"ListItem\",\"position\":2,\"name\":\"Fun\u00e9railles : les paroisses de la vall\u00e9e de la haute Moselle recherchent des volontaires\"}]},{\"@type\":\"WebSite\",\"@id\":\"https:\/\/vosgesinfo.fr\/remiremontinfo\/#website\",\"url\":\"https:\/\/vosgesinfo.fr\/remiremontinfo\/\",\"name\":\"Remiremont Info\",\"description\":\"Toute l&#039;actualit\u00e9 de Remiremont\",\"publisher\":{\"@id\":\"https:\/\/vosgesinfo.fr\/remiremontinfo\/#organization\"},\"alternateName\":\"Toute l'actualit\u00e9 de Remiremont\",\"potentialAction\":[{\"@type\":\"SearchAction\",\"target\":{\"@type\":\"EntryPoint\",\"urlTemplate\":\"https:\/\/vosgesinfo.fr\/remiremontinfo\/?s={search_term_string}\"},\"query-input\":\"required name=search_term_string\"}],\"inLanguage\":\"fr-FR\"},{\"@type\":\"Organization\",\"@id\":\"https:\/\/vosgesinfo.fr\/remiremontinfo\/#organization\",\"name\":\"Remiremont Info\",\"url\":\"https:\/\/vosgesinfo.fr\/remiremontinfo\/\",\"logo\":{\"@type\":\"ImageObject\",\"inLanguage\":\"fr-FR\",\"@id\":\"https:\/\/vosgesinfo.fr\/remiremontinfo\/#\/schema\/logo\/image\/\",\"url\":\"https:\/\/vosgesinfo.fr\/app\/uploads\/sites\/5\/2023\/08\/favicon-remiremontinfo.png\",\"contentUrl\":\"https:\/\/vosgesinfo.fr\/app\/uploads\/sites\/5\/2023\/08\/favicon-remiremontinfo.png\",\"width\":512,\"height\":512,\"caption\":\"Remiremont Info\"},\"image\":{\"@id\":\"https:\/\/vosgesinfo.fr\/remiremontinfo\/#\/schema\/logo\/image\/\"},\"sameAs\":[\"https:\/\/www.facebook.com\/remiremontinfo\",\"https:\/\/x.com\/VosgesInfo88\",\"https:\/\/www.youtube.com\/@vosgesinfo\"]},{\"@type\":\"Person\",\"@id\":\"https:\/\/vosgesinfo.fr\/remiremontinfo\/#\/schema\/person\/3bfd164d5218a185b1db68655a265316\",\"name\":\"C D\",\"image\":{\"@type\":\"ImageObject\",\"inLanguage\":\"fr-FR\",\"@id\":\"https:\/\/vosgesinfo.fr\/remiremontinfo\/#\/schema\/person\/image\/\",\"url\":\"https:\/\/secure.gravatar.com\/avatar\/1f9a70007336511a47468b8f1c66f922b8b7cf617b02a31149ada43893a5d48f?s=96&d=mm&r=g\",\"contentUrl\":\"https:\/\/secure.gravatar.com\/avatar\/1f9a70007336511a47468b8f1c66f922b8b7cf617b02a31149ada43893a5d48f?s=96&d=mm&r=g\",\"caption\":\"C D\"},\"url\":\"https:\/\/vosgesinfo.fr\/remiremontinfo\/author\/cedric-drevet\/\"}]}<\/script>\n<!-- \/ Yoast SEO plugin. -->","yoast_head_json":{"title":"Fun\u00e9railles : les paroisses de la vall\u00e9e de la haute Moselle recherchent des volontaires - Remiremont Info","robots":{"index":"index","follow":"follow","max-snippet":"max-snippet:-1","max-image-preview":"max-image-preview:large","max-video-preview":"max-video-preview:-1"},"canonical":"https:\/\/vosgesinfo.fr\/remiremontinfo\/2023\/03\/funerailles-paroisses-de-vallee-de-haute-moselle-recherchent-volontaires\/","twitter_card":"summary_large_image","twitter_title":"Fun\u00e9railles : les paroisses de la vall\u00e9e de la haute Moselle recherchent des volontaires - Remiremont Info","twitter_description":"Photo d&rsquo;illustration\u00a0 Les paroisse de la Vall\u00e9e de la Haute Moselle sont toujours \u00e0 la recherche de personnes souhaitant s&rsquo;investir [&hellip;]","twitter_image":"https:\/\/vosgesinfo.fr\/app\/uploads\/sites\/5\/2024\/09\/202303death-2421820-960-720.jpg","twitter_creator":"@VosgesInfo88","twitter_site":"@VosgesInfo88","twitter_misc":{"\u00c9crit par":"C D","Dur\u00e9e de lecture estim\u00e9e":"1 minute"},"schema":{"@context":"https:\/\/schema.org","@graph":[{"@type":"Article","@id":"https:\/\/vosgesinfo.fr\/remiremontinfo\/2023\/03\/funerailles-paroisses-de-vallee-de-haute-moselle-recherchent-volontaires\/#article","isPartOf":{"@id":"https:\/\/vosgesinfo.fr\/remiremontinfo\/2023\/03\/funerailles-paroisses-de-vallee-de-haute-moselle-recherchent-volontaires\/"},"author":{"name":"C D","@id":"https:\/\/vosgesinfo.fr\/remiremontinfo\/#\/schema\/person\/3bfd164d5218a185b1db68655a265316"},"headline":"Fun\u00e9railles : les paroisses de la vall\u00e9e de la haute Moselle recherchent des volontaires","datePublished":"2023-03-24T08:00:40+00:00","dateModified":"2023-03-24T08:00:40+00:00","mainEntityOfPage":{"@id":"https:\/\/vosgesinfo.fr\/remiremontinfo\/2023\/03\/funerailles-paroisses-de-vallee-de-haute-moselle-recherchent-volontaires\/"},"wordCount":168,"commentCount":0,"publisher":{"@id":"https:\/\/vosgesinfo.fr\/remiremontinfo\/#organization"},"image":{"@id":"https:\/\/vosgesinfo.fr\/remiremontinfo\/2023\/03\/funerailles-paroisses-de-vallee-de-haute-moselle-recherchent-volontaires\/#primaryimage"},"thumbnailUrl":"https:\/\/vosgesinfo.fr\/app\/uploads\/sites\/5\/2024\/09\/202303death-2421820-960-720.jpg","keywords":["fun\u00e9railles","paroisses de la haute moselle","Vosges"],"articleSection":["A la Une","Soci\u00e9t\u00e9"],"inLanguage":"fr-FR","potentialAction":[{"@type":"CommentAction","name":"Comment","target":["https:\/\/vosgesinfo.fr\/remiremontinfo\/2023\/03\/funerailles-paroisses-de-vallee-de-haute-moselle-recherchent-volontaires\/#respond"]}]},{"@type":"WebPage","@id":"https:\/\/vosgesinfo.fr\/remiremontinfo\/2023\/03\/funerailles-paroisses-de-vallee-de-haute-moselle-recherchent-volontaires\/","url":"https:\/\/vosgesinfo.fr\/remiremontinfo\/2023\/03\/funerailles-paroisses-de-vallee-de-haute-moselle-recherchent-volontaires\/","name":"Fun\u00e9railles : les paroisses de la vall\u00e9e de la haute Moselle recherchent des volontaires - Remiremont Info","isPartOf":{"@id":"https:\/\/vosgesinfo.fr\/remiremontinfo\/#website"},"primaryImageOfPage":{"@id":"https:\/\/vosgesinfo.fr\/remiremontinfo\/2023\/03\/funerailles-paroisses-de-vallee-de-haute-moselle-recherchent-volontaires\/#primaryimage"},"image":{"@id":"https:\/\/vosgesinfo.fr\/remiremontinfo\/2023\/03\/funerailles-paroisses-de-vallee-de-haute-moselle-recherchent-volontaires\/#primaryimage"},"thumbnailUrl":"https:\/\/vosgesinfo.fr\/app\/uploads\/sites\/5\/2024\/09\/202303death-2421820-960-720.jpg","datePublished":"2023-03-24T08:00:40+00:00","dateModified":"2023-03-24T08:00:40+00:00","breadcrumb":{"@id":"https:\/\/vosgesinfo.fr\/remiremontinfo\/2023\/03\/funerailles-paroisses-de-vallee-de-haute-moselle-recherchent-volontaires\/#breadcrumb"},"inLanguage":"fr-FR","potentialAction":[{"@type":"ReadAction","target":["https:\/\/vosgesinfo.fr\/remiremontinfo\/2023\/03\/funerailles-paroisses-de-vallee-de-haute-moselle-recherchent-volontaires\/"]}]},{"@type":"ImageObject","inLanguage":"fr-FR","@id":"https:\/\/vosgesinfo.fr\/remiremontinfo\/2023\/03\/funerailles-paroisses-de-vallee-de-haute-moselle-recherchent-volontaires\/#primaryimage","url":"https:\/\/vosgesinfo.fr\/app\/uploads\/sites\/5\/2024\/09\/202303death-2421820-960-720.jpg","contentUrl":"https:\/\/vosgesinfo.fr\/app\/uploads\/sites\/5\/2024\/09\/202303death-2421820-960-720.jpg","width":960,"height":639},{"@type":"BreadcrumbList","@id":"https:\/\/vosgesinfo.fr\/remiremontinfo\/2023\/03\/funerailles-paroisses-de-vallee-de-haute-moselle-recherchent-volontaires\/#breadcrumb","itemListElement":[{"@type":"ListItem","position":1,"name":"Home","item":"https:\/\/vosgesinfo.fr\/remiremontinfo\/"},{"@type":"ListItem","position":2,"name":"Fun\u00e9railles : les paroisses de la vall\u00e9e de la haute Moselle recherchent des volontaires"}]},{"@type":"WebSite","@id":"https:\/\/vosgesinfo.fr\/remiremontinfo\/#website","url":"https:\/\/vosgesinfo.fr\/remiremontinfo\/","name":"Remiremont Info","description":"Toute l&#039;actualit\u00e9 de Remiremont","publisher":{"@id":"https:\/\/vosgesinfo.fr\/remiremontinfo\/#organization"},"alternateName":"Toute l'actualit\u00e9 de Remiremont","potentialAction":[{"@type":"SearchAction","target":{"@type":"EntryPoint","urlTemplate":"https:\/\/vosgesinfo.fr\/remiremontinfo\/?s={search_term_string}"},"query-input":"required name=search_term_string"}],"inLanguage":"fr-FR"},{"@type":"Organization","@id":"https:\/\/vosgesinfo.fr\/remiremontinfo\/#organization","name":"Remiremont Info","url":"https:\/\/vosgesinfo.fr\/remiremontinfo\/","logo":{"@type":"ImageObject","inLanguage":"fr-FR","@id":"https:\/\/vosgesinfo.fr\/remiremontinfo\/#\/schema\/logo\/image\/","url":"https:\/\/vosgesinfo.fr\/app\/uploads\/sites\/5\/2023\/08\/favicon-remiremontinfo.png","contentUrl":"https:\/\/vosgesinfo.fr\/app\/uploads\/sites\/5\/2023\/08\/favicon-remiremontinfo.png","width":512,"height":512,"caption":"Remiremont Info"},"image":{"@id":"https:\/\/vosgesinfo.fr\/remiremontinfo\/#\/schema\/logo\/image\/"},"sameAs":["https:\/\/www.facebook.com\/remiremontinfo","https:\/\/x.com\/VosgesInfo88","https:\/\/www.youtube.com\/@vosgesinfo"]},{"@type":"Person","@id":"https:\/\/vosgesinfo.fr\/remiremontinfo\/#\/schema\/person\/3bfd164d5218a185b1db68655a265316","name":"C D","image":{"@type":"ImageObject","inLanguage":"fr-FR","@id":"https:\/\/vosgesinfo.fr\/remiremontinfo\/#\/schema\/person\/image\/","url":"https:\/\/secure.gravatar.com\/avatar\/1f9a70007336511a47468b8f1c66f922b8b7cf617b02a31149ada43893a5d48f?s=96&d=mm&r=g","contentUrl":"https:\/\/secure.gravatar.com\/avatar\/1f9a70007336511a47468b8f1c66f922b8b7cf617b02a31149ada43893a5d48f?s=96&d=mm&r=g","caption":"C D"},"url":"https:\/\/vosgesinfo.fr\/remiremontinfo\/author\/cedric-drevet\/"}]}},"_links":{"self":[{"href":"https:\/\/vosgesinfo.fr\/remiremontinfo\/wp-json\/wp\/v2\/posts\/69179","targetHints":{"allow":["GET"]}}],"collection":[{"href":"https:\/\/vosgesinfo.fr\/remiremontinfo\/wp-json\/wp\/v2\/posts"}],"about":[{"href":"https:\/\/vosgesinfo.fr\/remiremontinfo\/wp-json\/wp\/v2\/types\/post"}],"author":[{"embeddable":true,"href":"https:\/\/vosgesinfo.fr\/remiremontinfo\/wp-json\/wp\/v2\/users\/407"}],"replies":[{"embeddable":true,"href":"https:\/\/vosgesinfo.fr\/remiremontinfo\/wp-json\/wp\/v2\/comments?post=69179"}],"version-history":[{"count":0,"href":"https:\/\/vosgesinfo.fr\/remiremontinfo\/wp-json\/wp\/v2\/posts\/69179\/revisions"}],"wp:featuredmedia":[{"embeddable":true,"href":"https:\/\/vosgesinfo.fr\/remiremontinfo\/wp-json\/wp\/v2\/media\/69180"}],"wp:attachment":[{"href":"https:\/\/vosgesinfo.fr\/remiremontinfo\/wp-json\/wp\/v2\/media?parent=69179"}],"wp:term":[{"taxonomy":"category","embeddable":true,"href":"https:\/\/vosgesinfo.fr\/remiremontinfo\/wp-json\/wp\/v2\/categories?post=69179"},{"taxonomy":"post_tag","embeddable":true,"href":"https:\/\/vosgesinfo.fr\/remiremontinfo\/wp-json\/wp\/v2\/tags?post=69179"}],"curies":[{"name":"wp","href":"https:\/\/api.w.org\/{rel}","templated":true}]}}