{"id":69186,"date":"2023-03-24T20:39:29","date_gmt":"2023-03-24T19:39:29","guid":{"rendered":"https:\/\/vosgesinfo.fr\/remiremontinfo\/2023\/03\/carnaval-venitien-public-rendez-procession-a-lueur-lanternes\/"},"modified":"2023-03-24T20:39:29","modified_gmt":"2023-03-24T19:39:29","slug":"carnaval-venitien-public-rendez-procession-a-lueur-lanternes","status":"publish","type":"post","link":"https:\/\/vosgesinfo.fr\/remiremontinfo\/2023\/03\/carnaval-venitien-public-rendez-procession-a-lueur-lanternes\/","title":{"rendered":"Carnaval v\u00e9nitien : le public au rendez-vous pour le procession \u00e0 la lueur des lanternes"},"content":{"rendered":"<h2><a href=\"\/2023\/03\/carnaval-parade-nocturne-1-29.jpg\"><img decoding=\"async\" class=\"alignnone size-large wp-image-366442\" src=\"\/2023\/03\/carnaval-parade-nocturne-1-29-1024x732.jpg\" alt=\"carnaval parade nocturne 1 (29)\" width=\"960\" height=\"686\" \/><\/a><\/h2>\n<h2><strong><span style=\"font-size: 12pt;\"><span style=\"font-family: 'Times New Roman', serif;\">Ouf\u00a0! La courte averse, quelques minutes avant le d\u00e9part de la parade aura peut \u00eatre d\u00e9motiv\u00e9 quelques personnes, mais elle n\u2019a fait que passer. <\/span><span style=\"font-family: 'Times New Roman', serif;\">La 2<\/span><span style=\"font-family: 'Times New Roman', serif;\">6<\/span><span style=\"font-family: 'Times New Roman', serif;\">\u00e8me \u00e9dition du Carnaval V\u00e9nitien se poursuit \u00e0 Remiremont. Place aux paillettes, aux costumes, aux masques et aux chapeaux en tout genre. Ce vendredi soir, des dizaines de costum\u00e9s se baladent <\/span><span style=\"font-family: 'Times New Roman', serif;\">dans le<\/span><span style=\"font-family: 'Times New Roman', serif;\"> centre ville, <\/span><span style=\"font-family: 'Times New Roman', serif;\">autour de l\u2019abbatiale<\/span><span style=\"font-family: 'Times New Roman', serif;\"> \u00e0 l\u2019occasion de la parade nocturne. <\/span><\/span><\/strong><\/h2>\n<p><span style=\"font-family: 'Times New Roman', serif; font-size: 12pt;\">De nombreux romarimontains et visiteurs se sont r\u00e9unis devant l\u2019H\u00f4tel de Ville, devant le centre Gilbert Zuag, sur le parvis de l\u2019\u00e9glise, pour admirer les costumes, prendre des photos, profiter de cette belle soir\u00e9e pour se promener. Des costum\u00e9s d\u00e9filent lanternes \u00e0 la mains, certains ont des costumes tout illumin\u00e9s. Les b\u00e2timents du centre ville sont \u00e9galement illumin\u00e9s pour l\u2019occasion. Une ambiance v\u00e9nitienne et myst\u00e9rieuse. Et les airs de musique italienne diffus\u00e9s au centre de Remiremont rajoutent une certaine note certaine de gaiet\u00e9 et de joie. S\u00a0\u2018ajoute \u00e0 tout cela, c\u2019est une nouveaut\u00e9, un r\u00e9cital de po\u00e9sies\u00a0! <\/span><\/p>\n<p><span style=\"font-family: 'Times New Roman', serif; font-size: 12pt;\">Retrouvez la suite du programme ici :\u00a0<a href=\"https:\/\/carnaval-venitien-remiremont-officiel.com\/programme-2023\/#jeudi\">Carnaval v\u00e9nitien de Remiremont-Programme-exposition (carnaval-venitien-remiremont-officiel.com)<\/a>\u00a0<\/span><\/p>\n\n","protected":false},"excerpt":{"rendered":"<p>Ouf\u00a0! La courte averse, quelques minutes avant le d\u00e9part de la parade aura peut \u00eatre d\u00e9motiv\u00e9 quelques personnes, mais elle [&hellip;]<\/p>\n","protected":false},"author":407,"featured_media":69187,"comment_status":"open","ping_status":"open","sticky":false,"template":"","format":"standard","meta":{"footnotes":""},"categories":[26,4,1556,35],"tags":[820,44,930],"class_list":["post-69186","post","type-post","status-publish","format-standard","has-post-thumbnail","hentry","category-a-la-une","category-culture","category-remiremont-remiremont-son-canton-2","category-remiremont-son-canton","tag-carnaval","tag-remiremont","tag-venitien"],"acf":[],"yoast_head":"<!-- This site is optimized with the Yoast SEO plugin v22.5 - https:\/\/yoast.com\/wordpress\/plugins\/seo\/ -->\n<title>Carnaval v\u00e9nitien : le public au rendez-vous pour le procession \u00e0 la lueur des lanternes - Remiremont Info<\/title>\n<meta name=\"robots\" content=\"index, follow, max-snippet:-1, max-image-preview:large, max-video-preview:-1\" \/>\n<link rel=\"canonical\" href=\"https:\/\/vosgesinfo.fr\/remiremontinfo\/2023\/03\/carnaval-venitien-public-rendez-procession-a-lueur-lanternes\/\" \/>\n<meta name=\"twitter:card\" content=\"summary_large_image\" \/>\n<meta name=\"twitter:title\" content=\"Carnaval v\u00e9nitien : le public au rendez-vous pour le procession \u00e0 la lueur des lanternes - Remiremont Info\" \/>\n<meta name=\"twitter:description\" content=\"Ouf\u00a0! La courte averse, quelques minutes avant le d\u00e9part de la parade aura peut \u00eatre d\u00e9motiv\u00e9 quelques personnes, mais elle [&hellip;]\" \/>\n<meta name=\"twitter:image\" content=\"https:\/\/vosgesinfo.fr\/app\/uploads\/sites\/5\/2024\/09\/202303carnaval-parade-nocturne-1-3.jpg\" \/>\n<meta name=\"twitter:creator\" content=\"@VosgesInfo88\" \/>\n<meta name=\"twitter:site\" content=\"@VosgesInfo88\" \/>\n<meta name=\"twitter:label1\" content=\"\u00c9crit par\" \/>\n\t<meta name=\"twitter:data1\" content=\"C D\" \/>\n\t<meta name=\"twitter:label2\" content=\"Dur\u00e9e de lecture estim\u00e9e\" \/>\n\t<meta name=\"twitter:data2\" content=\"1 minute\" \/>\n<script type=\"application\/ld+json\" class=\"yoast-schema-graph\">{\"@context\":\"https:\/\/schema.org\",\"@graph\":[{\"@type\":\"Article\",\"@id\":\"https:\/\/vosgesinfo.fr\/remiremontinfo\/2023\/03\/carnaval-venitien-public-rendez-procession-a-lueur-lanternes\/#article\",\"isPartOf\":{\"@id\":\"https:\/\/vosgesinfo.fr\/remiremontinfo\/2023\/03\/carnaval-venitien-public-rendez-procession-a-lueur-lanternes\/\"},\"author\":{\"name\":\"C D\",\"@id\":\"https:\/\/vosgesinfo.fr\/remiremontinfo\/#\/schema\/person\/3bfd164d5218a185b1db68655a265316\"},\"headline\":\"Carnaval v\u00e9nitien : le public au rendez-vous pour le procession \u00e0 la lueur des lanternes\",\"datePublished\":\"2023-03-24T19:39:29+00:00\",\"dateModified\":\"2023-03-24T19:39:29+00:00\",\"mainEntityOfPage\":{\"@id\":\"https:\/\/vosgesinfo.fr\/remiremontinfo\/2023\/03\/carnaval-venitien-public-rendez-procession-a-lueur-lanternes\/\"},\"wordCount\":222,\"commentCount\":0,\"publisher\":{\"@id\":\"https:\/\/vosgesinfo.fr\/remiremontinfo\/#organization\"},\"image\":{\"@id\":\"https:\/\/vosgesinfo.fr\/remiremontinfo\/2023\/03\/carnaval-venitien-public-rendez-procession-a-lueur-lanternes\/#primaryimage\"},\"thumbnailUrl\":\"https:\/\/vosgesinfo.fr\/app\/uploads\/sites\/5\/2024\/09\/202303carnaval-parade-nocturne-1-3.jpg\",\"keywords\":[\"Carnaval\",\"remiremont\",\"venitien\"],\"articleSection\":[\"A la Une\",\"Culture\",\"Remiremont\",\"Remiremont &amp; son canton\"],\"inLanguage\":\"fr-FR\",\"potentialAction\":[{\"@type\":\"CommentAction\",\"name\":\"Comment\",\"target\":[\"https:\/\/vosgesinfo.fr\/remiremontinfo\/2023\/03\/carnaval-venitien-public-rendez-procession-a-lueur-lanternes\/#respond\"]}]},{\"@type\":\"WebPage\",\"@id\":\"https:\/\/vosgesinfo.fr\/remiremontinfo\/2023\/03\/carnaval-venitien-public-rendez-procession-a-lueur-lanternes\/\",\"url\":\"https:\/\/vosgesinfo.fr\/remiremontinfo\/2023\/03\/carnaval-venitien-public-rendez-procession-a-lueur-lanternes\/\",\"name\":\"Carnaval v\u00e9nitien : le public au rendez-vous pour le procession \u00e0 la lueur des lanternes - Remiremont Info\",\"isPartOf\":{\"@id\":\"https:\/\/vosgesinfo.fr\/remiremontinfo\/#website\"},\"primaryImageOfPage\":{\"@id\":\"https:\/\/vosgesinfo.fr\/remiremontinfo\/2023\/03\/carnaval-venitien-public-rendez-procession-a-lueur-lanternes\/#primaryimage\"},\"image\":{\"@id\":\"https:\/\/vosgesinfo.fr\/remiremontinfo\/2023\/03\/carnaval-venitien-public-rendez-procession-a-lueur-lanternes\/#primaryimage\"},\"thumbnailUrl\":\"https:\/\/vosgesinfo.fr\/app\/uploads\/sites\/5\/2024\/09\/202303carnaval-parade-nocturne-1-3.jpg\",\"datePublished\":\"2023-03-24T19:39:29+00:00\",\"dateModified\":\"2023-03-24T19:39:29+00:00\",\"breadcrumb\":{\"@id\":\"https:\/\/vosgesinfo.fr\/remiremontinfo\/2023\/03\/carnaval-venitien-public-rendez-procession-a-lueur-lanternes\/#breadcrumb\"},\"inLanguage\":\"fr-FR\",\"potentialAction\":[{\"@type\":\"ReadAction\",\"target\":[\"https:\/\/vosgesinfo.fr\/remiremontinfo\/2023\/03\/carnaval-venitien-public-rendez-procession-a-lueur-lanternes\/\"]}]},{\"@type\":\"ImageObject\",\"inLanguage\":\"fr-FR\",\"@id\":\"https:\/\/vosgesinfo.fr\/remiremontinfo\/2023\/03\/carnaval-venitien-public-rendez-procession-a-lueur-lanternes\/#primaryimage\",\"url\":\"https:\/\/vosgesinfo.fr\/app\/uploads\/sites\/5\/2024\/09\/202303carnaval-parade-nocturne-1-3.jpg\",\"contentUrl\":\"https:\/\/vosgesinfo.fr\/app\/uploads\/sites\/5\/2024\/09\/202303carnaval-parade-nocturne-1-3.jpg\",\"width\":1600,\"height\":1162},{\"@type\":\"BreadcrumbList\",\"@id\":\"https:\/\/vosgesinfo.fr\/remiremontinfo\/2023\/03\/carnaval-venitien-public-rendez-procession-a-lueur-lanternes\/#breadcrumb\",\"itemListElement\":[{\"@type\":\"ListItem\",\"position\":1,\"name\":\"Home\",\"item\":\"https:\/\/vosgesinfo.fr\/remiremontinfo\/\"},{\"@type\":\"ListItem\",\"position\":2,\"name\":\"Carnaval v\u00e9nitien : le public au rendez-vous pour le procession \u00e0 la lueur des lanternes\"}]},{\"@type\":\"WebSite\",\"@id\":\"https:\/\/vosgesinfo.fr\/remiremontinfo\/#website\",\"url\":\"https:\/\/vosgesinfo.fr\/remiremontinfo\/\",\"name\":\"Remiremont Info\",\"description\":\"Toute l&#039;actualit\u00e9 de Remiremont\",\"publisher\":{\"@id\":\"https:\/\/vosgesinfo.fr\/remiremontinfo\/#organization\"},\"alternateName\":\"Toute l'actualit\u00e9 de Remiremont\",\"potentialAction\":[{\"@type\":\"SearchAction\",\"target\":{\"@type\":\"EntryPoint\",\"urlTemplate\":\"https:\/\/vosgesinfo.fr\/remiremontinfo\/?s={search_term_string}\"},\"query-input\":\"required name=search_term_string\"}],\"inLanguage\":\"fr-FR\"},{\"@type\":\"Organization\",\"@id\":\"https:\/\/vosgesinfo.fr\/remiremontinfo\/#organization\",\"name\":\"Remiremont Info\",\"url\":\"https:\/\/vosgesinfo.fr\/remiremontinfo\/\",\"logo\":{\"@type\":\"ImageObject\",\"inLanguage\":\"fr-FR\",\"@id\":\"https:\/\/vosgesinfo.fr\/remiremontinfo\/#\/schema\/logo\/image\/\",\"url\":\"https:\/\/vosgesinfo.fr\/app\/uploads\/sites\/5\/2023\/08\/favicon-remiremontinfo.png\",\"contentUrl\":\"https:\/\/vosgesinfo.fr\/app\/uploads\/sites\/5\/2023\/08\/favicon-remiremontinfo.png\",\"width\":512,\"height\":512,\"caption\":\"Remiremont Info\"},\"image\":{\"@id\":\"https:\/\/vosgesinfo.fr\/remiremontinfo\/#\/schema\/logo\/image\/\"},\"sameAs\":[\"https:\/\/www.facebook.com\/remiremontinfo\",\"https:\/\/x.com\/VosgesInfo88\",\"https:\/\/www.youtube.com\/@vosgesinfo\"]},{\"@type\":\"Person\",\"@id\":\"https:\/\/vosgesinfo.fr\/remiremontinfo\/#\/schema\/person\/3bfd164d5218a185b1db68655a265316\",\"name\":\"C D\",\"image\":{\"@type\":\"ImageObject\",\"inLanguage\":\"fr-FR\",\"@id\":\"https:\/\/vosgesinfo.fr\/remiremontinfo\/#\/schema\/person\/image\/\",\"url\":\"https:\/\/secure.gravatar.com\/avatar\/1f9a70007336511a47468b8f1c66f922b8b7cf617b02a31149ada43893a5d48f?s=96&d=mm&r=g\",\"contentUrl\":\"https:\/\/secure.gravatar.com\/avatar\/1f9a70007336511a47468b8f1c66f922b8b7cf617b02a31149ada43893a5d48f?s=96&d=mm&r=g\",\"caption\":\"C D\"},\"url\":\"https:\/\/vosgesinfo.fr\/remiremontinfo\/author\/cedric-drevet\/\"}]}<\/script>\n<!-- \/ Yoast SEO plugin. -->","yoast_head_json":{"title":"Carnaval v\u00e9nitien : le public au rendez-vous pour le procession \u00e0 la lueur des lanternes - Remiremont Info","robots":{"index":"index","follow":"follow","max-snippet":"max-snippet:-1","max-image-preview":"max-image-preview:large","max-video-preview":"max-video-preview:-1"},"canonical":"https:\/\/vosgesinfo.fr\/remiremontinfo\/2023\/03\/carnaval-venitien-public-rendez-procession-a-lueur-lanternes\/","twitter_card":"summary_large_image","twitter_title":"Carnaval v\u00e9nitien : le public au rendez-vous pour le procession \u00e0 la lueur des lanternes - Remiremont Info","twitter_description":"Ouf\u00a0! La courte averse, quelques minutes avant le d\u00e9part de la parade aura peut \u00eatre d\u00e9motiv\u00e9 quelques personnes, mais elle [&hellip;]","twitter_image":"https:\/\/vosgesinfo.fr\/app\/uploads\/sites\/5\/2024\/09\/202303carnaval-parade-nocturne-1-3.jpg","twitter_creator":"@VosgesInfo88","twitter_site":"@VosgesInfo88","twitter_misc":{"\u00c9crit par":"C D","Dur\u00e9e de lecture estim\u00e9e":"1 minute"},"schema":{"@context":"https:\/\/schema.org","@graph":[{"@type":"Article","@id":"https:\/\/vosgesinfo.fr\/remiremontinfo\/2023\/03\/carnaval-venitien-public-rendez-procession-a-lueur-lanternes\/#article","isPartOf":{"@id":"https:\/\/vosgesinfo.fr\/remiremontinfo\/2023\/03\/carnaval-venitien-public-rendez-procession-a-lueur-lanternes\/"},"author":{"name":"C D","@id":"https:\/\/vosgesinfo.fr\/remiremontinfo\/#\/schema\/person\/3bfd164d5218a185b1db68655a265316"},"headline":"Carnaval v\u00e9nitien : le public au rendez-vous pour le procession \u00e0 la lueur des lanternes","datePublished":"2023-03-24T19:39:29+00:00","dateModified":"2023-03-24T19:39:29+00:00","mainEntityOfPage":{"@id":"https:\/\/vosgesinfo.fr\/remiremontinfo\/2023\/03\/carnaval-venitien-public-rendez-procession-a-lueur-lanternes\/"},"wordCount":222,"commentCount":0,"publisher":{"@id":"https:\/\/vosgesinfo.fr\/remiremontinfo\/#organization"},"image":{"@id":"https:\/\/vosgesinfo.fr\/remiremontinfo\/2023\/03\/carnaval-venitien-public-rendez-procession-a-lueur-lanternes\/#primaryimage"},"thumbnailUrl":"https:\/\/vosgesinfo.fr\/app\/uploads\/sites\/5\/2024\/09\/202303carnaval-parade-nocturne-1-3.jpg","keywords":["Carnaval","remiremont","venitien"],"articleSection":["A la Une","Culture","Remiremont","Remiremont &amp; son canton"],"inLanguage":"fr-FR","potentialAction":[{"@type":"CommentAction","name":"Comment","target":["https:\/\/vosgesinfo.fr\/remiremontinfo\/2023\/03\/carnaval-venitien-public-rendez-procession-a-lueur-lanternes\/#respond"]}]},{"@type":"WebPage","@id":"https:\/\/vosgesinfo.fr\/remiremontinfo\/2023\/03\/carnaval-venitien-public-rendez-procession-a-lueur-lanternes\/","url":"https:\/\/vosgesinfo.fr\/remiremontinfo\/2023\/03\/carnaval-venitien-public-rendez-procession-a-lueur-lanternes\/","name":"Carnaval v\u00e9nitien : le public au rendez-vous pour le procession \u00e0 la lueur des lanternes - Remiremont Info","isPartOf":{"@id":"https:\/\/vosgesinfo.fr\/remiremontinfo\/#website"},"primaryImageOfPage":{"@id":"https:\/\/vosgesinfo.fr\/remiremontinfo\/2023\/03\/carnaval-venitien-public-rendez-procession-a-lueur-lanternes\/#primaryimage"},"image":{"@id":"https:\/\/vosgesinfo.fr\/remiremontinfo\/2023\/03\/carnaval-venitien-public-rendez-procession-a-lueur-lanternes\/#primaryimage"},"thumbnailUrl":"https:\/\/vosgesinfo.fr\/app\/uploads\/sites\/5\/2024\/09\/202303carnaval-parade-nocturne-1-3.jpg","datePublished":"2023-03-24T19:39:29+00:00","dateModified":"2023-03-24T19:39:29+00:00","breadcrumb":{"@id":"https:\/\/vosgesinfo.fr\/remiremontinfo\/2023\/03\/carnaval-venitien-public-rendez-procession-a-lueur-lanternes\/#breadcrumb"},"inLanguage":"fr-FR","potentialAction":[{"@type":"ReadAction","target":["https:\/\/vosgesinfo.fr\/remiremontinfo\/2023\/03\/carnaval-venitien-public-rendez-procession-a-lueur-lanternes\/"]}]},{"@type":"ImageObject","inLanguage":"fr-FR","@id":"https:\/\/vosgesinfo.fr\/remiremontinfo\/2023\/03\/carnaval-venitien-public-rendez-procession-a-lueur-lanternes\/#primaryimage","url":"https:\/\/vosgesinfo.fr\/app\/uploads\/sites\/5\/2024\/09\/202303carnaval-parade-nocturne-1-3.jpg","contentUrl":"https:\/\/vosgesinfo.fr\/app\/uploads\/sites\/5\/2024\/09\/202303carnaval-parade-nocturne-1-3.jpg","width":1600,"height":1162},{"@type":"BreadcrumbList","@id":"https:\/\/vosgesinfo.fr\/remiremontinfo\/2023\/03\/carnaval-venitien-public-rendez-procession-a-lueur-lanternes\/#breadcrumb","itemListElement":[{"@type":"ListItem","position":1,"name":"Home","item":"https:\/\/vosgesinfo.fr\/remiremontinfo\/"},{"@type":"ListItem","position":2,"name":"Carnaval v\u00e9nitien : le public au rendez-vous pour le procession \u00e0 la lueur des lanternes"}]},{"@type":"WebSite","@id":"https:\/\/vosgesinfo.fr\/remiremontinfo\/#website","url":"https:\/\/vosgesinfo.fr\/remiremontinfo\/","name":"Remiremont Info","description":"Toute l&#039;actualit\u00e9 de Remiremont","publisher":{"@id":"https:\/\/vosgesinfo.fr\/remiremontinfo\/#organization"},"alternateName":"Toute l'actualit\u00e9 de Remiremont","potentialAction":[{"@type":"SearchAction","target":{"@type":"EntryPoint","urlTemplate":"https:\/\/vosgesinfo.fr\/remiremontinfo\/?s={search_term_string}"},"query-input":"required name=search_term_string"}],"inLanguage":"fr-FR"},{"@type":"Organization","@id":"https:\/\/vosgesinfo.fr\/remiremontinfo\/#organization","name":"Remiremont Info","url":"https:\/\/vosgesinfo.fr\/remiremontinfo\/","logo":{"@type":"ImageObject","inLanguage":"fr-FR","@id":"https:\/\/vosgesinfo.fr\/remiremontinfo\/#\/schema\/logo\/image\/","url":"https:\/\/vosgesinfo.fr\/app\/uploads\/sites\/5\/2023\/08\/favicon-remiremontinfo.png","contentUrl":"https:\/\/vosgesinfo.fr\/app\/uploads\/sites\/5\/2023\/08\/favicon-remiremontinfo.png","width":512,"height":512,"caption":"Remiremont Info"},"image":{"@id":"https:\/\/vosgesinfo.fr\/remiremontinfo\/#\/schema\/logo\/image\/"},"sameAs":["https:\/\/www.facebook.com\/remiremontinfo","https:\/\/x.com\/VosgesInfo88","https:\/\/www.youtube.com\/@vosgesinfo"]},{"@type":"Person","@id":"https:\/\/vosgesinfo.fr\/remiremontinfo\/#\/schema\/person\/3bfd164d5218a185b1db68655a265316","name":"C D","image":{"@type":"ImageObject","inLanguage":"fr-FR","@id":"https:\/\/vosgesinfo.fr\/remiremontinfo\/#\/schema\/person\/image\/","url":"https:\/\/secure.gravatar.com\/avatar\/1f9a70007336511a47468b8f1c66f922b8b7cf617b02a31149ada43893a5d48f?s=96&d=mm&r=g","contentUrl":"https:\/\/secure.gravatar.com\/avatar\/1f9a70007336511a47468b8f1c66f922b8b7cf617b02a31149ada43893a5d48f?s=96&d=mm&r=g","caption":"C D"},"url":"https:\/\/vosgesinfo.fr\/remiremontinfo\/author\/cedric-drevet\/"}]}},"_links":{"self":[{"href":"https:\/\/vosgesinfo.fr\/remiremontinfo\/wp-json\/wp\/v2\/posts\/69186","targetHints":{"allow":["GET"]}}],"collection":[{"href":"https:\/\/vosgesinfo.fr\/remiremontinfo\/wp-json\/wp\/v2\/posts"}],"about":[{"href":"https:\/\/vosgesinfo.fr\/remiremontinfo\/wp-json\/wp\/v2\/types\/post"}],"author":[{"embeddable":true,"href":"https:\/\/vosgesinfo.fr\/remiremontinfo\/wp-json\/wp\/v2\/users\/407"}],"replies":[{"embeddable":true,"href":"https:\/\/vosgesinfo.fr\/remiremontinfo\/wp-json\/wp\/v2\/comments?post=69186"}],"version-history":[{"count":0,"href":"https:\/\/vosgesinfo.fr\/remiremontinfo\/wp-json\/wp\/v2\/posts\/69186\/revisions"}],"wp:featuredmedia":[{"embeddable":true,"href":"https:\/\/vosgesinfo.fr\/remiremontinfo\/wp-json\/wp\/v2\/media\/69187"}],"wp:attachment":[{"href":"https:\/\/vosgesinfo.fr\/remiremontinfo\/wp-json\/wp\/v2\/media?parent=69186"}],"wp:term":[{"taxonomy":"category","embeddable":true,"href":"https:\/\/vosgesinfo.fr\/remiremontinfo\/wp-json\/wp\/v2\/categories?post=69186"},{"taxonomy":"post_tag","embeddable":true,"href":"https:\/\/vosgesinfo.fr\/remiremontinfo\/wp-json\/wp\/v2\/tags?post=69186"}],"curies":[{"name":"wp","href":"https:\/\/api.w.org\/{rel}","templated":true}]}}