{"id":69403,"date":"2023-03-27T08:06:59","date_gmt":"2023-03-27T06:06:59","guid":{"rendered":"https:\/\/vosgesinfo.fr\/remiremontinfo\/2023\/03\/saint-maurice-deux-pistes-de-vtt-de-descentes-fermees-raison-de-travaux-forestiers\/"},"modified":"2023-03-27T08:06:59","modified_gmt":"2023-03-27T06:06:59","slug":"saint-maurice-deux-pistes-de-vtt-de-descentes-fermees-raison-de-travaux-forestiers","status":"publish","type":"post","link":"https:\/\/vosgesinfo.fr\/remiremontinfo\/2023\/03\/saint-maurice-deux-pistes-de-vtt-de-descentes-fermees-raison-de-travaux-forestiers\/","title":{"rendered":"Saint-Maurice : les deux pistes de VTT de descentes ferm\u00e9es en raison de travaux forestiers"},"content":{"rendered":"<div dir=\"auto\">\n\n<\/div>\n<div dir=\"auto\"><\/div>\n<div dir=\"auto\"><span style=\"font-size: 10pt;\"><em>Source : Mairie de Saint-Maurice\u00a0<\/em><\/span><\/div>\n<h2 dir=\"auto\"><span style=\"font-size: 12pt;\"><strong>En raison des travaux forestiers, les deux pistes de VTT de descentes sont ferm\u00e9es jusqu&rsquo;au mois d&rsquo;Avril 2023. Entretenues par les b\u00e9n\u00e9voles passionn\u00e9s et motiv\u00e9s de <a class=\"x1i10hfl xjbqb8w x6umtig x1b1mbwd xaqea5y xav7gou x9f619 x1ypdohk xt0psk2 xe8uvvx xdj266r x11i5rnm xat24cr x1mh8g0r xexx8yu x4uap5 x18d9i69 xkhd6sd x16tdsg8 x1hl2dhg xggy1nq x1a2a7pz xt0b8zv x1qq9wsj xo1l8bm\" tabindex=\"0\" href=\"https:\/\/www.facebook.com\/CreationPistesVtt?__cft__[0]=AZWE0zh26ALn01sVvJaIx6h0QVcCvrG8uSTqrrw-wa71tO91LAWEZGPv-78DCMLqeqtZJ1mymBpKF2NdGYX26op7IaBmmztkLdhKAWnRDCtWxtF907QFyFSVjw1HQC4D1t98hEktU8Js81SgZhYeXrSZy1SqflFwe30EbF-Ogt2Wt0lpeQYO15HfiTt1iCF0tpU&amp;__tn__=-]K-R\"><span class=\"xt0psk2\">Vosges Nature et VTT<\/span><\/a>, le domaine est compos\u00e9 de :<\/strong><\/span><\/h2>\n<div dir=\"auto\">&#8211; La piste bleue \u00ab\u00a0les Paltons\u00a0\u00bb &#8211; 3.9km &#8211; D+450m<\/div>\n<div dir=\"auto\">&#8211; La piste rouge \u00ab\u00a0l&rsquo;Agne\u00a0\u00bb &#8211; 2.5 km &#8211; D+450m<\/div>\n","protected":false},"excerpt":{"rendered":"<p>Source : Mairie de Saint-Maurice\u00a0 En raison des travaux forestiers, les deux pistes de VTT de descentes sont ferm\u00e9es jusqu&rsquo;au [&hellip;]<\/p>\n","protected":false},"author":407,"featured_media":69404,"comment_status":"open","ping_status":"open","sticky":false,"template":"","format":"standard","meta":{"footnotes":""},"categories":[26,37,39,14],"tags":[2335,73,1143],"class_list":["post-69403","post","type-post","status-publish","format-standard","has-post-thumbnail","hentry","category-a-la-une","category-le-thillot-son-canton","category-saint-maurice-moselle","category-sport","tag-piste","tag-saint-maurice","tag-vtt"],"acf":[],"yoast_head":"<!-- This site is optimized with the Yoast SEO plugin v22.5 - https:\/\/yoast.com\/wordpress\/plugins\/seo\/ -->\n<title>Saint-Maurice : les deux pistes de VTT de descentes ferm\u00e9es en raison de travaux forestiers - Remiremont Info<\/title>\n<meta name=\"robots\" content=\"index, follow, max-snippet:-1, max-image-preview:large, max-video-preview:-1\" \/>\n<link rel=\"canonical\" href=\"https:\/\/vosgesinfo.fr\/remiremontinfo\/2023\/03\/saint-maurice-deux-pistes-de-vtt-de-descentes-fermees-raison-de-travaux-forestiers\/\" \/>\n<meta name=\"twitter:card\" content=\"summary_large_image\" \/>\n<meta name=\"twitter:title\" content=\"Saint-Maurice : les deux pistes de VTT de descentes ferm\u00e9es en raison de travaux forestiers - Remiremont Info\" \/>\n<meta name=\"twitter:description\" content=\"Source : Mairie de Saint-Maurice\u00a0 En raison des travaux forestiers, les deux pistes de VTT de descentes sont ferm\u00e9es jusqu&rsquo;au [&hellip;]\" \/>\n<meta name=\"twitter:image\" content=\"https:\/\/vosgesinfo.fr\/app\/uploads\/sites\/5\/2024\/09\/202303vtt-saint-maurice-2.jpg\" \/>\n<meta name=\"twitter:creator\" content=\"@VosgesInfo88\" \/>\n<meta name=\"twitter:site\" content=\"@VosgesInfo88\" \/>\n<meta name=\"twitter:label1\" content=\"\u00c9crit par\" \/>\n\t<meta name=\"twitter:data1\" content=\"C D\" \/>\n<script type=\"application\/ld+json\" class=\"yoast-schema-graph\">{\"@context\":\"https:\/\/schema.org\",\"@graph\":[{\"@type\":\"Article\",\"@id\":\"https:\/\/vosgesinfo.fr\/remiremontinfo\/2023\/03\/saint-maurice-deux-pistes-de-vtt-de-descentes-fermees-raison-de-travaux-forestiers\/#article\",\"isPartOf\":{\"@id\":\"https:\/\/vosgesinfo.fr\/remiremontinfo\/2023\/03\/saint-maurice-deux-pistes-de-vtt-de-descentes-fermees-raison-de-travaux-forestiers\/\"},\"author\":{\"name\":\"C D\",\"@id\":\"https:\/\/vosgesinfo.fr\/remiremontinfo\/#\/schema\/person\/3bfd164d5218a185b1db68655a265316\"},\"headline\":\"Saint-Maurice : les deux pistes de VTT de descentes ferm\u00e9es en raison de travaux forestiers\",\"datePublished\":\"2023-03-27T06:06:59+00:00\",\"dateModified\":\"2023-03-27T06:06:59+00:00\",\"mainEntityOfPage\":{\"@id\":\"https:\/\/vosgesinfo.fr\/remiremontinfo\/2023\/03\/saint-maurice-deux-pistes-de-vtt-de-descentes-fermees-raison-de-travaux-forestiers\/\"},\"wordCount\":90,\"commentCount\":0,\"publisher\":{\"@id\":\"https:\/\/vosgesinfo.fr\/remiremontinfo\/#organization\"},\"image\":{\"@id\":\"https:\/\/vosgesinfo.fr\/remiremontinfo\/2023\/03\/saint-maurice-deux-pistes-de-vtt-de-descentes-fermees-raison-de-travaux-forestiers\/#primaryimage\"},\"thumbnailUrl\":\"https:\/\/vosgesinfo.fr\/app\/uploads\/sites\/5\/2024\/09\/202303vtt-saint-maurice-2.jpg\",\"keywords\":[\"piste\",\"Saint-Maurice\",\"VTT\"],\"articleSection\":[\"A la Une\",\"Le Thillot &amp; son canton\",\"Saint-Maurice\/Moselle\",\"Sport\"],\"inLanguage\":\"fr-FR\",\"potentialAction\":[{\"@type\":\"CommentAction\",\"name\":\"Comment\",\"target\":[\"https:\/\/vosgesinfo.fr\/remiremontinfo\/2023\/03\/saint-maurice-deux-pistes-de-vtt-de-descentes-fermees-raison-de-travaux-forestiers\/#respond\"]}]},{\"@type\":\"WebPage\",\"@id\":\"https:\/\/vosgesinfo.fr\/remiremontinfo\/2023\/03\/saint-maurice-deux-pistes-de-vtt-de-descentes-fermees-raison-de-travaux-forestiers\/\",\"url\":\"https:\/\/vosgesinfo.fr\/remiremontinfo\/2023\/03\/saint-maurice-deux-pistes-de-vtt-de-descentes-fermees-raison-de-travaux-forestiers\/\",\"name\":\"Saint-Maurice : les deux pistes de VTT de descentes ferm\u00e9es en raison de travaux forestiers - Remiremont Info\",\"isPartOf\":{\"@id\":\"https:\/\/vosgesinfo.fr\/remiremontinfo\/#website\"},\"primaryImageOfPage\":{\"@id\":\"https:\/\/vosgesinfo.fr\/remiremontinfo\/2023\/03\/saint-maurice-deux-pistes-de-vtt-de-descentes-fermees-raison-de-travaux-forestiers\/#primaryimage\"},\"image\":{\"@id\":\"https:\/\/vosgesinfo.fr\/remiremontinfo\/2023\/03\/saint-maurice-deux-pistes-de-vtt-de-descentes-fermees-raison-de-travaux-forestiers\/#primaryimage\"},\"thumbnailUrl\":\"https:\/\/vosgesinfo.fr\/app\/uploads\/sites\/5\/2024\/09\/202303vtt-saint-maurice-2.jpg\",\"datePublished\":\"2023-03-27T06:06:59+00:00\",\"dateModified\":\"2023-03-27T06:06:59+00:00\",\"breadcrumb\":{\"@id\":\"https:\/\/vosgesinfo.fr\/remiremontinfo\/2023\/03\/saint-maurice-deux-pistes-de-vtt-de-descentes-fermees-raison-de-travaux-forestiers\/#breadcrumb\"},\"inLanguage\":\"fr-FR\",\"potentialAction\":[{\"@type\":\"ReadAction\",\"target\":[\"https:\/\/vosgesinfo.fr\/remiremontinfo\/2023\/03\/saint-maurice-deux-pistes-de-vtt-de-descentes-fermees-raison-de-travaux-forestiers\/\"]}]},{\"@type\":\"ImageObject\",\"inLanguage\":\"fr-FR\",\"@id\":\"https:\/\/vosgesinfo.fr\/remiremontinfo\/2023\/03\/saint-maurice-deux-pistes-de-vtt-de-descentes-fermees-raison-de-travaux-forestiers\/#primaryimage\",\"url\":\"https:\/\/vosgesinfo.fr\/app\/uploads\/sites\/5\/2024\/09\/202303vtt-saint-maurice-2.jpg\",\"contentUrl\":\"https:\/\/vosgesinfo.fr\/app\/uploads\/sites\/5\/2024\/09\/202303vtt-saint-maurice-2.jpg\",\"width\":1083,\"height\":759,\"caption\":\"Photographie d'illustration.\"},{\"@type\":\"BreadcrumbList\",\"@id\":\"https:\/\/vosgesinfo.fr\/remiremontinfo\/2023\/03\/saint-maurice-deux-pistes-de-vtt-de-descentes-fermees-raison-de-travaux-forestiers\/#breadcrumb\",\"itemListElement\":[{\"@type\":\"ListItem\",\"position\":1,\"name\":\"Home\",\"item\":\"https:\/\/vosgesinfo.fr\/remiremontinfo\/\"},{\"@type\":\"ListItem\",\"position\":2,\"name\":\"Saint-Maurice : les deux pistes de VTT de descentes ferm\u00e9es en raison de travaux forestiers\"}]},{\"@type\":\"WebSite\",\"@id\":\"https:\/\/vosgesinfo.fr\/remiremontinfo\/#website\",\"url\":\"https:\/\/vosgesinfo.fr\/remiremontinfo\/\",\"name\":\"Remiremont Info\",\"description\":\"Toute l&#039;actualit\u00e9 de Remiremont\",\"publisher\":{\"@id\":\"https:\/\/vosgesinfo.fr\/remiremontinfo\/#organization\"},\"alternateName\":\"Toute l'actualit\u00e9 de Remiremont\",\"potentialAction\":[{\"@type\":\"SearchAction\",\"target\":{\"@type\":\"EntryPoint\",\"urlTemplate\":\"https:\/\/vosgesinfo.fr\/remiremontinfo\/?s={search_term_string}\"},\"query-input\":\"required name=search_term_string\"}],\"inLanguage\":\"fr-FR\"},{\"@type\":\"Organization\",\"@id\":\"https:\/\/vosgesinfo.fr\/remiremontinfo\/#organization\",\"name\":\"Remiremont Info\",\"url\":\"https:\/\/vosgesinfo.fr\/remiremontinfo\/\",\"logo\":{\"@type\":\"ImageObject\",\"inLanguage\":\"fr-FR\",\"@id\":\"https:\/\/vosgesinfo.fr\/remiremontinfo\/#\/schema\/logo\/image\/\",\"url\":\"https:\/\/vosgesinfo.fr\/app\/uploads\/sites\/5\/2023\/08\/favicon-remiremontinfo.png\",\"contentUrl\":\"https:\/\/vosgesinfo.fr\/app\/uploads\/sites\/5\/2023\/08\/favicon-remiremontinfo.png\",\"width\":512,\"height\":512,\"caption\":\"Remiremont Info\"},\"image\":{\"@id\":\"https:\/\/vosgesinfo.fr\/remiremontinfo\/#\/schema\/logo\/image\/\"},\"sameAs\":[\"https:\/\/www.facebook.com\/remiremontinfo\",\"https:\/\/x.com\/VosgesInfo88\",\"https:\/\/www.youtube.com\/@vosgesinfo\"]},{\"@type\":\"Person\",\"@id\":\"https:\/\/vosgesinfo.fr\/remiremontinfo\/#\/schema\/person\/3bfd164d5218a185b1db68655a265316\",\"name\":\"C D\",\"image\":{\"@type\":\"ImageObject\",\"inLanguage\":\"fr-FR\",\"@id\":\"https:\/\/vosgesinfo.fr\/remiremontinfo\/#\/schema\/person\/image\/\",\"url\":\"https:\/\/secure.gravatar.com\/avatar\/1f9a70007336511a47468b8f1c66f922b8b7cf617b02a31149ada43893a5d48f?s=96&d=mm&r=g\",\"contentUrl\":\"https:\/\/secure.gravatar.com\/avatar\/1f9a70007336511a47468b8f1c66f922b8b7cf617b02a31149ada43893a5d48f?s=96&d=mm&r=g\",\"caption\":\"C D\"},\"url\":\"https:\/\/vosgesinfo.fr\/remiremontinfo\/author\/cedric-drevet\/\"}]}<\/script>\n<!-- \/ Yoast SEO plugin. -->","yoast_head_json":{"title":"Saint-Maurice : les deux pistes de VTT de descentes ferm\u00e9es en raison de travaux forestiers - Remiremont Info","robots":{"index":"index","follow":"follow","max-snippet":"max-snippet:-1","max-image-preview":"max-image-preview:large","max-video-preview":"max-video-preview:-1"},"canonical":"https:\/\/vosgesinfo.fr\/remiremontinfo\/2023\/03\/saint-maurice-deux-pistes-de-vtt-de-descentes-fermees-raison-de-travaux-forestiers\/","twitter_card":"summary_large_image","twitter_title":"Saint-Maurice : les deux pistes de VTT de descentes ferm\u00e9es en raison de travaux forestiers - Remiremont Info","twitter_description":"Source : Mairie de Saint-Maurice\u00a0 En raison des travaux forestiers, les deux pistes de VTT de descentes sont ferm\u00e9es jusqu&rsquo;au [&hellip;]","twitter_image":"https:\/\/vosgesinfo.fr\/app\/uploads\/sites\/5\/2024\/09\/202303vtt-saint-maurice-2.jpg","twitter_creator":"@VosgesInfo88","twitter_site":"@VosgesInfo88","twitter_misc":{"\u00c9crit par":"C D"},"schema":{"@context":"https:\/\/schema.org","@graph":[{"@type":"Article","@id":"https:\/\/vosgesinfo.fr\/remiremontinfo\/2023\/03\/saint-maurice-deux-pistes-de-vtt-de-descentes-fermees-raison-de-travaux-forestiers\/#article","isPartOf":{"@id":"https:\/\/vosgesinfo.fr\/remiremontinfo\/2023\/03\/saint-maurice-deux-pistes-de-vtt-de-descentes-fermees-raison-de-travaux-forestiers\/"},"author":{"name":"C D","@id":"https:\/\/vosgesinfo.fr\/remiremontinfo\/#\/schema\/person\/3bfd164d5218a185b1db68655a265316"},"headline":"Saint-Maurice : les deux pistes de VTT de descentes ferm\u00e9es en raison de travaux forestiers","datePublished":"2023-03-27T06:06:59+00:00","dateModified":"2023-03-27T06:06:59+00:00","mainEntityOfPage":{"@id":"https:\/\/vosgesinfo.fr\/remiremontinfo\/2023\/03\/saint-maurice-deux-pistes-de-vtt-de-descentes-fermees-raison-de-travaux-forestiers\/"},"wordCount":90,"commentCount":0,"publisher":{"@id":"https:\/\/vosgesinfo.fr\/remiremontinfo\/#organization"},"image":{"@id":"https:\/\/vosgesinfo.fr\/remiremontinfo\/2023\/03\/saint-maurice-deux-pistes-de-vtt-de-descentes-fermees-raison-de-travaux-forestiers\/#primaryimage"},"thumbnailUrl":"https:\/\/vosgesinfo.fr\/app\/uploads\/sites\/5\/2024\/09\/202303vtt-saint-maurice-2.jpg","keywords":["piste","Saint-Maurice","VTT"],"articleSection":["A la Une","Le Thillot &amp; son canton","Saint-Maurice\/Moselle","Sport"],"inLanguage":"fr-FR","potentialAction":[{"@type":"CommentAction","name":"Comment","target":["https:\/\/vosgesinfo.fr\/remiremontinfo\/2023\/03\/saint-maurice-deux-pistes-de-vtt-de-descentes-fermees-raison-de-travaux-forestiers\/#respond"]}]},{"@type":"WebPage","@id":"https:\/\/vosgesinfo.fr\/remiremontinfo\/2023\/03\/saint-maurice-deux-pistes-de-vtt-de-descentes-fermees-raison-de-travaux-forestiers\/","url":"https:\/\/vosgesinfo.fr\/remiremontinfo\/2023\/03\/saint-maurice-deux-pistes-de-vtt-de-descentes-fermees-raison-de-travaux-forestiers\/","name":"Saint-Maurice : les deux pistes de VTT de descentes ferm\u00e9es en raison de travaux forestiers - Remiremont Info","isPartOf":{"@id":"https:\/\/vosgesinfo.fr\/remiremontinfo\/#website"},"primaryImageOfPage":{"@id":"https:\/\/vosgesinfo.fr\/remiremontinfo\/2023\/03\/saint-maurice-deux-pistes-de-vtt-de-descentes-fermees-raison-de-travaux-forestiers\/#primaryimage"},"image":{"@id":"https:\/\/vosgesinfo.fr\/remiremontinfo\/2023\/03\/saint-maurice-deux-pistes-de-vtt-de-descentes-fermees-raison-de-travaux-forestiers\/#primaryimage"},"thumbnailUrl":"https:\/\/vosgesinfo.fr\/app\/uploads\/sites\/5\/2024\/09\/202303vtt-saint-maurice-2.jpg","datePublished":"2023-03-27T06:06:59+00:00","dateModified":"2023-03-27T06:06:59+00:00","breadcrumb":{"@id":"https:\/\/vosgesinfo.fr\/remiremontinfo\/2023\/03\/saint-maurice-deux-pistes-de-vtt-de-descentes-fermees-raison-de-travaux-forestiers\/#breadcrumb"},"inLanguage":"fr-FR","potentialAction":[{"@type":"ReadAction","target":["https:\/\/vosgesinfo.fr\/remiremontinfo\/2023\/03\/saint-maurice-deux-pistes-de-vtt-de-descentes-fermees-raison-de-travaux-forestiers\/"]}]},{"@type":"ImageObject","inLanguage":"fr-FR","@id":"https:\/\/vosgesinfo.fr\/remiremontinfo\/2023\/03\/saint-maurice-deux-pistes-de-vtt-de-descentes-fermees-raison-de-travaux-forestiers\/#primaryimage","url":"https:\/\/vosgesinfo.fr\/app\/uploads\/sites\/5\/2024\/09\/202303vtt-saint-maurice-2.jpg","contentUrl":"https:\/\/vosgesinfo.fr\/app\/uploads\/sites\/5\/2024\/09\/202303vtt-saint-maurice-2.jpg","width":1083,"height":759,"caption":"Photographie d'illustration."},{"@type":"BreadcrumbList","@id":"https:\/\/vosgesinfo.fr\/remiremontinfo\/2023\/03\/saint-maurice-deux-pistes-de-vtt-de-descentes-fermees-raison-de-travaux-forestiers\/#breadcrumb","itemListElement":[{"@type":"ListItem","position":1,"name":"Home","item":"https:\/\/vosgesinfo.fr\/remiremontinfo\/"},{"@type":"ListItem","position":2,"name":"Saint-Maurice : les deux pistes de VTT de descentes ferm\u00e9es en raison de travaux forestiers"}]},{"@type":"WebSite","@id":"https:\/\/vosgesinfo.fr\/remiremontinfo\/#website","url":"https:\/\/vosgesinfo.fr\/remiremontinfo\/","name":"Remiremont Info","description":"Toute l&#039;actualit\u00e9 de Remiremont","publisher":{"@id":"https:\/\/vosgesinfo.fr\/remiremontinfo\/#organization"},"alternateName":"Toute l'actualit\u00e9 de Remiremont","potentialAction":[{"@type":"SearchAction","target":{"@type":"EntryPoint","urlTemplate":"https:\/\/vosgesinfo.fr\/remiremontinfo\/?s={search_term_string}"},"query-input":"required name=search_term_string"}],"inLanguage":"fr-FR"},{"@type":"Organization","@id":"https:\/\/vosgesinfo.fr\/remiremontinfo\/#organization","name":"Remiremont Info","url":"https:\/\/vosgesinfo.fr\/remiremontinfo\/","logo":{"@type":"ImageObject","inLanguage":"fr-FR","@id":"https:\/\/vosgesinfo.fr\/remiremontinfo\/#\/schema\/logo\/image\/","url":"https:\/\/vosgesinfo.fr\/app\/uploads\/sites\/5\/2023\/08\/favicon-remiremontinfo.png","contentUrl":"https:\/\/vosgesinfo.fr\/app\/uploads\/sites\/5\/2023\/08\/favicon-remiremontinfo.png","width":512,"height":512,"caption":"Remiremont Info"},"image":{"@id":"https:\/\/vosgesinfo.fr\/remiremontinfo\/#\/schema\/logo\/image\/"},"sameAs":["https:\/\/www.facebook.com\/remiremontinfo","https:\/\/x.com\/VosgesInfo88","https:\/\/www.youtube.com\/@vosgesinfo"]},{"@type":"Person","@id":"https:\/\/vosgesinfo.fr\/remiremontinfo\/#\/schema\/person\/3bfd164d5218a185b1db68655a265316","name":"C D","image":{"@type":"ImageObject","inLanguage":"fr-FR","@id":"https:\/\/vosgesinfo.fr\/remiremontinfo\/#\/schema\/person\/image\/","url":"https:\/\/secure.gravatar.com\/avatar\/1f9a70007336511a47468b8f1c66f922b8b7cf617b02a31149ada43893a5d48f?s=96&d=mm&r=g","contentUrl":"https:\/\/secure.gravatar.com\/avatar\/1f9a70007336511a47468b8f1c66f922b8b7cf617b02a31149ada43893a5d48f?s=96&d=mm&r=g","caption":"C D"},"url":"https:\/\/vosgesinfo.fr\/remiremontinfo\/author\/cedric-drevet\/"}]}},"_links":{"self":[{"href":"https:\/\/vosgesinfo.fr\/remiremontinfo\/wp-json\/wp\/v2\/posts\/69403","targetHints":{"allow":["GET"]}}],"collection":[{"href":"https:\/\/vosgesinfo.fr\/remiremontinfo\/wp-json\/wp\/v2\/posts"}],"about":[{"href":"https:\/\/vosgesinfo.fr\/remiremontinfo\/wp-json\/wp\/v2\/types\/post"}],"author":[{"embeddable":true,"href":"https:\/\/vosgesinfo.fr\/remiremontinfo\/wp-json\/wp\/v2\/users\/407"}],"replies":[{"embeddable":true,"href":"https:\/\/vosgesinfo.fr\/remiremontinfo\/wp-json\/wp\/v2\/comments?post=69403"}],"version-history":[{"count":0,"href":"https:\/\/vosgesinfo.fr\/remiremontinfo\/wp-json\/wp\/v2\/posts\/69403\/revisions"}],"wp:featuredmedia":[{"embeddable":true,"href":"https:\/\/vosgesinfo.fr\/remiremontinfo\/wp-json\/wp\/v2\/media\/69404"}],"wp:attachment":[{"href":"https:\/\/vosgesinfo.fr\/remiremontinfo\/wp-json\/wp\/v2\/media?parent=69403"}],"wp:term":[{"taxonomy":"category","embeddable":true,"href":"https:\/\/vosgesinfo.fr\/remiremontinfo\/wp-json\/wp\/v2\/categories?post=69403"},{"taxonomy":"post_tag","embeddable":true,"href":"https:\/\/vosgesinfo.fr\/remiremontinfo\/wp-json\/wp\/v2\/tags?post=69403"}],"curies":[{"name":"wp","href":"https:\/\/api.w.org\/{rel}","templated":true}]}}