{"id":69587,"date":"2023-03-30T08:08:52","date_gmt":"2023-03-30T06:08:52","guid":{"rendered":"https:\/\/vosgesinfo.fr\/remiremontinfo\/2023\/03\/remiremont-clemence-beretta-cinema-majestic-projection-de-couleur-de-victoire\/"},"modified":"2023-03-30T08:08:52","modified_gmt":"2023-03-30T06:08:52","slug":"remiremont-clemence-beretta-cinema-majestic-projection-de-couleur-de-victoire","status":"publish","type":"post","link":"https:\/\/vosgesinfo.fr\/remiremontinfo\/2023\/03\/remiremont-clemence-beretta-cinema-majestic-projection-de-couleur-de-victoire\/","title":{"rendered":"Remiremont : Cl\u00e9mence Beretta au cin\u00e9ma Majestic pour une projection de \u00ab La Couleur de la victoire \u00bb"},"content":{"rendered":"<p><a href=\"\/2023\/03\/071.jpg\"><img decoding=\"async\" class=\"alignnone size-full wp-image-367136\" src=\"\/2023\/03\/071.jpg\" alt=\"07\" width=\"638\" height=\"902\" \/><\/a><\/p>\n<h2><span style=\"font-size: 12pt;\"><strong>Suite \u00e0 la d\u00e9signation de Paris comme ville h\u00f4te des Jeux en 2024, la Communaut\u00e9 de Communes de la Porte des Vosges M\u00e9ridionales a obtenu le label Terre de Jeux 2024. Dans ce cadre, la m\u00e9diath\u00e8que intercommunale Le Cercle et le service sport de la CCPVM vous proposent une projection au cin\u00e9ma Majestic France Le Volontaire.<\/strong><\/span><\/h2>\n<p><span style=\"font-size: 12pt;\">La Couleur de la victoire<\/span><br \/>\n<span style=\"font-size: 12pt;\">de Stephen Hopkins \u2013 2016<\/span><\/p>\n<p><span style=\"font-size: 12pt;\">Vendredi 31 mars 2023 \u00e0 20h00<\/span><\/p>\n<p><span style=\"font-size: 12pt;\">Au cin\u00e9ma Majestic France Le Volontaire<\/span><br \/>\n<span style=\"font-size: 12pt;\">Zone de la Filature, Remiremont<\/span><\/p>\n<p><span style=\"font-size: 12pt;\">Pr\u00e9sentation du film par C\u00e9cile Marchocki, pr\u00e9sidente de l\u2019association Cin\u00e9m\u2019art Cades.<\/span><\/p>\n<p><span style=\"font-size: 12pt;\">Puis rencontre et \u00e9change avec l\u2019athl\u00e8te\u00a0Cl\u00e9mence Beretta, triple championne de France de marche athl\u00e9tique et qualifi\u00e9e pour les J.O. Paris 2024.<\/span><\/p>\n<p><span style=\"font-size: 12pt;\">R\u00e9sum\u00e9 : Dans les ann\u00e9es 30, Jesse Owens, jeune afro-am\u00e9ricain issu du milieu populaire, se pr\u00e9pare \u00e0 concourir aux Jeux d\u2019\u00e9t\u00e9 de 1936 \u00e0 Berlin.\u00a0Cependant, alors qu\u2019Owens lutte dans sa vie personnelle contre le racisme ambiant, les Etats-Unis ne sont pas encore certains de participer \u00e0 ces Jeux, organis\u00e9s en Allemagne nazie.\u00a0Le d\u00e9bat est vif entre le pr\u00e9sident du Comit\u00e9 Olympique Jeremiah Mahoney et le grand industriel Avery Brundage. Pourtant, la d\u00e9termination de Jesse \u00e0 se lancer dans la comp\u00e9tition est intacte\u2026<\/span><\/p>\n<p><span style=\"font-size: 12pt;\"><em>Communiqu\u00e9 de la M\u00e9diath\u00e8que\u00a0<\/em><\/span><\/p>\n","protected":false},"excerpt":{"rendered":"<p>Suite \u00e0 la d\u00e9signation de Paris comme ville h\u00f4te des Jeux en 2024, la Communaut\u00e9 de Communes de la Porte [&hellip;]<\/p>\n","protected":false},"author":407,"featured_media":69588,"comment_status":"open","ping_status":"open","sticky":false,"template":"","format":"standard","meta":{"footnotes":""},"categories":[26,1556,35,14],"tags":[76,1265,5673,44,32],"class_list":["post-69587","post","type-post","status-publish","format-standard","has-post-thumbnail","hentry","category-a-la-une","category-remiremont-remiremont-son-canton-2","category-remiremont-son-canton","category-sport","tag-cinema","tag-clemence-beretta","tag-la-couleur-de-la-victoire","tag-remiremont","tag-vosges"],"acf":[],"yoast_head":"<!-- This site is optimized with the Yoast SEO plugin v22.5 - https:\/\/yoast.com\/wordpress\/plugins\/seo\/ -->\n<title>Remiremont : Cl\u00e9mence Beretta au cin\u00e9ma Majestic pour une projection de \u00ab La Couleur de la victoire \u00bb - Remiremont Info<\/title>\n<meta name=\"robots\" content=\"index, follow, max-snippet:-1, max-image-preview:large, max-video-preview:-1\" \/>\n<link rel=\"canonical\" href=\"https:\/\/vosgesinfo.fr\/remiremontinfo\/2023\/03\/remiremont-clemence-beretta-cinema-majestic-projection-de-couleur-de-victoire\/\" \/>\n<meta name=\"twitter:card\" content=\"summary_large_image\" \/>\n<meta name=\"twitter:title\" content=\"Remiremont : Cl\u00e9mence Beretta au cin\u00e9ma Majestic pour une projection de \u00ab La Couleur de la victoire \u00bb - Remiremont Info\" \/>\n<meta name=\"twitter:description\" content=\"Suite \u00e0 la d\u00e9signation de Paris comme ville h\u00f4te des Jeux en 2024, la Communaut\u00e9 de Communes de la Porte [&hellip;]\" \/>\n<meta name=\"twitter:image\" content=\"https:\/\/vosgesinfo.fr\/app\/uploads\/sites\/5\/2024\/09\/202303beretta-1.jpg\" \/>\n<meta name=\"twitter:creator\" content=\"@VosgesInfo88\" \/>\n<meta name=\"twitter:site\" content=\"@VosgesInfo88\" \/>\n<meta name=\"twitter:label1\" content=\"\u00c9crit par\" \/>\n\t<meta name=\"twitter:data1\" content=\"C D\" \/>\n\t<meta name=\"twitter:label2\" content=\"Dur\u00e9e de lecture estim\u00e9e\" \/>\n\t<meta name=\"twitter:data2\" content=\"1 minute\" \/>\n<script type=\"application\/ld+json\" class=\"yoast-schema-graph\">{\"@context\":\"https:\/\/schema.org\",\"@graph\":[{\"@type\":\"Article\",\"@id\":\"https:\/\/vosgesinfo.fr\/remiremontinfo\/2023\/03\/remiremont-clemence-beretta-cinema-majestic-projection-de-couleur-de-victoire\/#article\",\"isPartOf\":{\"@id\":\"https:\/\/vosgesinfo.fr\/remiremontinfo\/2023\/03\/remiremont-clemence-beretta-cinema-majestic-projection-de-couleur-de-victoire\/\"},\"author\":{\"name\":\"C D\",\"@id\":\"https:\/\/vosgesinfo.fr\/remiremontinfo\/#\/schema\/person\/3bfd164d5218a185b1db68655a265316\"},\"headline\":\"Remiremont : Cl\u00e9mence Beretta au cin\u00e9ma Majestic pour une projection de \u00ab La Couleur de la victoire \u00bb\",\"datePublished\":\"2023-03-30T06:08:52+00:00\",\"dateModified\":\"2023-03-30T06:08:52+00:00\",\"mainEntityOfPage\":{\"@id\":\"https:\/\/vosgesinfo.fr\/remiremontinfo\/2023\/03\/remiremont-clemence-beretta-cinema-majestic-projection-de-couleur-de-victoire\/\"},\"wordCount\":237,\"commentCount\":0,\"publisher\":{\"@id\":\"https:\/\/vosgesinfo.fr\/remiremontinfo\/#organization\"},\"image\":{\"@id\":\"https:\/\/vosgesinfo.fr\/remiremontinfo\/2023\/03\/remiremont-clemence-beretta-cinema-majestic-projection-de-couleur-de-victoire\/#primaryimage\"},\"thumbnailUrl\":\"https:\/\/vosgesinfo.fr\/app\/uploads\/sites\/5\/2024\/09\/202303beretta-1.jpg\",\"keywords\":[\"cinema\",\"Cl\u00e9mence beretta\",\"la couleur de la victoire\",\"remiremont\",\"Vosges\"],\"articleSection\":[\"A la Une\",\"Remiremont\",\"Remiremont &amp; son canton\",\"Sport\"],\"inLanguage\":\"fr-FR\",\"potentialAction\":[{\"@type\":\"CommentAction\",\"name\":\"Comment\",\"target\":[\"https:\/\/vosgesinfo.fr\/remiremontinfo\/2023\/03\/remiremont-clemence-beretta-cinema-majestic-projection-de-couleur-de-victoire\/#respond\"]}]},{\"@type\":\"WebPage\",\"@id\":\"https:\/\/vosgesinfo.fr\/remiremontinfo\/2023\/03\/remiremont-clemence-beretta-cinema-majestic-projection-de-couleur-de-victoire\/\",\"url\":\"https:\/\/vosgesinfo.fr\/remiremontinfo\/2023\/03\/remiremont-clemence-beretta-cinema-majestic-projection-de-couleur-de-victoire\/\",\"name\":\"Remiremont : Cl\u00e9mence Beretta au cin\u00e9ma Majestic pour une projection de \u00ab La Couleur de la victoire \u00bb - Remiremont Info\",\"isPartOf\":{\"@id\":\"https:\/\/vosgesinfo.fr\/remiremontinfo\/#website\"},\"primaryImageOfPage\":{\"@id\":\"https:\/\/vosgesinfo.fr\/remiremontinfo\/2023\/03\/remiremont-clemence-beretta-cinema-majestic-projection-de-couleur-de-victoire\/#primaryimage\"},\"image\":{\"@id\":\"https:\/\/vosgesinfo.fr\/remiremontinfo\/2023\/03\/remiremont-clemence-beretta-cinema-majestic-projection-de-couleur-de-victoire\/#primaryimage\"},\"thumbnailUrl\":\"https:\/\/vosgesinfo.fr\/app\/uploads\/sites\/5\/2024\/09\/202303beretta-1.jpg\",\"datePublished\":\"2023-03-30T06:08:52+00:00\",\"dateModified\":\"2023-03-30T06:08:52+00:00\",\"breadcrumb\":{\"@id\":\"https:\/\/vosgesinfo.fr\/remiremontinfo\/2023\/03\/remiremont-clemence-beretta-cinema-majestic-projection-de-couleur-de-victoire\/#breadcrumb\"},\"inLanguage\":\"fr-FR\",\"potentialAction\":[{\"@type\":\"ReadAction\",\"target\":[\"https:\/\/vosgesinfo.fr\/remiremontinfo\/2023\/03\/remiremont-clemence-beretta-cinema-majestic-projection-de-couleur-de-victoire\/\"]}]},{\"@type\":\"ImageObject\",\"inLanguage\":\"fr-FR\",\"@id\":\"https:\/\/vosgesinfo.fr\/remiremontinfo\/2023\/03\/remiremont-clemence-beretta-cinema-majestic-projection-de-couleur-de-victoire\/#primaryimage\",\"url\":\"https:\/\/vosgesinfo.fr\/app\/uploads\/sites\/5\/2024\/09\/202303beretta-1.jpg\",\"contentUrl\":\"https:\/\/vosgesinfo.fr\/app\/uploads\/sites\/5\/2024\/09\/202303beretta-1.jpg\",\"width\":874,\"height\":612},{\"@type\":\"BreadcrumbList\",\"@id\":\"https:\/\/vosgesinfo.fr\/remiremontinfo\/2023\/03\/remiremont-clemence-beretta-cinema-majestic-projection-de-couleur-de-victoire\/#breadcrumb\",\"itemListElement\":[{\"@type\":\"ListItem\",\"position\":1,\"name\":\"Home\",\"item\":\"https:\/\/vosgesinfo.fr\/remiremontinfo\/\"},{\"@type\":\"ListItem\",\"position\":2,\"name\":\"Remiremont : Cl\u00e9mence Beretta au cin\u00e9ma Majestic pour une projection de \u00ab La Couleur de la victoire \u00bb\"}]},{\"@type\":\"WebSite\",\"@id\":\"https:\/\/vosgesinfo.fr\/remiremontinfo\/#website\",\"url\":\"https:\/\/vosgesinfo.fr\/remiremontinfo\/\",\"name\":\"Remiremont Info\",\"description\":\"Toute l&#039;actualit\u00e9 de Remiremont\",\"publisher\":{\"@id\":\"https:\/\/vosgesinfo.fr\/remiremontinfo\/#organization\"},\"alternateName\":\"Toute l'actualit\u00e9 de Remiremont\",\"potentialAction\":[{\"@type\":\"SearchAction\",\"target\":{\"@type\":\"EntryPoint\",\"urlTemplate\":\"https:\/\/vosgesinfo.fr\/remiremontinfo\/?s={search_term_string}\"},\"query-input\":\"required name=search_term_string\"}],\"inLanguage\":\"fr-FR\"},{\"@type\":\"Organization\",\"@id\":\"https:\/\/vosgesinfo.fr\/remiremontinfo\/#organization\",\"name\":\"Remiremont Info\",\"url\":\"https:\/\/vosgesinfo.fr\/remiremontinfo\/\",\"logo\":{\"@type\":\"ImageObject\",\"inLanguage\":\"fr-FR\",\"@id\":\"https:\/\/vosgesinfo.fr\/remiremontinfo\/#\/schema\/logo\/image\/\",\"url\":\"https:\/\/vosgesinfo.fr\/app\/uploads\/sites\/5\/2023\/08\/favicon-remiremontinfo.png\",\"contentUrl\":\"https:\/\/vosgesinfo.fr\/app\/uploads\/sites\/5\/2023\/08\/favicon-remiremontinfo.png\",\"width\":512,\"height\":512,\"caption\":\"Remiremont Info\"},\"image\":{\"@id\":\"https:\/\/vosgesinfo.fr\/remiremontinfo\/#\/schema\/logo\/image\/\"},\"sameAs\":[\"https:\/\/www.facebook.com\/remiremontinfo\",\"https:\/\/x.com\/VosgesInfo88\",\"https:\/\/www.youtube.com\/@vosgesinfo\"]},{\"@type\":\"Person\",\"@id\":\"https:\/\/vosgesinfo.fr\/remiremontinfo\/#\/schema\/person\/3bfd164d5218a185b1db68655a265316\",\"name\":\"C D\",\"image\":{\"@type\":\"ImageObject\",\"inLanguage\":\"fr-FR\",\"@id\":\"https:\/\/vosgesinfo.fr\/remiremontinfo\/#\/schema\/person\/image\/\",\"url\":\"https:\/\/secure.gravatar.com\/avatar\/1f9a70007336511a47468b8f1c66f922b8b7cf617b02a31149ada43893a5d48f?s=96&d=mm&r=g\",\"contentUrl\":\"https:\/\/secure.gravatar.com\/avatar\/1f9a70007336511a47468b8f1c66f922b8b7cf617b02a31149ada43893a5d48f?s=96&d=mm&r=g\",\"caption\":\"C D\"},\"url\":\"https:\/\/vosgesinfo.fr\/remiremontinfo\/author\/cedric-drevet\/\"}]}<\/script>\n<!-- \/ Yoast SEO plugin. -->","yoast_head_json":{"title":"Remiremont : Cl\u00e9mence Beretta au cin\u00e9ma Majestic pour une projection de \u00ab La Couleur de la victoire \u00bb - Remiremont Info","robots":{"index":"index","follow":"follow","max-snippet":"max-snippet:-1","max-image-preview":"max-image-preview:large","max-video-preview":"max-video-preview:-1"},"canonical":"https:\/\/vosgesinfo.fr\/remiremontinfo\/2023\/03\/remiremont-clemence-beretta-cinema-majestic-projection-de-couleur-de-victoire\/","twitter_card":"summary_large_image","twitter_title":"Remiremont : Cl\u00e9mence Beretta au cin\u00e9ma Majestic pour une projection de \u00ab La Couleur de la victoire \u00bb - Remiremont Info","twitter_description":"Suite \u00e0 la d\u00e9signation de Paris comme ville h\u00f4te des Jeux en 2024, la Communaut\u00e9 de Communes de la Porte [&hellip;]","twitter_image":"https:\/\/vosgesinfo.fr\/app\/uploads\/sites\/5\/2024\/09\/202303beretta-1.jpg","twitter_creator":"@VosgesInfo88","twitter_site":"@VosgesInfo88","twitter_misc":{"\u00c9crit par":"C D","Dur\u00e9e de lecture estim\u00e9e":"1 minute"},"schema":{"@context":"https:\/\/schema.org","@graph":[{"@type":"Article","@id":"https:\/\/vosgesinfo.fr\/remiremontinfo\/2023\/03\/remiremont-clemence-beretta-cinema-majestic-projection-de-couleur-de-victoire\/#article","isPartOf":{"@id":"https:\/\/vosgesinfo.fr\/remiremontinfo\/2023\/03\/remiremont-clemence-beretta-cinema-majestic-projection-de-couleur-de-victoire\/"},"author":{"name":"C D","@id":"https:\/\/vosgesinfo.fr\/remiremontinfo\/#\/schema\/person\/3bfd164d5218a185b1db68655a265316"},"headline":"Remiremont : Cl\u00e9mence Beretta au cin\u00e9ma Majestic pour une projection de \u00ab La Couleur de la victoire \u00bb","datePublished":"2023-03-30T06:08:52+00:00","dateModified":"2023-03-30T06:08:52+00:00","mainEntityOfPage":{"@id":"https:\/\/vosgesinfo.fr\/remiremontinfo\/2023\/03\/remiremont-clemence-beretta-cinema-majestic-projection-de-couleur-de-victoire\/"},"wordCount":237,"commentCount":0,"publisher":{"@id":"https:\/\/vosgesinfo.fr\/remiremontinfo\/#organization"},"image":{"@id":"https:\/\/vosgesinfo.fr\/remiremontinfo\/2023\/03\/remiremont-clemence-beretta-cinema-majestic-projection-de-couleur-de-victoire\/#primaryimage"},"thumbnailUrl":"https:\/\/vosgesinfo.fr\/app\/uploads\/sites\/5\/2024\/09\/202303beretta-1.jpg","keywords":["cinema","Cl\u00e9mence beretta","la couleur de la victoire","remiremont","Vosges"],"articleSection":["A la Une","Remiremont","Remiremont &amp; son canton","Sport"],"inLanguage":"fr-FR","potentialAction":[{"@type":"CommentAction","name":"Comment","target":["https:\/\/vosgesinfo.fr\/remiremontinfo\/2023\/03\/remiremont-clemence-beretta-cinema-majestic-projection-de-couleur-de-victoire\/#respond"]}]},{"@type":"WebPage","@id":"https:\/\/vosgesinfo.fr\/remiremontinfo\/2023\/03\/remiremont-clemence-beretta-cinema-majestic-projection-de-couleur-de-victoire\/","url":"https:\/\/vosgesinfo.fr\/remiremontinfo\/2023\/03\/remiremont-clemence-beretta-cinema-majestic-projection-de-couleur-de-victoire\/","name":"Remiremont : Cl\u00e9mence Beretta au cin\u00e9ma Majestic pour une projection de \u00ab La Couleur de la victoire \u00bb - Remiremont Info","isPartOf":{"@id":"https:\/\/vosgesinfo.fr\/remiremontinfo\/#website"},"primaryImageOfPage":{"@id":"https:\/\/vosgesinfo.fr\/remiremontinfo\/2023\/03\/remiremont-clemence-beretta-cinema-majestic-projection-de-couleur-de-victoire\/#primaryimage"},"image":{"@id":"https:\/\/vosgesinfo.fr\/remiremontinfo\/2023\/03\/remiremont-clemence-beretta-cinema-majestic-projection-de-couleur-de-victoire\/#primaryimage"},"thumbnailUrl":"https:\/\/vosgesinfo.fr\/app\/uploads\/sites\/5\/2024\/09\/202303beretta-1.jpg","datePublished":"2023-03-30T06:08:52+00:00","dateModified":"2023-03-30T06:08:52+00:00","breadcrumb":{"@id":"https:\/\/vosgesinfo.fr\/remiremontinfo\/2023\/03\/remiremont-clemence-beretta-cinema-majestic-projection-de-couleur-de-victoire\/#breadcrumb"},"inLanguage":"fr-FR","potentialAction":[{"@type":"ReadAction","target":["https:\/\/vosgesinfo.fr\/remiremontinfo\/2023\/03\/remiremont-clemence-beretta-cinema-majestic-projection-de-couleur-de-victoire\/"]}]},{"@type":"ImageObject","inLanguage":"fr-FR","@id":"https:\/\/vosgesinfo.fr\/remiremontinfo\/2023\/03\/remiremont-clemence-beretta-cinema-majestic-projection-de-couleur-de-victoire\/#primaryimage","url":"https:\/\/vosgesinfo.fr\/app\/uploads\/sites\/5\/2024\/09\/202303beretta-1.jpg","contentUrl":"https:\/\/vosgesinfo.fr\/app\/uploads\/sites\/5\/2024\/09\/202303beretta-1.jpg","width":874,"height":612},{"@type":"BreadcrumbList","@id":"https:\/\/vosgesinfo.fr\/remiremontinfo\/2023\/03\/remiremont-clemence-beretta-cinema-majestic-projection-de-couleur-de-victoire\/#breadcrumb","itemListElement":[{"@type":"ListItem","position":1,"name":"Home","item":"https:\/\/vosgesinfo.fr\/remiremontinfo\/"},{"@type":"ListItem","position":2,"name":"Remiremont : Cl\u00e9mence Beretta au cin\u00e9ma Majestic pour une projection de \u00ab La Couleur de la victoire \u00bb"}]},{"@type":"WebSite","@id":"https:\/\/vosgesinfo.fr\/remiremontinfo\/#website","url":"https:\/\/vosgesinfo.fr\/remiremontinfo\/","name":"Remiremont Info","description":"Toute l&#039;actualit\u00e9 de Remiremont","publisher":{"@id":"https:\/\/vosgesinfo.fr\/remiremontinfo\/#organization"},"alternateName":"Toute l'actualit\u00e9 de Remiremont","potentialAction":[{"@type":"SearchAction","target":{"@type":"EntryPoint","urlTemplate":"https:\/\/vosgesinfo.fr\/remiremontinfo\/?s={search_term_string}"},"query-input":"required name=search_term_string"}],"inLanguage":"fr-FR"},{"@type":"Organization","@id":"https:\/\/vosgesinfo.fr\/remiremontinfo\/#organization","name":"Remiremont Info","url":"https:\/\/vosgesinfo.fr\/remiremontinfo\/","logo":{"@type":"ImageObject","inLanguage":"fr-FR","@id":"https:\/\/vosgesinfo.fr\/remiremontinfo\/#\/schema\/logo\/image\/","url":"https:\/\/vosgesinfo.fr\/app\/uploads\/sites\/5\/2023\/08\/favicon-remiremontinfo.png","contentUrl":"https:\/\/vosgesinfo.fr\/app\/uploads\/sites\/5\/2023\/08\/favicon-remiremontinfo.png","width":512,"height":512,"caption":"Remiremont Info"},"image":{"@id":"https:\/\/vosgesinfo.fr\/remiremontinfo\/#\/schema\/logo\/image\/"},"sameAs":["https:\/\/www.facebook.com\/remiremontinfo","https:\/\/x.com\/VosgesInfo88","https:\/\/www.youtube.com\/@vosgesinfo"]},{"@type":"Person","@id":"https:\/\/vosgesinfo.fr\/remiremontinfo\/#\/schema\/person\/3bfd164d5218a185b1db68655a265316","name":"C D","image":{"@type":"ImageObject","inLanguage":"fr-FR","@id":"https:\/\/vosgesinfo.fr\/remiremontinfo\/#\/schema\/person\/image\/","url":"https:\/\/secure.gravatar.com\/avatar\/1f9a70007336511a47468b8f1c66f922b8b7cf617b02a31149ada43893a5d48f?s=96&d=mm&r=g","contentUrl":"https:\/\/secure.gravatar.com\/avatar\/1f9a70007336511a47468b8f1c66f922b8b7cf617b02a31149ada43893a5d48f?s=96&d=mm&r=g","caption":"C D"},"url":"https:\/\/vosgesinfo.fr\/remiremontinfo\/author\/cedric-drevet\/"}]}},"_links":{"self":[{"href":"https:\/\/vosgesinfo.fr\/remiremontinfo\/wp-json\/wp\/v2\/posts\/69587","targetHints":{"allow":["GET"]}}],"collection":[{"href":"https:\/\/vosgesinfo.fr\/remiremontinfo\/wp-json\/wp\/v2\/posts"}],"about":[{"href":"https:\/\/vosgesinfo.fr\/remiremontinfo\/wp-json\/wp\/v2\/types\/post"}],"author":[{"embeddable":true,"href":"https:\/\/vosgesinfo.fr\/remiremontinfo\/wp-json\/wp\/v2\/users\/407"}],"replies":[{"embeddable":true,"href":"https:\/\/vosgesinfo.fr\/remiremontinfo\/wp-json\/wp\/v2\/comments?post=69587"}],"version-history":[{"count":0,"href":"https:\/\/vosgesinfo.fr\/remiremontinfo\/wp-json\/wp\/v2\/posts\/69587\/revisions"}],"wp:featuredmedia":[{"embeddable":true,"href":"https:\/\/vosgesinfo.fr\/remiremontinfo\/wp-json\/wp\/v2\/media\/69588"}],"wp:attachment":[{"href":"https:\/\/vosgesinfo.fr\/remiremontinfo\/wp-json\/wp\/v2\/media?parent=69587"}],"wp:term":[{"taxonomy":"category","embeddable":true,"href":"https:\/\/vosgesinfo.fr\/remiremontinfo\/wp-json\/wp\/v2\/categories?post=69587"},{"taxonomy":"post_tag","embeddable":true,"href":"https:\/\/vosgesinfo.fr\/remiremontinfo\/wp-json\/wp\/v2\/tags?post=69587"}],"curies":[{"name":"wp","href":"https:\/\/api.w.org\/{rel}","templated":true}]}}