{"id":69726,"date":"2023-03-31T07:35:17","date_gmt":"2023-03-31T05:35:17","guid":{"rendered":"https:\/\/vosgesinfo.fr\/remiremontinfo\/2023\/03\/vagney-top-depart-21eme-edition-de-vagnexpo\/"},"modified":"2023-03-31T07:35:17","modified_gmt":"2023-03-31T05:35:17","slug":"vagney-top-depart-21eme-edition-de-vagnexpo","status":"publish","type":"post","link":"https:\/\/vosgesinfo.fr\/remiremontinfo\/2023\/03\/vagney-top-depart-21eme-edition-de-vagnexpo\/","title":{"rendered":"Vagney : top d\u00e9part pour la 21\u00e8me \u00e9dition de Vagn\u2019expo"},"content":{"rendered":"<p><a href=\"\/2023\/03\/vagnexpo-3.jpg\"><img decoding=\"async\" class=\"alignnone size-large wp-image-367329\" src=\"\/2023\/03\/vagnexpo-3-1024x744.jpg\" alt=\"vagn'expo (3)\" width=\"960\" height=\"698\" \/><\/a><\/p>\n<h2 class=\"Standard\"><span style=\"font-size: 12pt;\"><strong>Depuis 21 ans Vagn\u2019Expo r\u00e9unit des artisans et commer\u00e7ants vosgiens pour son grand salon de printemps. Venez nombreux tout au long de ce weekend rencontrer les entreprises principalement locales pr\u00e9sentant des nouveaut\u00e9s dans le domaine du bois, des am\u00e9nagements ext\u00e9rieurs, de la d\u00e9coration et l\u2019entretien de la maison, de l\u2019horlogerie, du confort en \u00e9lectrom\u00e9nager, des plaisirs de la bouche en passant par la d\u00e9gustation avec mod\u00e9ration de bi\u00e8res et autres boissons, et bien d\u2019autres encore.<\/strong><\/span><\/h2>\n<p class=\"Standard\">Les concessionnaires auto seront l\u00e0 pour vous faire d\u00e9couvrir leurs nouveaut\u00e9s ou faire le choix de votre prochaine location camping-car. Vendredi et samedi apr\u00e8s-midi, venez tester gratuitement la voiture tonneau qui vous fera vivre une sensation garantie. Des attractions et confiseries seront propos\u00e9es pour les enfants afin que chacun puisse profiter agr\u00e9ablement de ces premiers jours de printemps. Comme chaque ann\u00e9e, un grand jeu sans obligation d\u2019achat sera organis\u00e9. En 2022, l\u2019heureuse gagnante du plus gros lot a re\u00e7u : un s\u00e9jour de 8 jours pour deux personnes en pension compl\u00e8te sur la Costa Brava.<\/p>\n<p class=\"Standard\">Restauration sur place samedi et dimanche midi.<br \/>\nVendredi 31 mars de 14h00 \u00e0 19h00.<br \/>\nSamedi 1<sup>er<\/sup>\u00a0avril de 10h00 \u00e0 19h00<br \/>\nDimanche 2 avril de 10h00 \u00e0 18h00<\/p>\n<p class=\"Standard\">Artisans, commer\u00e7ants, rejoignez nous et n\u2019h\u00e9sitez pas \u00e0 nous contacter sur\u00a0<a href=\"mailto:vagnexpo@wanadoo.fr\">vagnexpo@wanadoo.fr<\/a><\/p>\n<p class=\"Standard\"><span style=\"font-size: 10pt;\"><em>Source :\u00a0<a href=\"https:\/\/vagney.eu\/\">Commune de Vagney<\/a>\u00a0<\/em><\/span><\/p>\n\n","protected":false},"excerpt":{"rendered":"<p>Depuis 21 ans Vagn\u2019Expo r\u00e9unit des artisans et commer\u00e7ants vosgiens pour son grand salon de printemps. Venez nombreux tout au [&hellip;]<\/p>\n","protected":false},"author":407,"featured_media":69727,"comment_status":"open","ping_status":"open","sticky":false,"template":"","format":"standard","meta":{"footnotes":""},"categories":[26,120,25,36],"tags":[57,959,160],"class_list":["post-69726","post","type-post","status-publish","format-standard","has-post-thumbnail","hentry","category-a-la-une","category-commerce","category-la-bresse-son-canton","category-vagney","tag-commerce","tag-vagnexpo","tag-vagney"],"acf":[],"yoast_head":"<!-- This site is optimized with the Yoast SEO plugin v22.5 - https:\/\/yoast.com\/wordpress\/plugins\/seo\/ -->\n<title>Vagney : top d\u00e9part pour la 21\u00e8me \u00e9dition de Vagn\u2019expo - Remiremont Info<\/title>\n<meta name=\"robots\" content=\"index, follow, max-snippet:-1, max-image-preview:large, max-video-preview:-1\" \/>\n<link rel=\"canonical\" href=\"https:\/\/vosgesinfo.fr\/remiremontinfo\/2023\/03\/vagney-top-depart-21eme-edition-de-vagnexpo\/\" \/>\n<meta name=\"twitter:card\" content=\"summary_large_image\" \/>\n<meta name=\"twitter:title\" content=\"Vagney : top d\u00e9part pour la 21\u00e8me \u00e9dition de Vagn\u2019expo - Remiremont Info\" \/>\n<meta name=\"twitter:description\" content=\"Depuis 21 ans Vagn\u2019Expo r\u00e9unit des artisans et commer\u00e7ants vosgiens pour son grand salon de printemps. Venez nombreux tout au [&hellip;]\" \/>\n<meta name=\"twitter:image\" content=\"https:\/\/vosgesinfo.fr\/app\/uploads\/sites\/5\/2024\/09\/202303vagnexpo-3.jpg\" \/>\n<meta name=\"twitter:creator\" content=\"@VosgesInfo88\" \/>\n<meta name=\"twitter:site\" content=\"@VosgesInfo88\" \/>\n<meta name=\"twitter:label1\" content=\"\u00c9crit par\" \/>\n\t<meta name=\"twitter:data1\" content=\"C D\" \/>\n\t<meta name=\"twitter:label2\" content=\"Dur\u00e9e de lecture estim\u00e9e\" \/>\n\t<meta name=\"twitter:data2\" content=\"1 minute\" \/>\n<script type=\"application\/ld+json\" class=\"yoast-schema-graph\">{\"@context\":\"https:\/\/schema.org\",\"@graph\":[{\"@type\":\"Article\",\"@id\":\"https:\/\/vosgesinfo.fr\/remiremontinfo\/2023\/03\/vagney-top-depart-21eme-edition-de-vagnexpo\/#article\",\"isPartOf\":{\"@id\":\"https:\/\/vosgesinfo.fr\/remiremontinfo\/2023\/03\/vagney-top-depart-21eme-edition-de-vagnexpo\/\"},\"author\":{\"name\":\"C D\",\"@id\":\"https:\/\/vosgesinfo.fr\/remiremontinfo\/#\/schema\/person\/3bfd164d5218a185b1db68655a265316\"},\"headline\":\"Vagney : top d\u00e9part pour la 21\u00e8me \u00e9dition de Vagn\u2019expo\",\"datePublished\":\"2023-03-31T05:35:17+00:00\",\"dateModified\":\"2023-03-31T05:35:17+00:00\",\"mainEntityOfPage\":{\"@id\":\"https:\/\/vosgesinfo.fr\/remiremontinfo\/2023\/03\/vagney-top-depart-21eme-edition-de-vagnexpo\/\"},\"wordCount\":254,\"commentCount\":0,\"publisher\":{\"@id\":\"https:\/\/vosgesinfo.fr\/remiremontinfo\/#organization\"},\"image\":{\"@id\":\"https:\/\/vosgesinfo.fr\/remiremontinfo\/2023\/03\/vagney-top-depart-21eme-edition-de-vagnexpo\/#primaryimage\"},\"thumbnailUrl\":\"https:\/\/vosgesinfo.fr\/app\/uploads\/sites\/5\/2024\/09\/202303vagnexpo-3.jpg\",\"keywords\":[\"commerce\",\"Vagn'expo\",\"vagney\"],\"articleSection\":[\"A la Une\",\"Commerce\",\"La Bresse &amp; son canton\",\"Vagney\"],\"inLanguage\":\"fr-FR\",\"potentialAction\":[{\"@type\":\"CommentAction\",\"name\":\"Comment\",\"target\":[\"https:\/\/vosgesinfo.fr\/remiremontinfo\/2023\/03\/vagney-top-depart-21eme-edition-de-vagnexpo\/#respond\"]}]},{\"@type\":\"WebPage\",\"@id\":\"https:\/\/vosgesinfo.fr\/remiremontinfo\/2023\/03\/vagney-top-depart-21eme-edition-de-vagnexpo\/\",\"url\":\"https:\/\/vosgesinfo.fr\/remiremontinfo\/2023\/03\/vagney-top-depart-21eme-edition-de-vagnexpo\/\",\"name\":\"Vagney : top d\u00e9part pour la 21\u00e8me \u00e9dition de Vagn\u2019expo - Remiremont Info\",\"isPartOf\":{\"@id\":\"https:\/\/vosgesinfo.fr\/remiremontinfo\/#website\"},\"primaryImageOfPage\":{\"@id\":\"https:\/\/vosgesinfo.fr\/remiremontinfo\/2023\/03\/vagney-top-depart-21eme-edition-de-vagnexpo\/#primaryimage\"},\"image\":{\"@id\":\"https:\/\/vosgesinfo.fr\/remiremontinfo\/2023\/03\/vagney-top-depart-21eme-edition-de-vagnexpo\/#primaryimage\"},\"thumbnailUrl\":\"https:\/\/vosgesinfo.fr\/app\/uploads\/sites\/5\/2024\/09\/202303vagnexpo-3.jpg\",\"datePublished\":\"2023-03-31T05:35:17+00:00\",\"dateModified\":\"2023-03-31T05:35:17+00:00\",\"breadcrumb\":{\"@id\":\"https:\/\/vosgesinfo.fr\/remiremontinfo\/2023\/03\/vagney-top-depart-21eme-edition-de-vagnexpo\/#breadcrumb\"},\"inLanguage\":\"fr-FR\",\"potentialAction\":[{\"@type\":\"ReadAction\",\"target\":[\"https:\/\/vosgesinfo.fr\/remiremontinfo\/2023\/03\/vagney-top-depart-21eme-edition-de-vagnexpo\/\"]}]},{\"@type\":\"ImageObject\",\"inLanguage\":\"fr-FR\",\"@id\":\"https:\/\/vosgesinfo.fr\/remiremontinfo\/2023\/03\/vagney-top-depart-21eme-edition-de-vagnexpo\/#primaryimage\",\"url\":\"https:\/\/vosgesinfo.fr\/app\/uploads\/sites\/5\/2024\/09\/202303vagnexpo-3.jpg\",\"contentUrl\":\"https:\/\/vosgesinfo.fr\/app\/uploads\/sites\/5\/2024\/09\/202303vagnexpo-3.jpg\",\"width\":1600,\"height\":1162},{\"@type\":\"BreadcrumbList\",\"@id\":\"https:\/\/vosgesinfo.fr\/remiremontinfo\/2023\/03\/vagney-top-depart-21eme-edition-de-vagnexpo\/#breadcrumb\",\"itemListElement\":[{\"@type\":\"ListItem\",\"position\":1,\"name\":\"Home\",\"item\":\"https:\/\/vosgesinfo.fr\/remiremontinfo\/\"},{\"@type\":\"ListItem\",\"position\":2,\"name\":\"Vagney : top d\u00e9part pour la 21\u00e8me \u00e9dition de Vagn\u2019expo\"}]},{\"@type\":\"WebSite\",\"@id\":\"https:\/\/vosgesinfo.fr\/remiremontinfo\/#website\",\"url\":\"https:\/\/vosgesinfo.fr\/remiremontinfo\/\",\"name\":\"Remiremont Info\",\"description\":\"Toute l&#039;actualit\u00e9 de Remiremont\",\"publisher\":{\"@id\":\"https:\/\/vosgesinfo.fr\/remiremontinfo\/#organization\"},\"alternateName\":\"Toute l'actualit\u00e9 de Remiremont\",\"potentialAction\":[{\"@type\":\"SearchAction\",\"target\":{\"@type\":\"EntryPoint\",\"urlTemplate\":\"https:\/\/vosgesinfo.fr\/remiremontinfo\/?s={search_term_string}\"},\"query-input\":\"required name=search_term_string\"}],\"inLanguage\":\"fr-FR\"},{\"@type\":\"Organization\",\"@id\":\"https:\/\/vosgesinfo.fr\/remiremontinfo\/#organization\",\"name\":\"Remiremont Info\",\"url\":\"https:\/\/vosgesinfo.fr\/remiremontinfo\/\",\"logo\":{\"@type\":\"ImageObject\",\"inLanguage\":\"fr-FR\",\"@id\":\"https:\/\/vosgesinfo.fr\/remiremontinfo\/#\/schema\/logo\/image\/\",\"url\":\"https:\/\/vosgesinfo.fr\/app\/uploads\/sites\/5\/2023\/08\/favicon-remiremontinfo.png\",\"contentUrl\":\"https:\/\/vosgesinfo.fr\/app\/uploads\/sites\/5\/2023\/08\/favicon-remiremontinfo.png\",\"width\":512,\"height\":512,\"caption\":\"Remiremont Info\"},\"image\":{\"@id\":\"https:\/\/vosgesinfo.fr\/remiremontinfo\/#\/schema\/logo\/image\/\"},\"sameAs\":[\"https:\/\/www.facebook.com\/remiremontinfo\",\"https:\/\/x.com\/VosgesInfo88\",\"https:\/\/www.youtube.com\/@vosgesinfo\"]},{\"@type\":\"Person\",\"@id\":\"https:\/\/vosgesinfo.fr\/remiremontinfo\/#\/schema\/person\/3bfd164d5218a185b1db68655a265316\",\"name\":\"C D\",\"image\":{\"@type\":\"ImageObject\",\"inLanguage\":\"fr-FR\",\"@id\":\"https:\/\/vosgesinfo.fr\/remiremontinfo\/#\/schema\/person\/image\/\",\"url\":\"https:\/\/secure.gravatar.com\/avatar\/1f9a70007336511a47468b8f1c66f922b8b7cf617b02a31149ada43893a5d48f?s=96&d=mm&r=g\",\"contentUrl\":\"https:\/\/secure.gravatar.com\/avatar\/1f9a70007336511a47468b8f1c66f922b8b7cf617b02a31149ada43893a5d48f?s=96&d=mm&r=g\",\"caption\":\"C D\"},\"url\":\"https:\/\/vosgesinfo.fr\/remiremontinfo\/author\/cedric-drevet\/\"}]}<\/script>\n<!-- \/ Yoast SEO plugin. -->","yoast_head_json":{"title":"Vagney : top d\u00e9part pour la 21\u00e8me \u00e9dition de Vagn\u2019expo - Remiremont Info","robots":{"index":"index","follow":"follow","max-snippet":"max-snippet:-1","max-image-preview":"max-image-preview:large","max-video-preview":"max-video-preview:-1"},"canonical":"https:\/\/vosgesinfo.fr\/remiremontinfo\/2023\/03\/vagney-top-depart-21eme-edition-de-vagnexpo\/","twitter_card":"summary_large_image","twitter_title":"Vagney : top d\u00e9part pour la 21\u00e8me \u00e9dition de Vagn\u2019expo - Remiremont Info","twitter_description":"Depuis 21 ans Vagn\u2019Expo r\u00e9unit des artisans et commer\u00e7ants vosgiens pour son grand salon de printemps. Venez nombreux tout au [&hellip;]","twitter_image":"https:\/\/vosgesinfo.fr\/app\/uploads\/sites\/5\/2024\/09\/202303vagnexpo-3.jpg","twitter_creator":"@VosgesInfo88","twitter_site":"@VosgesInfo88","twitter_misc":{"\u00c9crit par":"C D","Dur\u00e9e de lecture estim\u00e9e":"1 minute"},"schema":{"@context":"https:\/\/schema.org","@graph":[{"@type":"Article","@id":"https:\/\/vosgesinfo.fr\/remiremontinfo\/2023\/03\/vagney-top-depart-21eme-edition-de-vagnexpo\/#article","isPartOf":{"@id":"https:\/\/vosgesinfo.fr\/remiremontinfo\/2023\/03\/vagney-top-depart-21eme-edition-de-vagnexpo\/"},"author":{"name":"C D","@id":"https:\/\/vosgesinfo.fr\/remiremontinfo\/#\/schema\/person\/3bfd164d5218a185b1db68655a265316"},"headline":"Vagney : top d\u00e9part pour la 21\u00e8me \u00e9dition de Vagn\u2019expo","datePublished":"2023-03-31T05:35:17+00:00","dateModified":"2023-03-31T05:35:17+00:00","mainEntityOfPage":{"@id":"https:\/\/vosgesinfo.fr\/remiremontinfo\/2023\/03\/vagney-top-depart-21eme-edition-de-vagnexpo\/"},"wordCount":254,"commentCount":0,"publisher":{"@id":"https:\/\/vosgesinfo.fr\/remiremontinfo\/#organization"},"image":{"@id":"https:\/\/vosgesinfo.fr\/remiremontinfo\/2023\/03\/vagney-top-depart-21eme-edition-de-vagnexpo\/#primaryimage"},"thumbnailUrl":"https:\/\/vosgesinfo.fr\/app\/uploads\/sites\/5\/2024\/09\/202303vagnexpo-3.jpg","keywords":["commerce","Vagn'expo","vagney"],"articleSection":["A la Une","Commerce","La Bresse &amp; son canton","Vagney"],"inLanguage":"fr-FR","potentialAction":[{"@type":"CommentAction","name":"Comment","target":["https:\/\/vosgesinfo.fr\/remiremontinfo\/2023\/03\/vagney-top-depart-21eme-edition-de-vagnexpo\/#respond"]}]},{"@type":"WebPage","@id":"https:\/\/vosgesinfo.fr\/remiremontinfo\/2023\/03\/vagney-top-depart-21eme-edition-de-vagnexpo\/","url":"https:\/\/vosgesinfo.fr\/remiremontinfo\/2023\/03\/vagney-top-depart-21eme-edition-de-vagnexpo\/","name":"Vagney : top d\u00e9part pour la 21\u00e8me \u00e9dition de Vagn\u2019expo - Remiremont Info","isPartOf":{"@id":"https:\/\/vosgesinfo.fr\/remiremontinfo\/#website"},"primaryImageOfPage":{"@id":"https:\/\/vosgesinfo.fr\/remiremontinfo\/2023\/03\/vagney-top-depart-21eme-edition-de-vagnexpo\/#primaryimage"},"image":{"@id":"https:\/\/vosgesinfo.fr\/remiremontinfo\/2023\/03\/vagney-top-depart-21eme-edition-de-vagnexpo\/#primaryimage"},"thumbnailUrl":"https:\/\/vosgesinfo.fr\/app\/uploads\/sites\/5\/2024\/09\/202303vagnexpo-3.jpg","datePublished":"2023-03-31T05:35:17+00:00","dateModified":"2023-03-31T05:35:17+00:00","breadcrumb":{"@id":"https:\/\/vosgesinfo.fr\/remiremontinfo\/2023\/03\/vagney-top-depart-21eme-edition-de-vagnexpo\/#breadcrumb"},"inLanguage":"fr-FR","potentialAction":[{"@type":"ReadAction","target":["https:\/\/vosgesinfo.fr\/remiremontinfo\/2023\/03\/vagney-top-depart-21eme-edition-de-vagnexpo\/"]}]},{"@type":"ImageObject","inLanguage":"fr-FR","@id":"https:\/\/vosgesinfo.fr\/remiremontinfo\/2023\/03\/vagney-top-depart-21eme-edition-de-vagnexpo\/#primaryimage","url":"https:\/\/vosgesinfo.fr\/app\/uploads\/sites\/5\/2024\/09\/202303vagnexpo-3.jpg","contentUrl":"https:\/\/vosgesinfo.fr\/app\/uploads\/sites\/5\/2024\/09\/202303vagnexpo-3.jpg","width":1600,"height":1162},{"@type":"BreadcrumbList","@id":"https:\/\/vosgesinfo.fr\/remiremontinfo\/2023\/03\/vagney-top-depart-21eme-edition-de-vagnexpo\/#breadcrumb","itemListElement":[{"@type":"ListItem","position":1,"name":"Home","item":"https:\/\/vosgesinfo.fr\/remiremontinfo\/"},{"@type":"ListItem","position":2,"name":"Vagney : top d\u00e9part pour la 21\u00e8me \u00e9dition de Vagn\u2019expo"}]},{"@type":"WebSite","@id":"https:\/\/vosgesinfo.fr\/remiremontinfo\/#website","url":"https:\/\/vosgesinfo.fr\/remiremontinfo\/","name":"Remiremont Info","description":"Toute l&#039;actualit\u00e9 de Remiremont","publisher":{"@id":"https:\/\/vosgesinfo.fr\/remiremontinfo\/#organization"},"alternateName":"Toute l'actualit\u00e9 de Remiremont","potentialAction":[{"@type":"SearchAction","target":{"@type":"EntryPoint","urlTemplate":"https:\/\/vosgesinfo.fr\/remiremontinfo\/?s={search_term_string}"},"query-input":"required name=search_term_string"}],"inLanguage":"fr-FR"},{"@type":"Organization","@id":"https:\/\/vosgesinfo.fr\/remiremontinfo\/#organization","name":"Remiremont Info","url":"https:\/\/vosgesinfo.fr\/remiremontinfo\/","logo":{"@type":"ImageObject","inLanguage":"fr-FR","@id":"https:\/\/vosgesinfo.fr\/remiremontinfo\/#\/schema\/logo\/image\/","url":"https:\/\/vosgesinfo.fr\/app\/uploads\/sites\/5\/2023\/08\/favicon-remiremontinfo.png","contentUrl":"https:\/\/vosgesinfo.fr\/app\/uploads\/sites\/5\/2023\/08\/favicon-remiremontinfo.png","width":512,"height":512,"caption":"Remiremont Info"},"image":{"@id":"https:\/\/vosgesinfo.fr\/remiremontinfo\/#\/schema\/logo\/image\/"},"sameAs":["https:\/\/www.facebook.com\/remiremontinfo","https:\/\/x.com\/VosgesInfo88","https:\/\/www.youtube.com\/@vosgesinfo"]},{"@type":"Person","@id":"https:\/\/vosgesinfo.fr\/remiremontinfo\/#\/schema\/person\/3bfd164d5218a185b1db68655a265316","name":"C D","image":{"@type":"ImageObject","inLanguage":"fr-FR","@id":"https:\/\/vosgesinfo.fr\/remiremontinfo\/#\/schema\/person\/image\/","url":"https:\/\/secure.gravatar.com\/avatar\/1f9a70007336511a47468b8f1c66f922b8b7cf617b02a31149ada43893a5d48f?s=96&d=mm&r=g","contentUrl":"https:\/\/secure.gravatar.com\/avatar\/1f9a70007336511a47468b8f1c66f922b8b7cf617b02a31149ada43893a5d48f?s=96&d=mm&r=g","caption":"C D"},"url":"https:\/\/vosgesinfo.fr\/remiremontinfo\/author\/cedric-drevet\/"}]}},"_links":{"self":[{"href":"https:\/\/vosgesinfo.fr\/remiremontinfo\/wp-json\/wp\/v2\/posts\/69726","targetHints":{"allow":["GET"]}}],"collection":[{"href":"https:\/\/vosgesinfo.fr\/remiremontinfo\/wp-json\/wp\/v2\/posts"}],"about":[{"href":"https:\/\/vosgesinfo.fr\/remiremontinfo\/wp-json\/wp\/v2\/types\/post"}],"author":[{"embeddable":true,"href":"https:\/\/vosgesinfo.fr\/remiremontinfo\/wp-json\/wp\/v2\/users\/407"}],"replies":[{"embeddable":true,"href":"https:\/\/vosgesinfo.fr\/remiremontinfo\/wp-json\/wp\/v2\/comments?post=69726"}],"version-history":[{"count":0,"href":"https:\/\/vosgesinfo.fr\/remiremontinfo\/wp-json\/wp\/v2\/posts\/69726\/revisions"}],"wp:featuredmedia":[{"embeddable":true,"href":"https:\/\/vosgesinfo.fr\/remiremontinfo\/wp-json\/wp\/v2\/media\/69727"}],"wp:attachment":[{"href":"https:\/\/vosgesinfo.fr\/remiremontinfo\/wp-json\/wp\/v2\/media?parent=69726"}],"wp:term":[{"taxonomy":"category","embeddable":true,"href":"https:\/\/vosgesinfo.fr\/remiremontinfo\/wp-json\/wp\/v2\/categories?post=69726"},{"taxonomy":"post_tag","embeddable":true,"href":"https:\/\/vosgesinfo.fr\/remiremontinfo\/wp-json\/wp\/v2\/tags?post=69726"}],"curies":[{"name":"wp","href":"https:\/\/api.w.org\/{rel}","templated":true}]}}