{"id":70244,"date":"2023-04-13T08:21:55","date_gmt":"2023-04-13T06:21:55","guid":{"rendered":"https:\/\/vosgesinfo.fr\/remiremontinfo\/2023\/04\/saint-nabord-4eme-edition-raid-dendurance-equestre-aura-lieu-1er-mai\/"},"modified":"2023-04-13T08:21:55","modified_gmt":"2023-04-13T06:21:55","slug":"saint-nabord-4eme-edition-raid-dendurance-equestre-aura-lieu-1er-mai","status":"publish","type":"post","link":"https:\/\/vosgesinfo.fr\/remiremontinfo\/2023\/04\/saint-nabord-4eme-edition-raid-dendurance-equestre-aura-lieu-1er-mai\/","title":{"rendered":"Saint-Nabord : la 4\u00e8me \u00e9dition du Raid d\u2019endurance \u00e9questre aura lieu le 1er mai"},"content":{"rendered":"\n<p><span style=\"font-size: 10pt;\"><em><a href=\"https:\/\/remiremontinfo.fr\/2022\/05\/saint-nabord-quelque-70-cavaliers-depart-3eme-raid-dendurance-equestre\/\">Photos d&rsquo;archive<\/a>\u00a0<\/em><\/span><\/p>\n<h2><strong><span style=\"font-size: 12pt;\">L\u2019association\u00a0EndurEst\u00a0organise la 4\u00e8me \u00e9dition du Raid d\u2019endurance \u00e9questre de Saint-Nabord le lundi 1er mai prochain sur le site des Perrey avec des parcours de 20 \u00e0 100 km,\u00a0en cat\u00e9gorie club, amateur et pr\u00e9paratoire.<\/span><\/strong><\/h2>\n<div class=\"x11i5rnm xat24cr x1mh8g0r x1vvkbs xtlvy1s x126k92a\"><\/div>\n<div class=\"x11i5rnm xat24cr x1mh8g0r x1vvkbs xtlvy1s x126k92a\">\n<div dir=\"auto\">Petite nouveaut\u00e9 cette ann\u00e9e : des \u00e9preuves SHF de 20 \u00e0 80 km. Les infos sur les distances et les horaires de d\u00e9part sont regroup\u00e9es dans le tableau ci dessous. L\u2019\u00e9preuve reine de cette journ\u00e9e, la 100 km \u00e0 vitesse libre,\u00a0sera sous le format 30-21-30-21, donc en 4 boucles pour un total de 102 km. Les contr\u00f4les v\u00e9t\u00e9rinaires se feront le matin m\u00eame \u00e0 partir de 6h30. Les participants peuvent louer des boxes \u00e0 une petite dizaine de minutes du site. Les quantit\u00e9s limit\u00e9es, il est pr\u00e9f\u00e9rable de penser \u00e0 vite r\u00e9server. Renseignements et r\u00e9servations aupr\u00e8s de Sarah Ausseurs Reckel au 06-77-06-51-55.<\/div>\n<\/div>\n<div class=\"x11i5rnm xat24cr x1mh8g0r x1vvkbs xtlvy1s x126k92a\">\n<div dir=\"auto\"><\/div>\n<div dir=\"auto\">\u00ab\u00a0Le parcours est plut\u00f4t technique et vari\u00e9 avec un d\u00e9nivel\u00e9 moyen\u00a0\u00bb, affirme l&rsquo;\u00e9quipe d&rsquo;organisation. \u00ab\u00a0Le terrain comporte des chemins durs et du sous bois. Les bois d\u2019eau\/rigoles en fer ou bois pr\u00e9sentes sur le parcours seront partiellement bouch\u00e9es pour \u00e9viter tout soucis\u00a0\u00bb. Sur la 30 km il y a environ 600 m de d\u00e9nivel\u00e9 positif et elle comporte 4 assistances. Sur la 20 km il y a environ 400 m de d\u00e9nivel\u00e9 positif et elle comporte 3 assistances. Il y aura par ailleurs une buvette et de quoi bien manger : boucherie de Saint-Nabord, frites fra\u00eeches et p\u00e2tisseries maison\u00a0!). Et bien s\u00fbr, une belle remise des prix.\u00a0Avec des troph\u00e9es r\u00e9alis\u00e9s par le vice pr\u00e9sident de l\u2019association.<\/div>\n<\/div>\n<div dir=\"auto\"><\/div>\n<div dir=\"auto\"><span style=\"font-size: 10pt;\"><em>Source :\u00a0<a href=\"https:\/\/www.facebook.com\/profile.php?id=100057493597401\">EndurEst<\/a>\u00a0<\/em><\/span><\/div>\n<div dir=\"auto\"><\/div>\n<div dir=\"auto\">\n\n<p><a href=\"\/2023\/04\/333048839_3385427708363075_5974095537299736998_n.jpg\"><img decoding=\"async\" class=\"alignnone size-large wp-image-368164\" src=\"\/2023\/04\/333048839_3385427708363075_5974095537299736998_n-683x1024.jpg\" alt=\"333048839_3385427708363075_5974095537299736998_n\" width=\"683\" height=\"1024\" \/><\/a><\/p>\n<\/div>\n<div class=\"x11i5rnm xat24cr x1mh8g0r x1vvkbs xtlvy1s x126k92a\"><\/div>\n","protected":false},"excerpt":{"rendered":"<p>Photos d&rsquo;archive\u00a0 L\u2019association\u00a0EndurEst\u00a0organise la 4\u00e8me \u00e9dition du Raid d\u2019endurance \u00e9questre de Saint-Nabord le lundi 1er mai prochain sur le site [&hellip;]<\/p>\n","protected":false},"author":407,"featured_media":70245,"comment_status":"open","ping_status":"open","sticky":false,"template":"","format":"standard","meta":{"footnotes":""},"categories":[26,35,100,14],"tags":[4980,5743,177,5744,42,61,32],"class_list":["post-70244","post","type-post","status-publish","format-standard","has-post-thumbnail","hentry","category-a-la-une","category-remiremont-son-canton","category-saint-nabord","category-sport","tag-chevaux","tag-endurest","tag-equitation","tag-raid-equestre","tag-saint-nabord","tag-sport","tag-vosges"],"acf":[],"yoast_head":"<!-- This site is optimized with the Yoast SEO plugin v22.5 - https:\/\/yoast.com\/wordpress\/plugins\/seo\/ -->\n<title>Saint-Nabord : la 4\u00e8me \u00e9dition du Raid d\u2019endurance \u00e9questre aura lieu le 1er mai - Remiremont Info<\/title>\n<meta name=\"robots\" content=\"index, follow, max-snippet:-1, max-image-preview:large, max-video-preview:-1\" \/>\n<link rel=\"canonical\" href=\"https:\/\/vosgesinfo.fr\/remiremontinfo\/2023\/04\/saint-nabord-4eme-edition-raid-dendurance-equestre-aura-lieu-1er-mai\/\" \/>\n<meta name=\"twitter:card\" content=\"summary_large_image\" \/>\n<meta name=\"twitter:title\" content=\"Saint-Nabord : la 4\u00e8me \u00e9dition du Raid d\u2019endurance \u00e9questre aura lieu le 1er mai - Remiremont Info\" \/>\n<meta name=\"twitter:description\" content=\"Photos d&rsquo;archive\u00a0 L\u2019association\u00a0EndurEst\u00a0organise la 4\u00e8me \u00e9dition du Raid d\u2019endurance \u00e9questre de Saint-Nabord le lundi 1er mai prochain sur le site [&hellip;]\" \/>\n<meta name=\"twitter:image\" content=\"https:\/\/vosgesinfo.fr\/app\/uploads\/sites\/5\/2024\/09\/202304endurest-1.jpg\" \/>\n<meta name=\"twitter:creator\" content=\"@VosgesInfo88\" \/>\n<meta name=\"twitter:site\" content=\"@VosgesInfo88\" \/>\n<meta name=\"twitter:label1\" content=\"\u00c9crit par\" \/>\n\t<meta name=\"twitter:data1\" content=\"C D\" \/>\n\t<meta name=\"twitter:label2\" content=\"Dur\u00e9e de lecture estim\u00e9e\" \/>\n\t<meta name=\"twitter:data2\" content=\"1 minute\" \/>\n<script type=\"application\/ld+json\" class=\"yoast-schema-graph\">{\"@context\":\"https:\/\/schema.org\",\"@graph\":[{\"@type\":\"Article\",\"@id\":\"https:\/\/vosgesinfo.fr\/remiremontinfo\/2023\/04\/saint-nabord-4eme-edition-raid-dendurance-equestre-aura-lieu-1er-mai\/#article\",\"isPartOf\":{\"@id\":\"https:\/\/vosgesinfo.fr\/remiremontinfo\/2023\/04\/saint-nabord-4eme-edition-raid-dendurance-equestre-aura-lieu-1er-mai\/\"},\"author\":{\"name\":\"C D\",\"@id\":\"https:\/\/vosgesinfo.fr\/remiremontinfo\/#\/schema\/person\/3bfd164d5218a185b1db68655a265316\"},\"headline\":\"Saint-Nabord : la 4\u00e8me \u00e9dition du Raid d\u2019endurance \u00e9questre aura lieu le 1er mai\",\"datePublished\":\"2023-04-13T06:21:55+00:00\",\"dateModified\":\"2023-04-13T06:21:55+00:00\",\"mainEntityOfPage\":{\"@id\":\"https:\/\/vosgesinfo.fr\/remiremontinfo\/2023\/04\/saint-nabord-4eme-edition-raid-dendurance-equestre-aura-lieu-1er-mai\/\"},\"wordCount\":313,\"commentCount\":0,\"publisher\":{\"@id\":\"https:\/\/vosgesinfo.fr\/remiremontinfo\/#organization\"},\"image\":{\"@id\":\"https:\/\/vosgesinfo.fr\/remiremontinfo\/2023\/04\/saint-nabord-4eme-edition-raid-dendurance-equestre-aura-lieu-1er-mai\/#primaryimage\"},\"thumbnailUrl\":\"https:\/\/vosgesinfo.fr\/app\/uploads\/sites\/5\/2024\/09\/202304endurest-1.jpg\",\"keywords\":[\"chevaux\",\"endurest\",\"Equitation\",\"raid equestre\",\"saint-nabord\",\"sport\",\"Vosges\"],\"articleSection\":[\"A la Une\",\"Remiremont &amp; son canton\",\"Saint-Nabord\",\"Sport\"],\"inLanguage\":\"fr-FR\",\"potentialAction\":[{\"@type\":\"CommentAction\",\"name\":\"Comment\",\"target\":[\"https:\/\/vosgesinfo.fr\/remiremontinfo\/2023\/04\/saint-nabord-4eme-edition-raid-dendurance-equestre-aura-lieu-1er-mai\/#respond\"]}]},{\"@type\":\"WebPage\",\"@id\":\"https:\/\/vosgesinfo.fr\/remiremontinfo\/2023\/04\/saint-nabord-4eme-edition-raid-dendurance-equestre-aura-lieu-1er-mai\/\",\"url\":\"https:\/\/vosgesinfo.fr\/remiremontinfo\/2023\/04\/saint-nabord-4eme-edition-raid-dendurance-equestre-aura-lieu-1er-mai\/\",\"name\":\"Saint-Nabord : la 4\u00e8me \u00e9dition du Raid d\u2019endurance \u00e9questre aura lieu le 1er mai - Remiremont Info\",\"isPartOf\":{\"@id\":\"https:\/\/vosgesinfo.fr\/remiremontinfo\/#website\"},\"primaryImageOfPage\":{\"@id\":\"https:\/\/vosgesinfo.fr\/remiremontinfo\/2023\/04\/saint-nabord-4eme-edition-raid-dendurance-equestre-aura-lieu-1er-mai\/#primaryimage\"},\"image\":{\"@id\":\"https:\/\/vosgesinfo.fr\/remiremontinfo\/2023\/04\/saint-nabord-4eme-edition-raid-dendurance-equestre-aura-lieu-1er-mai\/#primaryimage\"},\"thumbnailUrl\":\"https:\/\/vosgesinfo.fr\/app\/uploads\/sites\/5\/2024\/09\/202304endurest-1.jpg\",\"datePublished\":\"2023-04-13T06:21:55+00:00\",\"dateModified\":\"2023-04-13T06:21:55+00:00\",\"breadcrumb\":{\"@id\":\"https:\/\/vosgesinfo.fr\/remiremontinfo\/2023\/04\/saint-nabord-4eme-edition-raid-dendurance-equestre-aura-lieu-1er-mai\/#breadcrumb\"},\"inLanguage\":\"fr-FR\",\"potentialAction\":[{\"@type\":\"ReadAction\",\"target\":[\"https:\/\/vosgesinfo.fr\/remiremontinfo\/2023\/04\/saint-nabord-4eme-edition-raid-dendurance-equestre-aura-lieu-1er-mai\/\"]}]},{\"@type\":\"ImageObject\",\"inLanguage\":\"fr-FR\",\"@id\":\"https:\/\/vosgesinfo.fr\/remiremontinfo\/2023\/04\/saint-nabord-4eme-edition-raid-dendurance-equestre-aura-lieu-1er-mai\/#primaryimage\",\"url\":\"https:\/\/vosgesinfo.fr\/app\/uploads\/sites\/5\/2024\/09\/202304endurest-1.jpg\",\"contentUrl\":\"https:\/\/vosgesinfo.fr\/app\/uploads\/sites\/5\/2024\/09\/202304endurest-1.jpg\",\"width\":1507,\"height\":1130},{\"@type\":\"BreadcrumbList\",\"@id\":\"https:\/\/vosgesinfo.fr\/remiremontinfo\/2023\/04\/saint-nabord-4eme-edition-raid-dendurance-equestre-aura-lieu-1er-mai\/#breadcrumb\",\"itemListElement\":[{\"@type\":\"ListItem\",\"position\":1,\"name\":\"Home\",\"item\":\"https:\/\/vosgesinfo.fr\/remiremontinfo\/\"},{\"@type\":\"ListItem\",\"position\":2,\"name\":\"Saint-Nabord : la 4\u00e8me \u00e9dition du Raid d\u2019endurance \u00e9questre aura lieu le 1er mai\"}]},{\"@type\":\"WebSite\",\"@id\":\"https:\/\/vosgesinfo.fr\/remiremontinfo\/#website\",\"url\":\"https:\/\/vosgesinfo.fr\/remiremontinfo\/\",\"name\":\"Remiremont Info\",\"description\":\"Toute l&#039;actualit\u00e9 de Remiremont\",\"publisher\":{\"@id\":\"https:\/\/vosgesinfo.fr\/remiremontinfo\/#organization\"},\"alternateName\":\"Toute l'actualit\u00e9 de Remiremont\",\"potentialAction\":[{\"@type\":\"SearchAction\",\"target\":{\"@type\":\"EntryPoint\",\"urlTemplate\":\"https:\/\/vosgesinfo.fr\/remiremontinfo\/?s={search_term_string}\"},\"query-input\":\"required name=search_term_string\"}],\"inLanguage\":\"fr-FR\"},{\"@type\":\"Organization\",\"@id\":\"https:\/\/vosgesinfo.fr\/remiremontinfo\/#organization\",\"name\":\"Remiremont Info\",\"url\":\"https:\/\/vosgesinfo.fr\/remiremontinfo\/\",\"logo\":{\"@type\":\"ImageObject\",\"inLanguage\":\"fr-FR\",\"@id\":\"https:\/\/vosgesinfo.fr\/remiremontinfo\/#\/schema\/logo\/image\/\",\"url\":\"https:\/\/vosgesinfo.fr\/app\/uploads\/sites\/5\/2023\/08\/favicon-remiremontinfo.png\",\"contentUrl\":\"https:\/\/vosgesinfo.fr\/app\/uploads\/sites\/5\/2023\/08\/favicon-remiremontinfo.png\",\"width\":512,\"height\":512,\"caption\":\"Remiremont Info\"},\"image\":{\"@id\":\"https:\/\/vosgesinfo.fr\/remiremontinfo\/#\/schema\/logo\/image\/\"},\"sameAs\":[\"https:\/\/www.facebook.com\/remiremontinfo\",\"https:\/\/x.com\/VosgesInfo88\",\"https:\/\/www.youtube.com\/@vosgesinfo\"]},{\"@type\":\"Person\",\"@id\":\"https:\/\/vosgesinfo.fr\/remiremontinfo\/#\/schema\/person\/3bfd164d5218a185b1db68655a265316\",\"name\":\"C D\",\"image\":{\"@type\":\"ImageObject\",\"inLanguage\":\"fr-FR\",\"@id\":\"https:\/\/vosgesinfo.fr\/remiremontinfo\/#\/schema\/person\/image\/\",\"url\":\"https:\/\/secure.gravatar.com\/avatar\/1f9a70007336511a47468b8f1c66f922b8b7cf617b02a31149ada43893a5d48f?s=96&d=mm&r=g\",\"contentUrl\":\"https:\/\/secure.gravatar.com\/avatar\/1f9a70007336511a47468b8f1c66f922b8b7cf617b02a31149ada43893a5d48f?s=96&d=mm&r=g\",\"caption\":\"C D\"},\"url\":\"https:\/\/vosgesinfo.fr\/remiremontinfo\/author\/cedric-drevet\/\"}]}<\/script>\n<!-- \/ Yoast SEO plugin. -->","yoast_head_json":{"title":"Saint-Nabord : la 4\u00e8me \u00e9dition du Raid d\u2019endurance \u00e9questre aura lieu le 1er mai - Remiremont Info","robots":{"index":"index","follow":"follow","max-snippet":"max-snippet:-1","max-image-preview":"max-image-preview:large","max-video-preview":"max-video-preview:-1"},"canonical":"https:\/\/vosgesinfo.fr\/remiremontinfo\/2023\/04\/saint-nabord-4eme-edition-raid-dendurance-equestre-aura-lieu-1er-mai\/","twitter_card":"summary_large_image","twitter_title":"Saint-Nabord : la 4\u00e8me \u00e9dition du Raid d\u2019endurance \u00e9questre aura lieu le 1er mai - Remiremont Info","twitter_description":"Photos d&rsquo;archive\u00a0 L\u2019association\u00a0EndurEst\u00a0organise la 4\u00e8me \u00e9dition du Raid d\u2019endurance \u00e9questre de Saint-Nabord le lundi 1er mai prochain sur le site [&hellip;]","twitter_image":"https:\/\/vosgesinfo.fr\/app\/uploads\/sites\/5\/2024\/09\/202304endurest-1.jpg","twitter_creator":"@VosgesInfo88","twitter_site":"@VosgesInfo88","twitter_misc":{"\u00c9crit par":"C D","Dur\u00e9e de lecture estim\u00e9e":"1 minute"},"schema":{"@context":"https:\/\/schema.org","@graph":[{"@type":"Article","@id":"https:\/\/vosgesinfo.fr\/remiremontinfo\/2023\/04\/saint-nabord-4eme-edition-raid-dendurance-equestre-aura-lieu-1er-mai\/#article","isPartOf":{"@id":"https:\/\/vosgesinfo.fr\/remiremontinfo\/2023\/04\/saint-nabord-4eme-edition-raid-dendurance-equestre-aura-lieu-1er-mai\/"},"author":{"name":"C D","@id":"https:\/\/vosgesinfo.fr\/remiremontinfo\/#\/schema\/person\/3bfd164d5218a185b1db68655a265316"},"headline":"Saint-Nabord : la 4\u00e8me \u00e9dition du Raid d\u2019endurance \u00e9questre aura lieu le 1er mai","datePublished":"2023-04-13T06:21:55+00:00","dateModified":"2023-04-13T06:21:55+00:00","mainEntityOfPage":{"@id":"https:\/\/vosgesinfo.fr\/remiremontinfo\/2023\/04\/saint-nabord-4eme-edition-raid-dendurance-equestre-aura-lieu-1er-mai\/"},"wordCount":313,"commentCount":0,"publisher":{"@id":"https:\/\/vosgesinfo.fr\/remiremontinfo\/#organization"},"image":{"@id":"https:\/\/vosgesinfo.fr\/remiremontinfo\/2023\/04\/saint-nabord-4eme-edition-raid-dendurance-equestre-aura-lieu-1er-mai\/#primaryimage"},"thumbnailUrl":"https:\/\/vosgesinfo.fr\/app\/uploads\/sites\/5\/2024\/09\/202304endurest-1.jpg","keywords":["chevaux","endurest","Equitation","raid equestre","saint-nabord","sport","Vosges"],"articleSection":["A la Une","Remiremont &amp; son canton","Saint-Nabord","Sport"],"inLanguage":"fr-FR","potentialAction":[{"@type":"CommentAction","name":"Comment","target":["https:\/\/vosgesinfo.fr\/remiremontinfo\/2023\/04\/saint-nabord-4eme-edition-raid-dendurance-equestre-aura-lieu-1er-mai\/#respond"]}]},{"@type":"WebPage","@id":"https:\/\/vosgesinfo.fr\/remiremontinfo\/2023\/04\/saint-nabord-4eme-edition-raid-dendurance-equestre-aura-lieu-1er-mai\/","url":"https:\/\/vosgesinfo.fr\/remiremontinfo\/2023\/04\/saint-nabord-4eme-edition-raid-dendurance-equestre-aura-lieu-1er-mai\/","name":"Saint-Nabord : la 4\u00e8me \u00e9dition du Raid d\u2019endurance \u00e9questre aura lieu le 1er mai - Remiremont Info","isPartOf":{"@id":"https:\/\/vosgesinfo.fr\/remiremontinfo\/#website"},"primaryImageOfPage":{"@id":"https:\/\/vosgesinfo.fr\/remiremontinfo\/2023\/04\/saint-nabord-4eme-edition-raid-dendurance-equestre-aura-lieu-1er-mai\/#primaryimage"},"image":{"@id":"https:\/\/vosgesinfo.fr\/remiremontinfo\/2023\/04\/saint-nabord-4eme-edition-raid-dendurance-equestre-aura-lieu-1er-mai\/#primaryimage"},"thumbnailUrl":"https:\/\/vosgesinfo.fr\/app\/uploads\/sites\/5\/2024\/09\/202304endurest-1.jpg","datePublished":"2023-04-13T06:21:55+00:00","dateModified":"2023-04-13T06:21:55+00:00","breadcrumb":{"@id":"https:\/\/vosgesinfo.fr\/remiremontinfo\/2023\/04\/saint-nabord-4eme-edition-raid-dendurance-equestre-aura-lieu-1er-mai\/#breadcrumb"},"inLanguage":"fr-FR","potentialAction":[{"@type":"ReadAction","target":["https:\/\/vosgesinfo.fr\/remiremontinfo\/2023\/04\/saint-nabord-4eme-edition-raid-dendurance-equestre-aura-lieu-1er-mai\/"]}]},{"@type":"ImageObject","inLanguage":"fr-FR","@id":"https:\/\/vosgesinfo.fr\/remiremontinfo\/2023\/04\/saint-nabord-4eme-edition-raid-dendurance-equestre-aura-lieu-1er-mai\/#primaryimage","url":"https:\/\/vosgesinfo.fr\/app\/uploads\/sites\/5\/2024\/09\/202304endurest-1.jpg","contentUrl":"https:\/\/vosgesinfo.fr\/app\/uploads\/sites\/5\/2024\/09\/202304endurest-1.jpg","width":1507,"height":1130},{"@type":"BreadcrumbList","@id":"https:\/\/vosgesinfo.fr\/remiremontinfo\/2023\/04\/saint-nabord-4eme-edition-raid-dendurance-equestre-aura-lieu-1er-mai\/#breadcrumb","itemListElement":[{"@type":"ListItem","position":1,"name":"Home","item":"https:\/\/vosgesinfo.fr\/remiremontinfo\/"},{"@type":"ListItem","position":2,"name":"Saint-Nabord : la 4\u00e8me \u00e9dition du Raid d\u2019endurance \u00e9questre aura lieu le 1er mai"}]},{"@type":"WebSite","@id":"https:\/\/vosgesinfo.fr\/remiremontinfo\/#website","url":"https:\/\/vosgesinfo.fr\/remiremontinfo\/","name":"Remiremont Info","description":"Toute l&#039;actualit\u00e9 de Remiremont","publisher":{"@id":"https:\/\/vosgesinfo.fr\/remiremontinfo\/#organization"},"alternateName":"Toute l'actualit\u00e9 de Remiremont","potentialAction":[{"@type":"SearchAction","target":{"@type":"EntryPoint","urlTemplate":"https:\/\/vosgesinfo.fr\/remiremontinfo\/?s={search_term_string}"},"query-input":"required name=search_term_string"}],"inLanguage":"fr-FR"},{"@type":"Organization","@id":"https:\/\/vosgesinfo.fr\/remiremontinfo\/#organization","name":"Remiremont Info","url":"https:\/\/vosgesinfo.fr\/remiremontinfo\/","logo":{"@type":"ImageObject","inLanguage":"fr-FR","@id":"https:\/\/vosgesinfo.fr\/remiremontinfo\/#\/schema\/logo\/image\/","url":"https:\/\/vosgesinfo.fr\/app\/uploads\/sites\/5\/2023\/08\/favicon-remiremontinfo.png","contentUrl":"https:\/\/vosgesinfo.fr\/app\/uploads\/sites\/5\/2023\/08\/favicon-remiremontinfo.png","width":512,"height":512,"caption":"Remiremont Info"},"image":{"@id":"https:\/\/vosgesinfo.fr\/remiremontinfo\/#\/schema\/logo\/image\/"},"sameAs":["https:\/\/www.facebook.com\/remiremontinfo","https:\/\/x.com\/VosgesInfo88","https:\/\/www.youtube.com\/@vosgesinfo"]},{"@type":"Person","@id":"https:\/\/vosgesinfo.fr\/remiremontinfo\/#\/schema\/person\/3bfd164d5218a185b1db68655a265316","name":"C D","image":{"@type":"ImageObject","inLanguage":"fr-FR","@id":"https:\/\/vosgesinfo.fr\/remiremontinfo\/#\/schema\/person\/image\/","url":"https:\/\/secure.gravatar.com\/avatar\/1f9a70007336511a47468b8f1c66f922b8b7cf617b02a31149ada43893a5d48f?s=96&d=mm&r=g","contentUrl":"https:\/\/secure.gravatar.com\/avatar\/1f9a70007336511a47468b8f1c66f922b8b7cf617b02a31149ada43893a5d48f?s=96&d=mm&r=g","caption":"C D"},"url":"https:\/\/vosgesinfo.fr\/remiremontinfo\/author\/cedric-drevet\/"}]}},"_links":{"self":[{"href":"https:\/\/vosgesinfo.fr\/remiremontinfo\/wp-json\/wp\/v2\/posts\/70244","targetHints":{"allow":["GET"]}}],"collection":[{"href":"https:\/\/vosgesinfo.fr\/remiremontinfo\/wp-json\/wp\/v2\/posts"}],"about":[{"href":"https:\/\/vosgesinfo.fr\/remiremontinfo\/wp-json\/wp\/v2\/types\/post"}],"author":[{"embeddable":true,"href":"https:\/\/vosgesinfo.fr\/remiremontinfo\/wp-json\/wp\/v2\/users\/407"}],"replies":[{"embeddable":true,"href":"https:\/\/vosgesinfo.fr\/remiremontinfo\/wp-json\/wp\/v2\/comments?post=70244"}],"version-history":[{"count":0,"href":"https:\/\/vosgesinfo.fr\/remiremontinfo\/wp-json\/wp\/v2\/posts\/70244\/revisions"}],"wp:featuredmedia":[{"embeddable":true,"href":"https:\/\/vosgesinfo.fr\/remiremontinfo\/wp-json\/wp\/v2\/media\/70245"}],"wp:attachment":[{"href":"https:\/\/vosgesinfo.fr\/remiremontinfo\/wp-json\/wp\/v2\/media?parent=70244"}],"wp:term":[{"taxonomy":"category","embeddable":true,"href":"https:\/\/vosgesinfo.fr\/remiremontinfo\/wp-json\/wp\/v2\/categories?post=70244"},{"taxonomy":"post_tag","embeddable":true,"href":"https:\/\/vosgesinfo.fr\/remiremontinfo\/wp-json\/wp\/v2\/tags?post=70244"}],"curies":[{"name":"wp","href":"https:\/\/api.w.org\/{rel}","templated":true}]}}