{"id":70299,"date":"2023-04-14T08:01:23","date_gmt":"2023-04-14T06:01:23","guid":{"rendered":"https:\/\/vosgesinfo.fr\/remiremontinfo\/2023\/04\/saint-etienne-enfants-decouvrent-metier-de-sapeur-pompier-a-lecole-de-seux\/"},"modified":"2023-04-14T08:01:23","modified_gmt":"2023-04-14T06:01:23","slug":"saint-etienne-enfants-decouvrent-metier-de-sapeur-pompier-a-lecole-de-seux","status":"publish","type":"post","link":"https:\/\/vosgesinfo.fr\/remiremontinfo\/2023\/04\/saint-etienne-enfants-decouvrent-metier-de-sapeur-pompier-a-lecole-de-seux\/","title":{"rendered":"Saint-Etienne\u00a0: les enfants d\u00e9couvrent le m\u00e9tier de sapeur-pompier \u00e0 l\u2019\u00e9cole de Seux"},"content":{"rendered":"\n<h2><span style=\"font-size: 12pt;\"><strong>C\u2019est une op\u00e9ration un peu sp\u00e9ciale pour les sapeurs-pompiers. Ce vendredi matin, ils interviennent \u00e0 l\u2019\u00e9cole de Seux, \u00e0 Saint-Etienne-les-Remiremont. Une matin\u00e9e vraiment pas comme les autres pour les \u00e9coliers, \u00e0 la veille des vacances scolaires. Les \u00e9l\u00e8ves des diff\u00e9rentes classes, rassembl\u00e9s dans la cour, sont tr\u00e8s enthousiastes. Les sapeurs-pompiers leur ont pr\u00e9par\u00e9 un beau programme.<\/strong><\/span><\/h2>\n<p>Le b\u00e2timent a \u00e9t\u00e9 \u00e9vacu\u00e9 en d\u00e9but de matin\u00e9e. De la fum\u00e9e a \u00e9t\u00e9 propag\u00e9e \u00e0 l\u2019int\u00e9rieur, pour ajouter au r\u00e9alisme de l\u2019exercice. Diff\u00e9rents ateliers ont \u00e9t\u00e9 mis en place. Les \u00e9coliers vont de l\u2019un \u00e0 l\u2019autre par petits groupes, pour d\u00e9couvrir diff\u00e9rents v\u00e9hicules et \u00e9quipements. Les activit\u00e9s sont adapt\u00e9s selon les \u00e2ges des enfants. Au programme\u00a0: d\u00e9couverte du mat\u00e9riel, des v\u00e9hicules d\u2019intervention, camion et ambulance, essai de l\u2019\u00e9quipement, des casques, des vestes, des bouteilles, des divers outils utilis\u00e9s pour le secours. Les \u00e9coliers posent des questions, et les sapeurs pompiers apportent toutes les explications sur les interventions, les proc\u00e9dures suivies, l\u2019utilisation des v\u00e9hicules et du mat\u00e9riel. Cette matin\u00e9e peut notamment aider les \u00e9coliers a bien conna\u00eetre le fonctionnement des sapeurs-pompiers. L\u2019op\u00e9ration doit avoir lieu dans les neuf \u00e9coles ayant particip\u00e9 aux 300 ans du centre de secours de Remiremont en r\u00e9alisant des dessins. Une intervention par semaine environ. Les \u00e9l\u00e8ves de l\u2019\u00e9cole de Seux semblent pour leur part ravis de participer \u00e0 cet \u00e9v\u00e9nement.<\/p>\n\n","protected":false},"excerpt":{"rendered":"<p>C\u2019est une op\u00e9ration un peu sp\u00e9ciale pour les sapeurs-pompiers. Ce vendredi matin, ils interviennent \u00e0 l\u2019\u00e9cole de Seux, \u00e0 Saint-Etienne-les-Remiremont. [&hellip;]<\/p>\n","protected":false},"author":407,"featured_media":70300,"comment_status":"open","ping_status":"open","sticky":false,"template":"","format":"standard","meta":{"footnotes":""},"categories":[26,165,35,155],"tags":[1489,5749,2209,81,3207,148,156,1963,32],"class_list":["post-70299","post","type-post","status-publish","format-standard","has-post-thumbnail","hentry","category-a-la-une","category-enseignement","category-remiremont-son-canton","category-saint-etienne","tag-decouverte","tag-ecole-de-seux","tag-ecoliers","tag-enseignement","tag-exercice","tag-pompiers","tag-saint-etienne","tag-sapeurs-pompiers","tag-vosges"],"acf":[],"yoast_head":"<!-- This site is optimized with the Yoast SEO plugin v22.5 - https:\/\/yoast.com\/wordpress\/plugins\/seo\/ -->\n<title>Saint-Etienne\u00a0: les enfants d\u00e9couvrent le m\u00e9tier de sapeur-pompier \u00e0 l\u2019\u00e9cole de Seux - Remiremont Info<\/title>\n<meta name=\"robots\" content=\"index, follow, max-snippet:-1, max-image-preview:large, max-video-preview:-1\" \/>\n<link rel=\"canonical\" href=\"https:\/\/vosgesinfo.fr\/remiremontinfo\/2023\/04\/saint-etienne-enfants-decouvrent-metier-de-sapeur-pompier-a-lecole-de-seux\/\" \/>\n<meta name=\"twitter:card\" content=\"summary_large_image\" \/>\n<meta name=\"twitter:title\" content=\"Saint-Etienne\u00a0: les enfants d\u00e9couvrent le m\u00e9tier de sapeur-pompier \u00e0 l\u2019\u00e9cole de Seux - Remiremont Info\" \/>\n<meta name=\"twitter:description\" content=\"C\u2019est une op\u00e9ration un peu sp\u00e9ciale pour les sapeurs-pompiers. Ce vendredi matin, ils interviennent \u00e0 l\u2019\u00e9cole de Seux, \u00e0 Saint-Etienne-les-Remiremont. [&hellip;]\" \/>\n<meta name=\"twitter:image\" content=\"https:\/\/vosgesinfo.fr\/app\/uploads\/sites\/5\/2024\/09\/202304pompiers-ecole-de-seux-34.jpg\" \/>\n<meta name=\"twitter:creator\" content=\"@VosgesInfo88\" \/>\n<meta name=\"twitter:site\" content=\"@VosgesInfo88\" \/>\n<meta name=\"twitter:label1\" content=\"\u00c9crit par\" \/>\n\t<meta name=\"twitter:data1\" content=\"C D\" \/>\n\t<meta name=\"twitter:label2\" content=\"Dur\u00e9e de lecture estim\u00e9e\" \/>\n\t<meta name=\"twitter:data2\" content=\"1 minute\" \/>\n<script type=\"application\/ld+json\" class=\"yoast-schema-graph\">{\"@context\":\"https:\/\/schema.org\",\"@graph\":[{\"@type\":\"Article\",\"@id\":\"https:\/\/vosgesinfo.fr\/remiremontinfo\/2023\/04\/saint-etienne-enfants-decouvrent-metier-de-sapeur-pompier-a-lecole-de-seux\/#article\",\"isPartOf\":{\"@id\":\"https:\/\/vosgesinfo.fr\/remiremontinfo\/2023\/04\/saint-etienne-enfants-decouvrent-metier-de-sapeur-pompier-a-lecole-de-seux\/\"},\"author\":{\"name\":\"C D\",\"@id\":\"https:\/\/vosgesinfo.fr\/remiremontinfo\/#\/schema\/person\/3bfd164d5218a185b1db68655a265316\"},\"headline\":\"Saint-Etienne\u00a0: les enfants d\u00e9couvrent le m\u00e9tier de sapeur-pompier \u00e0 l\u2019\u00e9cole de Seux\",\"datePublished\":\"2023-04-14T06:01:23+00:00\",\"dateModified\":\"2023-04-14T06:01:23+00:00\",\"mainEntityOfPage\":{\"@id\":\"https:\/\/vosgesinfo.fr\/remiremontinfo\/2023\/04\/saint-etienne-enfants-decouvrent-metier-de-sapeur-pompier-a-lecole-de-seux\/\"},\"wordCount\":291,\"commentCount\":0,\"publisher\":{\"@id\":\"https:\/\/vosgesinfo.fr\/remiremontinfo\/#organization\"},\"image\":{\"@id\":\"https:\/\/vosgesinfo.fr\/remiremontinfo\/2023\/04\/saint-etienne-enfants-decouvrent-metier-de-sapeur-pompier-a-lecole-de-seux\/#primaryimage\"},\"thumbnailUrl\":\"https:\/\/vosgesinfo.fr\/app\/uploads\/sites\/5\/2024\/09\/202304pompiers-ecole-de-seux-34.jpg\",\"keywords\":[\"d\u00e9couverte\",\"ecole de seux\",\"Ecoliers\",\"Enseignement\",\"exercice\",\"pompiers\",\"saint \u00e9tienne\",\"sapeurs-pompiers\",\"Vosges\"],\"articleSection\":[\"A la Une\",\"Enseignement\",\"Remiremont &amp; son canton\",\"Saint-Etienne\"],\"inLanguage\":\"fr-FR\",\"potentialAction\":[{\"@type\":\"CommentAction\",\"name\":\"Comment\",\"target\":[\"https:\/\/vosgesinfo.fr\/remiremontinfo\/2023\/04\/saint-etienne-enfants-decouvrent-metier-de-sapeur-pompier-a-lecole-de-seux\/#respond\"]}]},{\"@type\":\"WebPage\",\"@id\":\"https:\/\/vosgesinfo.fr\/remiremontinfo\/2023\/04\/saint-etienne-enfants-decouvrent-metier-de-sapeur-pompier-a-lecole-de-seux\/\",\"url\":\"https:\/\/vosgesinfo.fr\/remiremontinfo\/2023\/04\/saint-etienne-enfants-decouvrent-metier-de-sapeur-pompier-a-lecole-de-seux\/\",\"name\":\"Saint-Etienne\u00a0: les enfants d\u00e9couvrent le m\u00e9tier de sapeur-pompier \u00e0 l\u2019\u00e9cole de Seux - Remiremont Info\",\"isPartOf\":{\"@id\":\"https:\/\/vosgesinfo.fr\/remiremontinfo\/#website\"},\"primaryImageOfPage\":{\"@id\":\"https:\/\/vosgesinfo.fr\/remiremontinfo\/2023\/04\/saint-etienne-enfants-decouvrent-metier-de-sapeur-pompier-a-lecole-de-seux\/#primaryimage\"},\"image\":{\"@id\":\"https:\/\/vosgesinfo.fr\/remiremontinfo\/2023\/04\/saint-etienne-enfants-decouvrent-metier-de-sapeur-pompier-a-lecole-de-seux\/#primaryimage\"},\"thumbnailUrl\":\"https:\/\/vosgesinfo.fr\/app\/uploads\/sites\/5\/2024\/09\/202304pompiers-ecole-de-seux-34.jpg\",\"datePublished\":\"2023-04-14T06:01:23+00:00\",\"dateModified\":\"2023-04-14T06:01:23+00:00\",\"breadcrumb\":{\"@id\":\"https:\/\/vosgesinfo.fr\/remiremontinfo\/2023\/04\/saint-etienne-enfants-decouvrent-metier-de-sapeur-pompier-a-lecole-de-seux\/#breadcrumb\"},\"inLanguage\":\"fr-FR\",\"potentialAction\":[{\"@type\":\"ReadAction\",\"target\":[\"https:\/\/vosgesinfo.fr\/remiremontinfo\/2023\/04\/saint-etienne-enfants-decouvrent-metier-de-sapeur-pompier-a-lecole-de-seux\/\"]}]},{\"@type\":\"ImageObject\",\"inLanguage\":\"fr-FR\",\"@id\":\"https:\/\/vosgesinfo.fr\/remiremontinfo\/2023\/04\/saint-etienne-enfants-decouvrent-metier-de-sapeur-pompier-a-lecole-de-seux\/#primaryimage\",\"url\":\"https:\/\/vosgesinfo.fr\/app\/uploads\/sites\/5\/2024\/09\/202304pompiers-ecole-de-seux-34.jpg\",\"contentUrl\":\"https:\/\/vosgesinfo.fr\/app\/uploads\/sites\/5\/2024\/09\/202304pompiers-ecole-de-seux-34.jpg\",\"width\":1600,\"height\":1193},{\"@type\":\"BreadcrumbList\",\"@id\":\"https:\/\/vosgesinfo.fr\/remiremontinfo\/2023\/04\/saint-etienne-enfants-decouvrent-metier-de-sapeur-pompier-a-lecole-de-seux\/#breadcrumb\",\"itemListElement\":[{\"@type\":\"ListItem\",\"position\":1,\"name\":\"Home\",\"item\":\"https:\/\/vosgesinfo.fr\/remiremontinfo\/\"},{\"@type\":\"ListItem\",\"position\":2,\"name\":\"Saint-Etienne\u00a0: les enfants d\u00e9couvrent le m\u00e9tier de sapeur-pompier \u00e0 l\u2019\u00e9cole de Seux\"}]},{\"@type\":\"WebSite\",\"@id\":\"https:\/\/vosgesinfo.fr\/remiremontinfo\/#website\",\"url\":\"https:\/\/vosgesinfo.fr\/remiremontinfo\/\",\"name\":\"Remiremont Info\",\"description\":\"Toute l&#039;actualit\u00e9 de Remiremont\",\"publisher\":{\"@id\":\"https:\/\/vosgesinfo.fr\/remiremontinfo\/#organization\"},\"alternateName\":\"Toute l'actualit\u00e9 de Remiremont\",\"potentialAction\":[{\"@type\":\"SearchAction\",\"target\":{\"@type\":\"EntryPoint\",\"urlTemplate\":\"https:\/\/vosgesinfo.fr\/remiremontinfo\/?s={search_term_string}\"},\"query-input\":\"required name=search_term_string\"}],\"inLanguage\":\"fr-FR\"},{\"@type\":\"Organization\",\"@id\":\"https:\/\/vosgesinfo.fr\/remiremontinfo\/#organization\",\"name\":\"Remiremont Info\",\"url\":\"https:\/\/vosgesinfo.fr\/remiremontinfo\/\",\"logo\":{\"@type\":\"ImageObject\",\"inLanguage\":\"fr-FR\",\"@id\":\"https:\/\/vosgesinfo.fr\/remiremontinfo\/#\/schema\/logo\/image\/\",\"url\":\"https:\/\/vosgesinfo.fr\/app\/uploads\/sites\/5\/2023\/08\/favicon-remiremontinfo.png\",\"contentUrl\":\"https:\/\/vosgesinfo.fr\/app\/uploads\/sites\/5\/2023\/08\/favicon-remiremontinfo.png\",\"width\":512,\"height\":512,\"caption\":\"Remiremont Info\"},\"image\":{\"@id\":\"https:\/\/vosgesinfo.fr\/remiremontinfo\/#\/schema\/logo\/image\/\"},\"sameAs\":[\"https:\/\/www.facebook.com\/remiremontinfo\",\"https:\/\/x.com\/VosgesInfo88\",\"https:\/\/www.youtube.com\/@vosgesinfo\"]},{\"@type\":\"Person\",\"@id\":\"https:\/\/vosgesinfo.fr\/remiremontinfo\/#\/schema\/person\/3bfd164d5218a185b1db68655a265316\",\"name\":\"C D\",\"image\":{\"@type\":\"ImageObject\",\"inLanguage\":\"fr-FR\",\"@id\":\"https:\/\/vosgesinfo.fr\/remiremontinfo\/#\/schema\/person\/image\/\",\"url\":\"https:\/\/secure.gravatar.com\/avatar\/1f9a70007336511a47468b8f1c66f922b8b7cf617b02a31149ada43893a5d48f?s=96&d=mm&r=g\",\"contentUrl\":\"https:\/\/secure.gravatar.com\/avatar\/1f9a70007336511a47468b8f1c66f922b8b7cf617b02a31149ada43893a5d48f?s=96&d=mm&r=g\",\"caption\":\"C D\"},\"url\":\"https:\/\/vosgesinfo.fr\/remiremontinfo\/author\/cedric-drevet\/\"}]}<\/script>\n<!-- \/ Yoast SEO plugin. -->","yoast_head_json":{"title":"Saint-Etienne\u00a0: les enfants d\u00e9couvrent le m\u00e9tier de sapeur-pompier \u00e0 l\u2019\u00e9cole de Seux - Remiremont Info","robots":{"index":"index","follow":"follow","max-snippet":"max-snippet:-1","max-image-preview":"max-image-preview:large","max-video-preview":"max-video-preview:-1"},"canonical":"https:\/\/vosgesinfo.fr\/remiremontinfo\/2023\/04\/saint-etienne-enfants-decouvrent-metier-de-sapeur-pompier-a-lecole-de-seux\/","twitter_card":"summary_large_image","twitter_title":"Saint-Etienne\u00a0: les enfants d\u00e9couvrent le m\u00e9tier de sapeur-pompier \u00e0 l\u2019\u00e9cole de Seux - Remiremont Info","twitter_description":"C\u2019est une op\u00e9ration un peu sp\u00e9ciale pour les sapeurs-pompiers. Ce vendredi matin, ils interviennent \u00e0 l\u2019\u00e9cole de Seux, \u00e0 Saint-Etienne-les-Remiremont. [&hellip;]","twitter_image":"https:\/\/vosgesinfo.fr\/app\/uploads\/sites\/5\/2024\/09\/202304pompiers-ecole-de-seux-34.jpg","twitter_creator":"@VosgesInfo88","twitter_site":"@VosgesInfo88","twitter_misc":{"\u00c9crit par":"C D","Dur\u00e9e de lecture estim\u00e9e":"1 minute"},"schema":{"@context":"https:\/\/schema.org","@graph":[{"@type":"Article","@id":"https:\/\/vosgesinfo.fr\/remiremontinfo\/2023\/04\/saint-etienne-enfants-decouvrent-metier-de-sapeur-pompier-a-lecole-de-seux\/#article","isPartOf":{"@id":"https:\/\/vosgesinfo.fr\/remiremontinfo\/2023\/04\/saint-etienne-enfants-decouvrent-metier-de-sapeur-pompier-a-lecole-de-seux\/"},"author":{"name":"C D","@id":"https:\/\/vosgesinfo.fr\/remiremontinfo\/#\/schema\/person\/3bfd164d5218a185b1db68655a265316"},"headline":"Saint-Etienne\u00a0: les enfants d\u00e9couvrent le m\u00e9tier de sapeur-pompier \u00e0 l\u2019\u00e9cole de Seux","datePublished":"2023-04-14T06:01:23+00:00","dateModified":"2023-04-14T06:01:23+00:00","mainEntityOfPage":{"@id":"https:\/\/vosgesinfo.fr\/remiremontinfo\/2023\/04\/saint-etienne-enfants-decouvrent-metier-de-sapeur-pompier-a-lecole-de-seux\/"},"wordCount":291,"commentCount":0,"publisher":{"@id":"https:\/\/vosgesinfo.fr\/remiremontinfo\/#organization"},"image":{"@id":"https:\/\/vosgesinfo.fr\/remiremontinfo\/2023\/04\/saint-etienne-enfants-decouvrent-metier-de-sapeur-pompier-a-lecole-de-seux\/#primaryimage"},"thumbnailUrl":"https:\/\/vosgesinfo.fr\/app\/uploads\/sites\/5\/2024\/09\/202304pompiers-ecole-de-seux-34.jpg","keywords":["d\u00e9couverte","ecole de seux","Ecoliers","Enseignement","exercice","pompiers","saint \u00e9tienne","sapeurs-pompiers","Vosges"],"articleSection":["A la Une","Enseignement","Remiremont &amp; son canton","Saint-Etienne"],"inLanguage":"fr-FR","potentialAction":[{"@type":"CommentAction","name":"Comment","target":["https:\/\/vosgesinfo.fr\/remiremontinfo\/2023\/04\/saint-etienne-enfants-decouvrent-metier-de-sapeur-pompier-a-lecole-de-seux\/#respond"]}]},{"@type":"WebPage","@id":"https:\/\/vosgesinfo.fr\/remiremontinfo\/2023\/04\/saint-etienne-enfants-decouvrent-metier-de-sapeur-pompier-a-lecole-de-seux\/","url":"https:\/\/vosgesinfo.fr\/remiremontinfo\/2023\/04\/saint-etienne-enfants-decouvrent-metier-de-sapeur-pompier-a-lecole-de-seux\/","name":"Saint-Etienne\u00a0: les enfants d\u00e9couvrent le m\u00e9tier de sapeur-pompier \u00e0 l\u2019\u00e9cole de Seux - Remiremont Info","isPartOf":{"@id":"https:\/\/vosgesinfo.fr\/remiremontinfo\/#website"},"primaryImageOfPage":{"@id":"https:\/\/vosgesinfo.fr\/remiremontinfo\/2023\/04\/saint-etienne-enfants-decouvrent-metier-de-sapeur-pompier-a-lecole-de-seux\/#primaryimage"},"image":{"@id":"https:\/\/vosgesinfo.fr\/remiremontinfo\/2023\/04\/saint-etienne-enfants-decouvrent-metier-de-sapeur-pompier-a-lecole-de-seux\/#primaryimage"},"thumbnailUrl":"https:\/\/vosgesinfo.fr\/app\/uploads\/sites\/5\/2024\/09\/202304pompiers-ecole-de-seux-34.jpg","datePublished":"2023-04-14T06:01:23+00:00","dateModified":"2023-04-14T06:01:23+00:00","breadcrumb":{"@id":"https:\/\/vosgesinfo.fr\/remiremontinfo\/2023\/04\/saint-etienne-enfants-decouvrent-metier-de-sapeur-pompier-a-lecole-de-seux\/#breadcrumb"},"inLanguage":"fr-FR","potentialAction":[{"@type":"ReadAction","target":["https:\/\/vosgesinfo.fr\/remiremontinfo\/2023\/04\/saint-etienne-enfants-decouvrent-metier-de-sapeur-pompier-a-lecole-de-seux\/"]}]},{"@type":"ImageObject","inLanguage":"fr-FR","@id":"https:\/\/vosgesinfo.fr\/remiremontinfo\/2023\/04\/saint-etienne-enfants-decouvrent-metier-de-sapeur-pompier-a-lecole-de-seux\/#primaryimage","url":"https:\/\/vosgesinfo.fr\/app\/uploads\/sites\/5\/2024\/09\/202304pompiers-ecole-de-seux-34.jpg","contentUrl":"https:\/\/vosgesinfo.fr\/app\/uploads\/sites\/5\/2024\/09\/202304pompiers-ecole-de-seux-34.jpg","width":1600,"height":1193},{"@type":"BreadcrumbList","@id":"https:\/\/vosgesinfo.fr\/remiremontinfo\/2023\/04\/saint-etienne-enfants-decouvrent-metier-de-sapeur-pompier-a-lecole-de-seux\/#breadcrumb","itemListElement":[{"@type":"ListItem","position":1,"name":"Home","item":"https:\/\/vosgesinfo.fr\/remiremontinfo\/"},{"@type":"ListItem","position":2,"name":"Saint-Etienne\u00a0: les enfants d\u00e9couvrent le m\u00e9tier de sapeur-pompier \u00e0 l\u2019\u00e9cole de Seux"}]},{"@type":"WebSite","@id":"https:\/\/vosgesinfo.fr\/remiremontinfo\/#website","url":"https:\/\/vosgesinfo.fr\/remiremontinfo\/","name":"Remiremont Info","description":"Toute l&#039;actualit\u00e9 de Remiremont","publisher":{"@id":"https:\/\/vosgesinfo.fr\/remiremontinfo\/#organization"},"alternateName":"Toute l'actualit\u00e9 de Remiremont","potentialAction":[{"@type":"SearchAction","target":{"@type":"EntryPoint","urlTemplate":"https:\/\/vosgesinfo.fr\/remiremontinfo\/?s={search_term_string}"},"query-input":"required name=search_term_string"}],"inLanguage":"fr-FR"},{"@type":"Organization","@id":"https:\/\/vosgesinfo.fr\/remiremontinfo\/#organization","name":"Remiremont Info","url":"https:\/\/vosgesinfo.fr\/remiremontinfo\/","logo":{"@type":"ImageObject","inLanguage":"fr-FR","@id":"https:\/\/vosgesinfo.fr\/remiremontinfo\/#\/schema\/logo\/image\/","url":"https:\/\/vosgesinfo.fr\/app\/uploads\/sites\/5\/2023\/08\/favicon-remiremontinfo.png","contentUrl":"https:\/\/vosgesinfo.fr\/app\/uploads\/sites\/5\/2023\/08\/favicon-remiremontinfo.png","width":512,"height":512,"caption":"Remiremont Info"},"image":{"@id":"https:\/\/vosgesinfo.fr\/remiremontinfo\/#\/schema\/logo\/image\/"},"sameAs":["https:\/\/www.facebook.com\/remiremontinfo","https:\/\/x.com\/VosgesInfo88","https:\/\/www.youtube.com\/@vosgesinfo"]},{"@type":"Person","@id":"https:\/\/vosgesinfo.fr\/remiremontinfo\/#\/schema\/person\/3bfd164d5218a185b1db68655a265316","name":"C D","image":{"@type":"ImageObject","inLanguage":"fr-FR","@id":"https:\/\/vosgesinfo.fr\/remiremontinfo\/#\/schema\/person\/image\/","url":"https:\/\/secure.gravatar.com\/avatar\/1f9a70007336511a47468b8f1c66f922b8b7cf617b02a31149ada43893a5d48f?s=96&d=mm&r=g","contentUrl":"https:\/\/secure.gravatar.com\/avatar\/1f9a70007336511a47468b8f1c66f922b8b7cf617b02a31149ada43893a5d48f?s=96&d=mm&r=g","caption":"C D"},"url":"https:\/\/vosgesinfo.fr\/remiremontinfo\/author\/cedric-drevet\/"}]}},"_links":{"self":[{"href":"https:\/\/vosgesinfo.fr\/remiremontinfo\/wp-json\/wp\/v2\/posts\/70299","targetHints":{"allow":["GET"]}}],"collection":[{"href":"https:\/\/vosgesinfo.fr\/remiremontinfo\/wp-json\/wp\/v2\/posts"}],"about":[{"href":"https:\/\/vosgesinfo.fr\/remiremontinfo\/wp-json\/wp\/v2\/types\/post"}],"author":[{"embeddable":true,"href":"https:\/\/vosgesinfo.fr\/remiremontinfo\/wp-json\/wp\/v2\/users\/407"}],"replies":[{"embeddable":true,"href":"https:\/\/vosgesinfo.fr\/remiremontinfo\/wp-json\/wp\/v2\/comments?post=70299"}],"version-history":[{"count":0,"href":"https:\/\/vosgesinfo.fr\/remiremontinfo\/wp-json\/wp\/v2\/posts\/70299\/revisions"}],"wp:featuredmedia":[{"embeddable":true,"href":"https:\/\/vosgesinfo.fr\/remiremontinfo\/wp-json\/wp\/v2\/media\/70300"}],"wp:attachment":[{"href":"https:\/\/vosgesinfo.fr\/remiremontinfo\/wp-json\/wp\/v2\/media?parent=70299"}],"wp:term":[{"taxonomy":"category","embeddable":true,"href":"https:\/\/vosgesinfo.fr\/remiremontinfo\/wp-json\/wp\/v2\/categories?post=70299"},{"taxonomy":"post_tag","embeddable":true,"href":"https:\/\/vosgesinfo.fr\/remiremontinfo\/wp-json\/wp\/v2\/tags?post=70299"}],"curies":[{"name":"wp","href":"https:\/\/api.w.org\/{rel}","templated":true}]}}