{"id":70350,"date":"2023-04-14T07:33:51","date_gmt":"2023-04-14T05:33:51","guid":{"rendered":"https:\/\/vosgesinfo.fr\/remiremontinfo\/2023\/04\/cornimont-lassociation-de-peche-fete-100-ans\/"},"modified":"2023-04-14T07:33:51","modified_gmt":"2023-04-14T05:33:51","slug":"cornimont-lassociation-de-peche-fete-100-ans","status":"publish","type":"post","link":"https:\/\/vosgesinfo.fr\/remiremontinfo\/2023\/04\/cornimont-lassociation-de-peche-fete-100-ans\/","title":{"rendered":"Cornimont : l&rsquo;association de p\u00eache f\u00eate ses 100 ans"},"content":{"rendered":"<p><a href=\"\/2023\/04\/cornimont-peche-aapma.jpg\"><img decoding=\"async\" class=\"alignnone size-large wp-image-368322\" src=\"\/2023\/04\/cornimont-peche-aapma-1024x768.jpg\" alt=\"cornimont peche aappma\" width=\"960\" height=\"720\" \/><\/a><\/p>\n<p><span style=\"font-size: 10pt;\"><em>Photo par\u00a0<a href=\"https:\/\/www.facebook.com\/profile.php?id=100064310071689\">Aappma de Cornimont<\/a><\/em><\/span><\/p>\n<h2><strong><span style=\"font-size: 12pt;\">L&rsquo;AAPPMA de Cornimont f\u00eatera ses cent ans le weekend des 29 et 30 avril 2023. Pour marquer cette date une manifestation sera organis\u00e9e, qui aura lieu en deux endroits : l&rsquo;ECSP situ\u00e9 sur la place de la Pranzi\u00e8re et l&rsquo;\u00e9closerie, chemin de l&rsquo;\u00e9closerie, Cherm\u00e9nil.\u00a0Cent ans d&rsquo;histoire\u00a0 de l&rsquo;association de p\u00eache seront retrac\u00e9s.\u00a0<\/span><\/strong><\/h2>\n<div>\n<div><b>A l&rsquo;ECSP,\u00a0<\/b><b>les deux jours de 10h \u00e0 18 h:<\/b><\/div>\n<div>Une exposition statique\u00a0 abordant diff\u00e9rents th\u00e8mes \u00e0 base de photos d&rsquo;\u00e9poque sera pr\u00e9sent\u00e9e..<\/div>\n<div>Dans des aquariums les diff\u00e9rents poissons de nos rivi\u00e8res seront montr\u00e9s. Des vid\u00e9os pr\u00e9senteront les travaux de l&rsquo;association.<\/div>\n<div>Un simulateur de p\u00eache sera mont\u00e9 et comme nous l&rsquo;avons\u00a0d\u00e9j\u00e0 exp\u00e9riment\u00e9, les enfants appr\u00e9cient \u00e9norm\u00e9ment de s&rsquo;y essayer..<\/div>\n<div><\/div>\n<div><b>A l&rsquo;\u00e9closerie,\u00a0<\/b><b>le samedi apr\u00e8s-midi\u00a0 de 14h30 \u00e0 16h30:<\/b><\/div>\n<div>Une pr\u00e9sentation de l&rsquo;\u00e9closerie et de ses missions\u00a0 sera faite:<\/div>\n<div>Dans le canal attenant une s\u00e9ance de p\u00eache\u00a0pour les moins de 12 ans sera conduite sous la surveillance de p\u00eacheurs. Le mat\u00e9riel sera fourni. Des truites arc-en-ciel seront mises dans ce but. Bien \u00e9videmment, cette activit\u00e9 sera gratuite.<\/div>\n<\/div>\n<div><\/div>\n<div><span style=\"font-size: 10pt;\"><em>Source : Communiqu\u00e9\u00a0<\/em><\/span><\/div>\n<div><\/div>\n<div style=\"text-align: center;\"><a href=\"\/2023\/04\/Affiche-centenaire-page-001.jpg\"><img decoding=\"async\" class=\"alignnone size-large wp-image-368323\" src=\"\/2023\/04\/Affiche-centenaire-page-001-724x1024.jpg\" alt=\"Affiche centenaire-page-001\" width=\"724\" height=\"1024\" \/><\/a><\/div>\n","protected":false},"excerpt":{"rendered":"<p>Photo par\u00a0Aappma de Cornimont L&rsquo;AAPPMA de Cornimont f\u00eatera ses cent ans le weekend des 29 et 30 avril 2023. Pour [&hellip;]<\/p>\n","protected":false},"author":407,"featured_media":70351,"comment_status":"open","ping_status":"open","sticky":false,"template":"","format":"standard","meta":{"footnotes":""},"categories":[26,34,25,17],"tags":[79,2933,32],"class_list":["post-70350","post","type-post","status-publish","format-standard","has-post-thumbnail","hentry","category-a-la-une","category-cornimont","category-la-bresse-son-canton","category-vie-associative","tag-cornimont","tag-peche","tag-vosges"],"acf":[],"yoast_head":"<!-- This site is optimized with the Yoast SEO plugin v22.5 - https:\/\/yoast.com\/wordpress\/plugins\/seo\/ -->\n<title>Cornimont : l&#039;association de p\u00eache f\u00eate ses 100 ans - Remiremont Info<\/title>\n<meta name=\"robots\" content=\"index, follow, max-snippet:-1, max-image-preview:large, max-video-preview:-1\" \/>\n<link rel=\"canonical\" href=\"https:\/\/vosgesinfo.fr\/remiremontinfo\/2023\/04\/cornimont-lassociation-de-peche-fete-100-ans\/\" \/>\n<meta name=\"twitter:card\" content=\"summary_large_image\" \/>\n<meta name=\"twitter:title\" content=\"Cornimont : l&#039;association de p\u00eache f\u00eate ses 100 ans - Remiremont Info\" \/>\n<meta name=\"twitter:description\" content=\"Photo par\u00a0Aappma de Cornimont L&rsquo;AAPPMA de Cornimont f\u00eatera ses cent ans le weekend des 29 et 30 avril 2023. Pour [&hellip;]\" \/>\n<meta name=\"twitter:image\" content=\"https:\/\/vosgesinfo.fr\/app\/uploads\/sites\/5\/2024\/09\/202304cornimont-peche-aapma.jpg\" \/>\n<meta name=\"twitter:creator\" content=\"@VosgesInfo88\" \/>\n<meta name=\"twitter:site\" content=\"@VosgesInfo88\" \/>\n<meta name=\"twitter:label1\" content=\"\u00c9crit par\" \/>\n\t<meta name=\"twitter:data1\" content=\"C D\" \/>\n\t<meta name=\"twitter:label2\" content=\"Dur\u00e9e de lecture estim\u00e9e\" \/>\n\t<meta name=\"twitter:data2\" content=\"1 minute\" \/>\n<script type=\"application\/ld+json\" class=\"yoast-schema-graph\">{\"@context\":\"https:\/\/schema.org\",\"@graph\":[{\"@type\":\"Article\",\"@id\":\"https:\/\/vosgesinfo.fr\/remiremontinfo\/2023\/04\/cornimont-lassociation-de-peche-fete-100-ans\/#article\",\"isPartOf\":{\"@id\":\"https:\/\/vosgesinfo.fr\/remiremontinfo\/2023\/04\/cornimont-lassociation-de-peche-fete-100-ans\/\"},\"author\":{\"name\":\"C D\",\"@id\":\"https:\/\/vosgesinfo.fr\/remiremontinfo\/#\/schema\/person\/3bfd164d5218a185b1db68655a265316\"},\"headline\":\"Cornimont : l&rsquo;association de p\u00eache f\u00eate ses 100 ans\",\"datePublished\":\"2023-04-14T05:33:51+00:00\",\"dateModified\":\"2023-04-14T05:33:51+00:00\",\"mainEntityOfPage\":{\"@id\":\"https:\/\/vosgesinfo.fr\/remiremontinfo\/2023\/04\/cornimont-lassociation-de-peche-fete-100-ans\/\"},\"wordCount\":218,\"commentCount\":0,\"publisher\":{\"@id\":\"https:\/\/vosgesinfo.fr\/remiremontinfo\/#organization\"},\"image\":{\"@id\":\"https:\/\/vosgesinfo.fr\/remiremontinfo\/2023\/04\/cornimont-lassociation-de-peche-fete-100-ans\/#primaryimage\"},\"thumbnailUrl\":\"https:\/\/vosgesinfo.fr\/app\/uploads\/sites\/5\/2024\/09\/202304cornimont-peche-aapma.jpg\",\"keywords\":[\"cornimont\",\"p\u00eache\",\"Vosges\"],\"articleSection\":[\"A la Une\",\"Cornimont\",\"La Bresse &amp; son canton\",\"Vie associative\"],\"inLanguage\":\"fr-FR\",\"potentialAction\":[{\"@type\":\"CommentAction\",\"name\":\"Comment\",\"target\":[\"https:\/\/vosgesinfo.fr\/remiremontinfo\/2023\/04\/cornimont-lassociation-de-peche-fete-100-ans\/#respond\"]}]},{\"@type\":\"WebPage\",\"@id\":\"https:\/\/vosgesinfo.fr\/remiremontinfo\/2023\/04\/cornimont-lassociation-de-peche-fete-100-ans\/\",\"url\":\"https:\/\/vosgesinfo.fr\/remiremontinfo\/2023\/04\/cornimont-lassociation-de-peche-fete-100-ans\/\",\"name\":\"Cornimont : l'association de p\u00eache f\u00eate ses 100 ans - Remiremont Info\",\"isPartOf\":{\"@id\":\"https:\/\/vosgesinfo.fr\/remiremontinfo\/#website\"},\"primaryImageOfPage\":{\"@id\":\"https:\/\/vosgesinfo.fr\/remiremontinfo\/2023\/04\/cornimont-lassociation-de-peche-fete-100-ans\/#primaryimage\"},\"image\":{\"@id\":\"https:\/\/vosgesinfo.fr\/remiremontinfo\/2023\/04\/cornimont-lassociation-de-peche-fete-100-ans\/#primaryimage\"},\"thumbnailUrl\":\"https:\/\/vosgesinfo.fr\/app\/uploads\/sites\/5\/2024\/09\/202304cornimont-peche-aapma.jpg\",\"datePublished\":\"2023-04-14T05:33:51+00:00\",\"dateModified\":\"2023-04-14T05:33:51+00:00\",\"breadcrumb\":{\"@id\":\"https:\/\/vosgesinfo.fr\/remiremontinfo\/2023\/04\/cornimont-lassociation-de-peche-fete-100-ans\/#breadcrumb\"},\"inLanguage\":\"fr-FR\",\"potentialAction\":[{\"@type\":\"ReadAction\",\"target\":[\"https:\/\/vosgesinfo.fr\/remiremontinfo\/2023\/04\/cornimont-lassociation-de-peche-fete-100-ans\/\"]}]},{\"@type\":\"ImageObject\",\"inLanguage\":\"fr-FR\",\"@id\":\"https:\/\/vosgesinfo.fr\/remiremontinfo\/2023\/04\/cornimont-lassociation-de-peche-fete-100-ans\/#primaryimage\",\"url\":\"https:\/\/vosgesinfo.fr\/app\/uploads\/sites\/5\/2024\/09\/202304cornimont-peche-aapma.jpg\",\"contentUrl\":\"https:\/\/vosgesinfo.fr\/app\/uploads\/sites\/5\/2024\/09\/202304cornimont-peche-aapma.jpg\",\"width\":2048,\"height\":1536},{\"@type\":\"BreadcrumbList\",\"@id\":\"https:\/\/vosgesinfo.fr\/remiremontinfo\/2023\/04\/cornimont-lassociation-de-peche-fete-100-ans\/#breadcrumb\",\"itemListElement\":[{\"@type\":\"ListItem\",\"position\":1,\"name\":\"Home\",\"item\":\"https:\/\/vosgesinfo.fr\/remiremontinfo\/\"},{\"@type\":\"ListItem\",\"position\":2,\"name\":\"Cornimont : l&rsquo;association de p\u00eache f\u00eate ses 100 ans\"}]},{\"@type\":\"WebSite\",\"@id\":\"https:\/\/vosgesinfo.fr\/remiremontinfo\/#website\",\"url\":\"https:\/\/vosgesinfo.fr\/remiremontinfo\/\",\"name\":\"Remiremont Info\",\"description\":\"Toute l&#039;actualit\u00e9 de Remiremont\",\"publisher\":{\"@id\":\"https:\/\/vosgesinfo.fr\/remiremontinfo\/#organization\"},\"alternateName\":\"Toute l'actualit\u00e9 de Remiremont\",\"potentialAction\":[{\"@type\":\"SearchAction\",\"target\":{\"@type\":\"EntryPoint\",\"urlTemplate\":\"https:\/\/vosgesinfo.fr\/remiremontinfo\/?s={search_term_string}\"},\"query-input\":\"required name=search_term_string\"}],\"inLanguage\":\"fr-FR\"},{\"@type\":\"Organization\",\"@id\":\"https:\/\/vosgesinfo.fr\/remiremontinfo\/#organization\",\"name\":\"Remiremont Info\",\"url\":\"https:\/\/vosgesinfo.fr\/remiremontinfo\/\",\"logo\":{\"@type\":\"ImageObject\",\"inLanguage\":\"fr-FR\",\"@id\":\"https:\/\/vosgesinfo.fr\/remiremontinfo\/#\/schema\/logo\/image\/\",\"url\":\"https:\/\/vosgesinfo.fr\/app\/uploads\/sites\/5\/2023\/08\/favicon-remiremontinfo.png\",\"contentUrl\":\"https:\/\/vosgesinfo.fr\/app\/uploads\/sites\/5\/2023\/08\/favicon-remiremontinfo.png\",\"width\":512,\"height\":512,\"caption\":\"Remiremont Info\"},\"image\":{\"@id\":\"https:\/\/vosgesinfo.fr\/remiremontinfo\/#\/schema\/logo\/image\/\"},\"sameAs\":[\"https:\/\/www.facebook.com\/remiremontinfo\",\"https:\/\/x.com\/VosgesInfo88\",\"https:\/\/www.youtube.com\/@vosgesinfo\"]},{\"@type\":\"Person\",\"@id\":\"https:\/\/vosgesinfo.fr\/remiremontinfo\/#\/schema\/person\/3bfd164d5218a185b1db68655a265316\",\"name\":\"C D\",\"image\":{\"@type\":\"ImageObject\",\"inLanguage\":\"fr-FR\",\"@id\":\"https:\/\/vosgesinfo.fr\/remiremontinfo\/#\/schema\/person\/image\/\",\"url\":\"https:\/\/secure.gravatar.com\/avatar\/1f9a70007336511a47468b8f1c66f922b8b7cf617b02a31149ada43893a5d48f?s=96&d=mm&r=g\",\"contentUrl\":\"https:\/\/secure.gravatar.com\/avatar\/1f9a70007336511a47468b8f1c66f922b8b7cf617b02a31149ada43893a5d48f?s=96&d=mm&r=g\",\"caption\":\"C D\"},\"url\":\"https:\/\/vosgesinfo.fr\/remiremontinfo\/author\/cedric-drevet\/\"}]}<\/script>\n<!-- \/ Yoast SEO plugin. -->","yoast_head_json":{"title":"Cornimont : l'association de p\u00eache f\u00eate ses 100 ans - Remiremont Info","robots":{"index":"index","follow":"follow","max-snippet":"max-snippet:-1","max-image-preview":"max-image-preview:large","max-video-preview":"max-video-preview:-1"},"canonical":"https:\/\/vosgesinfo.fr\/remiremontinfo\/2023\/04\/cornimont-lassociation-de-peche-fete-100-ans\/","twitter_card":"summary_large_image","twitter_title":"Cornimont : l'association de p\u00eache f\u00eate ses 100 ans - Remiremont Info","twitter_description":"Photo par\u00a0Aappma de Cornimont L&rsquo;AAPPMA de Cornimont f\u00eatera ses cent ans le weekend des 29 et 30 avril 2023. Pour [&hellip;]","twitter_image":"https:\/\/vosgesinfo.fr\/app\/uploads\/sites\/5\/2024\/09\/202304cornimont-peche-aapma.jpg","twitter_creator":"@VosgesInfo88","twitter_site":"@VosgesInfo88","twitter_misc":{"\u00c9crit par":"C D","Dur\u00e9e de lecture estim\u00e9e":"1 minute"},"schema":{"@context":"https:\/\/schema.org","@graph":[{"@type":"Article","@id":"https:\/\/vosgesinfo.fr\/remiremontinfo\/2023\/04\/cornimont-lassociation-de-peche-fete-100-ans\/#article","isPartOf":{"@id":"https:\/\/vosgesinfo.fr\/remiremontinfo\/2023\/04\/cornimont-lassociation-de-peche-fete-100-ans\/"},"author":{"name":"C D","@id":"https:\/\/vosgesinfo.fr\/remiremontinfo\/#\/schema\/person\/3bfd164d5218a185b1db68655a265316"},"headline":"Cornimont : l&rsquo;association de p\u00eache f\u00eate ses 100 ans","datePublished":"2023-04-14T05:33:51+00:00","dateModified":"2023-04-14T05:33:51+00:00","mainEntityOfPage":{"@id":"https:\/\/vosgesinfo.fr\/remiremontinfo\/2023\/04\/cornimont-lassociation-de-peche-fete-100-ans\/"},"wordCount":218,"commentCount":0,"publisher":{"@id":"https:\/\/vosgesinfo.fr\/remiremontinfo\/#organization"},"image":{"@id":"https:\/\/vosgesinfo.fr\/remiremontinfo\/2023\/04\/cornimont-lassociation-de-peche-fete-100-ans\/#primaryimage"},"thumbnailUrl":"https:\/\/vosgesinfo.fr\/app\/uploads\/sites\/5\/2024\/09\/202304cornimont-peche-aapma.jpg","keywords":["cornimont","p\u00eache","Vosges"],"articleSection":["A la Une","Cornimont","La Bresse &amp; son canton","Vie associative"],"inLanguage":"fr-FR","potentialAction":[{"@type":"CommentAction","name":"Comment","target":["https:\/\/vosgesinfo.fr\/remiremontinfo\/2023\/04\/cornimont-lassociation-de-peche-fete-100-ans\/#respond"]}]},{"@type":"WebPage","@id":"https:\/\/vosgesinfo.fr\/remiremontinfo\/2023\/04\/cornimont-lassociation-de-peche-fete-100-ans\/","url":"https:\/\/vosgesinfo.fr\/remiremontinfo\/2023\/04\/cornimont-lassociation-de-peche-fete-100-ans\/","name":"Cornimont : l'association de p\u00eache f\u00eate ses 100 ans - Remiremont Info","isPartOf":{"@id":"https:\/\/vosgesinfo.fr\/remiremontinfo\/#website"},"primaryImageOfPage":{"@id":"https:\/\/vosgesinfo.fr\/remiremontinfo\/2023\/04\/cornimont-lassociation-de-peche-fete-100-ans\/#primaryimage"},"image":{"@id":"https:\/\/vosgesinfo.fr\/remiremontinfo\/2023\/04\/cornimont-lassociation-de-peche-fete-100-ans\/#primaryimage"},"thumbnailUrl":"https:\/\/vosgesinfo.fr\/app\/uploads\/sites\/5\/2024\/09\/202304cornimont-peche-aapma.jpg","datePublished":"2023-04-14T05:33:51+00:00","dateModified":"2023-04-14T05:33:51+00:00","breadcrumb":{"@id":"https:\/\/vosgesinfo.fr\/remiremontinfo\/2023\/04\/cornimont-lassociation-de-peche-fete-100-ans\/#breadcrumb"},"inLanguage":"fr-FR","potentialAction":[{"@type":"ReadAction","target":["https:\/\/vosgesinfo.fr\/remiremontinfo\/2023\/04\/cornimont-lassociation-de-peche-fete-100-ans\/"]}]},{"@type":"ImageObject","inLanguage":"fr-FR","@id":"https:\/\/vosgesinfo.fr\/remiremontinfo\/2023\/04\/cornimont-lassociation-de-peche-fete-100-ans\/#primaryimage","url":"https:\/\/vosgesinfo.fr\/app\/uploads\/sites\/5\/2024\/09\/202304cornimont-peche-aapma.jpg","contentUrl":"https:\/\/vosgesinfo.fr\/app\/uploads\/sites\/5\/2024\/09\/202304cornimont-peche-aapma.jpg","width":2048,"height":1536},{"@type":"BreadcrumbList","@id":"https:\/\/vosgesinfo.fr\/remiremontinfo\/2023\/04\/cornimont-lassociation-de-peche-fete-100-ans\/#breadcrumb","itemListElement":[{"@type":"ListItem","position":1,"name":"Home","item":"https:\/\/vosgesinfo.fr\/remiremontinfo\/"},{"@type":"ListItem","position":2,"name":"Cornimont : l&rsquo;association de p\u00eache f\u00eate ses 100 ans"}]},{"@type":"WebSite","@id":"https:\/\/vosgesinfo.fr\/remiremontinfo\/#website","url":"https:\/\/vosgesinfo.fr\/remiremontinfo\/","name":"Remiremont Info","description":"Toute l&#039;actualit\u00e9 de Remiremont","publisher":{"@id":"https:\/\/vosgesinfo.fr\/remiremontinfo\/#organization"},"alternateName":"Toute l'actualit\u00e9 de Remiremont","potentialAction":[{"@type":"SearchAction","target":{"@type":"EntryPoint","urlTemplate":"https:\/\/vosgesinfo.fr\/remiremontinfo\/?s={search_term_string}"},"query-input":"required name=search_term_string"}],"inLanguage":"fr-FR"},{"@type":"Organization","@id":"https:\/\/vosgesinfo.fr\/remiremontinfo\/#organization","name":"Remiremont Info","url":"https:\/\/vosgesinfo.fr\/remiremontinfo\/","logo":{"@type":"ImageObject","inLanguage":"fr-FR","@id":"https:\/\/vosgesinfo.fr\/remiremontinfo\/#\/schema\/logo\/image\/","url":"https:\/\/vosgesinfo.fr\/app\/uploads\/sites\/5\/2023\/08\/favicon-remiremontinfo.png","contentUrl":"https:\/\/vosgesinfo.fr\/app\/uploads\/sites\/5\/2023\/08\/favicon-remiremontinfo.png","width":512,"height":512,"caption":"Remiremont Info"},"image":{"@id":"https:\/\/vosgesinfo.fr\/remiremontinfo\/#\/schema\/logo\/image\/"},"sameAs":["https:\/\/www.facebook.com\/remiremontinfo","https:\/\/x.com\/VosgesInfo88","https:\/\/www.youtube.com\/@vosgesinfo"]},{"@type":"Person","@id":"https:\/\/vosgesinfo.fr\/remiremontinfo\/#\/schema\/person\/3bfd164d5218a185b1db68655a265316","name":"C D","image":{"@type":"ImageObject","inLanguage":"fr-FR","@id":"https:\/\/vosgesinfo.fr\/remiremontinfo\/#\/schema\/person\/image\/","url":"https:\/\/secure.gravatar.com\/avatar\/1f9a70007336511a47468b8f1c66f922b8b7cf617b02a31149ada43893a5d48f?s=96&d=mm&r=g","contentUrl":"https:\/\/secure.gravatar.com\/avatar\/1f9a70007336511a47468b8f1c66f922b8b7cf617b02a31149ada43893a5d48f?s=96&d=mm&r=g","caption":"C D"},"url":"https:\/\/vosgesinfo.fr\/remiremontinfo\/author\/cedric-drevet\/"}]}},"_links":{"self":[{"href":"https:\/\/vosgesinfo.fr\/remiremontinfo\/wp-json\/wp\/v2\/posts\/70350","targetHints":{"allow":["GET"]}}],"collection":[{"href":"https:\/\/vosgesinfo.fr\/remiremontinfo\/wp-json\/wp\/v2\/posts"}],"about":[{"href":"https:\/\/vosgesinfo.fr\/remiremontinfo\/wp-json\/wp\/v2\/types\/post"}],"author":[{"embeddable":true,"href":"https:\/\/vosgesinfo.fr\/remiremontinfo\/wp-json\/wp\/v2\/users\/407"}],"replies":[{"embeddable":true,"href":"https:\/\/vosgesinfo.fr\/remiremontinfo\/wp-json\/wp\/v2\/comments?post=70350"}],"version-history":[{"count":0,"href":"https:\/\/vosgesinfo.fr\/remiremontinfo\/wp-json\/wp\/v2\/posts\/70350\/revisions"}],"wp:featuredmedia":[{"embeddable":true,"href":"https:\/\/vosgesinfo.fr\/remiremontinfo\/wp-json\/wp\/v2\/media\/70351"}],"wp:attachment":[{"href":"https:\/\/vosgesinfo.fr\/remiremontinfo\/wp-json\/wp\/v2\/media?parent=70350"}],"wp:term":[{"taxonomy":"category","embeddable":true,"href":"https:\/\/vosgesinfo.fr\/remiremontinfo\/wp-json\/wp\/v2\/categories?post=70350"},{"taxonomy":"post_tag","embeddable":true,"href":"https:\/\/vosgesinfo.fr\/remiremontinfo\/wp-json\/wp\/v2\/tags?post=70350"}],"curies":[{"name":"wp","href":"https:\/\/api.w.org\/{rel}","templated":true}]}}