{"id":70364,"date":"2023-04-14T06:53:49","date_gmt":"2023-04-14T04:53:49","guid":{"rendered":"https:\/\/vosgesinfo.fr\/remiremontinfo\/2023\/04\/cchv-points-a-lordre-jour-de-prochaine-reunion-conseil-communautaire\/"},"modified":"2023-04-14T06:53:49","modified_gmt":"2023-04-14T04:53:49","slug":"cchv-points-a-lordre-jour-de-prochaine-reunion-conseil-communautaire","status":"publish","type":"post","link":"https:\/\/vosgesinfo.fr\/remiremontinfo\/2023\/04\/cchv-points-a-lordre-jour-de-prochaine-reunion-conseil-communautaire\/","title":{"rendered":"CCHV : les points \u00e0 l&rsquo;ordre du jour de la prochaine r\u00e9union du Conseil Communautaire"},"content":{"rendered":"<p><a href=\"\/2023\/02\/CCHV_2023_Conseil_communautaire_web.jpg\"><img decoding=\"async\" class=\"alignnone size-large wp-image-363927\" src=\"\/2023\/02\/CCHV_2023_Conseil_communautaire_web-1024x665.jpg\" alt=\"CCHV_2023_Conseil_communautaire_web\" width=\"960\" height=\"623\" \/><\/a><\/p>\n<p><span style=\"font-size: 10pt;\"><em>Photo par <a href=\"https:\/\/www.cchautesvosges.fr\/la-communaute-de-communes\/le-conseil-communautaire\/les-comptes-rendus-de-conseil-communautaire\">cchautesvosges.fr<\/a><\/em><\/span><\/p>\n<h2><span style=\"font-size: 12pt;\"><strong>Le Conseil Communautaire de la CCHV se r\u00e9unira le mercredi 19 avril 2023 \u00e0 20h00 \u00e0 Cornimont, au 24 rue de la 3\u00e8me DIA. Voici les points \u00e0 l&rsquo;ordre du jour : <\/strong><\/span><\/h2>\n<p>1- APPROBATION DU PROCES VERBAL DU CONSEIL COMMUNAUTAIRE DU 05 AVRIL 2023<\/p>\n<p>2- DECISIONS PRISES PAR LE PRESIDENT DANS LE CADRE DE SES DELEGATIONS<\/p>\n<p>3- PARTICIPATION 2023 \u2013 PARC NATUREL R\u00c9GIONAL DES BALLONS DES VOSGES<\/p>\n<p>4- PARTICIPATION 2023 \u2013 SYNDICAT MIXTE MOSELLE AMONT<\/p>\n<p>5- MODIFICATIONS DU TABLEAU DES EFFECTIFS<\/p>\n<p>6- PLAN DE FINANCEMENT \u2013 APPELS \u00c0 PROJETS : D\u00c9CHETTERIES EXEMPLAIRES<\/p>\n<p>7- PLAN DE FINANCEMENT \u2013 D\u00c9PLOIEMENT DE LA REDEVANCE INCITATIVE<\/p>\n<p>8- AUTORISATION DE SIGNATURE DU MARCHE POUR LA REALISATION D\u2019UNE ENQUETE EN VUE DE CONSTITUER LA BASE DE DONNEES DES REDEVABLES POUR LA REDEVANCE INCITATIVE ET LA DOTATION EN BAC OU SACS<\/p>\n<p>9- \u00c9LABORATION D\u2019UNE CHARTE TOURISTIQUE DE TERRITOIRE \u2013 DEMANDE DE SUBVENTION LEADER<\/p>\n<p>10- SYNDICAT MIXTE TOURISME HAUTES VOSGES &#8211; DESIGNATION D\u2019UN SUPPLEANT<\/p>\n<p>11- \u00c9LABORATION D\u2019UNE STRAT\u00c9GIE FONCI\u00c8RE INTERCOMMUNALE \u2013 CONVENTION AVEC L\u2019\u00c9TABLISSEMENT PUBLIC FONCIER GRAND EST<\/p>\n<p>12- ATTRIBUTION D\u2019UNE SUBVENTION \u2013 LES MONTS DE L\u2019UTOPIE<\/p>\n<p>13- ATTRIBUTION D\u2019UNE SUBVENTION &#8211; AZIMUT RAID \u00c9VASION<\/p>\n<p>14- SUBVENTION AUX HARMONIES 2023<\/p>\n<p>15- PARTICIPATION SYNDICALE \u2013 \u00c9COLE DE MUSIQUE DES DEUX VALL\u00c9ES (SMEM)<\/p>\n<p>16- CIN\u00c9MA VAGNEY \u2013 ATTRIBUTION DES LOTS 3 ET 4 \u2013 MARCH\u00c9 DE TRAVAUX<\/p>\n<p>17- CIN\u00c9MA VAGNEY \u2013 CONVENTION D\u2019OCCUPATION DES LOCAUX DU TRAIT D\u2019UNION ET DE LA SALLE D\u2019ANIMATION DE LA M\u00c9DIATH\u00c8QUE<\/p>\n<p>18- SUBVENTION EXCEPTIONNELLE \u2013 MLC LA BRESSE<\/p>\n<p>19- PISCINE LA BRESSE \u2013 REFACTURATION DE LA MAIRIE DE LA BRESSE SUITE \u00c0 PANNE SUR LE COMPLEXE AQUATIQUE<\/p>\n<p>20- ADH\u00c9SION \u00c0 L\u2019AGENCE TECHNIQUE D\u00c9PARTEMENTALE<\/p>\n<p>21- CONVENTION DE MAITRISE D\u2019OUVRAGE DELEGUEE AVEC LA COMMUNE DE CORNIMONT<\/p>\n<p>INFORMATIONS ET QUESTIONS DIVERSES<\/p>\n","protected":false},"excerpt":{"rendered":"<p>Photo par cchautesvosges.fr Le Conseil Communautaire de la CCHV se r\u00e9unira le mercredi 19 avril 2023 \u00e0 20h00 \u00e0 Cornimont, [&hellip;]<\/p>\n","protected":false},"author":407,"featured_media":70365,"comment_status":"open","ping_status":"open","sticky":false,"template":"","format":"standard","meta":{"footnotes":""},"categories":[26,10],"tags":[444,79,32],"class_list":["post-70364","post","type-post","status-publish","format-standard","has-post-thumbnail","hentry","category-a-la-une","category-politique","tag-cchv","tag-cornimont","tag-vosges"],"acf":[],"yoast_head":"<!-- This site is optimized with the Yoast SEO plugin v22.5 - https:\/\/yoast.com\/wordpress\/plugins\/seo\/ -->\n<title>CCHV : les points \u00e0 l&#039;ordre du jour de la prochaine r\u00e9union du Conseil Communautaire - Remiremont Info<\/title>\n<meta name=\"robots\" content=\"index, follow, max-snippet:-1, max-image-preview:large, max-video-preview:-1\" \/>\n<link rel=\"canonical\" href=\"https:\/\/vosgesinfo.fr\/remiremontinfo\/2023\/04\/cchv-points-a-lordre-jour-de-prochaine-reunion-conseil-communautaire\/\" \/>\n<meta name=\"twitter:card\" content=\"summary_large_image\" \/>\n<meta name=\"twitter:title\" content=\"CCHV : les points \u00e0 l&#039;ordre du jour de la prochaine r\u00e9union du Conseil Communautaire - Remiremont Info\" \/>\n<meta name=\"twitter:description\" content=\"Photo par cchautesvosges.fr Le Conseil Communautaire de la CCHV se r\u00e9unira le mercredi 19 avril 2023 \u00e0 20h00 \u00e0 Cornimont, [&hellip;]\" \/>\n<meta name=\"twitter:image\" content=\"https:\/\/vosgesinfo.fr\/app\/uploads\/sites\/5\/2024\/09\/202302cchv-2023-conseil-communautaire-web-1.jpg\" \/>\n<meta name=\"twitter:creator\" content=\"@VosgesInfo88\" \/>\n<meta name=\"twitter:site\" content=\"@VosgesInfo88\" \/>\n<meta name=\"twitter:label1\" content=\"\u00c9crit par\" \/>\n\t<meta name=\"twitter:data1\" content=\"C D\" \/>\n\t<meta name=\"twitter:label2\" content=\"Dur\u00e9e de lecture estim\u00e9e\" \/>\n\t<meta name=\"twitter:data2\" content=\"1 minute\" \/>\n<script type=\"application\/ld+json\" class=\"yoast-schema-graph\">{\"@context\":\"https:\/\/schema.org\",\"@graph\":[{\"@type\":\"Article\",\"@id\":\"https:\/\/vosgesinfo.fr\/remiremontinfo\/2023\/04\/cchv-points-a-lordre-jour-de-prochaine-reunion-conseil-communautaire\/#article\",\"isPartOf\":{\"@id\":\"https:\/\/vosgesinfo.fr\/remiremontinfo\/2023\/04\/cchv-points-a-lordre-jour-de-prochaine-reunion-conseil-communautaire\/\"},\"author\":{\"name\":\"C D\",\"@id\":\"https:\/\/vosgesinfo.fr\/remiremontinfo\/#\/schema\/person\/3bfd164d5218a185b1db68655a265316\"},\"headline\":\"CCHV : les points \u00e0 l&rsquo;ordre du jour de la prochaine r\u00e9union du Conseil Communautaire\",\"datePublished\":\"2023-04-14T04:53:49+00:00\",\"dateModified\":\"2023-04-14T04:53:49+00:00\",\"mainEntityOfPage\":{\"@id\":\"https:\/\/vosgesinfo.fr\/remiremontinfo\/2023\/04\/cchv-points-a-lordre-jour-de-prochaine-reunion-conseil-communautaire\/\"},\"wordCount\":298,\"commentCount\":0,\"publisher\":{\"@id\":\"https:\/\/vosgesinfo.fr\/remiremontinfo\/#organization\"},\"image\":{\"@id\":\"https:\/\/vosgesinfo.fr\/remiremontinfo\/2023\/04\/cchv-points-a-lordre-jour-de-prochaine-reunion-conseil-communautaire\/#primaryimage\"},\"thumbnailUrl\":\"https:\/\/vosgesinfo.fr\/app\/uploads\/sites\/5\/2024\/09\/202302cchv-2023-conseil-communautaire-web-1.jpg\",\"keywords\":[\"CCHV\",\"cornimont\",\"Vosges\"],\"articleSection\":[\"A la Une\",\"Politique\"],\"inLanguage\":\"fr-FR\",\"potentialAction\":[{\"@type\":\"CommentAction\",\"name\":\"Comment\",\"target\":[\"https:\/\/vosgesinfo.fr\/remiremontinfo\/2023\/04\/cchv-points-a-lordre-jour-de-prochaine-reunion-conseil-communautaire\/#respond\"]}]},{\"@type\":\"WebPage\",\"@id\":\"https:\/\/vosgesinfo.fr\/remiremontinfo\/2023\/04\/cchv-points-a-lordre-jour-de-prochaine-reunion-conseil-communautaire\/\",\"url\":\"https:\/\/vosgesinfo.fr\/remiremontinfo\/2023\/04\/cchv-points-a-lordre-jour-de-prochaine-reunion-conseil-communautaire\/\",\"name\":\"CCHV : les points \u00e0 l'ordre du jour de la prochaine r\u00e9union du Conseil Communautaire - Remiremont Info\",\"isPartOf\":{\"@id\":\"https:\/\/vosgesinfo.fr\/remiremontinfo\/#website\"},\"primaryImageOfPage\":{\"@id\":\"https:\/\/vosgesinfo.fr\/remiremontinfo\/2023\/04\/cchv-points-a-lordre-jour-de-prochaine-reunion-conseil-communautaire\/#primaryimage\"},\"image\":{\"@id\":\"https:\/\/vosgesinfo.fr\/remiremontinfo\/2023\/04\/cchv-points-a-lordre-jour-de-prochaine-reunion-conseil-communautaire\/#primaryimage\"},\"thumbnailUrl\":\"https:\/\/vosgesinfo.fr\/app\/uploads\/sites\/5\/2024\/09\/202302cchv-2023-conseil-communautaire-web-1.jpg\",\"datePublished\":\"2023-04-14T04:53:49+00:00\",\"dateModified\":\"2023-04-14T04:53:49+00:00\",\"breadcrumb\":{\"@id\":\"https:\/\/vosgesinfo.fr\/remiremontinfo\/2023\/04\/cchv-points-a-lordre-jour-de-prochaine-reunion-conseil-communautaire\/#breadcrumb\"},\"inLanguage\":\"fr-FR\",\"potentialAction\":[{\"@type\":\"ReadAction\",\"target\":[\"https:\/\/vosgesinfo.fr\/remiremontinfo\/2023\/04\/cchv-points-a-lordre-jour-de-prochaine-reunion-conseil-communautaire\/\"]}]},{\"@type\":\"ImageObject\",\"inLanguage\":\"fr-FR\",\"@id\":\"https:\/\/vosgesinfo.fr\/remiremontinfo\/2023\/04\/cchv-points-a-lordre-jour-de-prochaine-reunion-conseil-communautaire\/#primaryimage\",\"url\":\"https:\/\/vosgesinfo.fr\/app\/uploads\/sites\/5\/2024\/09\/202302cchv-2023-conseil-communautaire-web-1.jpg\",\"contentUrl\":\"https:\/\/vosgesinfo.fr\/app\/uploads\/sites\/5\/2024\/09\/202302cchv-2023-conseil-communautaire-web-1.jpg\",\"width\":1770,\"height\":1149},{\"@type\":\"BreadcrumbList\",\"@id\":\"https:\/\/vosgesinfo.fr\/remiremontinfo\/2023\/04\/cchv-points-a-lordre-jour-de-prochaine-reunion-conseil-communautaire\/#breadcrumb\",\"itemListElement\":[{\"@type\":\"ListItem\",\"position\":1,\"name\":\"Home\",\"item\":\"https:\/\/vosgesinfo.fr\/remiremontinfo\/\"},{\"@type\":\"ListItem\",\"position\":2,\"name\":\"CCHV : les points \u00e0 l&rsquo;ordre du jour de la prochaine r\u00e9union du Conseil Communautaire\"}]},{\"@type\":\"WebSite\",\"@id\":\"https:\/\/vosgesinfo.fr\/remiremontinfo\/#website\",\"url\":\"https:\/\/vosgesinfo.fr\/remiremontinfo\/\",\"name\":\"Remiremont Info\",\"description\":\"Toute l&#039;actualit\u00e9 de Remiremont\",\"publisher\":{\"@id\":\"https:\/\/vosgesinfo.fr\/remiremontinfo\/#organization\"},\"alternateName\":\"Toute l'actualit\u00e9 de Remiremont\",\"potentialAction\":[{\"@type\":\"SearchAction\",\"target\":{\"@type\":\"EntryPoint\",\"urlTemplate\":\"https:\/\/vosgesinfo.fr\/remiremontinfo\/?s={search_term_string}\"},\"query-input\":\"required name=search_term_string\"}],\"inLanguage\":\"fr-FR\"},{\"@type\":\"Organization\",\"@id\":\"https:\/\/vosgesinfo.fr\/remiremontinfo\/#organization\",\"name\":\"Remiremont Info\",\"url\":\"https:\/\/vosgesinfo.fr\/remiremontinfo\/\",\"logo\":{\"@type\":\"ImageObject\",\"inLanguage\":\"fr-FR\",\"@id\":\"https:\/\/vosgesinfo.fr\/remiremontinfo\/#\/schema\/logo\/image\/\",\"url\":\"https:\/\/vosgesinfo.fr\/app\/uploads\/sites\/5\/2023\/08\/favicon-remiremontinfo.png\",\"contentUrl\":\"https:\/\/vosgesinfo.fr\/app\/uploads\/sites\/5\/2023\/08\/favicon-remiremontinfo.png\",\"width\":512,\"height\":512,\"caption\":\"Remiremont Info\"},\"image\":{\"@id\":\"https:\/\/vosgesinfo.fr\/remiremontinfo\/#\/schema\/logo\/image\/\"},\"sameAs\":[\"https:\/\/www.facebook.com\/remiremontinfo\",\"https:\/\/x.com\/VosgesInfo88\",\"https:\/\/www.youtube.com\/@vosgesinfo\"]},{\"@type\":\"Person\",\"@id\":\"https:\/\/vosgesinfo.fr\/remiremontinfo\/#\/schema\/person\/3bfd164d5218a185b1db68655a265316\",\"name\":\"C D\",\"image\":{\"@type\":\"ImageObject\",\"inLanguage\":\"fr-FR\",\"@id\":\"https:\/\/vosgesinfo.fr\/remiremontinfo\/#\/schema\/person\/image\/\",\"url\":\"https:\/\/secure.gravatar.com\/avatar\/1f9a70007336511a47468b8f1c66f922b8b7cf617b02a31149ada43893a5d48f?s=96&d=mm&r=g\",\"contentUrl\":\"https:\/\/secure.gravatar.com\/avatar\/1f9a70007336511a47468b8f1c66f922b8b7cf617b02a31149ada43893a5d48f?s=96&d=mm&r=g\",\"caption\":\"C D\"},\"url\":\"https:\/\/vosgesinfo.fr\/remiremontinfo\/author\/cedric-drevet\/\"}]}<\/script>\n<!-- \/ Yoast SEO plugin. -->","yoast_head_json":{"title":"CCHV : les points \u00e0 l'ordre du jour de la prochaine r\u00e9union du Conseil Communautaire - Remiremont Info","robots":{"index":"index","follow":"follow","max-snippet":"max-snippet:-1","max-image-preview":"max-image-preview:large","max-video-preview":"max-video-preview:-1"},"canonical":"https:\/\/vosgesinfo.fr\/remiremontinfo\/2023\/04\/cchv-points-a-lordre-jour-de-prochaine-reunion-conseil-communautaire\/","twitter_card":"summary_large_image","twitter_title":"CCHV : les points \u00e0 l'ordre du jour de la prochaine r\u00e9union du Conseil Communautaire - Remiremont Info","twitter_description":"Photo par cchautesvosges.fr Le Conseil Communautaire de la CCHV se r\u00e9unira le mercredi 19 avril 2023 \u00e0 20h00 \u00e0 Cornimont, [&hellip;]","twitter_image":"https:\/\/vosgesinfo.fr\/app\/uploads\/sites\/5\/2024\/09\/202302cchv-2023-conseil-communautaire-web-1.jpg","twitter_creator":"@VosgesInfo88","twitter_site":"@VosgesInfo88","twitter_misc":{"\u00c9crit par":"C D","Dur\u00e9e de lecture estim\u00e9e":"1 minute"},"schema":{"@context":"https:\/\/schema.org","@graph":[{"@type":"Article","@id":"https:\/\/vosgesinfo.fr\/remiremontinfo\/2023\/04\/cchv-points-a-lordre-jour-de-prochaine-reunion-conseil-communautaire\/#article","isPartOf":{"@id":"https:\/\/vosgesinfo.fr\/remiremontinfo\/2023\/04\/cchv-points-a-lordre-jour-de-prochaine-reunion-conseil-communautaire\/"},"author":{"name":"C D","@id":"https:\/\/vosgesinfo.fr\/remiremontinfo\/#\/schema\/person\/3bfd164d5218a185b1db68655a265316"},"headline":"CCHV : les points \u00e0 l&rsquo;ordre du jour de la prochaine r\u00e9union du Conseil Communautaire","datePublished":"2023-04-14T04:53:49+00:00","dateModified":"2023-04-14T04:53:49+00:00","mainEntityOfPage":{"@id":"https:\/\/vosgesinfo.fr\/remiremontinfo\/2023\/04\/cchv-points-a-lordre-jour-de-prochaine-reunion-conseil-communautaire\/"},"wordCount":298,"commentCount":0,"publisher":{"@id":"https:\/\/vosgesinfo.fr\/remiremontinfo\/#organization"},"image":{"@id":"https:\/\/vosgesinfo.fr\/remiremontinfo\/2023\/04\/cchv-points-a-lordre-jour-de-prochaine-reunion-conseil-communautaire\/#primaryimage"},"thumbnailUrl":"https:\/\/vosgesinfo.fr\/app\/uploads\/sites\/5\/2024\/09\/202302cchv-2023-conseil-communautaire-web-1.jpg","keywords":["CCHV","cornimont","Vosges"],"articleSection":["A la Une","Politique"],"inLanguage":"fr-FR","potentialAction":[{"@type":"CommentAction","name":"Comment","target":["https:\/\/vosgesinfo.fr\/remiremontinfo\/2023\/04\/cchv-points-a-lordre-jour-de-prochaine-reunion-conseil-communautaire\/#respond"]}]},{"@type":"WebPage","@id":"https:\/\/vosgesinfo.fr\/remiremontinfo\/2023\/04\/cchv-points-a-lordre-jour-de-prochaine-reunion-conseil-communautaire\/","url":"https:\/\/vosgesinfo.fr\/remiremontinfo\/2023\/04\/cchv-points-a-lordre-jour-de-prochaine-reunion-conseil-communautaire\/","name":"CCHV : les points \u00e0 l'ordre du jour de la prochaine r\u00e9union du Conseil Communautaire - Remiremont Info","isPartOf":{"@id":"https:\/\/vosgesinfo.fr\/remiremontinfo\/#website"},"primaryImageOfPage":{"@id":"https:\/\/vosgesinfo.fr\/remiremontinfo\/2023\/04\/cchv-points-a-lordre-jour-de-prochaine-reunion-conseil-communautaire\/#primaryimage"},"image":{"@id":"https:\/\/vosgesinfo.fr\/remiremontinfo\/2023\/04\/cchv-points-a-lordre-jour-de-prochaine-reunion-conseil-communautaire\/#primaryimage"},"thumbnailUrl":"https:\/\/vosgesinfo.fr\/app\/uploads\/sites\/5\/2024\/09\/202302cchv-2023-conseil-communautaire-web-1.jpg","datePublished":"2023-04-14T04:53:49+00:00","dateModified":"2023-04-14T04:53:49+00:00","breadcrumb":{"@id":"https:\/\/vosgesinfo.fr\/remiremontinfo\/2023\/04\/cchv-points-a-lordre-jour-de-prochaine-reunion-conseil-communautaire\/#breadcrumb"},"inLanguage":"fr-FR","potentialAction":[{"@type":"ReadAction","target":["https:\/\/vosgesinfo.fr\/remiremontinfo\/2023\/04\/cchv-points-a-lordre-jour-de-prochaine-reunion-conseil-communautaire\/"]}]},{"@type":"ImageObject","inLanguage":"fr-FR","@id":"https:\/\/vosgesinfo.fr\/remiremontinfo\/2023\/04\/cchv-points-a-lordre-jour-de-prochaine-reunion-conseil-communautaire\/#primaryimage","url":"https:\/\/vosgesinfo.fr\/app\/uploads\/sites\/5\/2024\/09\/202302cchv-2023-conseil-communautaire-web-1.jpg","contentUrl":"https:\/\/vosgesinfo.fr\/app\/uploads\/sites\/5\/2024\/09\/202302cchv-2023-conseil-communautaire-web-1.jpg","width":1770,"height":1149},{"@type":"BreadcrumbList","@id":"https:\/\/vosgesinfo.fr\/remiremontinfo\/2023\/04\/cchv-points-a-lordre-jour-de-prochaine-reunion-conseil-communautaire\/#breadcrumb","itemListElement":[{"@type":"ListItem","position":1,"name":"Home","item":"https:\/\/vosgesinfo.fr\/remiremontinfo\/"},{"@type":"ListItem","position":2,"name":"CCHV : les points \u00e0 l&rsquo;ordre du jour de la prochaine r\u00e9union du Conseil Communautaire"}]},{"@type":"WebSite","@id":"https:\/\/vosgesinfo.fr\/remiremontinfo\/#website","url":"https:\/\/vosgesinfo.fr\/remiremontinfo\/","name":"Remiremont Info","description":"Toute l&#039;actualit\u00e9 de Remiremont","publisher":{"@id":"https:\/\/vosgesinfo.fr\/remiremontinfo\/#organization"},"alternateName":"Toute l'actualit\u00e9 de Remiremont","potentialAction":[{"@type":"SearchAction","target":{"@type":"EntryPoint","urlTemplate":"https:\/\/vosgesinfo.fr\/remiremontinfo\/?s={search_term_string}"},"query-input":"required name=search_term_string"}],"inLanguage":"fr-FR"},{"@type":"Organization","@id":"https:\/\/vosgesinfo.fr\/remiremontinfo\/#organization","name":"Remiremont Info","url":"https:\/\/vosgesinfo.fr\/remiremontinfo\/","logo":{"@type":"ImageObject","inLanguage":"fr-FR","@id":"https:\/\/vosgesinfo.fr\/remiremontinfo\/#\/schema\/logo\/image\/","url":"https:\/\/vosgesinfo.fr\/app\/uploads\/sites\/5\/2023\/08\/favicon-remiremontinfo.png","contentUrl":"https:\/\/vosgesinfo.fr\/app\/uploads\/sites\/5\/2023\/08\/favicon-remiremontinfo.png","width":512,"height":512,"caption":"Remiremont Info"},"image":{"@id":"https:\/\/vosgesinfo.fr\/remiremontinfo\/#\/schema\/logo\/image\/"},"sameAs":["https:\/\/www.facebook.com\/remiremontinfo","https:\/\/x.com\/VosgesInfo88","https:\/\/www.youtube.com\/@vosgesinfo"]},{"@type":"Person","@id":"https:\/\/vosgesinfo.fr\/remiremontinfo\/#\/schema\/person\/3bfd164d5218a185b1db68655a265316","name":"C D","image":{"@type":"ImageObject","inLanguage":"fr-FR","@id":"https:\/\/vosgesinfo.fr\/remiremontinfo\/#\/schema\/person\/image\/","url":"https:\/\/secure.gravatar.com\/avatar\/1f9a70007336511a47468b8f1c66f922b8b7cf617b02a31149ada43893a5d48f?s=96&d=mm&r=g","contentUrl":"https:\/\/secure.gravatar.com\/avatar\/1f9a70007336511a47468b8f1c66f922b8b7cf617b02a31149ada43893a5d48f?s=96&d=mm&r=g","caption":"C D"},"url":"https:\/\/vosgesinfo.fr\/remiremontinfo\/author\/cedric-drevet\/"}]}},"_links":{"self":[{"href":"https:\/\/vosgesinfo.fr\/remiremontinfo\/wp-json\/wp\/v2\/posts\/70364","targetHints":{"allow":["GET"]}}],"collection":[{"href":"https:\/\/vosgesinfo.fr\/remiremontinfo\/wp-json\/wp\/v2\/posts"}],"about":[{"href":"https:\/\/vosgesinfo.fr\/remiremontinfo\/wp-json\/wp\/v2\/types\/post"}],"author":[{"embeddable":true,"href":"https:\/\/vosgesinfo.fr\/remiremontinfo\/wp-json\/wp\/v2\/users\/407"}],"replies":[{"embeddable":true,"href":"https:\/\/vosgesinfo.fr\/remiremontinfo\/wp-json\/wp\/v2\/comments?post=70364"}],"version-history":[{"count":0,"href":"https:\/\/vosgesinfo.fr\/remiremontinfo\/wp-json\/wp\/v2\/posts\/70364\/revisions"}],"wp:featuredmedia":[{"embeddable":true,"href":"https:\/\/vosgesinfo.fr\/remiremontinfo\/wp-json\/wp\/v2\/media\/70365"}],"wp:attachment":[{"href":"https:\/\/vosgesinfo.fr\/remiremontinfo\/wp-json\/wp\/v2\/media?parent=70364"}],"wp:term":[{"taxonomy":"category","embeddable":true,"href":"https:\/\/vosgesinfo.fr\/remiremontinfo\/wp-json\/wp\/v2\/categories?post=70364"},{"taxonomy":"post_tag","embeddable":true,"href":"https:\/\/vosgesinfo.fr\/remiremontinfo\/wp-json\/wp\/v2\/tags?post=70364"}],"curies":[{"name":"wp","href":"https:\/\/api.w.org\/{rel}","templated":true}]}}