{"id":70534,"date":"2023-04-20T14:38:40","date_gmt":"2023-04-20T12:38:40","guid":{"rendered":"https:\/\/vosgesinfo.fr\/remiremontinfo\/2023\/04\/saint-maurice-ecran-geant-suivre-20eme-etape-tour-de-france\/"},"modified":"2023-04-20T14:38:40","modified_gmt":"2023-04-20T12:38:40","slug":"saint-maurice-ecran-geant-suivre-20eme-etape-tour-de-france","status":"publish","type":"post","link":"https:\/\/vosgesinfo.fr\/remiremontinfo\/2023\/04\/saint-maurice-ecran-geant-suivre-20eme-etape-tour-de-france\/","title":{"rendered":"Saint-Maurice : un \u00e9cran g\u00e9ant pour suivre la 20\u00e8me \u00e9tape du Tour de France"},"content":{"rendered":"<p><a href=\"\/2022\/06\/66419027_10217612757204315_3743673226690035712_o.jpg\"><img decoding=\"async\" class=\"alignnone size-large wp-image-346513\" src=\"\/2022\/06\/66419027_10217612757204315_3743673226690035712_o-1024x683.jpg\" alt=\"66419027_10217612757204315_3743673226690035712_o\" width=\"960\" height=\"640\" \/><\/a><\/p>\n<h2><span style=\"font-size: 12pt;\"><strong><em><a href=\"https:\/\/remiremontinfo.fr\/2019\/07\/vosges-belle-6eme-etape-tour-de-france\/\">Photo d\u2019archive, illustration\u00a0<\/a><\/em><\/strong><\/span><\/h2>\n<h2><span style=\"font-size: 12pt;\"><strong>L&rsquo;avant-derni\u00e8re \u00e9tape Le Tour de France 2023, dont le d\u00e9part sera donn\u00e9 le samedi 22 juillet prochain \u00e0 Belfort passera par le Ballon d&rsquo;Alsace. L\u2019\u00e9tape de montagne de 133 kilom\u00e8tres passera par Saint-Maurice, Fresse-Sur-Moselle, Le Thillot, et d\u2019autres localit\u00e9s vosgiennes pour arriver au Markstein.\u00a0<\/strong><\/span><\/h2>\n<p>Pour suivre l\u2019\u00e9v\u00e9nement et le vivre pleinement, un \u00e9cran g\u00e9ant led XXL de 15m2 sera positionn\u00e9 sur la placette \u00e0 c\u00f4t\u00e9 de l&rsquo;Office de Tourisme, vient d\u2019annoncer la Mairie de Saint-Maurice. La caravane publicitaire sera au Ballon d&rsquo;Alsace vers 11h58 et au centre bourg vers 12h12. \u00ab\u00a0Une bonne nouvelle pour Saint-Maurice-Sur-Moselle et le territoire\u00a0\u00bb. Les acteurs associatifs souhaitant organiser une animation le samedi 22 juillet sont pri\u00e9s de contacter la Mairie.<\/p>\n<p>Plus d&rsquo;infos ici :\u00a0<a href=\"https:\/\/www.letour.fr\/fr\/patrimoine\/etape-20\/sur-la-route\">Patrimoine &#8211; \u00c9tape 20 &#8211; Belfort &gt; Le Markstein Fellering &#8211; Tour de France 2023 (letour.fr)<\/a>.<\/p>\n<p><a href=\"\/2023\/04\/336916159_959877978702784_6700826858323279182_n.jpg\"><img decoding=\"async\" class=\"alignnone size-full wp-image-368661\" src=\"\/2023\/04\/336916159_959877978702784_6700826858323279182_n.jpg\" alt=\"336916159_959877978702784_6700826858323279182_n\" width=\"960\" height=\"717\" \/><\/a><\/p>\n","protected":false},"excerpt":{"rendered":"<p>Photo d\u2019archive, illustration\u00a0 L&rsquo;avant-derni\u00e8re \u00e9tape Le Tour de France 2023, dont le d\u00e9part sera donn\u00e9 le samedi 22 juillet prochain [&hellip;]<\/p>\n","protected":false},"author":407,"featured_media":70535,"comment_status":"open","ping_status":"open","sticky":false,"template":"","format":"standard","meta":{"footnotes":""},"categories":[26,37,39,14],"tags":[5772,73,61,672,32],"class_list":["post-70534","post","type-post","status-publish","format-standard","has-post-thumbnail","hentry","category-a-la-une","category-le-thillot-son-canton","category-saint-maurice-moselle","category-sport","tag-ecran-geant","tag-saint-maurice","tag-sport","tag-tour-de-france","tag-vosges"],"acf":[],"yoast_head":"<!-- This site is optimized with the Yoast SEO plugin v22.5 - https:\/\/yoast.com\/wordpress\/plugins\/seo\/ -->\n<title>Saint-Maurice : un \u00e9cran g\u00e9ant pour suivre la 20\u00e8me \u00e9tape du Tour de France - Remiremont Info<\/title>\n<meta name=\"robots\" content=\"index, follow, max-snippet:-1, max-image-preview:large, max-video-preview:-1\" \/>\n<link rel=\"canonical\" href=\"https:\/\/vosgesinfo.fr\/remiremontinfo\/2023\/04\/saint-maurice-ecran-geant-suivre-20eme-etape-tour-de-france\/\" \/>\n<meta name=\"twitter:card\" content=\"summary_large_image\" \/>\n<meta name=\"twitter:title\" content=\"Saint-Maurice : un \u00e9cran g\u00e9ant pour suivre la 20\u00e8me \u00e9tape du Tour de France - Remiremont Info\" \/>\n<meta name=\"twitter:description\" content=\"Photo d\u2019archive, illustration\u00a0 L&rsquo;avant-derni\u00e8re \u00e9tape Le Tour de France 2023, dont le d\u00e9part sera donn\u00e9 le samedi 22 juillet prochain [&hellip;]\" \/>\n<meta name=\"twitter:image\" content=\"https:\/\/vosgesinfo.fr\/app\/uploads\/sites\/5\/2024\/09\/20220666419027-10217612757204315-3743673226690035712-o-1.jpg\" \/>\n<meta name=\"twitter:creator\" content=\"@VosgesInfo88\" \/>\n<meta name=\"twitter:site\" content=\"@VosgesInfo88\" \/>\n<meta name=\"twitter:label1\" content=\"\u00c9crit par\" \/>\n\t<meta name=\"twitter:data1\" content=\"C D\" \/>\n\t<meta name=\"twitter:label2\" content=\"Dur\u00e9e de lecture estim\u00e9e\" \/>\n\t<meta name=\"twitter:data2\" content=\"1 minute\" \/>\n<script type=\"application\/ld+json\" class=\"yoast-schema-graph\">{\"@context\":\"https:\/\/schema.org\",\"@graph\":[{\"@type\":\"Article\",\"@id\":\"https:\/\/vosgesinfo.fr\/remiremontinfo\/2023\/04\/saint-maurice-ecran-geant-suivre-20eme-etape-tour-de-france\/#article\",\"isPartOf\":{\"@id\":\"https:\/\/vosgesinfo.fr\/remiremontinfo\/2023\/04\/saint-maurice-ecran-geant-suivre-20eme-etape-tour-de-france\/\"},\"author\":{\"name\":\"C D\",\"@id\":\"https:\/\/vosgesinfo.fr\/remiremontinfo\/#\/schema\/person\/3bfd164d5218a185b1db68655a265316\"},\"headline\":\"Saint-Maurice : un \u00e9cran g\u00e9ant pour suivre la 20\u00e8me \u00e9tape du Tour de France\",\"datePublished\":\"2023-04-20T12:38:40+00:00\",\"dateModified\":\"2023-04-20T12:38:40+00:00\",\"mainEntityOfPage\":{\"@id\":\"https:\/\/vosgesinfo.fr\/remiremontinfo\/2023\/04\/saint-maurice-ecran-geant-suivre-20eme-etape-tour-de-france\/\"},\"wordCount\":162,\"commentCount\":0,\"publisher\":{\"@id\":\"https:\/\/vosgesinfo.fr\/remiremontinfo\/#organization\"},\"image\":{\"@id\":\"https:\/\/vosgesinfo.fr\/remiremontinfo\/2023\/04\/saint-maurice-ecran-geant-suivre-20eme-etape-tour-de-france\/#primaryimage\"},\"thumbnailUrl\":\"https:\/\/vosgesinfo.fr\/app\/uploads\/sites\/5\/2024\/09\/20220666419027-10217612757204315-3743673226690035712-o-1.jpg\",\"keywords\":[\"ecran geant\",\"Saint-Maurice\",\"sport\",\"tour de france\",\"Vosges\"],\"articleSection\":[\"A la Une\",\"Le Thillot &amp; son canton\",\"Saint-Maurice\/Moselle\",\"Sport\"],\"inLanguage\":\"fr-FR\",\"potentialAction\":[{\"@type\":\"CommentAction\",\"name\":\"Comment\",\"target\":[\"https:\/\/vosgesinfo.fr\/remiremontinfo\/2023\/04\/saint-maurice-ecran-geant-suivre-20eme-etape-tour-de-france\/#respond\"]}]},{\"@type\":\"WebPage\",\"@id\":\"https:\/\/vosgesinfo.fr\/remiremontinfo\/2023\/04\/saint-maurice-ecran-geant-suivre-20eme-etape-tour-de-france\/\",\"url\":\"https:\/\/vosgesinfo.fr\/remiremontinfo\/2023\/04\/saint-maurice-ecran-geant-suivre-20eme-etape-tour-de-france\/\",\"name\":\"Saint-Maurice : un \u00e9cran g\u00e9ant pour suivre la 20\u00e8me \u00e9tape du Tour de France - Remiremont Info\",\"isPartOf\":{\"@id\":\"https:\/\/vosgesinfo.fr\/remiremontinfo\/#website\"},\"primaryImageOfPage\":{\"@id\":\"https:\/\/vosgesinfo.fr\/remiremontinfo\/2023\/04\/saint-maurice-ecran-geant-suivre-20eme-etape-tour-de-france\/#primaryimage\"},\"image\":{\"@id\":\"https:\/\/vosgesinfo.fr\/remiremontinfo\/2023\/04\/saint-maurice-ecran-geant-suivre-20eme-etape-tour-de-france\/#primaryimage\"},\"thumbnailUrl\":\"https:\/\/vosgesinfo.fr\/app\/uploads\/sites\/5\/2024\/09\/20220666419027-10217612757204315-3743673226690035712-o-1.jpg\",\"datePublished\":\"2023-04-20T12:38:40+00:00\",\"dateModified\":\"2023-04-20T12:38:40+00:00\",\"breadcrumb\":{\"@id\":\"https:\/\/vosgesinfo.fr\/remiremontinfo\/2023\/04\/saint-maurice-ecran-geant-suivre-20eme-etape-tour-de-france\/#breadcrumb\"},\"inLanguage\":\"fr-FR\",\"potentialAction\":[{\"@type\":\"ReadAction\",\"target\":[\"https:\/\/vosgesinfo.fr\/remiremontinfo\/2023\/04\/saint-maurice-ecran-geant-suivre-20eme-etape-tour-de-france\/\"]}]},{\"@type\":\"ImageObject\",\"inLanguage\":\"fr-FR\",\"@id\":\"https:\/\/vosgesinfo.fr\/remiremontinfo\/2023\/04\/saint-maurice-ecran-geant-suivre-20eme-etape-tour-de-france\/#primaryimage\",\"url\":\"https:\/\/vosgesinfo.fr\/app\/uploads\/sites\/5\/2024\/09\/20220666419027-10217612757204315-3743673226690035712-o-1.jpg\",\"contentUrl\":\"https:\/\/vosgesinfo.fr\/app\/uploads\/sites\/5\/2024\/09\/20220666419027-10217612757204315-3743673226690035712-o-1.jpg\",\"width\":2048,\"height\":1365},{\"@type\":\"BreadcrumbList\",\"@id\":\"https:\/\/vosgesinfo.fr\/remiremontinfo\/2023\/04\/saint-maurice-ecran-geant-suivre-20eme-etape-tour-de-france\/#breadcrumb\",\"itemListElement\":[{\"@type\":\"ListItem\",\"position\":1,\"name\":\"Home\",\"item\":\"https:\/\/vosgesinfo.fr\/remiremontinfo\/\"},{\"@type\":\"ListItem\",\"position\":2,\"name\":\"Saint-Maurice : un \u00e9cran g\u00e9ant pour suivre la 20\u00e8me \u00e9tape du Tour de France\"}]},{\"@type\":\"WebSite\",\"@id\":\"https:\/\/vosgesinfo.fr\/remiremontinfo\/#website\",\"url\":\"https:\/\/vosgesinfo.fr\/remiremontinfo\/\",\"name\":\"Remiremont Info\",\"description\":\"Toute l&#039;actualit\u00e9 de Remiremont\",\"publisher\":{\"@id\":\"https:\/\/vosgesinfo.fr\/remiremontinfo\/#organization\"},\"alternateName\":\"Toute l'actualit\u00e9 de Remiremont\",\"potentialAction\":[{\"@type\":\"SearchAction\",\"target\":{\"@type\":\"EntryPoint\",\"urlTemplate\":\"https:\/\/vosgesinfo.fr\/remiremontinfo\/?s={search_term_string}\"},\"query-input\":\"required name=search_term_string\"}],\"inLanguage\":\"fr-FR\"},{\"@type\":\"Organization\",\"@id\":\"https:\/\/vosgesinfo.fr\/remiremontinfo\/#organization\",\"name\":\"Remiremont Info\",\"url\":\"https:\/\/vosgesinfo.fr\/remiremontinfo\/\",\"logo\":{\"@type\":\"ImageObject\",\"inLanguage\":\"fr-FR\",\"@id\":\"https:\/\/vosgesinfo.fr\/remiremontinfo\/#\/schema\/logo\/image\/\",\"url\":\"https:\/\/vosgesinfo.fr\/app\/uploads\/sites\/5\/2023\/08\/favicon-remiremontinfo.png\",\"contentUrl\":\"https:\/\/vosgesinfo.fr\/app\/uploads\/sites\/5\/2023\/08\/favicon-remiremontinfo.png\",\"width\":512,\"height\":512,\"caption\":\"Remiremont Info\"},\"image\":{\"@id\":\"https:\/\/vosgesinfo.fr\/remiremontinfo\/#\/schema\/logo\/image\/\"},\"sameAs\":[\"https:\/\/www.facebook.com\/remiremontinfo\",\"https:\/\/x.com\/VosgesInfo88\",\"https:\/\/www.youtube.com\/@vosgesinfo\"]},{\"@type\":\"Person\",\"@id\":\"https:\/\/vosgesinfo.fr\/remiremontinfo\/#\/schema\/person\/3bfd164d5218a185b1db68655a265316\",\"name\":\"C D\",\"image\":{\"@type\":\"ImageObject\",\"inLanguage\":\"fr-FR\",\"@id\":\"https:\/\/vosgesinfo.fr\/remiremontinfo\/#\/schema\/person\/image\/\",\"url\":\"https:\/\/secure.gravatar.com\/avatar\/1f9a70007336511a47468b8f1c66f922b8b7cf617b02a31149ada43893a5d48f?s=96&d=mm&r=g\",\"contentUrl\":\"https:\/\/secure.gravatar.com\/avatar\/1f9a70007336511a47468b8f1c66f922b8b7cf617b02a31149ada43893a5d48f?s=96&d=mm&r=g\",\"caption\":\"C D\"},\"url\":\"https:\/\/vosgesinfo.fr\/remiremontinfo\/author\/cedric-drevet\/\"}]}<\/script>\n<!-- \/ Yoast SEO plugin. -->","yoast_head_json":{"title":"Saint-Maurice : un \u00e9cran g\u00e9ant pour suivre la 20\u00e8me \u00e9tape du Tour de France - Remiremont Info","robots":{"index":"index","follow":"follow","max-snippet":"max-snippet:-1","max-image-preview":"max-image-preview:large","max-video-preview":"max-video-preview:-1"},"canonical":"https:\/\/vosgesinfo.fr\/remiremontinfo\/2023\/04\/saint-maurice-ecran-geant-suivre-20eme-etape-tour-de-france\/","twitter_card":"summary_large_image","twitter_title":"Saint-Maurice : un \u00e9cran g\u00e9ant pour suivre la 20\u00e8me \u00e9tape du Tour de France - Remiremont Info","twitter_description":"Photo d\u2019archive, illustration\u00a0 L&rsquo;avant-derni\u00e8re \u00e9tape Le Tour de France 2023, dont le d\u00e9part sera donn\u00e9 le samedi 22 juillet prochain [&hellip;]","twitter_image":"https:\/\/vosgesinfo.fr\/app\/uploads\/sites\/5\/2024\/09\/20220666419027-10217612757204315-3743673226690035712-o-1.jpg","twitter_creator":"@VosgesInfo88","twitter_site":"@VosgesInfo88","twitter_misc":{"\u00c9crit par":"C D","Dur\u00e9e de lecture estim\u00e9e":"1 minute"},"schema":{"@context":"https:\/\/schema.org","@graph":[{"@type":"Article","@id":"https:\/\/vosgesinfo.fr\/remiremontinfo\/2023\/04\/saint-maurice-ecran-geant-suivre-20eme-etape-tour-de-france\/#article","isPartOf":{"@id":"https:\/\/vosgesinfo.fr\/remiremontinfo\/2023\/04\/saint-maurice-ecran-geant-suivre-20eme-etape-tour-de-france\/"},"author":{"name":"C D","@id":"https:\/\/vosgesinfo.fr\/remiremontinfo\/#\/schema\/person\/3bfd164d5218a185b1db68655a265316"},"headline":"Saint-Maurice : un \u00e9cran g\u00e9ant pour suivre la 20\u00e8me \u00e9tape du Tour de France","datePublished":"2023-04-20T12:38:40+00:00","dateModified":"2023-04-20T12:38:40+00:00","mainEntityOfPage":{"@id":"https:\/\/vosgesinfo.fr\/remiremontinfo\/2023\/04\/saint-maurice-ecran-geant-suivre-20eme-etape-tour-de-france\/"},"wordCount":162,"commentCount":0,"publisher":{"@id":"https:\/\/vosgesinfo.fr\/remiremontinfo\/#organization"},"image":{"@id":"https:\/\/vosgesinfo.fr\/remiremontinfo\/2023\/04\/saint-maurice-ecran-geant-suivre-20eme-etape-tour-de-france\/#primaryimage"},"thumbnailUrl":"https:\/\/vosgesinfo.fr\/app\/uploads\/sites\/5\/2024\/09\/20220666419027-10217612757204315-3743673226690035712-o-1.jpg","keywords":["ecran geant","Saint-Maurice","sport","tour de france","Vosges"],"articleSection":["A la Une","Le Thillot &amp; son canton","Saint-Maurice\/Moselle","Sport"],"inLanguage":"fr-FR","potentialAction":[{"@type":"CommentAction","name":"Comment","target":["https:\/\/vosgesinfo.fr\/remiremontinfo\/2023\/04\/saint-maurice-ecran-geant-suivre-20eme-etape-tour-de-france\/#respond"]}]},{"@type":"WebPage","@id":"https:\/\/vosgesinfo.fr\/remiremontinfo\/2023\/04\/saint-maurice-ecran-geant-suivre-20eme-etape-tour-de-france\/","url":"https:\/\/vosgesinfo.fr\/remiremontinfo\/2023\/04\/saint-maurice-ecran-geant-suivre-20eme-etape-tour-de-france\/","name":"Saint-Maurice : un \u00e9cran g\u00e9ant pour suivre la 20\u00e8me \u00e9tape du Tour de France - Remiremont Info","isPartOf":{"@id":"https:\/\/vosgesinfo.fr\/remiremontinfo\/#website"},"primaryImageOfPage":{"@id":"https:\/\/vosgesinfo.fr\/remiremontinfo\/2023\/04\/saint-maurice-ecran-geant-suivre-20eme-etape-tour-de-france\/#primaryimage"},"image":{"@id":"https:\/\/vosgesinfo.fr\/remiremontinfo\/2023\/04\/saint-maurice-ecran-geant-suivre-20eme-etape-tour-de-france\/#primaryimage"},"thumbnailUrl":"https:\/\/vosgesinfo.fr\/app\/uploads\/sites\/5\/2024\/09\/20220666419027-10217612757204315-3743673226690035712-o-1.jpg","datePublished":"2023-04-20T12:38:40+00:00","dateModified":"2023-04-20T12:38:40+00:00","breadcrumb":{"@id":"https:\/\/vosgesinfo.fr\/remiremontinfo\/2023\/04\/saint-maurice-ecran-geant-suivre-20eme-etape-tour-de-france\/#breadcrumb"},"inLanguage":"fr-FR","potentialAction":[{"@type":"ReadAction","target":["https:\/\/vosgesinfo.fr\/remiremontinfo\/2023\/04\/saint-maurice-ecran-geant-suivre-20eme-etape-tour-de-france\/"]}]},{"@type":"ImageObject","inLanguage":"fr-FR","@id":"https:\/\/vosgesinfo.fr\/remiremontinfo\/2023\/04\/saint-maurice-ecran-geant-suivre-20eme-etape-tour-de-france\/#primaryimage","url":"https:\/\/vosgesinfo.fr\/app\/uploads\/sites\/5\/2024\/09\/20220666419027-10217612757204315-3743673226690035712-o-1.jpg","contentUrl":"https:\/\/vosgesinfo.fr\/app\/uploads\/sites\/5\/2024\/09\/20220666419027-10217612757204315-3743673226690035712-o-1.jpg","width":2048,"height":1365},{"@type":"BreadcrumbList","@id":"https:\/\/vosgesinfo.fr\/remiremontinfo\/2023\/04\/saint-maurice-ecran-geant-suivre-20eme-etape-tour-de-france\/#breadcrumb","itemListElement":[{"@type":"ListItem","position":1,"name":"Home","item":"https:\/\/vosgesinfo.fr\/remiremontinfo\/"},{"@type":"ListItem","position":2,"name":"Saint-Maurice : un \u00e9cran g\u00e9ant pour suivre la 20\u00e8me \u00e9tape du Tour de France"}]},{"@type":"WebSite","@id":"https:\/\/vosgesinfo.fr\/remiremontinfo\/#website","url":"https:\/\/vosgesinfo.fr\/remiremontinfo\/","name":"Remiremont Info","description":"Toute l&#039;actualit\u00e9 de Remiremont","publisher":{"@id":"https:\/\/vosgesinfo.fr\/remiremontinfo\/#organization"},"alternateName":"Toute l'actualit\u00e9 de Remiremont","potentialAction":[{"@type":"SearchAction","target":{"@type":"EntryPoint","urlTemplate":"https:\/\/vosgesinfo.fr\/remiremontinfo\/?s={search_term_string}"},"query-input":"required name=search_term_string"}],"inLanguage":"fr-FR"},{"@type":"Organization","@id":"https:\/\/vosgesinfo.fr\/remiremontinfo\/#organization","name":"Remiremont Info","url":"https:\/\/vosgesinfo.fr\/remiremontinfo\/","logo":{"@type":"ImageObject","inLanguage":"fr-FR","@id":"https:\/\/vosgesinfo.fr\/remiremontinfo\/#\/schema\/logo\/image\/","url":"https:\/\/vosgesinfo.fr\/app\/uploads\/sites\/5\/2023\/08\/favicon-remiremontinfo.png","contentUrl":"https:\/\/vosgesinfo.fr\/app\/uploads\/sites\/5\/2023\/08\/favicon-remiremontinfo.png","width":512,"height":512,"caption":"Remiremont Info"},"image":{"@id":"https:\/\/vosgesinfo.fr\/remiremontinfo\/#\/schema\/logo\/image\/"},"sameAs":["https:\/\/www.facebook.com\/remiremontinfo","https:\/\/x.com\/VosgesInfo88","https:\/\/www.youtube.com\/@vosgesinfo"]},{"@type":"Person","@id":"https:\/\/vosgesinfo.fr\/remiremontinfo\/#\/schema\/person\/3bfd164d5218a185b1db68655a265316","name":"C D","image":{"@type":"ImageObject","inLanguage":"fr-FR","@id":"https:\/\/vosgesinfo.fr\/remiremontinfo\/#\/schema\/person\/image\/","url":"https:\/\/secure.gravatar.com\/avatar\/1f9a70007336511a47468b8f1c66f922b8b7cf617b02a31149ada43893a5d48f?s=96&d=mm&r=g","contentUrl":"https:\/\/secure.gravatar.com\/avatar\/1f9a70007336511a47468b8f1c66f922b8b7cf617b02a31149ada43893a5d48f?s=96&d=mm&r=g","caption":"C D"},"url":"https:\/\/vosgesinfo.fr\/remiremontinfo\/author\/cedric-drevet\/"}]}},"_links":{"self":[{"href":"https:\/\/vosgesinfo.fr\/remiremontinfo\/wp-json\/wp\/v2\/posts\/70534","targetHints":{"allow":["GET"]}}],"collection":[{"href":"https:\/\/vosgesinfo.fr\/remiremontinfo\/wp-json\/wp\/v2\/posts"}],"about":[{"href":"https:\/\/vosgesinfo.fr\/remiremontinfo\/wp-json\/wp\/v2\/types\/post"}],"author":[{"embeddable":true,"href":"https:\/\/vosgesinfo.fr\/remiremontinfo\/wp-json\/wp\/v2\/users\/407"}],"replies":[{"embeddable":true,"href":"https:\/\/vosgesinfo.fr\/remiremontinfo\/wp-json\/wp\/v2\/comments?post=70534"}],"version-history":[{"count":0,"href":"https:\/\/vosgesinfo.fr\/remiremontinfo\/wp-json\/wp\/v2\/posts\/70534\/revisions"}],"wp:featuredmedia":[{"embeddable":true,"href":"https:\/\/vosgesinfo.fr\/remiremontinfo\/wp-json\/wp\/v2\/media\/70535"}],"wp:attachment":[{"href":"https:\/\/vosgesinfo.fr\/remiremontinfo\/wp-json\/wp\/v2\/media?parent=70534"}],"wp:term":[{"taxonomy":"category","embeddable":true,"href":"https:\/\/vosgesinfo.fr\/remiremontinfo\/wp-json\/wp\/v2\/categories?post=70534"},{"taxonomy":"post_tag","embeddable":true,"href":"https:\/\/vosgesinfo.fr\/remiremontinfo\/wp-json\/wp\/v2\/tags?post=70534"}],"curies":[{"name":"wp","href":"https:\/\/api.w.org\/{rel}","templated":true}]}}