{"id":70557,"date":"2023-04-20T14:42:10","date_gmt":"2023-04-20T12:42:10","guid":{"rendered":"https:\/\/vosgesinfo.fr\/remiremontinfo\/2023\/04\/collectif-acide-appel-citoyen-19-avril-boycott-de-pseudo-concertation-zones-favorables-developpement-de-leolien-zfde\/"},"modified":"2023-04-20T14:42:10","modified_gmt":"2023-04-20T12:42:10","slug":"collectif-acide-appel-citoyen-19-avril-boycott-de-pseudo-concertation-zones-favorables-developpement-de-leolien-zfde","status":"publish","type":"post","link":"https:\/\/vosgesinfo.fr\/remiremontinfo\/2023\/04\/collectif-acide-appel-citoyen-19-avril-boycott-de-pseudo-concertation-zones-favorables-developpement-de-leolien-zfde\/","title":{"rendered":"Le collectif ACIDE appelle au boycott de la \u00ab\u00a0pseudo concertation sur les Zones Favorables au D\u00e9veloppement de l\u2019\u00c9olien ( ZFDE)\u00a0\u00bb"},"content":{"rendered":"<p><a href=\"\/2023\/04\/collectif-acide-2.png\"><img decoding=\"async\" class=\"alignnone size-large wp-image-368700\" src=\"\/2023\/04\/collectif-acide-2-1024x528.png\" alt=\"collectif acide (2)\" width=\"960\" height=\"495\" \/><\/a><\/p>\n<p style=\"text-align: center;\"><span style=\"font-size: 10pt;\"><em>Communiqu\u00e9\u00a0<\/em><\/span><\/p>\n<p>Nous, citoyens engag\u00e9s pour la pr\u00e9servation de notre environnement et de notre patrimoine, appelons au boycott de la pseudo concertation sur les Zones Favorables au D\u00e9veloppement de l&rsquo;Eolien (ZFDE) dans la r\u00e9gion Grand Est.<\/p>\n<p>Nous sommes profond\u00e9ment pr\u00e9occup\u00e9s par l&rsquo;absence totale d&rsquo;information et de transparence envers les habitants, qui seront directement impact\u00e9s par la mise en place de ces zones. La cartographie qui a \u00e9t\u00e9 pr\u00e9sent\u00e9e est sans \u00e9quivoque : le paysage sera totalement d\u00e9figur\u00e9 dans toute la r\u00e9gion Grand Est. Les cons\u00e9quences sur la vie des gens seront majeures, et la biodiversit\u00e9 sera boulevers\u00e9e.<\/p>\n<p>Face \u00e0 cette situation inacceptable, nous refusons de participer \u00e0 une parodie de concertation, qui n&rsquo;est qu&rsquo;un pr\u00e9texte pour mettre en p\u00e9ril notre patrimoine. Nous appelons les citoyens \u00e0 se joindre \u00e0 nous et \u00e0 boycotter cette concertation.<\/p>\n<p>Nous demandons aux autorit\u00e9s comp\u00e9tentes de prendre en compte nos pr\u00e9occupations et de mettre fin \u00e0 ce projet destructeur pour notre environnement, nos paysages et notre patrimoine.<\/p>\n<p>Nous appelons \u00e9galement les m\u00e9dias \u00e0 nous soutenir en relayant notre message et en informant les citoyens sur les enjeux de cette situation.<\/p>\n<p>Ensemble, nous pouvons faire entendre notre voix et prot\u00e9ger notre environnement pour les g\u00e9n\u00e9rations futures.<\/p>\n<p>Lien utiles :<\/p>\n<p><a href=\"https:\/\/www.grand-est.developpement-durable.gouv.fr\/contribuez-a-la-concertation-sur-le-projet-de-a21721.html\">https:\/\/www.grand-est.developpement-durable.gouv.fr\/contribuez-a-la-concertation-sur-le-projet-de-a21721.html<\/a><\/p>\n<p>PJ : Extrait de la cartographie des ZFDE<\/p>\n<p><span style=\"font-size: 10pt;\"><em>Collectif A.C.I.D.E : Appel Citoyen pour la D\u00e9fense de l&rsquo;Environnement et du Paysage\u00a0<\/em><\/span><\/p>\n\n<p>&nbsp;<\/p>\n","protected":false},"excerpt":{"rendered":"<p>Communiqu\u00e9\u00a0 Nous, citoyens engag\u00e9s pour la pr\u00e9servation de notre environnement et de notre patrimoine, appelons au boycott de la pseudo [&hellip;]<\/p>\n","protected":false},"author":407,"featured_media":70558,"comment_status":"open","ping_status":"open","sticky":false,"template":"","format":"standard","meta":{"footnotes":""},"categories":[26,7,18],"tags":[5776,5777,32],"class_list":["post-70557","post","type-post","status-publish","format-standard","has-post-thumbnail","hentry","category-a-la-une","category-environnement","category-vosges","tag-collectif-acide","tag-eolien","tag-vosges"],"acf":[],"yoast_head":"<!-- This site is optimized with the Yoast SEO plugin v22.5 - https:\/\/yoast.com\/wordpress\/plugins\/seo\/ -->\n<title>Le collectif ACIDE appelle au boycott de la &quot;pseudo concertation sur les Zones Favorables au D\u00e9veloppement de l\u2019\u00c9olien ( ZFDE)&quot; - Remiremont Info<\/title>\n<meta name=\"robots\" content=\"index, follow, max-snippet:-1, max-image-preview:large, max-video-preview:-1\" \/>\n<link rel=\"canonical\" href=\"https:\/\/vosgesinfo.fr\/remiremontinfo\/2023\/04\/collectif-acide-appel-citoyen-19-avril-boycott-de-pseudo-concertation-zones-favorables-developpement-de-leolien-zfde\/\" \/>\n<meta name=\"twitter:card\" content=\"summary_large_image\" \/>\n<meta name=\"twitter:title\" content=\"Le collectif ACIDE appelle au boycott de la &quot;pseudo concertation sur les Zones Favorables au D\u00e9veloppement de l\u2019\u00c9olien ( ZFDE)&quot; - Remiremont Info\" \/>\n<meta name=\"twitter:description\" content=\"Communiqu\u00e9\u00a0 Nous, citoyens engag\u00e9s pour la pr\u00e9servation de notre environnement et de notre patrimoine, appelons au boycott de la pseudo [&hellip;]\" \/>\n<meta name=\"twitter:image\" content=\"https:\/\/vosgesinfo.fr\/app\/uploads\/sites\/5\/2024\/09\/202304collectif-acide-1.png\" \/>\n<meta name=\"twitter:creator\" content=\"@VosgesInfo88\" \/>\n<meta name=\"twitter:site\" content=\"@VosgesInfo88\" \/>\n<meta name=\"twitter:label1\" content=\"\u00c9crit par\" \/>\n\t<meta name=\"twitter:data1\" content=\"C D\" \/>\n\t<meta name=\"twitter:label2\" content=\"Dur\u00e9e de lecture estim\u00e9e\" \/>\n\t<meta name=\"twitter:data2\" content=\"1 minute\" \/>\n<script type=\"application\/ld+json\" class=\"yoast-schema-graph\">{\"@context\":\"https:\/\/schema.org\",\"@graph\":[{\"@type\":\"Article\",\"@id\":\"https:\/\/vosgesinfo.fr\/remiremontinfo\/2023\/04\/collectif-acide-appel-citoyen-19-avril-boycott-de-pseudo-concertation-zones-favorables-developpement-de-leolien-zfde\/#article\",\"isPartOf\":{\"@id\":\"https:\/\/vosgesinfo.fr\/remiremontinfo\/2023\/04\/collectif-acide-appel-citoyen-19-avril-boycott-de-pseudo-concertation-zones-favorables-developpement-de-leolien-zfde\/\"},\"author\":{\"name\":\"C D\",\"@id\":\"https:\/\/vosgesinfo.fr\/remiremontinfo\/#\/schema\/person\/3bfd164d5218a185b1db68655a265316\"},\"headline\":\"Le collectif ACIDE appelle au boycott de la \u00ab\u00a0pseudo concertation sur les Zones Favorables au D\u00e9veloppement de l\u2019\u00c9olien ( ZFDE)\u00a0\u00bb\",\"datePublished\":\"2023-04-20T12:42:10+00:00\",\"dateModified\":\"2023-04-20T12:42:10+00:00\",\"mainEntityOfPage\":{\"@id\":\"https:\/\/vosgesinfo.fr\/remiremontinfo\/2023\/04\/collectif-acide-appel-citoyen-19-avril-boycott-de-pseudo-concertation-zones-favorables-developpement-de-leolien-zfde\/\"},\"wordCount\":286,\"commentCount\":0,\"publisher\":{\"@id\":\"https:\/\/vosgesinfo.fr\/remiremontinfo\/#organization\"},\"image\":{\"@id\":\"https:\/\/vosgesinfo.fr\/remiremontinfo\/2023\/04\/collectif-acide-appel-citoyen-19-avril-boycott-de-pseudo-concertation-zones-favorables-developpement-de-leolien-zfde\/#primaryimage\"},\"thumbnailUrl\":\"https:\/\/vosgesinfo.fr\/app\/uploads\/sites\/5\/2024\/09\/202304collectif-acide-1.png\",\"keywords\":[\"collectif acide\",\"eolien\",\"Vosges\"],\"articleSection\":[\"A la Une\",\"Environnement\",\"Vosges\"],\"inLanguage\":\"fr-FR\",\"potentialAction\":[{\"@type\":\"CommentAction\",\"name\":\"Comment\",\"target\":[\"https:\/\/vosgesinfo.fr\/remiremontinfo\/2023\/04\/collectif-acide-appel-citoyen-19-avril-boycott-de-pseudo-concertation-zones-favorables-developpement-de-leolien-zfde\/#respond\"]}]},{\"@type\":\"WebPage\",\"@id\":\"https:\/\/vosgesinfo.fr\/remiremontinfo\/2023\/04\/collectif-acide-appel-citoyen-19-avril-boycott-de-pseudo-concertation-zones-favorables-developpement-de-leolien-zfde\/\",\"url\":\"https:\/\/vosgesinfo.fr\/remiremontinfo\/2023\/04\/collectif-acide-appel-citoyen-19-avril-boycott-de-pseudo-concertation-zones-favorables-developpement-de-leolien-zfde\/\",\"name\":\"Le collectif ACIDE appelle au boycott de la \\\"pseudo concertation sur les Zones Favorables au D\u00e9veloppement de l\u2019\u00c9olien ( ZFDE)\\\" - Remiremont Info\",\"isPartOf\":{\"@id\":\"https:\/\/vosgesinfo.fr\/remiremontinfo\/#website\"},\"primaryImageOfPage\":{\"@id\":\"https:\/\/vosgesinfo.fr\/remiremontinfo\/2023\/04\/collectif-acide-appel-citoyen-19-avril-boycott-de-pseudo-concertation-zones-favorables-developpement-de-leolien-zfde\/#primaryimage\"},\"image\":{\"@id\":\"https:\/\/vosgesinfo.fr\/remiremontinfo\/2023\/04\/collectif-acide-appel-citoyen-19-avril-boycott-de-pseudo-concertation-zones-favorables-developpement-de-leolien-zfde\/#primaryimage\"},\"thumbnailUrl\":\"https:\/\/vosgesinfo.fr\/app\/uploads\/sites\/5\/2024\/09\/202304collectif-acide-1.png\",\"datePublished\":\"2023-04-20T12:42:10+00:00\",\"dateModified\":\"2023-04-20T12:42:10+00:00\",\"breadcrumb\":{\"@id\":\"https:\/\/vosgesinfo.fr\/remiremontinfo\/2023\/04\/collectif-acide-appel-citoyen-19-avril-boycott-de-pseudo-concertation-zones-favorables-developpement-de-leolien-zfde\/#breadcrumb\"},\"inLanguage\":\"fr-FR\",\"potentialAction\":[{\"@type\":\"ReadAction\",\"target\":[\"https:\/\/vosgesinfo.fr\/remiremontinfo\/2023\/04\/collectif-acide-appel-citoyen-19-avril-boycott-de-pseudo-concertation-zones-favorables-developpement-de-leolien-zfde\/\"]}]},{\"@type\":\"ImageObject\",\"inLanguage\":\"fr-FR\",\"@id\":\"https:\/\/vosgesinfo.fr\/remiremontinfo\/2023\/04\/collectif-acide-appel-citoyen-19-avril-boycott-de-pseudo-concertation-zones-favorables-developpement-de-leolien-zfde\/#primaryimage\",\"url\":\"https:\/\/vosgesinfo.fr\/app\/uploads\/sites\/5\/2024\/09\/202304collectif-acide-1.png\",\"contentUrl\":\"https:\/\/vosgesinfo.fr\/app\/uploads\/sites\/5\/2024\/09\/202304collectif-acide-1.png\",\"width\":1083,\"height\":556},{\"@type\":\"BreadcrumbList\",\"@id\":\"https:\/\/vosgesinfo.fr\/remiremontinfo\/2023\/04\/collectif-acide-appel-citoyen-19-avril-boycott-de-pseudo-concertation-zones-favorables-developpement-de-leolien-zfde\/#breadcrumb\",\"itemListElement\":[{\"@type\":\"ListItem\",\"position\":1,\"name\":\"Home\",\"item\":\"https:\/\/vosgesinfo.fr\/remiremontinfo\/\"},{\"@type\":\"ListItem\",\"position\":2,\"name\":\"Le collectif ACIDE appelle au boycott de la \u00ab\u00a0pseudo concertation sur les Zones Favorables au D\u00e9veloppement de l\u2019\u00c9olien ( ZFDE)\u00a0\u00bb\"}]},{\"@type\":\"WebSite\",\"@id\":\"https:\/\/vosgesinfo.fr\/remiremontinfo\/#website\",\"url\":\"https:\/\/vosgesinfo.fr\/remiremontinfo\/\",\"name\":\"Remiremont Info\",\"description\":\"Toute l&#039;actualit\u00e9 de Remiremont\",\"publisher\":{\"@id\":\"https:\/\/vosgesinfo.fr\/remiremontinfo\/#organization\"},\"alternateName\":\"Toute l'actualit\u00e9 de Remiremont\",\"potentialAction\":[{\"@type\":\"SearchAction\",\"target\":{\"@type\":\"EntryPoint\",\"urlTemplate\":\"https:\/\/vosgesinfo.fr\/remiremontinfo\/?s={search_term_string}\"},\"query-input\":\"required name=search_term_string\"}],\"inLanguage\":\"fr-FR\"},{\"@type\":\"Organization\",\"@id\":\"https:\/\/vosgesinfo.fr\/remiremontinfo\/#organization\",\"name\":\"Remiremont Info\",\"url\":\"https:\/\/vosgesinfo.fr\/remiremontinfo\/\",\"logo\":{\"@type\":\"ImageObject\",\"inLanguage\":\"fr-FR\",\"@id\":\"https:\/\/vosgesinfo.fr\/remiremontinfo\/#\/schema\/logo\/image\/\",\"url\":\"https:\/\/vosgesinfo.fr\/app\/uploads\/sites\/5\/2023\/08\/favicon-remiremontinfo.png\",\"contentUrl\":\"https:\/\/vosgesinfo.fr\/app\/uploads\/sites\/5\/2023\/08\/favicon-remiremontinfo.png\",\"width\":512,\"height\":512,\"caption\":\"Remiremont Info\"},\"image\":{\"@id\":\"https:\/\/vosgesinfo.fr\/remiremontinfo\/#\/schema\/logo\/image\/\"},\"sameAs\":[\"https:\/\/www.facebook.com\/remiremontinfo\",\"https:\/\/x.com\/VosgesInfo88\",\"https:\/\/www.youtube.com\/@vosgesinfo\"]},{\"@type\":\"Person\",\"@id\":\"https:\/\/vosgesinfo.fr\/remiremontinfo\/#\/schema\/person\/3bfd164d5218a185b1db68655a265316\",\"name\":\"C D\",\"image\":{\"@type\":\"ImageObject\",\"inLanguage\":\"fr-FR\",\"@id\":\"https:\/\/vosgesinfo.fr\/remiremontinfo\/#\/schema\/person\/image\/\",\"url\":\"https:\/\/secure.gravatar.com\/avatar\/1f9a70007336511a47468b8f1c66f922b8b7cf617b02a31149ada43893a5d48f?s=96&d=mm&r=g\",\"contentUrl\":\"https:\/\/secure.gravatar.com\/avatar\/1f9a70007336511a47468b8f1c66f922b8b7cf617b02a31149ada43893a5d48f?s=96&d=mm&r=g\",\"caption\":\"C D\"},\"url\":\"https:\/\/vosgesinfo.fr\/remiremontinfo\/author\/cedric-drevet\/\"}]}<\/script>\n<!-- \/ Yoast SEO plugin. -->","yoast_head_json":{"title":"Le collectif ACIDE appelle au boycott de la \"pseudo concertation sur les Zones Favorables au D\u00e9veloppement de l\u2019\u00c9olien ( ZFDE)\" - Remiremont Info","robots":{"index":"index","follow":"follow","max-snippet":"max-snippet:-1","max-image-preview":"max-image-preview:large","max-video-preview":"max-video-preview:-1"},"canonical":"https:\/\/vosgesinfo.fr\/remiremontinfo\/2023\/04\/collectif-acide-appel-citoyen-19-avril-boycott-de-pseudo-concertation-zones-favorables-developpement-de-leolien-zfde\/","twitter_card":"summary_large_image","twitter_title":"Le collectif ACIDE appelle au boycott de la \"pseudo concertation sur les Zones Favorables au D\u00e9veloppement de l\u2019\u00c9olien ( ZFDE)\" - Remiremont Info","twitter_description":"Communiqu\u00e9\u00a0 Nous, citoyens engag\u00e9s pour la pr\u00e9servation de notre environnement et de notre patrimoine, appelons au boycott de la pseudo [&hellip;]","twitter_image":"https:\/\/vosgesinfo.fr\/app\/uploads\/sites\/5\/2024\/09\/202304collectif-acide-1.png","twitter_creator":"@VosgesInfo88","twitter_site":"@VosgesInfo88","twitter_misc":{"\u00c9crit par":"C D","Dur\u00e9e de lecture estim\u00e9e":"1 minute"},"schema":{"@context":"https:\/\/schema.org","@graph":[{"@type":"Article","@id":"https:\/\/vosgesinfo.fr\/remiremontinfo\/2023\/04\/collectif-acide-appel-citoyen-19-avril-boycott-de-pseudo-concertation-zones-favorables-developpement-de-leolien-zfde\/#article","isPartOf":{"@id":"https:\/\/vosgesinfo.fr\/remiremontinfo\/2023\/04\/collectif-acide-appel-citoyen-19-avril-boycott-de-pseudo-concertation-zones-favorables-developpement-de-leolien-zfde\/"},"author":{"name":"C D","@id":"https:\/\/vosgesinfo.fr\/remiremontinfo\/#\/schema\/person\/3bfd164d5218a185b1db68655a265316"},"headline":"Le collectif ACIDE appelle au boycott de la \u00ab\u00a0pseudo concertation sur les Zones Favorables au D\u00e9veloppement de l\u2019\u00c9olien ( ZFDE)\u00a0\u00bb","datePublished":"2023-04-20T12:42:10+00:00","dateModified":"2023-04-20T12:42:10+00:00","mainEntityOfPage":{"@id":"https:\/\/vosgesinfo.fr\/remiremontinfo\/2023\/04\/collectif-acide-appel-citoyen-19-avril-boycott-de-pseudo-concertation-zones-favorables-developpement-de-leolien-zfde\/"},"wordCount":286,"commentCount":0,"publisher":{"@id":"https:\/\/vosgesinfo.fr\/remiremontinfo\/#organization"},"image":{"@id":"https:\/\/vosgesinfo.fr\/remiremontinfo\/2023\/04\/collectif-acide-appel-citoyen-19-avril-boycott-de-pseudo-concertation-zones-favorables-developpement-de-leolien-zfde\/#primaryimage"},"thumbnailUrl":"https:\/\/vosgesinfo.fr\/app\/uploads\/sites\/5\/2024\/09\/202304collectif-acide-1.png","keywords":["collectif acide","eolien","Vosges"],"articleSection":["A la Une","Environnement","Vosges"],"inLanguage":"fr-FR","potentialAction":[{"@type":"CommentAction","name":"Comment","target":["https:\/\/vosgesinfo.fr\/remiremontinfo\/2023\/04\/collectif-acide-appel-citoyen-19-avril-boycott-de-pseudo-concertation-zones-favorables-developpement-de-leolien-zfde\/#respond"]}]},{"@type":"WebPage","@id":"https:\/\/vosgesinfo.fr\/remiremontinfo\/2023\/04\/collectif-acide-appel-citoyen-19-avril-boycott-de-pseudo-concertation-zones-favorables-developpement-de-leolien-zfde\/","url":"https:\/\/vosgesinfo.fr\/remiremontinfo\/2023\/04\/collectif-acide-appel-citoyen-19-avril-boycott-de-pseudo-concertation-zones-favorables-developpement-de-leolien-zfde\/","name":"Le collectif ACIDE appelle au boycott de la \"pseudo concertation sur les Zones Favorables au D\u00e9veloppement de l\u2019\u00c9olien ( ZFDE)\" - Remiremont Info","isPartOf":{"@id":"https:\/\/vosgesinfo.fr\/remiremontinfo\/#website"},"primaryImageOfPage":{"@id":"https:\/\/vosgesinfo.fr\/remiremontinfo\/2023\/04\/collectif-acide-appel-citoyen-19-avril-boycott-de-pseudo-concertation-zones-favorables-developpement-de-leolien-zfde\/#primaryimage"},"image":{"@id":"https:\/\/vosgesinfo.fr\/remiremontinfo\/2023\/04\/collectif-acide-appel-citoyen-19-avril-boycott-de-pseudo-concertation-zones-favorables-developpement-de-leolien-zfde\/#primaryimage"},"thumbnailUrl":"https:\/\/vosgesinfo.fr\/app\/uploads\/sites\/5\/2024\/09\/202304collectif-acide-1.png","datePublished":"2023-04-20T12:42:10+00:00","dateModified":"2023-04-20T12:42:10+00:00","breadcrumb":{"@id":"https:\/\/vosgesinfo.fr\/remiremontinfo\/2023\/04\/collectif-acide-appel-citoyen-19-avril-boycott-de-pseudo-concertation-zones-favorables-developpement-de-leolien-zfde\/#breadcrumb"},"inLanguage":"fr-FR","potentialAction":[{"@type":"ReadAction","target":["https:\/\/vosgesinfo.fr\/remiremontinfo\/2023\/04\/collectif-acide-appel-citoyen-19-avril-boycott-de-pseudo-concertation-zones-favorables-developpement-de-leolien-zfde\/"]}]},{"@type":"ImageObject","inLanguage":"fr-FR","@id":"https:\/\/vosgesinfo.fr\/remiremontinfo\/2023\/04\/collectif-acide-appel-citoyen-19-avril-boycott-de-pseudo-concertation-zones-favorables-developpement-de-leolien-zfde\/#primaryimage","url":"https:\/\/vosgesinfo.fr\/app\/uploads\/sites\/5\/2024\/09\/202304collectif-acide-1.png","contentUrl":"https:\/\/vosgesinfo.fr\/app\/uploads\/sites\/5\/2024\/09\/202304collectif-acide-1.png","width":1083,"height":556},{"@type":"BreadcrumbList","@id":"https:\/\/vosgesinfo.fr\/remiremontinfo\/2023\/04\/collectif-acide-appel-citoyen-19-avril-boycott-de-pseudo-concertation-zones-favorables-developpement-de-leolien-zfde\/#breadcrumb","itemListElement":[{"@type":"ListItem","position":1,"name":"Home","item":"https:\/\/vosgesinfo.fr\/remiremontinfo\/"},{"@type":"ListItem","position":2,"name":"Le collectif ACIDE appelle au boycott de la \u00ab\u00a0pseudo concertation sur les Zones Favorables au D\u00e9veloppement de l\u2019\u00c9olien ( ZFDE)\u00a0\u00bb"}]},{"@type":"WebSite","@id":"https:\/\/vosgesinfo.fr\/remiremontinfo\/#website","url":"https:\/\/vosgesinfo.fr\/remiremontinfo\/","name":"Remiremont Info","description":"Toute l&#039;actualit\u00e9 de Remiremont","publisher":{"@id":"https:\/\/vosgesinfo.fr\/remiremontinfo\/#organization"},"alternateName":"Toute l'actualit\u00e9 de Remiremont","potentialAction":[{"@type":"SearchAction","target":{"@type":"EntryPoint","urlTemplate":"https:\/\/vosgesinfo.fr\/remiremontinfo\/?s={search_term_string}"},"query-input":"required name=search_term_string"}],"inLanguage":"fr-FR"},{"@type":"Organization","@id":"https:\/\/vosgesinfo.fr\/remiremontinfo\/#organization","name":"Remiremont Info","url":"https:\/\/vosgesinfo.fr\/remiremontinfo\/","logo":{"@type":"ImageObject","inLanguage":"fr-FR","@id":"https:\/\/vosgesinfo.fr\/remiremontinfo\/#\/schema\/logo\/image\/","url":"https:\/\/vosgesinfo.fr\/app\/uploads\/sites\/5\/2023\/08\/favicon-remiremontinfo.png","contentUrl":"https:\/\/vosgesinfo.fr\/app\/uploads\/sites\/5\/2023\/08\/favicon-remiremontinfo.png","width":512,"height":512,"caption":"Remiremont Info"},"image":{"@id":"https:\/\/vosgesinfo.fr\/remiremontinfo\/#\/schema\/logo\/image\/"},"sameAs":["https:\/\/www.facebook.com\/remiremontinfo","https:\/\/x.com\/VosgesInfo88","https:\/\/www.youtube.com\/@vosgesinfo"]},{"@type":"Person","@id":"https:\/\/vosgesinfo.fr\/remiremontinfo\/#\/schema\/person\/3bfd164d5218a185b1db68655a265316","name":"C D","image":{"@type":"ImageObject","inLanguage":"fr-FR","@id":"https:\/\/vosgesinfo.fr\/remiremontinfo\/#\/schema\/person\/image\/","url":"https:\/\/secure.gravatar.com\/avatar\/1f9a70007336511a47468b8f1c66f922b8b7cf617b02a31149ada43893a5d48f?s=96&d=mm&r=g","contentUrl":"https:\/\/secure.gravatar.com\/avatar\/1f9a70007336511a47468b8f1c66f922b8b7cf617b02a31149ada43893a5d48f?s=96&d=mm&r=g","caption":"C D"},"url":"https:\/\/vosgesinfo.fr\/remiremontinfo\/author\/cedric-drevet\/"}]}},"_links":{"self":[{"href":"https:\/\/vosgesinfo.fr\/remiremontinfo\/wp-json\/wp\/v2\/posts\/70557","targetHints":{"allow":["GET"]}}],"collection":[{"href":"https:\/\/vosgesinfo.fr\/remiremontinfo\/wp-json\/wp\/v2\/posts"}],"about":[{"href":"https:\/\/vosgesinfo.fr\/remiremontinfo\/wp-json\/wp\/v2\/types\/post"}],"author":[{"embeddable":true,"href":"https:\/\/vosgesinfo.fr\/remiremontinfo\/wp-json\/wp\/v2\/users\/407"}],"replies":[{"embeddable":true,"href":"https:\/\/vosgesinfo.fr\/remiremontinfo\/wp-json\/wp\/v2\/comments?post=70557"}],"version-history":[{"count":0,"href":"https:\/\/vosgesinfo.fr\/remiremontinfo\/wp-json\/wp\/v2\/posts\/70557\/revisions"}],"wp:featuredmedia":[{"embeddable":true,"href":"https:\/\/vosgesinfo.fr\/remiremontinfo\/wp-json\/wp\/v2\/media\/70558"}],"wp:attachment":[{"href":"https:\/\/vosgesinfo.fr\/remiremontinfo\/wp-json\/wp\/v2\/media?parent=70557"}],"wp:term":[{"taxonomy":"category","embeddable":true,"href":"https:\/\/vosgesinfo.fr\/remiremontinfo\/wp-json\/wp\/v2\/categories?post=70557"},{"taxonomy":"post_tag","embeddable":true,"href":"https:\/\/vosgesinfo.fr\/remiremontinfo\/wp-json\/wp\/v2\/tags?post=70557"}],"curies":[{"name":"wp","href":"https:\/\/api.w.org\/{rel}","templated":true}]}}