{"id":70564,"date":"2023-04-20T15:26:13","date_gmt":"2023-04-20T13:26:13","guid":{"rendered":"https:\/\/vosgesinfo.fr\/remiremontinfo\/2023\/04\/maire-de-remiremont-ministre-armees-signent-convention-armeescollectivites\/"},"modified":"2023-04-20T15:26:13","modified_gmt":"2023-04-20T13:26:13","slug":"maire-de-remiremont-ministre-armees-signent-convention-armeescollectivites","status":"publish","type":"post","link":"https:\/\/vosgesinfo.fr\/remiremontinfo\/2023\/04\/maire-de-remiremont-ministre-armees-signent-convention-armeescollectivites\/","title":{"rendered":"Le maire de Remiremont et le Ministre des Arm\u00e9es signent la convention Arm\u00e9es\/Collectivit\u00e9s"},"content":{"rendered":"<p><a href=\"\/2023\/04\/maire-ministre-des-arm\u00e9es.jpg\"><img decoding=\"async\" class=\"alignnone size-full wp-image-368713\" src=\"\/2023\/04\/maire-ministre-des-arm\u00e9es.jpg\" alt=\"maire ministre des arm\u00e9es\" width=\"873\" height=\"687\" \/><\/a><\/p>\n<h2><span style=\"font-size: 12pt;\"><strong>A l\u2019occasion de la visite officielle dans le d\u00e9partement des Vosges de S\u00e9bastien Lecornu, Ministre des Arm\u00e9es, le maire de Remiremont, Jean-Beno\u00eet Tisserand, s\u2019est engag\u00e9 \u00e0 renforcer les liens entre la commune et les forces militaires. Profond\u00e9ment inscrite dans l\u2019histoire de Remiremont, cette d\u00e9marche est totalement partag\u00e9e par son maire, tr\u00e8s attach\u00e9 au rayonnement de la France et \u00e0 sa souverainet\u00e9.<\/strong><\/span><\/h2>\n<p>Dans ce cadre, la ville s\u2019engage\u00a0:<\/p>\n<p>&#8211; \u00e0 promouvoir l\u2019esprit de d\u00e9fense dans la population avec pour objectif de renforcer le nombre de r\u00e9servistes<br \/>\n&#8211;\u00a0\u00e0 mobiliser les correspondants de d\u00e9fense,<br \/>\n&#8211;\u00a0\u00e0 mettre en lumi\u00e8re le monde combattant et le devoir de m\u00e9moire.<br \/>\n&#8211;\u00a0\u00e0 favoriser la force morale de la jeunesse<br \/>\n&#8211;\u00a0\u00e0 accompagner l\u2019accueil des familles de militaires sur le territoire<\/p>\n<p><span style=\"font-size: 10pt;\"><em>Communiqu\u00e9 de la Mairie\u00a0<\/em><\/span><\/p>\n","protected":false},"excerpt":{"rendered":"<p>A l\u2019occasion de la visite officielle dans le d\u00e9partement des Vosges de S\u00e9bastien Lecornu, Ministre des Arm\u00e9es, le maire de [&hellip;]<\/p>\n","protected":false},"author":407,"featured_media":70565,"comment_status":"open","ping_status":"open","sticky":false,"template":"","format":"standard","meta":{"footnotes":""},"categories":[26,10,1556,35],"tags":[481,3071,5778,44,32],"class_list":["post-70564","post","type-post","status-publish","format-standard","has-post-thumbnail","hentry","category-a-la-une","category-politique","category-remiremont-remiremont-son-canton-2","category-remiremont-son-canton","tag-convention","tag-maire","tag-ministre-des-armees","tag-remiremont","tag-vosges"],"acf":[],"yoast_head":"<!-- This site is optimized with the Yoast SEO plugin v22.5 - https:\/\/yoast.com\/wordpress\/plugins\/seo\/ -->\n<title>Le maire de Remiremont et le Ministre des Arm\u00e9es signent la convention Arm\u00e9es\/Collectivit\u00e9s - Remiremont Info<\/title>\n<meta name=\"robots\" content=\"index, follow, max-snippet:-1, max-image-preview:large, max-video-preview:-1\" \/>\n<link rel=\"canonical\" href=\"https:\/\/vosgesinfo.fr\/remiremontinfo\/2023\/04\/maire-de-remiremont-ministre-armees-signent-convention-armeescollectivites\/\" \/>\n<meta name=\"twitter:card\" content=\"summary_large_image\" \/>\n<meta name=\"twitter:title\" content=\"Le maire de Remiremont et le Ministre des Arm\u00e9es signent la convention Arm\u00e9es\/Collectivit\u00e9s - Remiremont Info\" \/>\n<meta name=\"twitter:description\" content=\"A l\u2019occasion de la visite officielle dans le d\u00e9partement des Vosges de S\u00e9bastien Lecornu, Ministre des Arm\u00e9es, le maire de [&hellip;]\" \/>\n<meta name=\"twitter:image\" content=\"https:\/\/vosgesinfo.fr\/app\/uploads\/sites\/5\/2024\/09\/202304maire-ministre-des-armees.jpg\" \/>\n<meta name=\"twitter:creator\" content=\"@VosgesInfo88\" \/>\n<meta name=\"twitter:site\" content=\"@VosgesInfo88\" \/>\n<meta name=\"twitter:label1\" content=\"\u00c9crit par\" \/>\n\t<meta name=\"twitter:data1\" content=\"C D\" \/>\n\t<meta name=\"twitter:label2\" content=\"Dur\u00e9e de lecture estim\u00e9e\" \/>\n\t<meta name=\"twitter:data2\" content=\"1 minute\" \/>\n<script type=\"application\/ld+json\" class=\"yoast-schema-graph\">{\"@context\":\"https:\/\/schema.org\",\"@graph\":[{\"@type\":\"Article\",\"@id\":\"https:\/\/vosgesinfo.fr\/remiremontinfo\/2023\/04\/maire-de-remiremont-ministre-armees-signent-convention-armeescollectivites\/#article\",\"isPartOf\":{\"@id\":\"https:\/\/vosgesinfo.fr\/remiremontinfo\/2023\/04\/maire-de-remiremont-ministre-armees-signent-convention-armeescollectivites\/\"},\"author\":{\"name\":\"C D\",\"@id\":\"https:\/\/vosgesinfo.fr\/remiremontinfo\/#\/schema\/person\/3bfd164d5218a185b1db68655a265316\"},\"headline\":\"Le maire de Remiremont et le Ministre des Arm\u00e9es signent la convention Arm\u00e9es\/Collectivit\u00e9s\",\"datePublished\":\"2023-04-20T13:26:13+00:00\",\"dateModified\":\"2023-04-20T13:26:13+00:00\",\"mainEntityOfPage\":{\"@id\":\"https:\/\/vosgesinfo.fr\/remiremontinfo\/2023\/04\/maire-de-remiremont-ministre-armees-signent-convention-armeescollectivites\/\"},\"wordCount\":158,\"commentCount\":0,\"publisher\":{\"@id\":\"https:\/\/vosgesinfo.fr\/remiremontinfo\/#organization\"},\"image\":{\"@id\":\"https:\/\/vosgesinfo.fr\/remiremontinfo\/2023\/04\/maire-de-remiremont-ministre-armees-signent-convention-armeescollectivites\/#primaryimage\"},\"thumbnailUrl\":\"https:\/\/vosgesinfo.fr\/app\/uploads\/sites\/5\/2024\/09\/202304maire-ministre-des-armees.jpg\",\"keywords\":[\"convention\",\"maire\",\"ministre des arm\u00e9es\",\"remiremont\",\"Vosges\"],\"articleSection\":[\"A la Une\",\"Politique\",\"Remiremont\",\"Remiremont &amp; son canton\"],\"inLanguage\":\"fr-FR\",\"potentialAction\":[{\"@type\":\"CommentAction\",\"name\":\"Comment\",\"target\":[\"https:\/\/vosgesinfo.fr\/remiremontinfo\/2023\/04\/maire-de-remiremont-ministre-armees-signent-convention-armeescollectivites\/#respond\"]}]},{\"@type\":\"WebPage\",\"@id\":\"https:\/\/vosgesinfo.fr\/remiremontinfo\/2023\/04\/maire-de-remiremont-ministre-armees-signent-convention-armeescollectivites\/\",\"url\":\"https:\/\/vosgesinfo.fr\/remiremontinfo\/2023\/04\/maire-de-remiremont-ministre-armees-signent-convention-armeescollectivites\/\",\"name\":\"Le maire de Remiremont et le Ministre des Arm\u00e9es signent la convention Arm\u00e9es\/Collectivit\u00e9s - Remiremont Info\",\"isPartOf\":{\"@id\":\"https:\/\/vosgesinfo.fr\/remiremontinfo\/#website\"},\"primaryImageOfPage\":{\"@id\":\"https:\/\/vosgesinfo.fr\/remiremontinfo\/2023\/04\/maire-de-remiremont-ministre-armees-signent-convention-armeescollectivites\/#primaryimage\"},\"image\":{\"@id\":\"https:\/\/vosgesinfo.fr\/remiremontinfo\/2023\/04\/maire-de-remiremont-ministre-armees-signent-convention-armeescollectivites\/#primaryimage\"},\"thumbnailUrl\":\"https:\/\/vosgesinfo.fr\/app\/uploads\/sites\/5\/2024\/09\/202304maire-ministre-des-armees.jpg\",\"datePublished\":\"2023-04-20T13:26:13+00:00\",\"dateModified\":\"2023-04-20T13:26:13+00:00\",\"breadcrumb\":{\"@id\":\"https:\/\/vosgesinfo.fr\/remiremontinfo\/2023\/04\/maire-de-remiremont-ministre-armees-signent-convention-armeescollectivites\/#breadcrumb\"},\"inLanguage\":\"fr-FR\",\"potentialAction\":[{\"@type\":\"ReadAction\",\"target\":[\"https:\/\/vosgesinfo.fr\/remiremontinfo\/2023\/04\/maire-de-remiremont-ministre-armees-signent-convention-armeescollectivites\/\"]}]},{\"@type\":\"ImageObject\",\"inLanguage\":\"fr-FR\",\"@id\":\"https:\/\/vosgesinfo.fr\/remiremontinfo\/2023\/04\/maire-de-remiremont-ministre-armees-signent-convention-armeescollectivites\/#primaryimage\",\"url\":\"https:\/\/vosgesinfo.fr\/app\/uploads\/sites\/5\/2024\/09\/202304maire-ministre-des-armees.jpg\",\"contentUrl\":\"https:\/\/vosgesinfo.fr\/app\/uploads\/sites\/5\/2024\/09\/202304maire-ministre-des-armees.jpg\",\"width\":873,\"height\":687},{\"@type\":\"BreadcrumbList\",\"@id\":\"https:\/\/vosgesinfo.fr\/remiremontinfo\/2023\/04\/maire-de-remiremont-ministre-armees-signent-convention-armeescollectivites\/#breadcrumb\",\"itemListElement\":[{\"@type\":\"ListItem\",\"position\":1,\"name\":\"Home\",\"item\":\"https:\/\/vosgesinfo.fr\/remiremontinfo\/\"},{\"@type\":\"ListItem\",\"position\":2,\"name\":\"Le maire de Remiremont et le Ministre des Arm\u00e9es signent la convention Arm\u00e9es\/Collectivit\u00e9s\"}]},{\"@type\":\"WebSite\",\"@id\":\"https:\/\/vosgesinfo.fr\/remiremontinfo\/#website\",\"url\":\"https:\/\/vosgesinfo.fr\/remiremontinfo\/\",\"name\":\"Remiremont Info\",\"description\":\"Toute l&#039;actualit\u00e9 de Remiremont\",\"publisher\":{\"@id\":\"https:\/\/vosgesinfo.fr\/remiremontinfo\/#organization\"},\"alternateName\":\"Toute l'actualit\u00e9 de Remiremont\",\"potentialAction\":[{\"@type\":\"SearchAction\",\"target\":{\"@type\":\"EntryPoint\",\"urlTemplate\":\"https:\/\/vosgesinfo.fr\/remiremontinfo\/?s={search_term_string}\"},\"query-input\":\"required name=search_term_string\"}],\"inLanguage\":\"fr-FR\"},{\"@type\":\"Organization\",\"@id\":\"https:\/\/vosgesinfo.fr\/remiremontinfo\/#organization\",\"name\":\"Remiremont Info\",\"url\":\"https:\/\/vosgesinfo.fr\/remiremontinfo\/\",\"logo\":{\"@type\":\"ImageObject\",\"inLanguage\":\"fr-FR\",\"@id\":\"https:\/\/vosgesinfo.fr\/remiremontinfo\/#\/schema\/logo\/image\/\",\"url\":\"https:\/\/vosgesinfo.fr\/app\/uploads\/sites\/5\/2023\/08\/favicon-remiremontinfo.png\",\"contentUrl\":\"https:\/\/vosgesinfo.fr\/app\/uploads\/sites\/5\/2023\/08\/favicon-remiremontinfo.png\",\"width\":512,\"height\":512,\"caption\":\"Remiremont Info\"},\"image\":{\"@id\":\"https:\/\/vosgesinfo.fr\/remiremontinfo\/#\/schema\/logo\/image\/\"},\"sameAs\":[\"https:\/\/www.facebook.com\/remiremontinfo\",\"https:\/\/x.com\/VosgesInfo88\",\"https:\/\/www.youtube.com\/@vosgesinfo\"]},{\"@type\":\"Person\",\"@id\":\"https:\/\/vosgesinfo.fr\/remiremontinfo\/#\/schema\/person\/3bfd164d5218a185b1db68655a265316\",\"name\":\"C D\",\"image\":{\"@type\":\"ImageObject\",\"inLanguage\":\"fr-FR\",\"@id\":\"https:\/\/vosgesinfo.fr\/remiremontinfo\/#\/schema\/person\/image\/\",\"url\":\"https:\/\/secure.gravatar.com\/avatar\/1f9a70007336511a47468b8f1c66f922b8b7cf617b02a31149ada43893a5d48f?s=96&d=mm&r=g\",\"contentUrl\":\"https:\/\/secure.gravatar.com\/avatar\/1f9a70007336511a47468b8f1c66f922b8b7cf617b02a31149ada43893a5d48f?s=96&d=mm&r=g\",\"caption\":\"C D\"},\"url\":\"https:\/\/vosgesinfo.fr\/remiremontinfo\/author\/cedric-drevet\/\"}]}<\/script>\n<!-- \/ Yoast SEO plugin. -->","yoast_head_json":{"title":"Le maire de Remiremont et le Ministre des Arm\u00e9es signent la convention Arm\u00e9es\/Collectivit\u00e9s - Remiremont Info","robots":{"index":"index","follow":"follow","max-snippet":"max-snippet:-1","max-image-preview":"max-image-preview:large","max-video-preview":"max-video-preview:-1"},"canonical":"https:\/\/vosgesinfo.fr\/remiremontinfo\/2023\/04\/maire-de-remiremont-ministre-armees-signent-convention-armeescollectivites\/","twitter_card":"summary_large_image","twitter_title":"Le maire de Remiremont et le Ministre des Arm\u00e9es signent la convention Arm\u00e9es\/Collectivit\u00e9s - Remiremont Info","twitter_description":"A l\u2019occasion de la visite officielle dans le d\u00e9partement des Vosges de S\u00e9bastien Lecornu, Ministre des Arm\u00e9es, le maire de [&hellip;]","twitter_image":"https:\/\/vosgesinfo.fr\/app\/uploads\/sites\/5\/2024\/09\/202304maire-ministre-des-armees.jpg","twitter_creator":"@VosgesInfo88","twitter_site":"@VosgesInfo88","twitter_misc":{"\u00c9crit par":"C D","Dur\u00e9e de lecture estim\u00e9e":"1 minute"},"schema":{"@context":"https:\/\/schema.org","@graph":[{"@type":"Article","@id":"https:\/\/vosgesinfo.fr\/remiremontinfo\/2023\/04\/maire-de-remiremont-ministre-armees-signent-convention-armeescollectivites\/#article","isPartOf":{"@id":"https:\/\/vosgesinfo.fr\/remiremontinfo\/2023\/04\/maire-de-remiremont-ministre-armees-signent-convention-armeescollectivites\/"},"author":{"name":"C D","@id":"https:\/\/vosgesinfo.fr\/remiremontinfo\/#\/schema\/person\/3bfd164d5218a185b1db68655a265316"},"headline":"Le maire de Remiremont et le Ministre des Arm\u00e9es signent la convention Arm\u00e9es\/Collectivit\u00e9s","datePublished":"2023-04-20T13:26:13+00:00","dateModified":"2023-04-20T13:26:13+00:00","mainEntityOfPage":{"@id":"https:\/\/vosgesinfo.fr\/remiremontinfo\/2023\/04\/maire-de-remiremont-ministre-armees-signent-convention-armeescollectivites\/"},"wordCount":158,"commentCount":0,"publisher":{"@id":"https:\/\/vosgesinfo.fr\/remiremontinfo\/#organization"},"image":{"@id":"https:\/\/vosgesinfo.fr\/remiremontinfo\/2023\/04\/maire-de-remiremont-ministre-armees-signent-convention-armeescollectivites\/#primaryimage"},"thumbnailUrl":"https:\/\/vosgesinfo.fr\/app\/uploads\/sites\/5\/2024\/09\/202304maire-ministre-des-armees.jpg","keywords":["convention","maire","ministre des arm\u00e9es","remiremont","Vosges"],"articleSection":["A la Une","Politique","Remiremont","Remiremont &amp; son canton"],"inLanguage":"fr-FR","potentialAction":[{"@type":"CommentAction","name":"Comment","target":["https:\/\/vosgesinfo.fr\/remiremontinfo\/2023\/04\/maire-de-remiremont-ministre-armees-signent-convention-armeescollectivites\/#respond"]}]},{"@type":"WebPage","@id":"https:\/\/vosgesinfo.fr\/remiremontinfo\/2023\/04\/maire-de-remiremont-ministre-armees-signent-convention-armeescollectivites\/","url":"https:\/\/vosgesinfo.fr\/remiremontinfo\/2023\/04\/maire-de-remiremont-ministre-armees-signent-convention-armeescollectivites\/","name":"Le maire de Remiremont et le Ministre des Arm\u00e9es signent la convention Arm\u00e9es\/Collectivit\u00e9s - Remiremont Info","isPartOf":{"@id":"https:\/\/vosgesinfo.fr\/remiremontinfo\/#website"},"primaryImageOfPage":{"@id":"https:\/\/vosgesinfo.fr\/remiremontinfo\/2023\/04\/maire-de-remiremont-ministre-armees-signent-convention-armeescollectivites\/#primaryimage"},"image":{"@id":"https:\/\/vosgesinfo.fr\/remiremontinfo\/2023\/04\/maire-de-remiremont-ministre-armees-signent-convention-armeescollectivites\/#primaryimage"},"thumbnailUrl":"https:\/\/vosgesinfo.fr\/app\/uploads\/sites\/5\/2024\/09\/202304maire-ministre-des-armees.jpg","datePublished":"2023-04-20T13:26:13+00:00","dateModified":"2023-04-20T13:26:13+00:00","breadcrumb":{"@id":"https:\/\/vosgesinfo.fr\/remiremontinfo\/2023\/04\/maire-de-remiremont-ministre-armees-signent-convention-armeescollectivites\/#breadcrumb"},"inLanguage":"fr-FR","potentialAction":[{"@type":"ReadAction","target":["https:\/\/vosgesinfo.fr\/remiremontinfo\/2023\/04\/maire-de-remiremont-ministre-armees-signent-convention-armeescollectivites\/"]}]},{"@type":"ImageObject","inLanguage":"fr-FR","@id":"https:\/\/vosgesinfo.fr\/remiremontinfo\/2023\/04\/maire-de-remiremont-ministre-armees-signent-convention-armeescollectivites\/#primaryimage","url":"https:\/\/vosgesinfo.fr\/app\/uploads\/sites\/5\/2024\/09\/202304maire-ministre-des-armees.jpg","contentUrl":"https:\/\/vosgesinfo.fr\/app\/uploads\/sites\/5\/2024\/09\/202304maire-ministre-des-armees.jpg","width":873,"height":687},{"@type":"BreadcrumbList","@id":"https:\/\/vosgesinfo.fr\/remiremontinfo\/2023\/04\/maire-de-remiremont-ministre-armees-signent-convention-armeescollectivites\/#breadcrumb","itemListElement":[{"@type":"ListItem","position":1,"name":"Home","item":"https:\/\/vosgesinfo.fr\/remiremontinfo\/"},{"@type":"ListItem","position":2,"name":"Le maire de Remiremont et le Ministre des Arm\u00e9es signent la convention Arm\u00e9es\/Collectivit\u00e9s"}]},{"@type":"WebSite","@id":"https:\/\/vosgesinfo.fr\/remiremontinfo\/#website","url":"https:\/\/vosgesinfo.fr\/remiremontinfo\/","name":"Remiremont Info","description":"Toute l&#039;actualit\u00e9 de Remiremont","publisher":{"@id":"https:\/\/vosgesinfo.fr\/remiremontinfo\/#organization"},"alternateName":"Toute l'actualit\u00e9 de Remiremont","potentialAction":[{"@type":"SearchAction","target":{"@type":"EntryPoint","urlTemplate":"https:\/\/vosgesinfo.fr\/remiremontinfo\/?s={search_term_string}"},"query-input":"required name=search_term_string"}],"inLanguage":"fr-FR"},{"@type":"Organization","@id":"https:\/\/vosgesinfo.fr\/remiremontinfo\/#organization","name":"Remiremont Info","url":"https:\/\/vosgesinfo.fr\/remiremontinfo\/","logo":{"@type":"ImageObject","inLanguage":"fr-FR","@id":"https:\/\/vosgesinfo.fr\/remiremontinfo\/#\/schema\/logo\/image\/","url":"https:\/\/vosgesinfo.fr\/app\/uploads\/sites\/5\/2023\/08\/favicon-remiremontinfo.png","contentUrl":"https:\/\/vosgesinfo.fr\/app\/uploads\/sites\/5\/2023\/08\/favicon-remiremontinfo.png","width":512,"height":512,"caption":"Remiremont Info"},"image":{"@id":"https:\/\/vosgesinfo.fr\/remiremontinfo\/#\/schema\/logo\/image\/"},"sameAs":["https:\/\/www.facebook.com\/remiremontinfo","https:\/\/x.com\/VosgesInfo88","https:\/\/www.youtube.com\/@vosgesinfo"]},{"@type":"Person","@id":"https:\/\/vosgesinfo.fr\/remiremontinfo\/#\/schema\/person\/3bfd164d5218a185b1db68655a265316","name":"C D","image":{"@type":"ImageObject","inLanguage":"fr-FR","@id":"https:\/\/vosgesinfo.fr\/remiremontinfo\/#\/schema\/person\/image\/","url":"https:\/\/secure.gravatar.com\/avatar\/1f9a70007336511a47468b8f1c66f922b8b7cf617b02a31149ada43893a5d48f?s=96&d=mm&r=g","contentUrl":"https:\/\/secure.gravatar.com\/avatar\/1f9a70007336511a47468b8f1c66f922b8b7cf617b02a31149ada43893a5d48f?s=96&d=mm&r=g","caption":"C D"},"url":"https:\/\/vosgesinfo.fr\/remiremontinfo\/author\/cedric-drevet\/"}]}},"_links":{"self":[{"href":"https:\/\/vosgesinfo.fr\/remiremontinfo\/wp-json\/wp\/v2\/posts\/70564","targetHints":{"allow":["GET"]}}],"collection":[{"href":"https:\/\/vosgesinfo.fr\/remiremontinfo\/wp-json\/wp\/v2\/posts"}],"about":[{"href":"https:\/\/vosgesinfo.fr\/remiremontinfo\/wp-json\/wp\/v2\/types\/post"}],"author":[{"embeddable":true,"href":"https:\/\/vosgesinfo.fr\/remiremontinfo\/wp-json\/wp\/v2\/users\/407"}],"replies":[{"embeddable":true,"href":"https:\/\/vosgesinfo.fr\/remiremontinfo\/wp-json\/wp\/v2\/comments?post=70564"}],"version-history":[{"count":0,"href":"https:\/\/vosgesinfo.fr\/remiremontinfo\/wp-json\/wp\/v2\/posts\/70564\/revisions"}],"wp:featuredmedia":[{"embeddable":true,"href":"https:\/\/vosgesinfo.fr\/remiremontinfo\/wp-json\/wp\/v2\/media\/70565"}],"wp:attachment":[{"href":"https:\/\/vosgesinfo.fr\/remiremontinfo\/wp-json\/wp\/v2\/media?parent=70564"}],"wp:term":[{"taxonomy":"category","embeddable":true,"href":"https:\/\/vosgesinfo.fr\/remiremontinfo\/wp-json\/wp\/v2\/categories?post=70564"},{"taxonomy":"post_tag","embeddable":true,"href":"https:\/\/vosgesinfo.fr\/remiremontinfo\/wp-json\/wp\/v2\/tags?post=70564"}],"curies":[{"name":"wp","href":"https:\/\/api.w.org\/{rel}","templated":true}]}}