{"id":70598,"date":"2023-04-21T04:38:30","date_gmt":"2023-04-21T02:38:30","guid":{"rendered":"https:\/\/vosgesinfo.fr\/remiremontinfo\/2023\/04\/commune-de-ramonchamp-recrute-charge-daccueil-de-lagence-postale-communale\/"},"modified":"2023-04-21T04:38:30","modified_gmt":"2023-04-21T02:38:30","slug":"commune-de-ramonchamp-recrute-charge-daccueil-de-lagence-postale-communale","status":"publish","type":"post","link":"https:\/\/vosgesinfo.fr\/remiremontinfo\/2023\/04\/commune-de-ramonchamp-recrute-charge-daccueil-de-lagence-postale-communale\/","title":{"rendered":"La commune de Ramonchamp recrute un charg\u00e9 d\u2019accueil de l\u2019Agence Postale Communale"},"content":{"rendered":"<div class=\"x11i5rnm xat24cr x1mh8g0r x1vvkbs xtlvy1s x126k92a\">\n<div dir=\"auto\"><a href=\"\/2023\/04\/308630410_456347726522613_831655143205016727_n.jpg\"><img decoding=\"async\" class=\"alignnone size-large wp-image-368761\" src=\"\/2023\/04\/308630410_456347726522613_831655143205016727_n-1024x768.jpg\" alt=\"mairie ramonchamp\" width=\"960\" height=\"720\" \/><\/a><\/div>\n<div dir=\"auto\"><\/div>\n<div dir=\"auto\"><span style=\"font-size: 10pt;\"><em>Photo par\u00a0<a href=\"https:\/\/www.facebook.com\/RamonchampInfos\">Mairie de Ramonchamp<\/a><\/em><\/span><\/div>\n<div dir=\"auto\"><\/div>\n<div dir=\"auto\">La commune de Ramonchamp recrute un charg\u00e9 d\u2019accueil de l\u2019Agence Postale Communale \u00e0 compter du 1er ao\u00fbt 2023 (5 mois renouvelables).<\/div>\n<div dir=\"auto\">Temps de travail : non complet 30h00 hebdomadaire.<\/div>\n<\/div>\n<div class=\"x11i5rnm xat24cr x1mh8g0r x1vvkbs xtlvy1s x126k92a\">\n<div dir=\"auto\">Missions :<\/div>\n<div dir=\"auto\">&#8211; Tenue de l\u2019agence postale (tous les jours ouvrables de la semaine).<\/div>\n<div dir=\"auto\">&#8211; Assurer l\u2019accueil du public.<\/div>\n<div dir=\"auto\">&#8211; Assurer les services postaux,<\/div>\n<div dir=\"auto\">o Vente de produits (timbres, etc.\u2026),<\/div>\n<div dir=\"auto\">o La gestion des courriers au d\u00e9part,<\/div>\n<div dir=\"auto\">o Les envois recommand\u00e9s,<\/div>\n<div dir=\"auto\">o Affranchissement de lettres \/ colis),<\/div>\n<div dir=\"auto\">o Traitement des lettres recommand\u00e9es,<\/div>\n<div dir=\"auto\">o Distribution des objets en instance au guichet.<\/div>\n<\/div>\n<div class=\"x11i5rnm xat24cr x1mh8g0r x1vvkbs xtlvy1s x126k92a\">\n<div dir=\"auto\">&#8211; Assurer les services financiers et les prestations associ\u00e9es (Proc\u00e9der aux demandes de retrait ou d\u00e9p\u00f4t d\u2019esp\u00e8ces, d\u00e9p\u00f4t de ch\u00e8ques, virements\u2026)<\/div>\n<\/div>\n<div class=\"x11i5rnm xat24cr x1mh8g0r x1vvkbs xtlvy1s x126k92a\">\n<div dir=\"auto\">&#8211; Assurer la comptabilit\u00e9 de l\u2019Agence Postale Communale (Proc\u00e9der quotidiennement au compte de la caisse et au rangement dans le coffre, commander des fonds, de la monnaie, assurer la gestion des stocks, l\u2019inventaire et la commande de produits).<\/div>\n<\/div>\n<div class=\"x11i5rnm xat24cr x1mh8g0r x1vvkbs xtlvy1s x126k92a\">\n<div dir=\"auto\">&#8211; Secr\u00e9tariat de Mairie (Suppl\u00e9er et assurer l\u2019accueil du secr\u00e9tariat de mairie en polyvalence au sein des services (Accueil du public, standard t\u00e9l\u00e9phonique, enregistrement du courrier)<\/div>\n<\/div>\n<div class=\"x11i5rnm xat24cr x1mh8g0r x1vvkbs xtlvy1s x126k92a\">\n<div dir=\"auto\">Profil recherch\u00e9 :<\/div>\n<div dir=\"auto\">&#8211; ma\u00eetrise de l\u2019outil informatique,<\/div>\n<div dir=\"auto\">&#8211; Aptitudes et qualit\u00e9s :<\/div>\n<div dir=\"auto\">o Organisation, rigueur,<\/div>\n<div dir=\"auto\">o Aisance relationnelle,<\/div>\n<div dir=\"auto\">o Autonomie,<\/div>\n<div dir=\"auto\">o Discr\u00e9tion.<\/div>\n<\/div>\n<div class=\"x11i5rnm xat24cr x1mh8g0r x1vvkbs xtlvy1s x126k92a\">\n<div dir=\"auto\"><\/div>\n<div dir=\"auto\">Contact : (CV et lettre de motivation)<\/div>\n<\/div>\n<div class=\"x11i5rnm xat24cr x1mh8g0r x1vvkbs xtlvy1s x126k92a\">\n<div dir=\"auto\">Par courrier :<\/div>\n<div dir=\"auto\">Mairie de RAMONCHAMP<\/div>\n<div dir=\"auto\">1 Grande Rue, 88160 Ramonchamp<\/div>\n<\/div>\n<div class=\"x11i5rnm xat24cr x1mh8g0r x1vvkbs xtlvy1s x126k92a\">\n<div dir=\"auto\">Par mail : accueil@ramonchamp.fr<\/div>\n<\/div>\n<div dir=\"auto\"><\/div>\n<div dir=\"auto\"><span style=\"font-size: 10pt;\"><em>Source : Mairie de Ramonchamp\u00a0<\/em><\/span><\/div>\n","protected":false},"excerpt":{"rendered":"<p>Photo par\u00a0Mairie de Ramonchamp La commune de Ramonchamp recrute un charg\u00e9 d\u2019accueil de l\u2019Agence Postale Communale \u00e0 compter du 1er [&hellip;]<\/p>\n","protected":false},"author":407,"featured_media":70599,"comment_status":"open","ping_status":"open","sticky":false,"template":"","format":"standard","meta":{"footnotes":""},"categories":[26,37],"tags":[264,1166,32],"class_list":["post-70598","post","type-post","status-publish","format-standard","has-post-thumbnail","hentry","category-a-la-une","category-le-thillot-son-canton","tag-emploi","tag-ramonchamp","tag-vosges"],"acf":[],"yoast_head":"<!-- This site is optimized with the Yoast SEO plugin v22.5 - https:\/\/yoast.com\/wordpress\/plugins\/seo\/ -->\n<title>La commune de Ramonchamp recrute un charg\u00e9 d\u2019accueil de l\u2019Agence Postale Communale - Remiremont Info<\/title>\n<meta name=\"robots\" content=\"index, follow, max-snippet:-1, max-image-preview:large, max-video-preview:-1\" \/>\n<link rel=\"canonical\" href=\"https:\/\/vosgesinfo.fr\/remiremontinfo\/2023\/04\/commune-de-ramonchamp-recrute-charge-daccueil-de-lagence-postale-communale\/\" \/>\n<meta name=\"twitter:card\" content=\"summary_large_image\" \/>\n<meta name=\"twitter:title\" content=\"La commune de Ramonchamp recrute un charg\u00e9 d\u2019accueil de l\u2019Agence Postale Communale - Remiremont Info\" \/>\n<meta name=\"twitter:description\" content=\"Photo par\u00a0Mairie de Ramonchamp La commune de Ramonchamp recrute un charg\u00e9 d\u2019accueil de l\u2019Agence Postale Communale \u00e0 compter du 1er [&hellip;]\" \/>\n<meta name=\"twitter:image\" content=\"https:\/\/vosgesinfo.fr\/app\/uploads\/sites\/5\/2024\/09\/202304308630410-456347726522613-831655143205016727-n.jpg\" \/>\n<meta name=\"twitter:creator\" content=\"@VosgesInfo88\" \/>\n<meta name=\"twitter:site\" content=\"@VosgesInfo88\" \/>\n<meta name=\"twitter:label1\" content=\"\u00c9crit par\" \/>\n\t<meta name=\"twitter:data1\" content=\"C D\" \/>\n\t<meta name=\"twitter:label2\" content=\"Dur\u00e9e de lecture estim\u00e9e\" \/>\n\t<meta name=\"twitter:data2\" content=\"1 minute\" \/>\n<script type=\"application\/ld+json\" class=\"yoast-schema-graph\">{\"@context\":\"https:\/\/schema.org\",\"@graph\":[{\"@type\":\"Article\",\"@id\":\"https:\/\/vosgesinfo.fr\/remiremontinfo\/2023\/04\/commune-de-ramonchamp-recrute-charge-daccueil-de-lagence-postale-communale\/#article\",\"isPartOf\":{\"@id\":\"https:\/\/vosgesinfo.fr\/remiremontinfo\/2023\/04\/commune-de-ramonchamp-recrute-charge-daccueil-de-lagence-postale-communale\/\"},\"author\":{\"name\":\"C D\",\"@id\":\"https:\/\/vosgesinfo.fr\/remiremontinfo\/#\/schema\/person\/3bfd164d5218a185b1db68655a265316\"},\"headline\":\"La commune de Ramonchamp recrute un charg\u00e9 d\u2019accueil de l\u2019Agence Postale Communale\",\"datePublished\":\"2023-04-21T02:38:30+00:00\",\"dateModified\":\"2023-04-21T02:38:30+00:00\",\"mainEntityOfPage\":{\"@id\":\"https:\/\/vosgesinfo.fr\/remiremontinfo\/2023\/04\/commune-de-ramonchamp-recrute-charge-daccueil-de-lagence-postale-communale\/\"},\"wordCount\":261,\"commentCount\":0,\"publisher\":{\"@id\":\"https:\/\/vosgesinfo.fr\/remiremontinfo\/#organization\"},\"image\":{\"@id\":\"https:\/\/vosgesinfo.fr\/remiremontinfo\/2023\/04\/commune-de-ramonchamp-recrute-charge-daccueil-de-lagence-postale-communale\/#primaryimage\"},\"thumbnailUrl\":\"https:\/\/vosgesinfo.fr\/app\/uploads\/sites\/5\/2024\/09\/202304308630410-456347726522613-831655143205016727-n.jpg\",\"keywords\":[\"emploi\",\"Ramonchamp\",\"Vosges\"],\"articleSection\":[\"A la Une\",\"Le Thillot &amp; son canton\"],\"inLanguage\":\"fr-FR\",\"potentialAction\":[{\"@type\":\"CommentAction\",\"name\":\"Comment\",\"target\":[\"https:\/\/vosgesinfo.fr\/remiremontinfo\/2023\/04\/commune-de-ramonchamp-recrute-charge-daccueil-de-lagence-postale-communale\/#respond\"]}]},{\"@type\":\"WebPage\",\"@id\":\"https:\/\/vosgesinfo.fr\/remiremontinfo\/2023\/04\/commune-de-ramonchamp-recrute-charge-daccueil-de-lagence-postale-communale\/\",\"url\":\"https:\/\/vosgesinfo.fr\/remiremontinfo\/2023\/04\/commune-de-ramonchamp-recrute-charge-daccueil-de-lagence-postale-communale\/\",\"name\":\"La commune de Ramonchamp recrute un charg\u00e9 d\u2019accueil de l\u2019Agence Postale Communale - Remiremont Info\",\"isPartOf\":{\"@id\":\"https:\/\/vosgesinfo.fr\/remiremontinfo\/#website\"},\"primaryImageOfPage\":{\"@id\":\"https:\/\/vosgesinfo.fr\/remiremontinfo\/2023\/04\/commune-de-ramonchamp-recrute-charge-daccueil-de-lagence-postale-communale\/#primaryimage\"},\"image\":{\"@id\":\"https:\/\/vosgesinfo.fr\/remiremontinfo\/2023\/04\/commune-de-ramonchamp-recrute-charge-daccueil-de-lagence-postale-communale\/#primaryimage\"},\"thumbnailUrl\":\"https:\/\/vosgesinfo.fr\/app\/uploads\/sites\/5\/2024\/09\/202304308630410-456347726522613-831655143205016727-n.jpg\",\"datePublished\":\"2023-04-21T02:38:30+00:00\",\"dateModified\":\"2023-04-21T02:38:30+00:00\",\"breadcrumb\":{\"@id\":\"https:\/\/vosgesinfo.fr\/remiremontinfo\/2023\/04\/commune-de-ramonchamp-recrute-charge-daccueil-de-lagence-postale-communale\/#breadcrumb\"},\"inLanguage\":\"fr-FR\",\"potentialAction\":[{\"@type\":\"ReadAction\",\"target\":[\"https:\/\/vosgesinfo.fr\/remiremontinfo\/2023\/04\/commune-de-ramonchamp-recrute-charge-daccueil-de-lagence-postale-communale\/\"]}]},{\"@type\":\"ImageObject\",\"inLanguage\":\"fr-FR\",\"@id\":\"https:\/\/vosgesinfo.fr\/remiremontinfo\/2023\/04\/commune-de-ramonchamp-recrute-charge-daccueil-de-lagence-postale-communale\/#primaryimage\",\"url\":\"https:\/\/vosgesinfo.fr\/app\/uploads\/sites\/5\/2024\/09\/202304308630410-456347726522613-831655143205016727-n.jpg\",\"contentUrl\":\"https:\/\/vosgesinfo.fr\/app\/uploads\/sites\/5\/2024\/09\/202304308630410-456347726522613-831655143205016727-n.jpg\",\"width\":2048,\"height\":1536},{\"@type\":\"BreadcrumbList\",\"@id\":\"https:\/\/vosgesinfo.fr\/remiremontinfo\/2023\/04\/commune-de-ramonchamp-recrute-charge-daccueil-de-lagence-postale-communale\/#breadcrumb\",\"itemListElement\":[{\"@type\":\"ListItem\",\"position\":1,\"name\":\"Home\",\"item\":\"https:\/\/vosgesinfo.fr\/remiremontinfo\/\"},{\"@type\":\"ListItem\",\"position\":2,\"name\":\"La commune de Ramonchamp recrute un charg\u00e9 d\u2019accueil de l\u2019Agence Postale Communale\"}]},{\"@type\":\"WebSite\",\"@id\":\"https:\/\/vosgesinfo.fr\/remiremontinfo\/#website\",\"url\":\"https:\/\/vosgesinfo.fr\/remiremontinfo\/\",\"name\":\"Remiremont Info\",\"description\":\"Toute l&#039;actualit\u00e9 de Remiremont\",\"publisher\":{\"@id\":\"https:\/\/vosgesinfo.fr\/remiremontinfo\/#organization\"},\"alternateName\":\"Toute l'actualit\u00e9 de Remiremont\",\"potentialAction\":[{\"@type\":\"SearchAction\",\"target\":{\"@type\":\"EntryPoint\",\"urlTemplate\":\"https:\/\/vosgesinfo.fr\/remiremontinfo\/?s={search_term_string}\"},\"query-input\":\"required name=search_term_string\"}],\"inLanguage\":\"fr-FR\"},{\"@type\":\"Organization\",\"@id\":\"https:\/\/vosgesinfo.fr\/remiremontinfo\/#organization\",\"name\":\"Remiremont Info\",\"url\":\"https:\/\/vosgesinfo.fr\/remiremontinfo\/\",\"logo\":{\"@type\":\"ImageObject\",\"inLanguage\":\"fr-FR\",\"@id\":\"https:\/\/vosgesinfo.fr\/remiremontinfo\/#\/schema\/logo\/image\/\",\"url\":\"https:\/\/vosgesinfo.fr\/app\/uploads\/sites\/5\/2023\/08\/favicon-remiremontinfo.png\",\"contentUrl\":\"https:\/\/vosgesinfo.fr\/app\/uploads\/sites\/5\/2023\/08\/favicon-remiremontinfo.png\",\"width\":512,\"height\":512,\"caption\":\"Remiremont Info\"},\"image\":{\"@id\":\"https:\/\/vosgesinfo.fr\/remiremontinfo\/#\/schema\/logo\/image\/\"},\"sameAs\":[\"https:\/\/www.facebook.com\/remiremontinfo\",\"https:\/\/x.com\/VosgesInfo88\",\"https:\/\/www.youtube.com\/@vosgesinfo\"]},{\"@type\":\"Person\",\"@id\":\"https:\/\/vosgesinfo.fr\/remiremontinfo\/#\/schema\/person\/3bfd164d5218a185b1db68655a265316\",\"name\":\"C D\",\"image\":{\"@type\":\"ImageObject\",\"inLanguage\":\"fr-FR\",\"@id\":\"https:\/\/vosgesinfo.fr\/remiremontinfo\/#\/schema\/person\/image\/\",\"url\":\"https:\/\/secure.gravatar.com\/avatar\/1f9a70007336511a47468b8f1c66f922b8b7cf617b02a31149ada43893a5d48f?s=96&d=mm&r=g\",\"contentUrl\":\"https:\/\/secure.gravatar.com\/avatar\/1f9a70007336511a47468b8f1c66f922b8b7cf617b02a31149ada43893a5d48f?s=96&d=mm&r=g\",\"caption\":\"C D\"},\"url\":\"https:\/\/vosgesinfo.fr\/remiremontinfo\/author\/cedric-drevet\/\"}]}<\/script>\n<!-- \/ Yoast SEO plugin. -->","yoast_head_json":{"title":"La commune de Ramonchamp recrute un charg\u00e9 d\u2019accueil de l\u2019Agence Postale Communale - Remiremont Info","robots":{"index":"index","follow":"follow","max-snippet":"max-snippet:-1","max-image-preview":"max-image-preview:large","max-video-preview":"max-video-preview:-1"},"canonical":"https:\/\/vosgesinfo.fr\/remiremontinfo\/2023\/04\/commune-de-ramonchamp-recrute-charge-daccueil-de-lagence-postale-communale\/","twitter_card":"summary_large_image","twitter_title":"La commune de Ramonchamp recrute un charg\u00e9 d\u2019accueil de l\u2019Agence Postale Communale - Remiremont Info","twitter_description":"Photo par\u00a0Mairie de Ramonchamp La commune de Ramonchamp recrute un charg\u00e9 d\u2019accueil de l\u2019Agence Postale Communale \u00e0 compter du 1er [&hellip;]","twitter_image":"https:\/\/vosgesinfo.fr\/app\/uploads\/sites\/5\/2024\/09\/202304308630410-456347726522613-831655143205016727-n.jpg","twitter_creator":"@VosgesInfo88","twitter_site":"@VosgesInfo88","twitter_misc":{"\u00c9crit par":"C D","Dur\u00e9e de lecture estim\u00e9e":"1 minute"},"schema":{"@context":"https:\/\/schema.org","@graph":[{"@type":"Article","@id":"https:\/\/vosgesinfo.fr\/remiremontinfo\/2023\/04\/commune-de-ramonchamp-recrute-charge-daccueil-de-lagence-postale-communale\/#article","isPartOf":{"@id":"https:\/\/vosgesinfo.fr\/remiremontinfo\/2023\/04\/commune-de-ramonchamp-recrute-charge-daccueil-de-lagence-postale-communale\/"},"author":{"name":"C D","@id":"https:\/\/vosgesinfo.fr\/remiremontinfo\/#\/schema\/person\/3bfd164d5218a185b1db68655a265316"},"headline":"La commune de Ramonchamp recrute un charg\u00e9 d\u2019accueil de l\u2019Agence Postale Communale","datePublished":"2023-04-21T02:38:30+00:00","dateModified":"2023-04-21T02:38:30+00:00","mainEntityOfPage":{"@id":"https:\/\/vosgesinfo.fr\/remiremontinfo\/2023\/04\/commune-de-ramonchamp-recrute-charge-daccueil-de-lagence-postale-communale\/"},"wordCount":261,"commentCount":0,"publisher":{"@id":"https:\/\/vosgesinfo.fr\/remiremontinfo\/#organization"},"image":{"@id":"https:\/\/vosgesinfo.fr\/remiremontinfo\/2023\/04\/commune-de-ramonchamp-recrute-charge-daccueil-de-lagence-postale-communale\/#primaryimage"},"thumbnailUrl":"https:\/\/vosgesinfo.fr\/app\/uploads\/sites\/5\/2024\/09\/202304308630410-456347726522613-831655143205016727-n.jpg","keywords":["emploi","Ramonchamp","Vosges"],"articleSection":["A la Une","Le Thillot &amp; son canton"],"inLanguage":"fr-FR","potentialAction":[{"@type":"CommentAction","name":"Comment","target":["https:\/\/vosgesinfo.fr\/remiremontinfo\/2023\/04\/commune-de-ramonchamp-recrute-charge-daccueil-de-lagence-postale-communale\/#respond"]}]},{"@type":"WebPage","@id":"https:\/\/vosgesinfo.fr\/remiremontinfo\/2023\/04\/commune-de-ramonchamp-recrute-charge-daccueil-de-lagence-postale-communale\/","url":"https:\/\/vosgesinfo.fr\/remiremontinfo\/2023\/04\/commune-de-ramonchamp-recrute-charge-daccueil-de-lagence-postale-communale\/","name":"La commune de Ramonchamp recrute un charg\u00e9 d\u2019accueil de l\u2019Agence Postale Communale - Remiremont Info","isPartOf":{"@id":"https:\/\/vosgesinfo.fr\/remiremontinfo\/#website"},"primaryImageOfPage":{"@id":"https:\/\/vosgesinfo.fr\/remiremontinfo\/2023\/04\/commune-de-ramonchamp-recrute-charge-daccueil-de-lagence-postale-communale\/#primaryimage"},"image":{"@id":"https:\/\/vosgesinfo.fr\/remiremontinfo\/2023\/04\/commune-de-ramonchamp-recrute-charge-daccueil-de-lagence-postale-communale\/#primaryimage"},"thumbnailUrl":"https:\/\/vosgesinfo.fr\/app\/uploads\/sites\/5\/2024\/09\/202304308630410-456347726522613-831655143205016727-n.jpg","datePublished":"2023-04-21T02:38:30+00:00","dateModified":"2023-04-21T02:38:30+00:00","breadcrumb":{"@id":"https:\/\/vosgesinfo.fr\/remiremontinfo\/2023\/04\/commune-de-ramonchamp-recrute-charge-daccueil-de-lagence-postale-communale\/#breadcrumb"},"inLanguage":"fr-FR","potentialAction":[{"@type":"ReadAction","target":["https:\/\/vosgesinfo.fr\/remiremontinfo\/2023\/04\/commune-de-ramonchamp-recrute-charge-daccueil-de-lagence-postale-communale\/"]}]},{"@type":"ImageObject","inLanguage":"fr-FR","@id":"https:\/\/vosgesinfo.fr\/remiremontinfo\/2023\/04\/commune-de-ramonchamp-recrute-charge-daccueil-de-lagence-postale-communale\/#primaryimage","url":"https:\/\/vosgesinfo.fr\/app\/uploads\/sites\/5\/2024\/09\/202304308630410-456347726522613-831655143205016727-n.jpg","contentUrl":"https:\/\/vosgesinfo.fr\/app\/uploads\/sites\/5\/2024\/09\/202304308630410-456347726522613-831655143205016727-n.jpg","width":2048,"height":1536},{"@type":"BreadcrumbList","@id":"https:\/\/vosgesinfo.fr\/remiremontinfo\/2023\/04\/commune-de-ramonchamp-recrute-charge-daccueil-de-lagence-postale-communale\/#breadcrumb","itemListElement":[{"@type":"ListItem","position":1,"name":"Home","item":"https:\/\/vosgesinfo.fr\/remiremontinfo\/"},{"@type":"ListItem","position":2,"name":"La commune de Ramonchamp recrute un charg\u00e9 d\u2019accueil de l\u2019Agence Postale Communale"}]},{"@type":"WebSite","@id":"https:\/\/vosgesinfo.fr\/remiremontinfo\/#website","url":"https:\/\/vosgesinfo.fr\/remiremontinfo\/","name":"Remiremont Info","description":"Toute l&#039;actualit\u00e9 de Remiremont","publisher":{"@id":"https:\/\/vosgesinfo.fr\/remiremontinfo\/#organization"},"alternateName":"Toute l'actualit\u00e9 de Remiremont","potentialAction":[{"@type":"SearchAction","target":{"@type":"EntryPoint","urlTemplate":"https:\/\/vosgesinfo.fr\/remiremontinfo\/?s={search_term_string}"},"query-input":"required name=search_term_string"}],"inLanguage":"fr-FR"},{"@type":"Organization","@id":"https:\/\/vosgesinfo.fr\/remiremontinfo\/#organization","name":"Remiremont Info","url":"https:\/\/vosgesinfo.fr\/remiremontinfo\/","logo":{"@type":"ImageObject","inLanguage":"fr-FR","@id":"https:\/\/vosgesinfo.fr\/remiremontinfo\/#\/schema\/logo\/image\/","url":"https:\/\/vosgesinfo.fr\/app\/uploads\/sites\/5\/2023\/08\/favicon-remiremontinfo.png","contentUrl":"https:\/\/vosgesinfo.fr\/app\/uploads\/sites\/5\/2023\/08\/favicon-remiremontinfo.png","width":512,"height":512,"caption":"Remiremont Info"},"image":{"@id":"https:\/\/vosgesinfo.fr\/remiremontinfo\/#\/schema\/logo\/image\/"},"sameAs":["https:\/\/www.facebook.com\/remiremontinfo","https:\/\/x.com\/VosgesInfo88","https:\/\/www.youtube.com\/@vosgesinfo"]},{"@type":"Person","@id":"https:\/\/vosgesinfo.fr\/remiremontinfo\/#\/schema\/person\/3bfd164d5218a185b1db68655a265316","name":"C D","image":{"@type":"ImageObject","inLanguage":"fr-FR","@id":"https:\/\/vosgesinfo.fr\/remiremontinfo\/#\/schema\/person\/image\/","url":"https:\/\/secure.gravatar.com\/avatar\/1f9a70007336511a47468b8f1c66f922b8b7cf617b02a31149ada43893a5d48f?s=96&d=mm&r=g","contentUrl":"https:\/\/secure.gravatar.com\/avatar\/1f9a70007336511a47468b8f1c66f922b8b7cf617b02a31149ada43893a5d48f?s=96&d=mm&r=g","caption":"C D"},"url":"https:\/\/vosgesinfo.fr\/remiremontinfo\/author\/cedric-drevet\/"}]}},"_links":{"self":[{"href":"https:\/\/vosgesinfo.fr\/remiremontinfo\/wp-json\/wp\/v2\/posts\/70598","targetHints":{"allow":["GET"]}}],"collection":[{"href":"https:\/\/vosgesinfo.fr\/remiremontinfo\/wp-json\/wp\/v2\/posts"}],"about":[{"href":"https:\/\/vosgesinfo.fr\/remiremontinfo\/wp-json\/wp\/v2\/types\/post"}],"author":[{"embeddable":true,"href":"https:\/\/vosgesinfo.fr\/remiremontinfo\/wp-json\/wp\/v2\/users\/407"}],"replies":[{"embeddable":true,"href":"https:\/\/vosgesinfo.fr\/remiremontinfo\/wp-json\/wp\/v2\/comments?post=70598"}],"version-history":[{"count":0,"href":"https:\/\/vosgesinfo.fr\/remiremontinfo\/wp-json\/wp\/v2\/posts\/70598\/revisions"}],"wp:featuredmedia":[{"embeddable":true,"href":"https:\/\/vosgesinfo.fr\/remiremontinfo\/wp-json\/wp\/v2\/media\/70599"}],"wp:attachment":[{"href":"https:\/\/vosgesinfo.fr\/remiremontinfo\/wp-json\/wp\/v2\/media?parent=70598"}],"wp:term":[{"taxonomy":"category","embeddable":true,"href":"https:\/\/vosgesinfo.fr\/remiremontinfo\/wp-json\/wp\/v2\/categories?post=70598"},{"taxonomy":"post_tag","embeddable":true,"href":"https:\/\/vosgesinfo.fr\/remiremontinfo\/wp-json\/wp\/v2\/tags?post=70598"}],"curies":[{"name":"wp","href":"https:\/\/api.w.org\/{rel}","templated":true}]}}