{"id":70608,"date":"2023-04-22T06:23:39","date_gmt":"2023-04-22T04:23:39","guid":{"rendered":"https:\/\/vosgesinfo.fr\/remiremontinfo\/2023\/04\/entreprises-etablissements-scolaires-collectivites-route-defi-jy-vais\/"},"modified":"2023-04-22T06:23:39","modified_gmt":"2023-04-22T04:23:39","slug":"entreprises-etablissements-scolaires-collectivites-route-defi-jy-vais","status":"publish","type":"post","link":"https:\/\/vosgesinfo.fr\/remiremontinfo\/2023\/04\/entreprises-etablissements-scolaires-collectivites-route-defi-jy-vais\/","title":{"rendered":"Entreprises, \u00e9tablissements scolaires et collectivit\u00e9s : tous en route pour le \u00ab\u00a0D\u00e9fi J&rsquo;y vais\u00a0\u00bb !"},"content":{"rendered":"<p><a href=\"\/2023\/04\/d\u00e9fis.jpg\"><img decoding=\"async\" class=\"alignnone size-large wp-image-368779\" src=\"\/2023\/04\/d\u00e9fis-1024x384.jpg\" alt=\"d\u00e9fis\" width=\"960\" height=\"360\" \/><\/a><\/p>\n<p style=\"text-align: center;\"><span style=\"font-size: 10pt;\"><em>Communiqu\u00e9\u00a0<\/em><\/span><\/p>\n<h2><span style=\"font-size: 12pt;\"><strong>Les CCPVM, CCHV, CCGHV et CCBHV comptent bien tout donner pour terminer en t\u00eate ! Du 2 au 23 mai 2023, les entreprises de plus de 3 salari\u00e9s, \u00e9coles\/coll\u00e8ges\/lyc\u00e9es et les collectivit\u00e9s sont invit\u00e9s \u00e0 participer au D\u00e9fi J&rsquo;y vais. L&rsquo;objectif ? Pour un ou plusieurs trajets, l&rsquo;id\u00e9e est de venir au travail ou \u00e0 l&rsquo;\u00e9cole d&rsquo;une autre mani\u00e8re : covoiturage, v\u00e9lo, march\u00e9, bus, etc.<\/strong><\/span><\/h2>\n<p>Pour participer, c&rsquo;est simple : rendez-vous sur le site du D\u00e9fi : <a href=\"https:\/\/defi-jyvais.fr\">https:\/\/defi-jyvais.fr<\/a><br \/>\nInscrivez votre entreprise\/\u00e9tablissement scolaire\/collectivit\u00e9 via un r\u00e9f\u00e9rent identifi\u00e9 (inscription \u00ab\u00a0r\u00e9f\u00e9rent\u00a0\u00bb). Un code \u00e9tablissement lui sera transmis, code qui sera n\u00e9cessaire \u00e0 l&rsquo;inscription des participants qui le souhaitent (inscription \u00ab\u00a0participant\u00a0\u00bb).<\/p>\n<p>Le principe du D\u00e9fi :<\/p>\n<p>Organis\u00e9 par V\u00e9lo Mobilit\u00e9 Active Grand Est, le D\u00e9fi \u00ab J\u2019y vais ! \u00bb a pour objectif d\u2019initier de nouveaux comportements en incitant un maximum de salari\u00e9s \u00e0 se rendre sur leur lieu de travail en utilisant des modes de d\u00e9placement durables : marche, v\u00e9lo, transports en commun, covoiturage, \u00e9quipement de d\u00e9placement personnel (trottinette, monoroue, etc.), pouvant se combiner en intermodalit\u00e9.<br \/>\nLe d\u00e9fi consiste \u00e0 comptabiliser le nombre de participants, le nombre de jours particip\u00e9s et les kilom\u00e8tres parcourus par les salari\u00e9s en modes alternatifs \u00e0 la voiture en solo, de leur domicile \u00e0 leur lieu de travail, pendant la p\u00e9riode du d\u00e9fi.<\/p>\n<p><a href=\"\/2023\/04\/d\u00e9fis.png\"><img decoding=\"async\" class=\"alignnone size-full wp-image-368780\" src=\"\/2023\/04\/d\u00e9fis.png\" alt=\"d\u00e9fis\" width=\"640\" height=\"902\" \/><\/a><\/p>\n","protected":false},"excerpt":{"rendered":"<p>Communiqu\u00e9\u00a0 Les CCPVM, CCHV, CCGHV et CCBHV comptent bien tout donner pour terminer en t\u00eate ! Du 2 au 23 [&hellip;]<\/p>\n","protected":false},"author":407,"featured_media":70609,"comment_status":"open","ping_status":"open","sticky":false,"template":"","format":"standard","meta":{"footnotes":""},"categories":[26],"tags":[1467,5782,32],"class_list":["post-70608","post","type-post","status-publish","format-standard","has-post-thumbnail","hentry","category-a-la-une","tag-communaute-de-commune","tag-defi-jy-vais","tag-vosges"],"acf":[],"yoast_head":"<!-- This site is optimized with the Yoast SEO plugin v22.5 - https:\/\/yoast.com\/wordpress\/plugins\/seo\/ -->\n<title>Entreprises, \u00e9tablissements scolaires et collectivit\u00e9s : tous en route pour le &quot;D\u00e9fi J&#039;y vais&quot; ! - Remiremont Info<\/title>\n<meta name=\"robots\" content=\"index, follow, max-snippet:-1, max-image-preview:large, max-video-preview:-1\" \/>\n<link rel=\"canonical\" href=\"https:\/\/vosgesinfo.fr\/remiremontinfo\/2023\/04\/entreprises-etablissements-scolaires-collectivites-route-defi-jy-vais\/\" \/>\n<meta name=\"twitter:card\" content=\"summary_large_image\" \/>\n<meta name=\"twitter:title\" content=\"Entreprises, \u00e9tablissements scolaires et collectivit\u00e9s : tous en route pour le &quot;D\u00e9fi J&#039;y vais&quot; ! - Remiremont Info\" \/>\n<meta name=\"twitter:description\" content=\"Communiqu\u00e9\u00a0 Les CCPVM, CCHV, CCGHV et CCBHV comptent bien tout donner pour terminer en t\u00eate ! Du 2 au 23 [&hellip;]\" \/>\n<meta name=\"twitter:image\" content=\"https:\/\/vosgesinfo.fr\/app\/uploads\/sites\/5\/2024\/09\/202304defis.jpg\" \/>\n<meta name=\"twitter:creator\" content=\"@VosgesInfo88\" \/>\n<meta name=\"twitter:site\" content=\"@VosgesInfo88\" \/>\n<meta name=\"twitter:label1\" content=\"\u00c9crit par\" \/>\n\t<meta name=\"twitter:data1\" content=\"C D\" \/>\n\t<meta name=\"twitter:label2\" content=\"Dur\u00e9e de lecture estim\u00e9e\" \/>\n\t<meta name=\"twitter:data2\" content=\"1 minute\" \/>\n<script type=\"application\/ld+json\" class=\"yoast-schema-graph\">{\"@context\":\"https:\/\/schema.org\",\"@graph\":[{\"@type\":\"Article\",\"@id\":\"https:\/\/vosgesinfo.fr\/remiremontinfo\/2023\/04\/entreprises-etablissements-scolaires-collectivites-route-defi-jy-vais\/#article\",\"isPartOf\":{\"@id\":\"https:\/\/vosgesinfo.fr\/remiremontinfo\/2023\/04\/entreprises-etablissements-scolaires-collectivites-route-defi-jy-vais\/\"},\"author\":{\"name\":\"C D\",\"@id\":\"https:\/\/vosgesinfo.fr\/remiremontinfo\/#\/schema\/person\/3bfd164d5218a185b1db68655a265316\"},\"headline\":\"Entreprises, \u00e9tablissements scolaires et collectivit\u00e9s : tous en route pour le \u00ab\u00a0D\u00e9fi J&rsquo;y vais\u00a0\u00bb !\",\"datePublished\":\"2023-04-22T04:23:39+00:00\",\"dateModified\":\"2023-04-22T04:23:39+00:00\",\"mainEntityOfPage\":{\"@id\":\"https:\/\/vosgesinfo.fr\/remiremontinfo\/2023\/04\/entreprises-etablissements-scolaires-collectivites-route-defi-jy-vais\/\"},\"wordCount\":255,\"commentCount\":0,\"publisher\":{\"@id\":\"https:\/\/vosgesinfo.fr\/remiremontinfo\/#organization\"},\"image\":{\"@id\":\"https:\/\/vosgesinfo.fr\/remiremontinfo\/2023\/04\/entreprises-etablissements-scolaires-collectivites-route-defi-jy-vais\/#primaryimage\"},\"thumbnailUrl\":\"https:\/\/vosgesinfo.fr\/app\/uploads\/sites\/5\/2024\/09\/202304defis.jpg\",\"keywords\":[\"communaut\u00e9 de commune\",\"d\u00e9fi j'y vais\",\"Vosges\"],\"articleSection\":[\"A la Une\"],\"inLanguage\":\"fr-FR\",\"potentialAction\":[{\"@type\":\"CommentAction\",\"name\":\"Comment\",\"target\":[\"https:\/\/vosgesinfo.fr\/remiremontinfo\/2023\/04\/entreprises-etablissements-scolaires-collectivites-route-defi-jy-vais\/#respond\"]}]},{\"@type\":\"WebPage\",\"@id\":\"https:\/\/vosgesinfo.fr\/remiremontinfo\/2023\/04\/entreprises-etablissements-scolaires-collectivites-route-defi-jy-vais\/\",\"url\":\"https:\/\/vosgesinfo.fr\/remiremontinfo\/2023\/04\/entreprises-etablissements-scolaires-collectivites-route-defi-jy-vais\/\",\"name\":\"Entreprises, \u00e9tablissements scolaires et collectivit\u00e9s : tous en route pour le \\\"D\u00e9fi J'y vais\\\" ! - Remiremont Info\",\"isPartOf\":{\"@id\":\"https:\/\/vosgesinfo.fr\/remiremontinfo\/#website\"},\"primaryImageOfPage\":{\"@id\":\"https:\/\/vosgesinfo.fr\/remiremontinfo\/2023\/04\/entreprises-etablissements-scolaires-collectivites-route-defi-jy-vais\/#primaryimage\"},\"image\":{\"@id\":\"https:\/\/vosgesinfo.fr\/remiremontinfo\/2023\/04\/entreprises-etablissements-scolaires-collectivites-route-defi-jy-vais\/#primaryimage\"},\"thumbnailUrl\":\"https:\/\/vosgesinfo.fr\/app\/uploads\/sites\/5\/2024\/09\/202304defis.jpg\",\"datePublished\":\"2023-04-22T04:23:39+00:00\",\"dateModified\":\"2023-04-22T04:23:39+00:00\",\"breadcrumb\":{\"@id\":\"https:\/\/vosgesinfo.fr\/remiremontinfo\/2023\/04\/entreprises-etablissements-scolaires-collectivites-route-defi-jy-vais\/#breadcrumb\"},\"inLanguage\":\"fr-FR\",\"potentialAction\":[{\"@type\":\"ReadAction\",\"target\":[\"https:\/\/vosgesinfo.fr\/remiremontinfo\/2023\/04\/entreprises-etablissements-scolaires-collectivites-route-defi-jy-vais\/\"]}]},{\"@type\":\"ImageObject\",\"inLanguage\":\"fr-FR\",\"@id\":\"https:\/\/vosgesinfo.fr\/remiremontinfo\/2023\/04\/entreprises-etablissements-scolaires-collectivites-route-defi-jy-vais\/#primaryimage\",\"url\":\"https:\/\/vosgesinfo.fr\/app\/uploads\/sites\/5\/2024\/09\/202304defis.jpg\",\"contentUrl\":\"https:\/\/vosgesinfo.fr\/app\/uploads\/sites\/5\/2024\/09\/202304defis.jpg\",\"width\":1849,\"height\":693},{\"@type\":\"BreadcrumbList\",\"@id\":\"https:\/\/vosgesinfo.fr\/remiremontinfo\/2023\/04\/entreprises-etablissements-scolaires-collectivites-route-defi-jy-vais\/#breadcrumb\",\"itemListElement\":[{\"@type\":\"ListItem\",\"position\":1,\"name\":\"Home\",\"item\":\"https:\/\/vosgesinfo.fr\/remiremontinfo\/\"},{\"@type\":\"ListItem\",\"position\":2,\"name\":\"Entreprises, \u00e9tablissements scolaires et collectivit\u00e9s : tous en route pour le \u00ab\u00a0D\u00e9fi J&rsquo;y vais\u00a0\u00bb !\"}]},{\"@type\":\"WebSite\",\"@id\":\"https:\/\/vosgesinfo.fr\/remiremontinfo\/#website\",\"url\":\"https:\/\/vosgesinfo.fr\/remiremontinfo\/\",\"name\":\"Remiremont Info\",\"description\":\"Toute l&#039;actualit\u00e9 de Remiremont\",\"publisher\":{\"@id\":\"https:\/\/vosgesinfo.fr\/remiremontinfo\/#organization\"},\"alternateName\":\"Toute l'actualit\u00e9 de Remiremont\",\"potentialAction\":[{\"@type\":\"SearchAction\",\"target\":{\"@type\":\"EntryPoint\",\"urlTemplate\":\"https:\/\/vosgesinfo.fr\/remiremontinfo\/?s={search_term_string}\"},\"query-input\":\"required name=search_term_string\"}],\"inLanguage\":\"fr-FR\"},{\"@type\":\"Organization\",\"@id\":\"https:\/\/vosgesinfo.fr\/remiremontinfo\/#organization\",\"name\":\"Remiremont Info\",\"url\":\"https:\/\/vosgesinfo.fr\/remiremontinfo\/\",\"logo\":{\"@type\":\"ImageObject\",\"inLanguage\":\"fr-FR\",\"@id\":\"https:\/\/vosgesinfo.fr\/remiremontinfo\/#\/schema\/logo\/image\/\",\"url\":\"https:\/\/vosgesinfo.fr\/app\/uploads\/sites\/5\/2023\/08\/favicon-remiremontinfo.png\",\"contentUrl\":\"https:\/\/vosgesinfo.fr\/app\/uploads\/sites\/5\/2023\/08\/favicon-remiremontinfo.png\",\"width\":512,\"height\":512,\"caption\":\"Remiremont Info\"},\"image\":{\"@id\":\"https:\/\/vosgesinfo.fr\/remiremontinfo\/#\/schema\/logo\/image\/\"},\"sameAs\":[\"https:\/\/www.facebook.com\/remiremontinfo\",\"https:\/\/x.com\/VosgesInfo88\",\"https:\/\/www.youtube.com\/@vosgesinfo\"]},{\"@type\":\"Person\",\"@id\":\"https:\/\/vosgesinfo.fr\/remiremontinfo\/#\/schema\/person\/3bfd164d5218a185b1db68655a265316\",\"name\":\"C D\",\"image\":{\"@type\":\"ImageObject\",\"inLanguage\":\"fr-FR\",\"@id\":\"https:\/\/vosgesinfo.fr\/remiremontinfo\/#\/schema\/person\/image\/\",\"url\":\"https:\/\/secure.gravatar.com\/avatar\/1f9a70007336511a47468b8f1c66f922b8b7cf617b02a31149ada43893a5d48f?s=96&d=mm&r=g\",\"contentUrl\":\"https:\/\/secure.gravatar.com\/avatar\/1f9a70007336511a47468b8f1c66f922b8b7cf617b02a31149ada43893a5d48f?s=96&d=mm&r=g\",\"caption\":\"C D\"},\"url\":\"https:\/\/vosgesinfo.fr\/remiremontinfo\/author\/cedric-drevet\/\"}]}<\/script>\n<!-- \/ Yoast SEO plugin. -->","yoast_head_json":{"title":"Entreprises, \u00e9tablissements scolaires et collectivit\u00e9s : tous en route pour le \"D\u00e9fi J'y vais\" ! - Remiremont Info","robots":{"index":"index","follow":"follow","max-snippet":"max-snippet:-1","max-image-preview":"max-image-preview:large","max-video-preview":"max-video-preview:-1"},"canonical":"https:\/\/vosgesinfo.fr\/remiremontinfo\/2023\/04\/entreprises-etablissements-scolaires-collectivites-route-defi-jy-vais\/","twitter_card":"summary_large_image","twitter_title":"Entreprises, \u00e9tablissements scolaires et collectivit\u00e9s : tous en route pour le \"D\u00e9fi J'y vais\" ! - Remiremont Info","twitter_description":"Communiqu\u00e9\u00a0 Les CCPVM, CCHV, CCGHV et CCBHV comptent bien tout donner pour terminer en t\u00eate ! Du 2 au 23 [&hellip;]","twitter_image":"https:\/\/vosgesinfo.fr\/app\/uploads\/sites\/5\/2024\/09\/202304defis.jpg","twitter_creator":"@VosgesInfo88","twitter_site":"@VosgesInfo88","twitter_misc":{"\u00c9crit par":"C D","Dur\u00e9e de lecture estim\u00e9e":"1 minute"},"schema":{"@context":"https:\/\/schema.org","@graph":[{"@type":"Article","@id":"https:\/\/vosgesinfo.fr\/remiremontinfo\/2023\/04\/entreprises-etablissements-scolaires-collectivites-route-defi-jy-vais\/#article","isPartOf":{"@id":"https:\/\/vosgesinfo.fr\/remiremontinfo\/2023\/04\/entreprises-etablissements-scolaires-collectivites-route-defi-jy-vais\/"},"author":{"name":"C D","@id":"https:\/\/vosgesinfo.fr\/remiremontinfo\/#\/schema\/person\/3bfd164d5218a185b1db68655a265316"},"headline":"Entreprises, \u00e9tablissements scolaires et collectivit\u00e9s : tous en route pour le \u00ab\u00a0D\u00e9fi J&rsquo;y vais\u00a0\u00bb !","datePublished":"2023-04-22T04:23:39+00:00","dateModified":"2023-04-22T04:23:39+00:00","mainEntityOfPage":{"@id":"https:\/\/vosgesinfo.fr\/remiremontinfo\/2023\/04\/entreprises-etablissements-scolaires-collectivites-route-defi-jy-vais\/"},"wordCount":255,"commentCount":0,"publisher":{"@id":"https:\/\/vosgesinfo.fr\/remiremontinfo\/#organization"},"image":{"@id":"https:\/\/vosgesinfo.fr\/remiremontinfo\/2023\/04\/entreprises-etablissements-scolaires-collectivites-route-defi-jy-vais\/#primaryimage"},"thumbnailUrl":"https:\/\/vosgesinfo.fr\/app\/uploads\/sites\/5\/2024\/09\/202304defis.jpg","keywords":["communaut\u00e9 de commune","d\u00e9fi j'y vais","Vosges"],"articleSection":["A la Une"],"inLanguage":"fr-FR","potentialAction":[{"@type":"CommentAction","name":"Comment","target":["https:\/\/vosgesinfo.fr\/remiremontinfo\/2023\/04\/entreprises-etablissements-scolaires-collectivites-route-defi-jy-vais\/#respond"]}]},{"@type":"WebPage","@id":"https:\/\/vosgesinfo.fr\/remiremontinfo\/2023\/04\/entreprises-etablissements-scolaires-collectivites-route-defi-jy-vais\/","url":"https:\/\/vosgesinfo.fr\/remiremontinfo\/2023\/04\/entreprises-etablissements-scolaires-collectivites-route-defi-jy-vais\/","name":"Entreprises, \u00e9tablissements scolaires et collectivit\u00e9s : tous en route pour le \"D\u00e9fi J'y vais\" ! - Remiremont Info","isPartOf":{"@id":"https:\/\/vosgesinfo.fr\/remiremontinfo\/#website"},"primaryImageOfPage":{"@id":"https:\/\/vosgesinfo.fr\/remiremontinfo\/2023\/04\/entreprises-etablissements-scolaires-collectivites-route-defi-jy-vais\/#primaryimage"},"image":{"@id":"https:\/\/vosgesinfo.fr\/remiremontinfo\/2023\/04\/entreprises-etablissements-scolaires-collectivites-route-defi-jy-vais\/#primaryimage"},"thumbnailUrl":"https:\/\/vosgesinfo.fr\/app\/uploads\/sites\/5\/2024\/09\/202304defis.jpg","datePublished":"2023-04-22T04:23:39+00:00","dateModified":"2023-04-22T04:23:39+00:00","breadcrumb":{"@id":"https:\/\/vosgesinfo.fr\/remiremontinfo\/2023\/04\/entreprises-etablissements-scolaires-collectivites-route-defi-jy-vais\/#breadcrumb"},"inLanguage":"fr-FR","potentialAction":[{"@type":"ReadAction","target":["https:\/\/vosgesinfo.fr\/remiremontinfo\/2023\/04\/entreprises-etablissements-scolaires-collectivites-route-defi-jy-vais\/"]}]},{"@type":"ImageObject","inLanguage":"fr-FR","@id":"https:\/\/vosgesinfo.fr\/remiremontinfo\/2023\/04\/entreprises-etablissements-scolaires-collectivites-route-defi-jy-vais\/#primaryimage","url":"https:\/\/vosgesinfo.fr\/app\/uploads\/sites\/5\/2024\/09\/202304defis.jpg","contentUrl":"https:\/\/vosgesinfo.fr\/app\/uploads\/sites\/5\/2024\/09\/202304defis.jpg","width":1849,"height":693},{"@type":"BreadcrumbList","@id":"https:\/\/vosgesinfo.fr\/remiremontinfo\/2023\/04\/entreprises-etablissements-scolaires-collectivites-route-defi-jy-vais\/#breadcrumb","itemListElement":[{"@type":"ListItem","position":1,"name":"Home","item":"https:\/\/vosgesinfo.fr\/remiremontinfo\/"},{"@type":"ListItem","position":2,"name":"Entreprises, \u00e9tablissements scolaires et collectivit\u00e9s : tous en route pour le \u00ab\u00a0D\u00e9fi J&rsquo;y vais\u00a0\u00bb !"}]},{"@type":"WebSite","@id":"https:\/\/vosgesinfo.fr\/remiremontinfo\/#website","url":"https:\/\/vosgesinfo.fr\/remiremontinfo\/","name":"Remiremont Info","description":"Toute l&#039;actualit\u00e9 de Remiremont","publisher":{"@id":"https:\/\/vosgesinfo.fr\/remiremontinfo\/#organization"},"alternateName":"Toute l'actualit\u00e9 de Remiremont","potentialAction":[{"@type":"SearchAction","target":{"@type":"EntryPoint","urlTemplate":"https:\/\/vosgesinfo.fr\/remiremontinfo\/?s={search_term_string}"},"query-input":"required name=search_term_string"}],"inLanguage":"fr-FR"},{"@type":"Organization","@id":"https:\/\/vosgesinfo.fr\/remiremontinfo\/#organization","name":"Remiremont Info","url":"https:\/\/vosgesinfo.fr\/remiremontinfo\/","logo":{"@type":"ImageObject","inLanguage":"fr-FR","@id":"https:\/\/vosgesinfo.fr\/remiremontinfo\/#\/schema\/logo\/image\/","url":"https:\/\/vosgesinfo.fr\/app\/uploads\/sites\/5\/2023\/08\/favicon-remiremontinfo.png","contentUrl":"https:\/\/vosgesinfo.fr\/app\/uploads\/sites\/5\/2023\/08\/favicon-remiremontinfo.png","width":512,"height":512,"caption":"Remiremont Info"},"image":{"@id":"https:\/\/vosgesinfo.fr\/remiremontinfo\/#\/schema\/logo\/image\/"},"sameAs":["https:\/\/www.facebook.com\/remiremontinfo","https:\/\/x.com\/VosgesInfo88","https:\/\/www.youtube.com\/@vosgesinfo"]},{"@type":"Person","@id":"https:\/\/vosgesinfo.fr\/remiremontinfo\/#\/schema\/person\/3bfd164d5218a185b1db68655a265316","name":"C D","image":{"@type":"ImageObject","inLanguage":"fr-FR","@id":"https:\/\/vosgesinfo.fr\/remiremontinfo\/#\/schema\/person\/image\/","url":"https:\/\/secure.gravatar.com\/avatar\/1f9a70007336511a47468b8f1c66f922b8b7cf617b02a31149ada43893a5d48f?s=96&d=mm&r=g","contentUrl":"https:\/\/secure.gravatar.com\/avatar\/1f9a70007336511a47468b8f1c66f922b8b7cf617b02a31149ada43893a5d48f?s=96&d=mm&r=g","caption":"C D"},"url":"https:\/\/vosgesinfo.fr\/remiremontinfo\/author\/cedric-drevet\/"}]}},"_links":{"self":[{"href":"https:\/\/vosgesinfo.fr\/remiremontinfo\/wp-json\/wp\/v2\/posts\/70608","targetHints":{"allow":["GET"]}}],"collection":[{"href":"https:\/\/vosgesinfo.fr\/remiremontinfo\/wp-json\/wp\/v2\/posts"}],"about":[{"href":"https:\/\/vosgesinfo.fr\/remiremontinfo\/wp-json\/wp\/v2\/types\/post"}],"author":[{"embeddable":true,"href":"https:\/\/vosgesinfo.fr\/remiremontinfo\/wp-json\/wp\/v2\/users\/407"}],"replies":[{"embeddable":true,"href":"https:\/\/vosgesinfo.fr\/remiremontinfo\/wp-json\/wp\/v2\/comments?post=70608"}],"version-history":[{"count":0,"href":"https:\/\/vosgesinfo.fr\/remiremontinfo\/wp-json\/wp\/v2\/posts\/70608\/revisions"}],"wp:featuredmedia":[{"embeddable":true,"href":"https:\/\/vosgesinfo.fr\/remiremontinfo\/wp-json\/wp\/v2\/media\/70609"}],"wp:attachment":[{"href":"https:\/\/vosgesinfo.fr\/remiremontinfo\/wp-json\/wp\/v2\/media?parent=70608"}],"wp:term":[{"taxonomy":"category","embeddable":true,"href":"https:\/\/vosgesinfo.fr\/remiremontinfo\/wp-json\/wp\/v2\/categories?post=70608"},{"taxonomy":"post_tag","embeddable":true,"href":"https:\/\/vosgesinfo.fr\/remiremontinfo\/wp-json\/wp\/v2\/tags?post=70608"}],"curies":[{"name":"wp","href":"https:\/\/api.w.org\/{rel}","templated":true}]}}