{"id":70621,"date":"2023-04-22T10:16:46","date_gmt":"2023-04-22T08:16:46","guid":{"rendered":"https:\/\/vosgesinfo.fr\/remiremontinfo\/2023\/04\/video-samedi-6-vaches-vosgiennes-ont-parcouru-rues-depinal\/"},"modified":"2023-04-22T10:16:46","modified_gmt":"2023-04-22T08:16:46","slug":"video-samedi-6-vaches-vosgiennes-ont-parcouru-rues-depinal","status":"publish","type":"post","link":"https:\/\/vosgesinfo.fr\/remiremontinfo\/2023\/04\/video-samedi-6-vaches-vosgiennes-ont-parcouru-rues-depinal\/","title":{"rendered":"[VIDEO ] \u2013 Ce samedi, 6 vaches vosgiennes ont parcouru les rues d&rsquo;Epinal"},"content":{"rendered":"<h2><strong>Petite surprise ce samedi matin pour les Spinaliens et les promeneurs. Un petit troupeau constitu\u00e9 de six vaches vosgiennes a parcouru les rues de la ville. L\u2019initiative de cette op\u00e9ration de promotion insolite revient \u00e0 Lionel Vaxelaire, de Saulxures-sur-Moselotte, le pr\u00e9sident des \u00e9leveurs de Vosgiennes dans le d\u00e9partement des Vosges, ainsi qu\u2019\u00e0 toute son \u00e9quipe.<\/strong><\/h2>\n","protected":false},"excerpt":{"rendered":"<p>Petite surprise ce samedi matin pour les Spinaliens et les promeneurs. Un petit troupeau constitu\u00e9 de six vaches vosgiennes a [&hellip;]<\/p>\n","protected":false},"author":407,"featured_media":70622,"comment_status":"open","ping_status":"open","sticky":false,"template":"","format":"standard","meta":{"footnotes":""},"categories":[26,47,18],"tags":[109,3264,32],"class_list":["post-70621","post","type-post","status-publish","format-standard","has-post-thumbnail","hentry","category-a-la-une","category-agriculture","category-vosges","tag-epinal","tag-vaches","tag-vosges"],"acf":[],"yoast_head":"<!-- This site is optimized with the Yoast SEO plugin v22.5 - https:\/\/yoast.com\/wordpress\/plugins\/seo\/ -->\n<title>[VIDEO ] \u2013 Ce samedi, 6 vaches vosgiennes ont parcouru les rues d&#039;Epinal - Remiremont Info<\/title>\n<meta name=\"robots\" content=\"index, follow, max-snippet:-1, max-image-preview:large, max-video-preview:-1\" \/>\n<link rel=\"canonical\" href=\"https:\/\/vosgesinfo.fr\/remiremontinfo\/2023\/04\/video-samedi-6-vaches-vosgiennes-ont-parcouru-rues-depinal\/\" \/>\n<meta name=\"twitter:card\" content=\"summary_large_image\" \/>\n<meta name=\"twitter:title\" content=\"[VIDEO ] \u2013 Ce samedi, 6 vaches vosgiennes ont parcouru les rues d&#039;Epinal - Remiremont Info\" \/>\n<meta name=\"twitter:description\" content=\"Petite surprise ce samedi matin pour les Spinaliens et les promeneurs. Un petit troupeau constitu\u00e9 de six vaches vosgiennes a [&hellip;]\" \/>\n<meta name=\"twitter:image\" content=\"https:\/\/vosgesinfo.fr\/app\/uploads\/sites\/5\/2024\/09\/202304vahce-vosgienne-transhumance-epinal-24-800x600-1.jpg\" \/>\n<meta name=\"twitter:creator\" content=\"@VosgesInfo88\" \/>\n<meta name=\"twitter:site\" content=\"@VosgesInfo88\" \/>\n<meta name=\"twitter:label1\" content=\"\u00c9crit par\" \/>\n\t<meta name=\"twitter:data1\" content=\"C D\" \/>\n<script type=\"application\/ld+json\" class=\"yoast-schema-graph\">{\"@context\":\"https:\/\/schema.org\",\"@graph\":[{\"@type\":\"Article\",\"@id\":\"https:\/\/vosgesinfo.fr\/remiremontinfo\/2023\/04\/video-samedi-6-vaches-vosgiennes-ont-parcouru-rues-depinal\/#article\",\"isPartOf\":{\"@id\":\"https:\/\/vosgesinfo.fr\/remiremontinfo\/2023\/04\/video-samedi-6-vaches-vosgiennes-ont-parcouru-rues-depinal\/\"},\"author\":{\"name\":\"C D\",\"@id\":\"https:\/\/vosgesinfo.fr\/remiremontinfo\/#\/schema\/person\/3bfd164d5218a185b1db68655a265316\"},\"headline\":\"[VIDEO ] \u2013 Ce samedi, 6 vaches vosgiennes ont parcouru les rues d&rsquo;Epinal\",\"datePublished\":\"2023-04-22T08:16:46+00:00\",\"dateModified\":\"2023-04-22T08:16:46+00:00\",\"mainEntityOfPage\":{\"@id\":\"https:\/\/vosgesinfo.fr\/remiremontinfo\/2023\/04\/video-samedi-6-vaches-vosgiennes-ont-parcouru-rues-depinal\/\"},\"wordCount\":69,\"commentCount\":0,\"publisher\":{\"@id\":\"https:\/\/vosgesinfo.fr\/remiremontinfo\/#organization\"},\"image\":{\"@id\":\"https:\/\/vosgesinfo.fr\/remiremontinfo\/2023\/04\/video-samedi-6-vaches-vosgiennes-ont-parcouru-rues-depinal\/#primaryimage\"},\"thumbnailUrl\":\"https:\/\/vosgesinfo.fr\/app\/uploads\/sites\/5\/2024\/09\/202304vahce-vosgienne-transhumance-epinal-24-800x600-1.jpg\",\"keywords\":[\"\u00e9pinal\",\"vaches\",\"Vosges\"],\"articleSection\":[\"A la Une\",\"Agriculture\",\"Vosges\"],\"inLanguage\":\"fr-FR\",\"potentialAction\":[{\"@type\":\"CommentAction\",\"name\":\"Comment\",\"target\":[\"https:\/\/vosgesinfo.fr\/remiremontinfo\/2023\/04\/video-samedi-6-vaches-vosgiennes-ont-parcouru-rues-depinal\/#respond\"]}]},{\"@type\":\"WebPage\",\"@id\":\"https:\/\/vosgesinfo.fr\/remiremontinfo\/2023\/04\/video-samedi-6-vaches-vosgiennes-ont-parcouru-rues-depinal\/\",\"url\":\"https:\/\/vosgesinfo.fr\/remiremontinfo\/2023\/04\/video-samedi-6-vaches-vosgiennes-ont-parcouru-rues-depinal\/\",\"name\":\"[VIDEO ] \u2013 Ce samedi, 6 vaches vosgiennes ont parcouru les rues d'Epinal - Remiremont Info\",\"isPartOf\":{\"@id\":\"https:\/\/vosgesinfo.fr\/remiremontinfo\/#website\"},\"primaryImageOfPage\":{\"@id\":\"https:\/\/vosgesinfo.fr\/remiremontinfo\/2023\/04\/video-samedi-6-vaches-vosgiennes-ont-parcouru-rues-depinal\/#primaryimage\"},\"image\":{\"@id\":\"https:\/\/vosgesinfo.fr\/remiremontinfo\/2023\/04\/video-samedi-6-vaches-vosgiennes-ont-parcouru-rues-depinal\/#primaryimage\"},\"thumbnailUrl\":\"https:\/\/vosgesinfo.fr\/app\/uploads\/sites\/5\/2024\/09\/202304vahce-vosgienne-transhumance-epinal-24-800x600-1.jpg\",\"datePublished\":\"2023-04-22T08:16:46+00:00\",\"dateModified\":\"2023-04-22T08:16:46+00:00\",\"breadcrumb\":{\"@id\":\"https:\/\/vosgesinfo.fr\/remiremontinfo\/2023\/04\/video-samedi-6-vaches-vosgiennes-ont-parcouru-rues-depinal\/#breadcrumb\"},\"inLanguage\":\"fr-FR\",\"potentialAction\":[{\"@type\":\"ReadAction\",\"target\":[\"https:\/\/vosgesinfo.fr\/remiremontinfo\/2023\/04\/video-samedi-6-vaches-vosgiennes-ont-parcouru-rues-depinal\/\"]}]},{\"@type\":\"ImageObject\",\"inLanguage\":\"fr-FR\",\"@id\":\"https:\/\/vosgesinfo.fr\/remiremontinfo\/2023\/04\/video-samedi-6-vaches-vosgiennes-ont-parcouru-rues-depinal\/#primaryimage\",\"url\":\"https:\/\/vosgesinfo.fr\/app\/uploads\/sites\/5\/2024\/09\/202304vahce-vosgienne-transhumance-epinal-24-800x600-1.jpg\",\"contentUrl\":\"https:\/\/vosgesinfo.fr\/app\/uploads\/sites\/5\/2024\/09\/202304vahce-vosgienne-transhumance-epinal-24-800x600-1.jpg\",\"width\":800,\"height\":600},{\"@type\":\"BreadcrumbList\",\"@id\":\"https:\/\/vosgesinfo.fr\/remiremontinfo\/2023\/04\/video-samedi-6-vaches-vosgiennes-ont-parcouru-rues-depinal\/#breadcrumb\",\"itemListElement\":[{\"@type\":\"ListItem\",\"position\":1,\"name\":\"Home\",\"item\":\"https:\/\/vosgesinfo.fr\/remiremontinfo\/\"},{\"@type\":\"ListItem\",\"position\":2,\"name\":\"[VIDEO ] \u2013 Ce samedi, 6 vaches vosgiennes ont parcouru les rues d&rsquo;Epinal\"}]},{\"@type\":\"WebSite\",\"@id\":\"https:\/\/vosgesinfo.fr\/remiremontinfo\/#website\",\"url\":\"https:\/\/vosgesinfo.fr\/remiremontinfo\/\",\"name\":\"Remiremont Info\",\"description\":\"Toute l&#039;actualit\u00e9 de Remiremont\",\"publisher\":{\"@id\":\"https:\/\/vosgesinfo.fr\/remiremontinfo\/#organization\"},\"alternateName\":\"Toute l'actualit\u00e9 de Remiremont\",\"potentialAction\":[{\"@type\":\"SearchAction\",\"target\":{\"@type\":\"EntryPoint\",\"urlTemplate\":\"https:\/\/vosgesinfo.fr\/remiremontinfo\/?s={search_term_string}\"},\"query-input\":\"required name=search_term_string\"}],\"inLanguage\":\"fr-FR\"},{\"@type\":\"Organization\",\"@id\":\"https:\/\/vosgesinfo.fr\/remiremontinfo\/#organization\",\"name\":\"Remiremont Info\",\"url\":\"https:\/\/vosgesinfo.fr\/remiremontinfo\/\",\"logo\":{\"@type\":\"ImageObject\",\"inLanguage\":\"fr-FR\",\"@id\":\"https:\/\/vosgesinfo.fr\/remiremontinfo\/#\/schema\/logo\/image\/\",\"url\":\"https:\/\/vosgesinfo.fr\/app\/uploads\/sites\/5\/2023\/08\/favicon-remiremontinfo.png\",\"contentUrl\":\"https:\/\/vosgesinfo.fr\/app\/uploads\/sites\/5\/2023\/08\/favicon-remiremontinfo.png\",\"width\":512,\"height\":512,\"caption\":\"Remiremont Info\"},\"image\":{\"@id\":\"https:\/\/vosgesinfo.fr\/remiremontinfo\/#\/schema\/logo\/image\/\"},\"sameAs\":[\"https:\/\/www.facebook.com\/remiremontinfo\",\"https:\/\/x.com\/VosgesInfo88\",\"https:\/\/www.youtube.com\/@vosgesinfo\"]},{\"@type\":\"Person\",\"@id\":\"https:\/\/vosgesinfo.fr\/remiremontinfo\/#\/schema\/person\/3bfd164d5218a185b1db68655a265316\",\"name\":\"C D\",\"image\":{\"@type\":\"ImageObject\",\"inLanguage\":\"fr-FR\",\"@id\":\"https:\/\/vosgesinfo.fr\/remiremontinfo\/#\/schema\/person\/image\/\",\"url\":\"https:\/\/secure.gravatar.com\/avatar\/1f9a70007336511a47468b8f1c66f922b8b7cf617b02a31149ada43893a5d48f?s=96&d=mm&r=g\",\"contentUrl\":\"https:\/\/secure.gravatar.com\/avatar\/1f9a70007336511a47468b8f1c66f922b8b7cf617b02a31149ada43893a5d48f?s=96&d=mm&r=g\",\"caption\":\"C D\"},\"url\":\"https:\/\/vosgesinfo.fr\/remiremontinfo\/author\/cedric-drevet\/\"}]}<\/script>\n<!-- \/ Yoast SEO plugin. -->","yoast_head_json":{"title":"[VIDEO ] \u2013 Ce samedi, 6 vaches vosgiennes ont parcouru les rues d'Epinal - Remiremont Info","robots":{"index":"index","follow":"follow","max-snippet":"max-snippet:-1","max-image-preview":"max-image-preview:large","max-video-preview":"max-video-preview:-1"},"canonical":"https:\/\/vosgesinfo.fr\/remiremontinfo\/2023\/04\/video-samedi-6-vaches-vosgiennes-ont-parcouru-rues-depinal\/","twitter_card":"summary_large_image","twitter_title":"[VIDEO ] \u2013 Ce samedi, 6 vaches vosgiennes ont parcouru les rues d'Epinal - Remiremont Info","twitter_description":"Petite surprise ce samedi matin pour les Spinaliens et les promeneurs. Un petit troupeau constitu\u00e9 de six vaches vosgiennes a [&hellip;]","twitter_image":"https:\/\/vosgesinfo.fr\/app\/uploads\/sites\/5\/2024\/09\/202304vahce-vosgienne-transhumance-epinal-24-800x600-1.jpg","twitter_creator":"@VosgesInfo88","twitter_site":"@VosgesInfo88","twitter_misc":{"\u00c9crit par":"C D"},"schema":{"@context":"https:\/\/schema.org","@graph":[{"@type":"Article","@id":"https:\/\/vosgesinfo.fr\/remiremontinfo\/2023\/04\/video-samedi-6-vaches-vosgiennes-ont-parcouru-rues-depinal\/#article","isPartOf":{"@id":"https:\/\/vosgesinfo.fr\/remiremontinfo\/2023\/04\/video-samedi-6-vaches-vosgiennes-ont-parcouru-rues-depinal\/"},"author":{"name":"C D","@id":"https:\/\/vosgesinfo.fr\/remiremontinfo\/#\/schema\/person\/3bfd164d5218a185b1db68655a265316"},"headline":"[VIDEO ] \u2013 Ce samedi, 6 vaches vosgiennes ont parcouru les rues d&rsquo;Epinal","datePublished":"2023-04-22T08:16:46+00:00","dateModified":"2023-04-22T08:16:46+00:00","mainEntityOfPage":{"@id":"https:\/\/vosgesinfo.fr\/remiremontinfo\/2023\/04\/video-samedi-6-vaches-vosgiennes-ont-parcouru-rues-depinal\/"},"wordCount":69,"commentCount":0,"publisher":{"@id":"https:\/\/vosgesinfo.fr\/remiremontinfo\/#organization"},"image":{"@id":"https:\/\/vosgesinfo.fr\/remiremontinfo\/2023\/04\/video-samedi-6-vaches-vosgiennes-ont-parcouru-rues-depinal\/#primaryimage"},"thumbnailUrl":"https:\/\/vosgesinfo.fr\/app\/uploads\/sites\/5\/2024\/09\/202304vahce-vosgienne-transhumance-epinal-24-800x600-1.jpg","keywords":["\u00e9pinal","vaches","Vosges"],"articleSection":["A la Une","Agriculture","Vosges"],"inLanguage":"fr-FR","potentialAction":[{"@type":"CommentAction","name":"Comment","target":["https:\/\/vosgesinfo.fr\/remiremontinfo\/2023\/04\/video-samedi-6-vaches-vosgiennes-ont-parcouru-rues-depinal\/#respond"]}]},{"@type":"WebPage","@id":"https:\/\/vosgesinfo.fr\/remiremontinfo\/2023\/04\/video-samedi-6-vaches-vosgiennes-ont-parcouru-rues-depinal\/","url":"https:\/\/vosgesinfo.fr\/remiremontinfo\/2023\/04\/video-samedi-6-vaches-vosgiennes-ont-parcouru-rues-depinal\/","name":"[VIDEO ] \u2013 Ce samedi, 6 vaches vosgiennes ont parcouru les rues d'Epinal - Remiremont Info","isPartOf":{"@id":"https:\/\/vosgesinfo.fr\/remiremontinfo\/#website"},"primaryImageOfPage":{"@id":"https:\/\/vosgesinfo.fr\/remiremontinfo\/2023\/04\/video-samedi-6-vaches-vosgiennes-ont-parcouru-rues-depinal\/#primaryimage"},"image":{"@id":"https:\/\/vosgesinfo.fr\/remiremontinfo\/2023\/04\/video-samedi-6-vaches-vosgiennes-ont-parcouru-rues-depinal\/#primaryimage"},"thumbnailUrl":"https:\/\/vosgesinfo.fr\/app\/uploads\/sites\/5\/2024\/09\/202304vahce-vosgienne-transhumance-epinal-24-800x600-1.jpg","datePublished":"2023-04-22T08:16:46+00:00","dateModified":"2023-04-22T08:16:46+00:00","breadcrumb":{"@id":"https:\/\/vosgesinfo.fr\/remiremontinfo\/2023\/04\/video-samedi-6-vaches-vosgiennes-ont-parcouru-rues-depinal\/#breadcrumb"},"inLanguage":"fr-FR","potentialAction":[{"@type":"ReadAction","target":["https:\/\/vosgesinfo.fr\/remiremontinfo\/2023\/04\/video-samedi-6-vaches-vosgiennes-ont-parcouru-rues-depinal\/"]}]},{"@type":"ImageObject","inLanguage":"fr-FR","@id":"https:\/\/vosgesinfo.fr\/remiremontinfo\/2023\/04\/video-samedi-6-vaches-vosgiennes-ont-parcouru-rues-depinal\/#primaryimage","url":"https:\/\/vosgesinfo.fr\/app\/uploads\/sites\/5\/2024\/09\/202304vahce-vosgienne-transhumance-epinal-24-800x600-1.jpg","contentUrl":"https:\/\/vosgesinfo.fr\/app\/uploads\/sites\/5\/2024\/09\/202304vahce-vosgienne-transhumance-epinal-24-800x600-1.jpg","width":800,"height":600},{"@type":"BreadcrumbList","@id":"https:\/\/vosgesinfo.fr\/remiremontinfo\/2023\/04\/video-samedi-6-vaches-vosgiennes-ont-parcouru-rues-depinal\/#breadcrumb","itemListElement":[{"@type":"ListItem","position":1,"name":"Home","item":"https:\/\/vosgesinfo.fr\/remiremontinfo\/"},{"@type":"ListItem","position":2,"name":"[VIDEO ] \u2013 Ce samedi, 6 vaches vosgiennes ont parcouru les rues d&rsquo;Epinal"}]},{"@type":"WebSite","@id":"https:\/\/vosgesinfo.fr\/remiremontinfo\/#website","url":"https:\/\/vosgesinfo.fr\/remiremontinfo\/","name":"Remiremont Info","description":"Toute l&#039;actualit\u00e9 de Remiremont","publisher":{"@id":"https:\/\/vosgesinfo.fr\/remiremontinfo\/#organization"},"alternateName":"Toute l'actualit\u00e9 de Remiremont","potentialAction":[{"@type":"SearchAction","target":{"@type":"EntryPoint","urlTemplate":"https:\/\/vosgesinfo.fr\/remiremontinfo\/?s={search_term_string}"},"query-input":"required name=search_term_string"}],"inLanguage":"fr-FR"},{"@type":"Organization","@id":"https:\/\/vosgesinfo.fr\/remiremontinfo\/#organization","name":"Remiremont Info","url":"https:\/\/vosgesinfo.fr\/remiremontinfo\/","logo":{"@type":"ImageObject","inLanguage":"fr-FR","@id":"https:\/\/vosgesinfo.fr\/remiremontinfo\/#\/schema\/logo\/image\/","url":"https:\/\/vosgesinfo.fr\/app\/uploads\/sites\/5\/2023\/08\/favicon-remiremontinfo.png","contentUrl":"https:\/\/vosgesinfo.fr\/app\/uploads\/sites\/5\/2023\/08\/favicon-remiremontinfo.png","width":512,"height":512,"caption":"Remiremont Info"},"image":{"@id":"https:\/\/vosgesinfo.fr\/remiremontinfo\/#\/schema\/logo\/image\/"},"sameAs":["https:\/\/www.facebook.com\/remiremontinfo","https:\/\/x.com\/VosgesInfo88","https:\/\/www.youtube.com\/@vosgesinfo"]},{"@type":"Person","@id":"https:\/\/vosgesinfo.fr\/remiremontinfo\/#\/schema\/person\/3bfd164d5218a185b1db68655a265316","name":"C D","image":{"@type":"ImageObject","inLanguage":"fr-FR","@id":"https:\/\/vosgesinfo.fr\/remiremontinfo\/#\/schema\/person\/image\/","url":"https:\/\/secure.gravatar.com\/avatar\/1f9a70007336511a47468b8f1c66f922b8b7cf617b02a31149ada43893a5d48f?s=96&d=mm&r=g","contentUrl":"https:\/\/secure.gravatar.com\/avatar\/1f9a70007336511a47468b8f1c66f922b8b7cf617b02a31149ada43893a5d48f?s=96&d=mm&r=g","caption":"C D"},"url":"https:\/\/vosgesinfo.fr\/remiremontinfo\/author\/cedric-drevet\/"}]}},"_links":{"self":[{"href":"https:\/\/vosgesinfo.fr\/remiremontinfo\/wp-json\/wp\/v2\/posts\/70621","targetHints":{"allow":["GET"]}}],"collection":[{"href":"https:\/\/vosgesinfo.fr\/remiremontinfo\/wp-json\/wp\/v2\/posts"}],"about":[{"href":"https:\/\/vosgesinfo.fr\/remiremontinfo\/wp-json\/wp\/v2\/types\/post"}],"author":[{"embeddable":true,"href":"https:\/\/vosgesinfo.fr\/remiremontinfo\/wp-json\/wp\/v2\/users\/407"}],"replies":[{"embeddable":true,"href":"https:\/\/vosgesinfo.fr\/remiremontinfo\/wp-json\/wp\/v2\/comments?post=70621"}],"version-history":[{"count":0,"href":"https:\/\/vosgesinfo.fr\/remiremontinfo\/wp-json\/wp\/v2\/posts\/70621\/revisions"}],"wp:featuredmedia":[{"embeddable":true,"href":"https:\/\/vosgesinfo.fr\/remiremontinfo\/wp-json\/wp\/v2\/media\/70622"}],"wp:attachment":[{"href":"https:\/\/vosgesinfo.fr\/remiremontinfo\/wp-json\/wp\/v2\/media?parent=70621"}],"wp:term":[{"taxonomy":"category","embeddable":true,"href":"https:\/\/vosgesinfo.fr\/remiremontinfo\/wp-json\/wp\/v2\/categories?post=70621"},{"taxonomy":"post_tag","embeddable":true,"href":"https:\/\/vosgesinfo.fr\/remiremontinfo\/wp-json\/wp\/v2\/tags?post=70621"}],"curies":[{"name":"wp","href":"https:\/\/api.w.org\/{rel}","templated":true}]}}