{"id":70633,"date":"2023-04-24T06:33:25","date_gmt":"2023-04-24T04:33:25","guid":{"rendered":"https:\/\/vosgesinfo.fr\/remiremontinfo\/2023\/04\/plombieres-cinema-organise-5eme-clap-agnes-jaoui-sam-karmann\/"},"modified":"2023-04-24T06:33:25","modified_gmt":"2023-04-24T04:33:25","slug":"plombieres-cinema-organise-5eme-clap-agnes-jaoui-sam-karmann","status":"publish","type":"post","link":"https:\/\/vosgesinfo.fr\/remiremontinfo\/2023\/04\/plombieres-cinema-organise-5eme-clap-agnes-jaoui-sam-karmann\/","title":{"rendered":"Plombi\u00e8res Cin\u00e9ma organise sa 5\u00e8me CLAP, avec Agn\u00e8s Jaoui et Sam Karmann"},"content":{"rendered":"<h2><a href=\"\/2023\/04\/010.jpg\"><img decoding=\"async\" class=\"alignnone size-large wp-image-368838\" src=\"\/2023\/04\/010-1024x724.jpg\" alt=\"0\" width=\"960\" height=\"679\" \/><\/a><\/h2>\n<h2><span style=\"font-size: 12pt;\"><strong>Pendant la r\u00e9novation de leur salle de cin\u00e9ma, les b\u00e9n\u00e9voles de l\u2019association Plombi\u00e8res Cin\u00e9ma poursuivent leur belle aventure avec leur public passionn\u00e9 de 7\u00e9me Art ! Apr\u00e8s avoir invit\u00e9 Bertrand Tavernier, Costa Gavras (venue annul\u00e9e cause COVID), Patrice Leconte et Coline Serreau,\u00a0ils recevront les 6 et 7 mai prochain Agn\u00e8s Jaoui et Sam Karmann, deux acteurs et r\u00e9alisateurs, accompagn\u00e9s par Catherine Whimphen, qui a collabor\u00e9 sur plusieurs films de Sam Karmann.\u00a0<\/strong><\/span><\/h2>\n<div><span style=\"font-size: large;\">Au programme : 6 s\u00e9ances dans 3 villes pour cette\u00a05\u00e8me Cin\u00e9-rencontre Lumineuse Autour de Plombi\u00e8res (CLAP). Les organisateurs tiennent<\/span><span style=\"font-size: large;\">\u00a0\u00e0 remercier chaleureusement ceux qui permettent la r\u00e9alisation de l&rsquo;\u00e9v\u00e9nement : la municipalit\u00e9 et le Cin\u00e9ma Moli\u00e8re de Luxeuil, le cin\u00e9ma Majestic de Remiremont et Chez Narcisse au Val d\u2019Ajol. \u00ab\u00a0Merci infiniment et vive le 7\u00e8me Art !\u00a0\u00bb. D\u00e9couvrez le programme complet sur\u00a0<\/span><span style=\"font-size: large;\"><a href=\"http:\/\/www.plombierescinema.fr\/\" target=\"_blank\" data-saferedirecturl=\"https:\/\/www.google.com\/url?q=http:\/\/www.plombierescinema.fr&amp;source=gmail&amp;ust=1682402460687000&amp;usg=AOvVaw2agvi5w73_B18lz9lmXAjm\" rel=\"noopener\">www.plombierescinema.fr<\/a>, sur Facebook et sur Instagram.<\/span><\/div>\n<div><\/div>\n<div>\n<div><span style=\"font-size: large;\"><b>Samedi 6 mai\u00a0<\/b><\/span><\/div>\n<div><\/div>\n<div>\n<div><b><span style=\"font-size: large;\">14H30 :<\/span>\u00a0Cin\u00e9ma Moli\u00e8re Luxeuil\u00a0 :<\/b><span style=\"font-size: large;\"><b>\u00a0LA VERITE OU PRESQUE<\/b>\u00a01h40<\/span><\/div>\n<div><span style=\"font-size: large;\">Echange en pr\u00e9sence de Agn\u00e8s JAOUI et Sam KARMANN<\/span><\/div>\n<div><span style=\"font-size: large;\"><b>17H00\u00a0: Cin\u00e9ma Moli\u00e8re Luxeuil\u00a0 : PLACE PUBLIQUE<\/b>\u00a01H39.<\/span><\/div>\n<div>Echange en pr\u00e9sence de Agn\u00e8s JAOUI et Sam KARMANN<span style=\"font-size: large;\"><br \/>\n<\/span><\/div>\n<div><span style=\"font-size: large;\">\u00a0<\/span><\/div>\n<div><span style=\"font-size: large;\"><b>20h30\u00a0:\u00a0AVANT-PREMIERE Cin\u00e9ma MAJESTIC Remiremont : LE COURS DE LA VIE<\/b>\u00a01H29 pr\u00e9sentation avant et\u00a0\u00a0Echange avec public apr\u00e8s le film avec nos invit\u00e9s. Verre de l&rsquo;amiti\u00e9 offert apr\u00e8s le film.\u00a0<\/span><\/div>\n<div><span style=\"font-size: large;\">\u00a0<\/span><\/div>\n<div><span style=\"font-size: large;\"><b>Dimanche 7 mai\u00a0<\/b><\/span><\/div>\n<div><\/div>\n<div><span style=\"font-size: large;\"><b>14h : Cin\u00e9ma Moli\u00e8re\u00a0Luxeuil :\u00a0KENNEDY ET MOI\u00a0<\/b>\u00a0:\u00a0Pr\u00e9sentation et \u00e9change apr\u00e8s le film par Sam Karmann. CAFE BRIOCHE offert .<\/span><\/div>\n<div><span style=\"font-size: large;\">\u00a0<\/span><\/div>\n<div><span style=\"font-size: large;\"><b>16h : CHEZ NARCISSE AU VAL D&rsquo;AJOL:\u00a0LE GOUT DES AUTRES<\/b>\u00a0(1h52 ), \u00e9change et c\u00e9r\u00e9monie CLAP apr\u00e8s le film, et ap\u00e9ritif offert.<\/span><\/div>\n<div>\n<div dir=\"auto\"><span style=\"font-size: large;\"><b>20H : CHEZ NARCISSE : LA CITE DE LA PEUR<\/b>,\u00a0<\/span>pr\u00e9sentation par Sam Karmann (Emile le tueur)<\/div>\n<\/div>\n<\/div>\n<\/div>\n<div dir=\"auto\"><\/div>\n<div dir=\"auto\"><span style=\"font-size: 10pt;\"><em>Source : Plombi\u00e8res Cin\u00e9ma\u00a0<\/em><\/span><\/div>\n<div><\/div>\n<div dir=\"auto\"><\/div>\n","protected":false},"excerpt":{"rendered":"<p>Pendant la r\u00e9novation de leur salle de cin\u00e9ma, les b\u00e9n\u00e9voles de l\u2019association Plombi\u00e8res Cin\u00e9ma poursuivent leur belle aventure avec leur [&hellip;]<\/p>\n","protected":false},"author":407,"featured_media":70634,"comment_status":"open","ping_status":"open","sticky":false,"template":"","format":"standard","meta":{"footnotes":""},"categories":[26,4,82,102],"tags":[76,3372,103],"class_list":["post-70633","post","type-post","status-publish","format-standard","has-post-thumbnail","hentry","category-a-la-une","category-culture","category-le-val-dajol-son-canton","category-plombieres-les-bains","tag-cinema","tag-clap","tag-plombieres"],"acf":[],"yoast_head":"<!-- This site is optimized with the Yoast SEO plugin v22.5 - https:\/\/yoast.com\/wordpress\/plugins\/seo\/ -->\n<title>Plombi\u00e8res Cin\u00e9ma organise sa 5\u00e8me CLAP, avec Agn\u00e8s Jaoui et Sam Karmann - Remiremont Info<\/title>\n<meta name=\"robots\" content=\"index, follow, max-snippet:-1, max-image-preview:large, max-video-preview:-1\" \/>\n<link rel=\"canonical\" href=\"https:\/\/vosgesinfo.fr\/remiremontinfo\/2023\/04\/plombieres-cinema-organise-5eme-clap-agnes-jaoui-sam-karmann\/\" \/>\n<meta name=\"twitter:card\" content=\"summary_large_image\" \/>\n<meta name=\"twitter:title\" content=\"Plombi\u00e8res Cin\u00e9ma organise sa 5\u00e8me CLAP, avec Agn\u00e8s Jaoui et Sam Karmann - Remiremont Info\" \/>\n<meta name=\"twitter:description\" content=\"Pendant la r\u00e9novation de leur salle de cin\u00e9ma, les b\u00e9n\u00e9voles de l\u2019association Plombi\u00e8res Cin\u00e9ma poursuivent leur belle aventure avec leur [&hellip;]\" \/>\n<meta name=\"twitter:image\" content=\"https:\/\/vosgesinfo.fr\/app\/uploads\/sites\/5\/2024\/09\/202304cine.jpg\" \/>\n<meta name=\"twitter:creator\" content=\"@VosgesInfo88\" \/>\n<meta name=\"twitter:site\" content=\"@VosgesInfo88\" \/>\n<meta name=\"twitter:label1\" content=\"\u00c9crit par\" \/>\n\t<meta name=\"twitter:data1\" content=\"C D\" \/>\n\t<meta name=\"twitter:label2\" content=\"Dur\u00e9e de lecture estim\u00e9e\" \/>\n\t<meta name=\"twitter:data2\" content=\"2 minutes\" \/>\n<script type=\"application\/ld+json\" class=\"yoast-schema-graph\">{\"@context\":\"https:\/\/schema.org\",\"@graph\":[{\"@type\":\"Article\",\"@id\":\"https:\/\/vosgesinfo.fr\/remiremontinfo\/2023\/04\/plombieres-cinema-organise-5eme-clap-agnes-jaoui-sam-karmann\/#article\",\"isPartOf\":{\"@id\":\"https:\/\/vosgesinfo.fr\/remiremontinfo\/2023\/04\/plombieres-cinema-organise-5eme-clap-agnes-jaoui-sam-karmann\/\"},\"author\":{\"name\":\"C D\",\"@id\":\"https:\/\/vosgesinfo.fr\/remiremontinfo\/#\/schema\/person\/3bfd164d5218a185b1db68655a265316\"},\"headline\":\"Plombi\u00e8res Cin\u00e9ma organise sa 5\u00e8me CLAP, avec Agn\u00e8s Jaoui et Sam Karmann\",\"datePublished\":\"2023-04-24T04:33:25+00:00\",\"dateModified\":\"2023-04-24T04:33:25+00:00\",\"mainEntityOfPage\":{\"@id\":\"https:\/\/vosgesinfo.fr\/remiremontinfo\/2023\/04\/plombieres-cinema-organise-5eme-clap-agnes-jaoui-sam-karmann\/\"},\"wordCount\":324,\"commentCount\":0,\"publisher\":{\"@id\":\"https:\/\/vosgesinfo.fr\/remiremontinfo\/#organization\"},\"image\":{\"@id\":\"https:\/\/vosgesinfo.fr\/remiremontinfo\/2023\/04\/plombieres-cinema-organise-5eme-clap-agnes-jaoui-sam-karmann\/#primaryimage\"},\"thumbnailUrl\":\"https:\/\/vosgesinfo.fr\/app\/uploads\/sites\/5\/2024\/09\/202304cine.jpg\",\"keywords\":[\"cinema\",\"clap\",\"plombieres\"],\"articleSection\":[\"A la Une\",\"Culture\",\"Le Val-d'Ajol &amp; son canton\",\"Plombi\u00e8res-l\u00e8s-Bains\"],\"inLanguage\":\"fr-FR\",\"potentialAction\":[{\"@type\":\"CommentAction\",\"name\":\"Comment\",\"target\":[\"https:\/\/vosgesinfo.fr\/remiremontinfo\/2023\/04\/plombieres-cinema-organise-5eme-clap-agnes-jaoui-sam-karmann\/#respond\"]}]},{\"@type\":\"WebPage\",\"@id\":\"https:\/\/vosgesinfo.fr\/remiremontinfo\/2023\/04\/plombieres-cinema-organise-5eme-clap-agnes-jaoui-sam-karmann\/\",\"url\":\"https:\/\/vosgesinfo.fr\/remiremontinfo\/2023\/04\/plombieres-cinema-organise-5eme-clap-agnes-jaoui-sam-karmann\/\",\"name\":\"Plombi\u00e8res Cin\u00e9ma organise sa 5\u00e8me CLAP, avec Agn\u00e8s Jaoui et Sam Karmann - Remiremont Info\",\"isPartOf\":{\"@id\":\"https:\/\/vosgesinfo.fr\/remiremontinfo\/#website\"},\"primaryImageOfPage\":{\"@id\":\"https:\/\/vosgesinfo.fr\/remiremontinfo\/2023\/04\/plombieres-cinema-organise-5eme-clap-agnes-jaoui-sam-karmann\/#primaryimage\"},\"image\":{\"@id\":\"https:\/\/vosgesinfo.fr\/remiremontinfo\/2023\/04\/plombieres-cinema-organise-5eme-clap-agnes-jaoui-sam-karmann\/#primaryimage\"},\"thumbnailUrl\":\"https:\/\/vosgesinfo.fr\/app\/uploads\/sites\/5\/2024\/09\/202304cine.jpg\",\"datePublished\":\"2023-04-24T04:33:25+00:00\",\"dateModified\":\"2023-04-24T04:33:25+00:00\",\"breadcrumb\":{\"@id\":\"https:\/\/vosgesinfo.fr\/remiremontinfo\/2023\/04\/plombieres-cinema-organise-5eme-clap-agnes-jaoui-sam-karmann\/#breadcrumb\"},\"inLanguage\":\"fr-FR\",\"potentialAction\":[{\"@type\":\"ReadAction\",\"target\":[\"https:\/\/vosgesinfo.fr\/remiremontinfo\/2023\/04\/plombieres-cinema-organise-5eme-clap-agnes-jaoui-sam-karmann\/\"]}]},{\"@type\":\"ImageObject\",\"inLanguage\":\"fr-FR\",\"@id\":\"https:\/\/vosgesinfo.fr\/remiremontinfo\/2023\/04\/plombieres-cinema-organise-5eme-clap-agnes-jaoui-sam-karmann\/#primaryimage\",\"url\":\"https:\/\/vosgesinfo.fr\/app\/uploads\/sites\/5\/2024\/09\/202304cine.jpg\",\"contentUrl\":\"https:\/\/vosgesinfo.fr\/app\/uploads\/sites\/5\/2024\/09\/202304cine.jpg\",\"width\":1127,\"height\":737},{\"@type\":\"BreadcrumbList\",\"@id\":\"https:\/\/vosgesinfo.fr\/remiremontinfo\/2023\/04\/plombieres-cinema-organise-5eme-clap-agnes-jaoui-sam-karmann\/#breadcrumb\",\"itemListElement\":[{\"@type\":\"ListItem\",\"position\":1,\"name\":\"Home\",\"item\":\"https:\/\/vosgesinfo.fr\/remiremontinfo\/\"},{\"@type\":\"ListItem\",\"position\":2,\"name\":\"Plombi\u00e8res Cin\u00e9ma organise sa 5\u00e8me CLAP, avec Agn\u00e8s Jaoui et Sam Karmann\"}]},{\"@type\":\"WebSite\",\"@id\":\"https:\/\/vosgesinfo.fr\/remiremontinfo\/#website\",\"url\":\"https:\/\/vosgesinfo.fr\/remiremontinfo\/\",\"name\":\"Remiremont Info\",\"description\":\"Toute l&#039;actualit\u00e9 de Remiremont\",\"publisher\":{\"@id\":\"https:\/\/vosgesinfo.fr\/remiremontinfo\/#organization\"},\"alternateName\":\"Toute l'actualit\u00e9 de Remiremont\",\"potentialAction\":[{\"@type\":\"SearchAction\",\"target\":{\"@type\":\"EntryPoint\",\"urlTemplate\":\"https:\/\/vosgesinfo.fr\/remiremontinfo\/?s={search_term_string}\"},\"query-input\":\"required name=search_term_string\"}],\"inLanguage\":\"fr-FR\"},{\"@type\":\"Organization\",\"@id\":\"https:\/\/vosgesinfo.fr\/remiremontinfo\/#organization\",\"name\":\"Remiremont Info\",\"url\":\"https:\/\/vosgesinfo.fr\/remiremontinfo\/\",\"logo\":{\"@type\":\"ImageObject\",\"inLanguage\":\"fr-FR\",\"@id\":\"https:\/\/vosgesinfo.fr\/remiremontinfo\/#\/schema\/logo\/image\/\",\"url\":\"https:\/\/vosgesinfo.fr\/app\/uploads\/sites\/5\/2023\/08\/favicon-remiremontinfo.png\",\"contentUrl\":\"https:\/\/vosgesinfo.fr\/app\/uploads\/sites\/5\/2023\/08\/favicon-remiremontinfo.png\",\"width\":512,\"height\":512,\"caption\":\"Remiremont Info\"},\"image\":{\"@id\":\"https:\/\/vosgesinfo.fr\/remiremontinfo\/#\/schema\/logo\/image\/\"},\"sameAs\":[\"https:\/\/www.facebook.com\/remiremontinfo\",\"https:\/\/x.com\/VosgesInfo88\",\"https:\/\/www.youtube.com\/@vosgesinfo\"]},{\"@type\":\"Person\",\"@id\":\"https:\/\/vosgesinfo.fr\/remiremontinfo\/#\/schema\/person\/3bfd164d5218a185b1db68655a265316\",\"name\":\"C D\",\"image\":{\"@type\":\"ImageObject\",\"inLanguage\":\"fr-FR\",\"@id\":\"https:\/\/vosgesinfo.fr\/remiremontinfo\/#\/schema\/person\/image\/\",\"url\":\"https:\/\/secure.gravatar.com\/avatar\/1f9a70007336511a47468b8f1c66f922b8b7cf617b02a31149ada43893a5d48f?s=96&d=mm&r=g\",\"contentUrl\":\"https:\/\/secure.gravatar.com\/avatar\/1f9a70007336511a47468b8f1c66f922b8b7cf617b02a31149ada43893a5d48f?s=96&d=mm&r=g\",\"caption\":\"C D\"},\"url\":\"https:\/\/vosgesinfo.fr\/remiremontinfo\/author\/cedric-drevet\/\"}]}<\/script>\n<!-- \/ Yoast SEO plugin. -->","yoast_head_json":{"title":"Plombi\u00e8res Cin\u00e9ma organise sa 5\u00e8me CLAP, avec Agn\u00e8s Jaoui et Sam Karmann - Remiremont Info","robots":{"index":"index","follow":"follow","max-snippet":"max-snippet:-1","max-image-preview":"max-image-preview:large","max-video-preview":"max-video-preview:-1"},"canonical":"https:\/\/vosgesinfo.fr\/remiremontinfo\/2023\/04\/plombieres-cinema-organise-5eme-clap-agnes-jaoui-sam-karmann\/","twitter_card":"summary_large_image","twitter_title":"Plombi\u00e8res Cin\u00e9ma organise sa 5\u00e8me CLAP, avec Agn\u00e8s Jaoui et Sam Karmann - Remiremont Info","twitter_description":"Pendant la r\u00e9novation de leur salle de cin\u00e9ma, les b\u00e9n\u00e9voles de l\u2019association Plombi\u00e8res Cin\u00e9ma poursuivent leur belle aventure avec leur [&hellip;]","twitter_image":"https:\/\/vosgesinfo.fr\/app\/uploads\/sites\/5\/2024\/09\/202304cine.jpg","twitter_creator":"@VosgesInfo88","twitter_site":"@VosgesInfo88","twitter_misc":{"\u00c9crit par":"C D","Dur\u00e9e de lecture estim\u00e9e":"2 minutes"},"schema":{"@context":"https:\/\/schema.org","@graph":[{"@type":"Article","@id":"https:\/\/vosgesinfo.fr\/remiremontinfo\/2023\/04\/plombieres-cinema-organise-5eme-clap-agnes-jaoui-sam-karmann\/#article","isPartOf":{"@id":"https:\/\/vosgesinfo.fr\/remiremontinfo\/2023\/04\/plombieres-cinema-organise-5eme-clap-agnes-jaoui-sam-karmann\/"},"author":{"name":"C D","@id":"https:\/\/vosgesinfo.fr\/remiremontinfo\/#\/schema\/person\/3bfd164d5218a185b1db68655a265316"},"headline":"Plombi\u00e8res Cin\u00e9ma organise sa 5\u00e8me CLAP, avec Agn\u00e8s Jaoui et Sam Karmann","datePublished":"2023-04-24T04:33:25+00:00","dateModified":"2023-04-24T04:33:25+00:00","mainEntityOfPage":{"@id":"https:\/\/vosgesinfo.fr\/remiremontinfo\/2023\/04\/plombieres-cinema-organise-5eme-clap-agnes-jaoui-sam-karmann\/"},"wordCount":324,"commentCount":0,"publisher":{"@id":"https:\/\/vosgesinfo.fr\/remiremontinfo\/#organization"},"image":{"@id":"https:\/\/vosgesinfo.fr\/remiremontinfo\/2023\/04\/plombieres-cinema-organise-5eme-clap-agnes-jaoui-sam-karmann\/#primaryimage"},"thumbnailUrl":"https:\/\/vosgesinfo.fr\/app\/uploads\/sites\/5\/2024\/09\/202304cine.jpg","keywords":["cinema","clap","plombieres"],"articleSection":["A la Une","Culture","Le Val-d'Ajol &amp; son canton","Plombi\u00e8res-l\u00e8s-Bains"],"inLanguage":"fr-FR","potentialAction":[{"@type":"CommentAction","name":"Comment","target":["https:\/\/vosgesinfo.fr\/remiremontinfo\/2023\/04\/plombieres-cinema-organise-5eme-clap-agnes-jaoui-sam-karmann\/#respond"]}]},{"@type":"WebPage","@id":"https:\/\/vosgesinfo.fr\/remiremontinfo\/2023\/04\/plombieres-cinema-organise-5eme-clap-agnes-jaoui-sam-karmann\/","url":"https:\/\/vosgesinfo.fr\/remiremontinfo\/2023\/04\/plombieres-cinema-organise-5eme-clap-agnes-jaoui-sam-karmann\/","name":"Plombi\u00e8res Cin\u00e9ma organise sa 5\u00e8me CLAP, avec Agn\u00e8s Jaoui et Sam Karmann - Remiremont Info","isPartOf":{"@id":"https:\/\/vosgesinfo.fr\/remiremontinfo\/#website"},"primaryImageOfPage":{"@id":"https:\/\/vosgesinfo.fr\/remiremontinfo\/2023\/04\/plombieres-cinema-organise-5eme-clap-agnes-jaoui-sam-karmann\/#primaryimage"},"image":{"@id":"https:\/\/vosgesinfo.fr\/remiremontinfo\/2023\/04\/plombieres-cinema-organise-5eme-clap-agnes-jaoui-sam-karmann\/#primaryimage"},"thumbnailUrl":"https:\/\/vosgesinfo.fr\/app\/uploads\/sites\/5\/2024\/09\/202304cine.jpg","datePublished":"2023-04-24T04:33:25+00:00","dateModified":"2023-04-24T04:33:25+00:00","breadcrumb":{"@id":"https:\/\/vosgesinfo.fr\/remiremontinfo\/2023\/04\/plombieres-cinema-organise-5eme-clap-agnes-jaoui-sam-karmann\/#breadcrumb"},"inLanguage":"fr-FR","potentialAction":[{"@type":"ReadAction","target":["https:\/\/vosgesinfo.fr\/remiremontinfo\/2023\/04\/plombieres-cinema-organise-5eme-clap-agnes-jaoui-sam-karmann\/"]}]},{"@type":"ImageObject","inLanguage":"fr-FR","@id":"https:\/\/vosgesinfo.fr\/remiremontinfo\/2023\/04\/plombieres-cinema-organise-5eme-clap-agnes-jaoui-sam-karmann\/#primaryimage","url":"https:\/\/vosgesinfo.fr\/app\/uploads\/sites\/5\/2024\/09\/202304cine.jpg","contentUrl":"https:\/\/vosgesinfo.fr\/app\/uploads\/sites\/5\/2024\/09\/202304cine.jpg","width":1127,"height":737},{"@type":"BreadcrumbList","@id":"https:\/\/vosgesinfo.fr\/remiremontinfo\/2023\/04\/plombieres-cinema-organise-5eme-clap-agnes-jaoui-sam-karmann\/#breadcrumb","itemListElement":[{"@type":"ListItem","position":1,"name":"Home","item":"https:\/\/vosgesinfo.fr\/remiremontinfo\/"},{"@type":"ListItem","position":2,"name":"Plombi\u00e8res Cin\u00e9ma organise sa 5\u00e8me CLAP, avec Agn\u00e8s Jaoui et Sam Karmann"}]},{"@type":"WebSite","@id":"https:\/\/vosgesinfo.fr\/remiremontinfo\/#website","url":"https:\/\/vosgesinfo.fr\/remiremontinfo\/","name":"Remiremont Info","description":"Toute l&#039;actualit\u00e9 de Remiremont","publisher":{"@id":"https:\/\/vosgesinfo.fr\/remiremontinfo\/#organization"},"alternateName":"Toute l'actualit\u00e9 de Remiremont","potentialAction":[{"@type":"SearchAction","target":{"@type":"EntryPoint","urlTemplate":"https:\/\/vosgesinfo.fr\/remiremontinfo\/?s={search_term_string}"},"query-input":"required name=search_term_string"}],"inLanguage":"fr-FR"},{"@type":"Organization","@id":"https:\/\/vosgesinfo.fr\/remiremontinfo\/#organization","name":"Remiremont Info","url":"https:\/\/vosgesinfo.fr\/remiremontinfo\/","logo":{"@type":"ImageObject","inLanguage":"fr-FR","@id":"https:\/\/vosgesinfo.fr\/remiremontinfo\/#\/schema\/logo\/image\/","url":"https:\/\/vosgesinfo.fr\/app\/uploads\/sites\/5\/2023\/08\/favicon-remiremontinfo.png","contentUrl":"https:\/\/vosgesinfo.fr\/app\/uploads\/sites\/5\/2023\/08\/favicon-remiremontinfo.png","width":512,"height":512,"caption":"Remiremont Info"},"image":{"@id":"https:\/\/vosgesinfo.fr\/remiremontinfo\/#\/schema\/logo\/image\/"},"sameAs":["https:\/\/www.facebook.com\/remiremontinfo","https:\/\/x.com\/VosgesInfo88","https:\/\/www.youtube.com\/@vosgesinfo"]},{"@type":"Person","@id":"https:\/\/vosgesinfo.fr\/remiremontinfo\/#\/schema\/person\/3bfd164d5218a185b1db68655a265316","name":"C D","image":{"@type":"ImageObject","inLanguage":"fr-FR","@id":"https:\/\/vosgesinfo.fr\/remiremontinfo\/#\/schema\/person\/image\/","url":"https:\/\/secure.gravatar.com\/avatar\/1f9a70007336511a47468b8f1c66f922b8b7cf617b02a31149ada43893a5d48f?s=96&d=mm&r=g","contentUrl":"https:\/\/secure.gravatar.com\/avatar\/1f9a70007336511a47468b8f1c66f922b8b7cf617b02a31149ada43893a5d48f?s=96&d=mm&r=g","caption":"C D"},"url":"https:\/\/vosgesinfo.fr\/remiremontinfo\/author\/cedric-drevet\/"}]}},"_links":{"self":[{"href":"https:\/\/vosgesinfo.fr\/remiremontinfo\/wp-json\/wp\/v2\/posts\/70633","targetHints":{"allow":["GET"]}}],"collection":[{"href":"https:\/\/vosgesinfo.fr\/remiremontinfo\/wp-json\/wp\/v2\/posts"}],"about":[{"href":"https:\/\/vosgesinfo.fr\/remiremontinfo\/wp-json\/wp\/v2\/types\/post"}],"author":[{"embeddable":true,"href":"https:\/\/vosgesinfo.fr\/remiremontinfo\/wp-json\/wp\/v2\/users\/407"}],"replies":[{"embeddable":true,"href":"https:\/\/vosgesinfo.fr\/remiremontinfo\/wp-json\/wp\/v2\/comments?post=70633"}],"version-history":[{"count":0,"href":"https:\/\/vosgesinfo.fr\/remiremontinfo\/wp-json\/wp\/v2\/posts\/70633\/revisions"}],"wp:featuredmedia":[{"embeddable":true,"href":"https:\/\/vosgesinfo.fr\/remiremontinfo\/wp-json\/wp\/v2\/media\/70634"}],"wp:attachment":[{"href":"https:\/\/vosgesinfo.fr\/remiremontinfo\/wp-json\/wp\/v2\/media?parent=70633"}],"wp:term":[{"taxonomy":"category","embeddable":true,"href":"https:\/\/vosgesinfo.fr\/remiremontinfo\/wp-json\/wp\/v2\/categories?post=70633"},{"taxonomy":"post_tag","embeddable":true,"href":"https:\/\/vosgesinfo.fr\/remiremontinfo\/wp-json\/wp\/v2\/tags?post=70633"}],"curies":[{"name":"wp","href":"https:\/\/api.w.org\/{rel}","templated":true}]}}