{"id":70636,"date":"2023-04-24T06:43:57","date_gmt":"2023-04-24T04:43:57","guid":{"rendered":"https:\/\/vosgesinfo.fr\/remiremontinfo\/2023\/04\/girmont-lexposition-photo-cervides-daurelien-villemin-a-ete-inauguree\/"},"modified":"2023-04-24T06:43:57","modified_gmt":"2023-04-24T04:43:57","slug":"girmont-lexposition-photo-cervides-daurelien-villemin-a-ete-inauguree","status":"publish","type":"post","link":"https:\/\/vosgesinfo.fr\/remiremontinfo\/2023\/04\/girmont-lexposition-photo-cervides-daurelien-villemin-a-ete-inauguree\/","title":{"rendered":"Girmont : l&rsquo;exposition photo sur les cervid\u00e9s d&rsquo;Aur\u00e9lien Villemin a \u00e9t\u00e9 inaugur\u00e9e"},"content":{"rendered":"<p>&nbsp;<\/p>\n\n<h2><strong><span style=\"font-size: 12pt;\">Pour la deuxi\u00e8me ann\u00e9e cons\u00e9cutive l\u2019association la Vigotte Lab organise en collaboration avec Aur\u00e9lien Villemin Photographe une exposition photo en plein air autour des \u00e9tangs de la Vigotte. Apr\u00e8s une th\u00e9matique g\u00e9n\u00e9raliste sur la faune sauvage en 2022, l\u2019exposition est consacr\u00e9e cette ann\u00e9e aux cervid\u00e9s qui peuplent les for\u00eats de nos r\u00e9gions.<\/span><\/strong><\/h2>\n<p>Le vernissage de l\u2019exposition a rassembl\u00e9 plus de 35 personnes, parmi lesquelles le maire du Girmont et le conseill\u00e9e d\u00e9partemental Thomas Vincent.\u00a0\u00ab Au travers de cette exposition je souhaite valoriser la beaut\u00e9 de la faune qui peuple nos r\u00e9gions et sensibiliser \u00e0 sa pr\u00e9servation \u00bb, affirme Aur\u00e9lien Villemin, jeune photographe vosgien de 24 ans originaire de Pouxeux. Passionn\u00e9 par la nature ce n\u2019est que fin 2019 qu\u2019il s\u2019est lanc\u00e9 dans la photo animali\u00e8re. 2023 marque la professionnalisation de son activit\u00e9 notamment le lancement de stage photo et d\u2019observation animali\u00e8re. D\u00e9part de l\u2019exposition depuis le parking de l\u2019h\u00f4tel restaurant la Vigotte (fl\u00e9chage sur place) 131 La Vigotte, 88 340 au Girmont Val d\u2019Ajol.<\/p>\n","protected":false},"excerpt":{"rendered":"<p>&nbsp; Pour la deuxi\u00e8me ann\u00e9e cons\u00e9cutive l\u2019association la Vigotte Lab organise en collaboration avec Aur\u00e9lien Villemin Photographe une exposition photo [&hellip;]<\/p>\n","protected":false},"author":407,"featured_media":70637,"comment_status":"open","ping_status":"open","sticky":false,"template":"","format":"standard","meta":{"footnotes":""},"categories":[26,4,82],"tags":[2756,132,32],"class_list":["post-70636","post","type-post","status-publish","format-standard","has-post-thumbnail","hentry","category-a-la-une","category-culture","category-le-val-dajol-son-canton","tag-expo","tag-girmont","tag-vosges"],"acf":[],"yoast_head":"<!-- This site is optimized with the Yoast SEO plugin v22.5 - https:\/\/yoast.com\/wordpress\/plugins\/seo\/ -->\n<title>Girmont : l&#039;exposition photo sur les cervid\u00e9s d&#039;Aur\u00e9lien Villemin a \u00e9t\u00e9 inaugur\u00e9e - Remiremont Info<\/title>\n<meta name=\"robots\" content=\"index, follow, max-snippet:-1, max-image-preview:large, max-video-preview:-1\" \/>\n<link rel=\"canonical\" href=\"https:\/\/vosgesinfo.fr\/remiremontinfo\/2023\/04\/girmont-lexposition-photo-cervides-daurelien-villemin-a-ete-inauguree\/\" \/>\n<meta name=\"twitter:card\" content=\"summary_large_image\" \/>\n<meta name=\"twitter:title\" content=\"Girmont : l&#039;exposition photo sur les cervid\u00e9s d&#039;Aur\u00e9lien Villemin a \u00e9t\u00e9 inaugur\u00e9e - Remiremont Info\" \/>\n<meta name=\"twitter:description\" content=\"&nbsp; Pour la deuxi\u00e8me ann\u00e9e cons\u00e9cutive l\u2019association la Vigotte Lab organise en collaboration avec Aur\u00e9lien Villemin Photographe une exposition photo [&hellip;]\" \/>\n<meta name=\"twitter:image\" content=\"https:\/\/vosgesinfo.fr\/app\/uploads\/sites\/5\/2024\/09\/202304expo-21.jpg\" \/>\n<meta name=\"twitter:creator\" content=\"@VosgesInfo88\" \/>\n<meta name=\"twitter:site\" content=\"@VosgesInfo88\" \/>\n<meta name=\"twitter:label1\" content=\"\u00c9crit par\" \/>\n\t<meta name=\"twitter:data1\" content=\"C D\" \/>\n\t<meta name=\"twitter:label2\" content=\"Dur\u00e9e de lecture estim\u00e9e\" \/>\n\t<meta name=\"twitter:data2\" content=\"1 minute\" \/>\n<script type=\"application\/ld+json\" class=\"yoast-schema-graph\">{\"@context\":\"https:\/\/schema.org\",\"@graph\":[{\"@type\":\"Article\",\"@id\":\"https:\/\/vosgesinfo.fr\/remiremontinfo\/2023\/04\/girmont-lexposition-photo-cervides-daurelien-villemin-a-ete-inauguree\/#article\",\"isPartOf\":{\"@id\":\"https:\/\/vosgesinfo.fr\/remiremontinfo\/2023\/04\/girmont-lexposition-photo-cervides-daurelien-villemin-a-ete-inauguree\/\"},\"author\":{\"name\":\"C D\",\"@id\":\"https:\/\/vosgesinfo.fr\/remiremontinfo\/#\/schema\/person\/3bfd164d5218a185b1db68655a265316\"},\"headline\":\"Girmont : l&rsquo;exposition photo sur les cervid\u00e9s d&rsquo;Aur\u00e9lien Villemin a \u00e9t\u00e9 inaugur\u00e9e\",\"datePublished\":\"2023-04-24T04:43:57+00:00\",\"dateModified\":\"2023-04-24T04:43:57+00:00\",\"mainEntityOfPage\":{\"@id\":\"https:\/\/vosgesinfo.fr\/remiremontinfo\/2023\/04\/girmont-lexposition-photo-cervides-daurelien-villemin-a-ete-inauguree\/\"},\"wordCount\":212,\"commentCount\":0,\"publisher\":{\"@id\":\"https:\/\/vosgesinfo.fr\/remiremontinfo\/#organization\"},\"image\":{\"@id\":\"https:\/\/vosgesinfo.fr\/remiremontinfo\/2023\/04\/girmont-lexposition-photo-cervides-daurelien-villemin-a-ete-inauguree\/#primaryimage\"},\"thumbnailUrl\":\"https:\/\/vosgesinfo.fr\/app\/uploads\/sites\/5\/2024\/09\/202304expo-21.jpg\",\"keywords\":[\"Expo\",\"Girmont\",\"Vosges\"],\"articleSection\":[\"A la Une\",\"Culture\",\"Le Val-d'Ajol &amp; son canton\"],\"inLanguage\":\"fr-FR\",\"potentialAction\":[{\"@type\":\"CommentAction\",\"name\":\"Comment\",\"target\":[\"https:\/\/vosgesinfo.fr\/remiremontinfo\/2023\/04\/girmont-lexposition-photo-cervides-daurelien-villemin-a-ete-inauguree\/#respond\"]}]},{\"@type\":\"WebPage\",\"@id\":\"https:\/\/vosgesinfo.fr\/remiremontinfo\/2023\/04\/girmont-lexposition-photo-cervides-daurelien-villemin-a-ete-inauguree\/\",\"url\":\"https:\/\/vosgesinfo.fr\/remiremontinfo\/2023\/04\/girmont-lexposition-photo-cervides-daurelien-villemin-a-ete-inauguree\/\",\"name\":\"Girmont : l'exposition photo sur les cervid\u00e9s d'Aur\u00e9lien Villemin a \u00e9t\u00e9 inaugur\u00e9e - Remiremont Info\",\"isPartOf\":{\"@id\":\"https:\/\/vosgesinfo.fr\/remiremontinfo\/#website\"},\"primaryImageOfPage\":{\"@id\":\"https:\/\/vosgesinfo.fr\/remiremontinfo\/2023\/04\/girmont-lexposition-photo-cervides-daurelien-villemin-a-ete-inauguree\/#primaryimage\"},\"image\":{\"@id\":\"https:\/\/vosgesinfo.fr\/remiremontinfo\/2023\/04\/girmont-lexposition-photo-cervides-daurelien-villemin-a-ete-inauguree\/#primaryimage\"},\"thumbnailUrl\":\"https:\/\/vosgesinfo.fr\/app\/uploads\/sites\/5\/2024\/09\/202304expo-21.jpg\",\"datePublished\":\"2023-04-24T04:43:57+00:00\",\"dateModified\":\"2023-04-24T04:43:57+00:00\",\"breadcrumb\":{\"@id\":\"https:\/\/vosgesinfo.fr\/remiremontinfo\/2023\/04\/girmont-lexposition-photo-cervides-daurelien-villemin-a-ete-inauguree\/#breadcrumb\"},\"inLanguage\":\"fr-FR\",\"potentialAction\":[{\"@type\":\"ReadAction\",\"target\":[\"https:\/\/vosgesinfo.fr\/remiremontinfo\/2023\/04\/girmont-lexposition-photo-cervides-daurelien-villemin-a-ete-inauguree\/\"]}]},{\"@type\":\"ImageObject\",\"inLanguage\":\"fr-FR\",\"@id\":\"https:\/\/vosgesinfo.fr\/remiremontinfo\/2023\/04\/girmont-lexposition-photo-cervides-daurelien-villemin-a-ete-inauguree\/#primaryimage\",\"url\":\"https:\/\/vosgesinfo.fr\/app\/uploads\/sites\/5\/2024\/09\/202304expo-21.jpg\",\"contentUrl\":\"https:\/\/vosgesinfo.fr\/app\/uploads\/sites\/5\/2024\/09\/202304expo-21.jpg\",\"width\":1413,\"height\":899},{\"@type\":\"BreadcrumbList\",\"@id\":\"https:\/\/vosgesinfo.fr\/remiremontinfo\/2023\/04\/girmont-lexposition-photo-cervides-daurelien-villemin-a-ete-inauguree\/#breadcrumb\",\"itemListElement\":[{\"@type\":\"ListItem\",\"position\":1,\"name\":\"Home\",\"item\":\"https:\/\/vosgesinfo.fr\/remiremontinfo\/\"},{\"@type\":\"ListItem\",\"position\":2,\"name\":\"Girmont : l&rsquo;exposition photo sur les cervid\u00e9s d&rsquo;Aur\u00e9lien Villemin a \u00e9t\u00e9 inaugur\u00e9e\"}]},{\"@type\":\"WebSite\",\"@id\":\"https:\/\/vosgesinfo.fr\/remiremontinfo\/#website\",\"url\":\"https:\/\/vosgesinfo.fr\/remiremontinfo\/\",\"name\":\"Remiremont Info\",\"description\":\"Toute l&#039;actualit\u00e9 de Remiremont\",\"publisher\":{\"@id\":\"https:\/\/vosgesinfo.fr\/remiremontinfo\/#organization\"},\"alternateName\":\"Toute l'actualit\u00e9 de Remiremont\",\"potentialAction\":[{\"@type\":\"SearchAction\",\"target\":{\"@type\":\"EntryPoint\",\"urlTemplate\":\"https:\/\/vosgesinfo.fr\/remiremontinfo\/?s={search_term_string}\"},\"query-input\":\"required name=search_term_string\"}],\"inLanguage\":\"fr-FR\"},{\"@type\":\"Organization\",\"@id\":\"https:\/\/vosgesinfo.fr\/remiremontinfo\/#organization\",\"name\":\"Remiremont Info\",\"url\":\"https:\/\/vosgesinfo.fr\/remiremontinfo\/\",\"logo\":{\"@type\":\"ImageObject\",\"inLanguage\":\"fr-FR\",\"@id\":\"https:\/\/vosgesinfo.fr\/remiremontinfo\/#\/schema\/logo\/image\/\",\"url\":\"https:\/\/vosgesinfo.fr\/app\/uploads\/sites\/5\/2023\/08\/favicon-remiremontinfo.png\",\"contentUrl\":\"https:\/\/vosgesinfo.fr\/app\/uploads\/sites\/5\/2023\/08\/favicon-remiremontinfo.png\",\"width\":512,\"height\":512,\"caption\":\"Remiremont Info\"},\"image\":{\"@id\":\"https:\/\/vosgesinfo.fr\/remiremontinfo\/#\/schema\/logo\/image\/\"},\"sameAs\":[\"https:\/\/www.facebook.com\/remiremontinfo\",\"https:\/\/x.com\/VosgesInfo88\",\"https:\/\/www.youtube.com\/@vosgesinfo\"]},{\"@type\":\"Person\",\"@id\":\"https:\/\/vosgesinfo.fr\/remiremontinfo\/#\/schema\/person\/3bfd164d5218a185b1db68655a265316\",\"name\":\"C D\",\"image\":{\"@type\":\"ImageObject\",\"inLanguage\":\"fr-FR\",\"@id\":\"https:\/\/vosgesinfo.fr\/remiremontinfo\/#\/schema\/person\/image\/\",\"url\":\"https:\/\/secure.gravatar.com\/avatar\/1f9a70007336511a47468b8f1c66f922b8b7cf617b02a31149ada43893a5d48f?s=96&d=mm&r=g\",\"contentUrl\":\"https:\/\/secure.gravatar.com\/avatar\/1f9a70007336511a47468b8f1c66f922b8b7cf617b02a31149ada43893a5d48f?s=96&d=mm&r=g\",\"caption\":\"C D\"},\"url\":\"https:\/\/vosgesinfo.fr\/remiremontinfo\/author\/cedric-drevet\/\"}]}<\/script>\n<!-- \/ Yoast SEO plugin. -->","yoast_head_json":{"title":"Girmont : l'exposition photo sur les cervid\u00e9s d'Aur\u00e9lien Villemin a \u00e9t\u00e9 inaugur\u00e9e - Remiremont Info","robots":{"index":"index","follow":"follow","max-snippet":"max-snippet:-1","max-image-preview":"max-image-preview:large","max-video-preview":"max-video-preview:-1"},"canonical":"https:\/\/vosgesinfo.fr\/remiremontinfo\/2023\/04\/girmont-lexposition-photo-cervides-daurelien-villemin-a-ete-inauguree\/","twitter_card":"summary_large_image","twitter_title":"Girmont : l'exposition photo sur les cervid\u00e9s d'Aur\u00e9lien Villemin a \u00e9t\u00e9 inaugur\u00e9e - Remiremont Info","twitter_description":"&nbsp; Pour la deuxi\u00e8me ann\u00e9e cons\u00e9cutive l\u2019association la Vigotte Lab organise en collaboration avec Aur\u00e9lien Villemin Photographe une exposition photo [&hellip;]","twitter_image":"https:\/\/vosgesinfo.fr\/app\/uploads\/sites\/5\/2024\/09\/202304expo-21.jpg","twitter_creator":"@VosgesInfo88","twitter_site":"@VosgesInfo88","twitter_misc":{"\u00c9crit par":"C D","Dur\u00e9e de lecture estim\u00e9e":"1 minute"},"schema":{"@context":"https:\/\/schema.org","@graph":[{"@type":"Article","@id":"https:\/\/vosgesinfo.fr\/remiremontinfo\/2023\/04\/girmont-lexposition-photo-cervides-daurelien-villemin-a-ete-inauguree\/#article","isPartOf":{"@id":"https:\/\/vosgesinfo.fr\/remiremontinfo\/2023\/04\/girmont-lexposition-photo-cervides-daurelien-villemin-a-ete-inauguree\/"},"author":{"name":"C D","@id":"https:\/\/vosgesinfo.fr\/remiremontinfo\/#\/schema\/person\/3bfd164d5218a185b1db68655a265316"},"headline":"Girmont : l&rsquo;exposition photo sur les cervid\u00e9s d&rsquo;Aur\u00e9lien Villemin a \u00e9t\u00e9 inaugur\u00e9e","datePublished":"2023-04-24T04:43:57+00:00","dateModified":"2023-04-24T04:43:57+00:00","mainEntityOfPage":{"@id":"https:\/\/vosgesinfo.fr\/remiremontinfo\/2023\/04\/girmont-lexposition-photo-cervides-daurelien-villemin-a-ete-inauguree\/"},"wordCount":212,"commentCount":0,"publisher":{"@id":"https:\/\/vosgesinfo.fr\/remiremontinfo\/#organization"},"image":{"@id":"https:\/\/vosgesinfo.fr\/remiremontinfo\/2023\/04\/girmont-lexposition-photo-cervides-daurelien-villemin-a-ete-inauguree\/#primaryimage"},"thumbnailUrl":"https:\/\/vosgesinfo.fr\/app\/uploads\/sites\/5\/2024\/09\/202304expo-21.jpg","keywords":["Expo","Girmont","Vosges"],"articleSection":["A la Une","Culture","Le Val-d'Ajol &amp; son canton"],"inLanguage":"fr-FR","potentialAction":[{"@type":"CommentAction","name":"Comment","target":["https:\/\/vosgesinfo.fr\/remiremontinfo\/2023\/04\/girmont-lexposition-photo-cervides-daurelien-villemin-a-ete-inauguree\/#respond"]}]},{"@type":"WebPage","@id":"https:\/\/vosgesinfo.fr\/remiremontinfo\/2023\/04\/girmont-lexposition-photo-cervides-daurelien-villemin-a-ete-inauguree\/","url":"https:\/\/vosgesinfo.fr\/remiremontinfo\/2023\/04\/girmont-lexposition-photo-cervides-daurelien-villemin-a-ete-inauguree\/","name":"Girmont : l'exposition photo sur les cervid\u00e9s d'Aur\u00e9lien Villemin a \u00e9t\u00e9 inaugur\u00e9e - Remiremont Info","isPartOf":{"@id":"https:\/\/vosgesinfo.fr\/remiremontinfo\/#website"},"primaryImageOfPage":{"@id":"https:\/\/vosgesinfo.fr\/remiremontinfo\/2023\/04\/girmont-lexposition-photo-cervides-daurelien-villemin-a-ete-inauguree\/#primaryimage"},"image":{"@id":"https:\/\/vosgesinfo.fr\/remiremontinfo\/2023\/04\/girmont-lexposition-photo-cervides-daurelien-villemin-a-ete-inauguree\/#primaryimage"},"thumbnailUrl":"https:\/\/vosgesinfo.fr\/app\/uploads\/sites\/5\/2024\/09\/202304expo-21.jpg","datePublished":"2023-04-24T04:43:57+00:00","dateModified":"2023-04-24T04:43:57+00:00","breadcrumb":{"@id":"https:\/\/vosgesinfo.fr\/remiremontinfo\/2023\/04\/girmont-lexposition-photo-cervides-daurelien-villemin-a-ete-inauguree\/#breadcrumb"},"inLanguage":"fr-FR","potentialAction":[{"@type":"ReadAction","target":["https:\/\/vosgesinfo.fr\/remiremontinfo\/2023\/04\/girmont-lexposition-photo-cervides-daurelien-villemin-a-ete-inauguree\/"]}]},{"@type":"ImageObject","inLanguage":"fr-FR","@id":"https:\/\/vosgesinfo.fr\/remiremontinfo\/2023\/04\/girmont-lexposition-photo-cervides-daurelien-villemin-a-ete-inauguree\/#primaryimage","url":"https:\/\/vosgesinfo.fr\/app\/uploads\/sites\/5\/2024\/09\/202304expo-21.jpg","contentUrl":"https:\/\/vosgesinfo.fr\/app\/uploads\/sites\/5\/2024\/09\/202304expo-21.jpg","width":1413,"height":899},{"@type":"BreadcrumbList","@id":"https:\/\/vosgesinfo.fr\/remiremontinfo\/2023\/04\/girmont-lexposition-photo-cervides-daurelien-villemin-a-ete-inauguree\/#breadcrumb","itemListElement":[{"@type":"ListItem","position":1,"name":"Home","item":"https:\/\/vosgesinfo.fr\/remiremontinfo\/"},{"@type":"ListItem","position":2,"name":"Girmont : l&rsquo;exposition photo sur les cervid\u00e9s d&rsquo;Aur\u00e9lien Villemin a \u00e9t\u00e9 inaugur\u00e9e"}]},{"@type":"WebSite","@id":"https:\/\/vosgesinfo.fr\/remiremontinfo\/#website","url":"https:\/\/vosgesinfo.fr\/remiremontinfo\/","name":"Remiremont Info","description":"Toute l&#039;actualit\u00e9 de Remiremont","publisher":{"@id":"https:\/\/vosgesinfo.fr\/remiremontinfo\/#organization"},"alternateName":"Toute l'actualit\u00e9 de Remiremont","potentialAction":[{"@type":"SearchAction","target":{"@type":"EntryPoint","urlTemplate":"https:\/\/vosgesinfo.fr\/remiremontinfo\/?s={search_term_string}"},"query-input":"required name=search_term_string"}],"inLanguage":"fr-FR"},{"@type":"Organization","@id":"https:\/\/vosgesinfo.fr\/remiremontinfo\/#organization","name":"Remiremont Info","url":"https:\/\/vosgesinfo.fr\/remiremontinfo\/","logo":{"@type":"ImageObject","inLanguage":"fr-FR","@id":"https:\/\/vosgesinfo.fr\/remiremontinfo\/#\/schema\/logo\/image\/","url":"https:\/\/vosgesinfo.fr\/app\/uploads\/sites\/5\/2023\/08\/favicon-remiremontinfo.png","contentUrl":"https:\/\/vosgesinfo.fr\/app\/uploads\/sites\/5\/2023\/08\/favicon-remiremontinfo.png","width":512,"height":512,"caption":"Remiremont Info"},"image":{"@id":"https:\/\/vosgesinfo.fr\/remiremontinfo\/#\/schema\/logo\/image\/"},"sameAs":["https:\/\/www.facebook.com\/remiremontinfo","https:\/\/x.com\/VosgesInfo88","https:\/\/www.youtube.com\/@vosgesinfo"]},{"@type":"Person","@id":"https:\/\/vosgesinfo.fr\/remiremontinfo\/#\/schema\/person\/3bfd164d5218a185b1db68655a265316","name":"C D","image":{"@type":"ImageObject","inLanguage":"fr-FR","@id":"https:\/\/vosgesinfo.fr\/remiremontinfo\/#\/schema\/person\/image\/","url":"https:\/\/secure.gravatar.com\/avatar\/1f9a70007336511a47468b8f1c66f922b8b7cf617b02a31149ada43893a5d48f?s=96&d=mm&r=g","contentUrl":"https:\/\/secure.gravatar.com\/avatar\/1f9a70007336511a47468b8f1c66f922b8b7cf617b02a31149ada43893a5d48f?s=96&d=mm&r=g","caption":"C D"},"url":"https:\/\/vosgesinfo.fr\/remiremontinfo\/author\/cedric-drevet\/"}]}},"_links":{"self":[{"href":"https:\/\/vosgesinfo.fr\/remiremontinfo\/wp-json\/wp\/v2\/posts\/70636","targetHints":{"allow":["GET"]}}],"collection":[{"href":"https:\/\/vosgesinfo.fr\/remiremontinfo\/wp-json\/wp\/v2\/posts"}],"about":[{"href":"https:\/\/vosgesinfo.fr\/remiremontinfo\/wp-json\/wp\/v2\/types\/post"}],"author":[{"embeddable":true,"href":"https:\/\/vosgesinfo.fr\/remiremontinfo\/wp-json\/wp\/v2\/users\/407"}],"replies":[{"embeddable":true,"href":"https:\/\/vosgesinfo.fr\/remiremontinfo\/wp-json\/wp\/v2\/comments?post=70636"}],"version-history":[{"count":0,"href":"https:\/\/vosgesinfo.fr\/remiremontinfo\/wp-json\/wp\/v2\/posts\/70636\/revisions"}],"wp:featuredmedia":[{"embeddable":true,"href":"https:\/\/vosgesinfo.fr\/remiremontinfo\/wp-json\/wp\/v2\/media\/70637"}],"wp:attachment":[{"href":"https:\/\/vosgesinfo.fr\/remiremontinfo\/wp-json\/wp\/v2\/media?parent=70636"}],"wp:term":[{"taxonomy":"category","embeddable":true,"href":"https:\/\/vosgesinfo.fr\/remiremontinfo\/wp-json\/wp\/v2\/categories?post=70636"},{"taxonomy":"post_tag","embeddable":true,"href":"https:\/\/vosgesinfo.fr\/remiremontinfo\/wp-json\/wp\/v2\/tags?post=70636"}],"curies":[{"name":"wp","href":"https:\/\/api.w.org\/{rel}","templated":true}]}}