{"id":70654,"date":"2023-04-24T08:31:23","date_gmt":"2023-04-24T06:31:23","guid":{"rendered":"https:\/\/vosgesinfo.fr\/remiremontinfo\/2023\/04\/saint-nabord-semaine-intense-centre-aere-herbures\/"},"modified":"2023-04-24T08:31:23","modified_gmt":"2023-04-24T06:31:23","slug":"saint-nabord-semaine-intense-centre-aere-herbures","status":"publish","type":"post","link":"https:\/\/vosgesinfo.fr\/remiremontinfo\/2023\/04\/saint-nabord-semaine-intense-centre-aere-herbures\/","title":{"rendered":"Saint-Nabord : une semaine intense au centre a\u00e9r\u00e9 des Herbures \u00a0"},"content":{"rendered":"<div class=\"x11i5rnm xat24cr x1mh8g0r x1vvkbs xdj266r x126k92a\">\n<div dir=\"auto\">\n\n<\/div>\n<div dir=\"auto\"><\/div>\n<div dir=\"auto\"><span style=\"font-size: 10pt;\"><em>Source : Mairie de Saint-Nabord\u00a0<\/em><\/span><\/div>\n<\/div>\n<div class=\"x11i5rnm xat24cr x1mh8g0r x1vvkbs xtlvy1s x126k92a\">\n<h2 dir=\"auto\"><span style=\"font-size: 12pt;\"><strong>Qu\u2019il fait bon vivre au centre a\u00e9r\u00e9 des Herbures pour les grands comme pour les petits. Andr\u00e9a, Elsa et D\u00e9borah, Math\u00e9o, Mathys et Jules, les animateurs de cette session d\u2019avril se sont surpass\u00e9s pour offrir aux enfants une semaine partag\u00e9e entre les activit\u00e9s ludiques, artistiques, culturelles et sportives.<\/strong><\/span><\/h2>\n<\/div>\n<div class=\"x11i5rnm xat24cr x1mh8g0r x1vvkbs xtlvy1s x126k92a\">\n<div dir=\"auto\">Les plus petits ont laiss\u00e9 exprimer leur sens artistique en d\u00e9corant des \u0153ufs et en peignant de magnifiques lapins de p\u00e2ques. Les petits p\u00e2tissiers ont mesur\u00e9, saupoudr\u00e9, m\u00e9lang\u00e9,\u2026 peut-\u00eatre un peu go\u00fbt\u00e9 aussi\u2026 pour confectionner de d\u00e9licieux g\u00e2teaux pour le dessert. Ciel que \u00e7a sentait bon le chocolat \u00e0 la fin de cette matin\u00e9e gourmande ! Ils ont aussi beaucoup jou\u00e9 \u00e0 des jeux de soci\u00e9t\u00e9, \u00e0 l\u2019\u00e9pervier, au loup touche-touche, se sont d\u00e9foul\u00e9s dans les structures de jeux au stade des Perrey et ont particip\u00e9 \u00e0 un grand jeu avec lapin et chocolat concoct\u00e9 par l\u2019\u00e9quipe d\u2019animateurs de la formation BAFA qui s\u2019est d\u00e9roul\u00e9e au centre cette semaine.<\/div>\n<\/div>\n<div class=\"x11i5rnm xat24cr x1mh8g0r x1vvkbs xtlvy1s x126k92a\">\n<div dir=\"auto\"><\/div>\n<div dir=\"auto\">Apr\u00e8s avoir construit des cabanes dans la for\u00eat, s\u2019\u00eatre affront\u00e9s au cours de parties de jeux endiabl\u00e9s, avoir cuisin\u00e9 de moelleux cookies. les grands ont tent\u00e9 leur chance au concours propos\u00e9 par le Sicovad invitant les participants \u00e0 confectionner des monstres \u00e0 partir de mat\u00e9riaux recycl\u00e9s. Tout ce petit monde est all\u00e9 piquer une t\u00eate \u00e0 la piscine du Val d\u2019Ajol mardi matin et s\u2019est rendu au Thillot en fin de semaine. L\u00e0, les grands ont enfil\u00e9 casque et lampe torche pour une descente au fin fond des Hautes-Mynes, un site d\u2019extraction de minerai de cuivre class\u00e9 monument historique pendant que les petits profitaient d\u2019activit\u00e9s ludiques \u00e0 la m\u00e9diath\u00e8que.<\/div>\n<\/div>\n","protected":false},"excerpt":{"rendered":"<p>Source : Mairie de Saint-Nabord\u00a0 Qu\u2019il fait bon vivre au centre a\u00e9r\u00e9 des Herbures pour les grands comme pour les [&hellip;]<\/p>\n","protected":false},"author":407,"featured_media":70655,"comment_status":"open","ping_status":"open","sticky":false,"template":"","format":"standard","meta":{"footnotes":""},"categories":[26,54,35,100],"tags":[255,42,32],"class_list":["post-70654","post","type-post","status-publish","format-standard","has-post-thumbnail","hentry","category-a-la-une","category-loisirs","category-remiremont-son-canton","category-saint-nabord","tag-centre-aere","tag-saint-nabord","tag-vosges"],"acf":[],"yoast_head":"<!-- This site is optimized with the Yoast SEO plugin v22.5 - https:\/\/yoast.com\/wordpress\/plugins\/seo\/ -->\n<title>Saint-Nabord : une semaine intense au centre a\u00e9r\u00e9 des Herbures \u00a0 - Remiremont Info<\/title>\n<meta name=\"robots\" content=\"index, follow, max-snippet:-1, max-image-preview:large, max-video-preview:-1\" \/>\n<link rel=\"canonical\" href=\"https:\/\/vosgesinfo.fr\/remiremontinfo\/2023\/04\/saint-nabord-semaine-intense-centre-aere-herbures\/\" \/>\n<meta name=\"twitter:card\" content=\"summary_large_image\" \/>\n<meta name=\"twitter:title\" content=\"Saint-Nabord : une semaine intense au centre a\u00e9r\u00e9 des Herbures \u00a0 - Remiremont Info\" \/>\n<meta name=\"twitter:description\" content=\"Source : Mairie de Saint-Nabord\u00a0 Qu\u2019il fait bon vivre au centre a\u00e9r\u00e9 des Herbures pour les grands comme pour les [&hellip;]\" \/>\n<meta name=\"twitter:image\" content=\"https:\/\/vosgesinfo.fr\/app\/uploads\/sites\/5\/2024\/09\/202304centre-aere-des-herbures-21.jpg\" \/>\n<meta name=\"twitter:creator\" content=\"@VosgesInfo88\" \/>\n<meta name=\"twitter:site\" content=\"@VosgesInfo88\" \/>\n<meta name=\"twitter:label1\" content=\"\u00c9crit par\" \/>\n\t<meta name=\"twitter:data1\" content=\"C D\" \/>\n\t<meta name=\"twitter:label2\" content=\"Dur\u00e9e de lecture estim\u00e9e\" \/>\n\t<meta name=\"twitter:data2\" content=\"2 minutes\" \/>\n<script type=\"application\/ld+json\" class=\"yoast-schema-graph\">{\"@context\":\"https:\/\/schema.org\",\"@graph\":[{\"@type\":\"Article\",\"@id\":\"https:\/\/vosgesinfo.fr\/remiremontinfo\/2023\/04\/saint-nabord-semaine-intense-centre-aere-herbures\/#article\",\"isPartOf\":{\"@id\":\"https:\/\/vosgesinfo.fr\/remiremontinfo\/2023\/04\/saint-nabord-semaine-intense-centre-aere-herbures\/\"},\"author\":{\"name\":\"C D\",\"@id\":\"https:\/\/vosgesinfo.fr\/remiremontinfo\/#\/schema\/person\/3bfd164d5218a185b1db68655a265316\"},\"headline\":\"Saint-Nabord : une semaine intense au centre a\u00e9r\u00e9 des Herbures \u00a0\",\"datePublished\":\"2023-04-24T06:31:23+00:00\",\"dateModified\":\"2023-04-24T06:31:23+00:00\",\"mainEntityOfPage\":{\"@id\":\"https:\/\/vosgesinfo.fr\/remiremontinfo\/2023\/04\/saint-nabord-semaine-intense-centre-aere-herbures\/\"},\"wordCount\":323,\"commentCount\":0,\"publisher\":{\"@id\":\"https:\/\/vosgesinfo.fr\/remiremontinfo\/#organization\"},\"image\":{\"@id\":\"https:\/\/vosgesinfo.fr\/remiremontinfo\/2023\/04\/saint-nabord-semaine-intense-centre-aere-herbures\/#primaryimage\"},\"thumbnailUrl\":\"https:\/\/vosgesinfo.fr\/app\/uploads\/sites\/5\/2024\/09\/202304centre-aere-des-herbures-21.jpg\",\"keywords\":[\"centre a\u00e9r\u00e9\",\"saint-nabord\",\"Vosges\"],\"articleSection\":[\"A la Une\",\"Loisirs\",\"Remiremont &amp; son canton\",\"Saint-Nabord\"],\"inLanguage\":\"fr-FR\",\"potentialAction\":[{\"@type\":\"CommentAction\",\"name\":\"Comment\",\"target\":[\"https:\/\/vosgesinfo.fr\/remiremontinfo\/2023\/04\/saint-nabord-semaine-intense-centre-aere-herbures\/#respond\"]}]},{\"@type\":\"WebPage\",\"@id\":\"https:\/\/vosgesinfo.fr\/remiremontinfo\/2023\/04\/saint-nabord-semaine-intense-centre-aere-herbures\/\",\"url\":\"https:\/\/vosgesinfo.fr\/remiremontinfo\/2023\/04\/saint-nabord-semaine-intense-centre-aere-herbures\/\",\"name\":\"Saint-Nabord : une semaine intense au centre a\u00e9r\u00e9 des Herbures \u00a0 - Remiremont Info\",\"isPartOf\":{\"@id\":\"https:\/\/vosgesinfo.fr\/remiremontinfo\/#website\"},\"primaryImageOfPage\":{\"@id\":\"https:\/\/vosgesinfo.fr\/remiremontinfo\/2023\/04\/saint-nabord-semaine-intense-centre-aere-herbures\/#primaryimage\"},\"image\":{\"@id\":\"https:\/\/vosgesinfo.fr\/remiremontinfo\/2023\/04\/saint-nabord-semaine-intense-centre-aere-herbures\/#primaryimage\"},\"thumbnailUrl\":\"https:\/\/vosgesinfo.fr\/app\/uploads\/sites\/5\/2024\/09\/202304centre-aere-des-herbures-21.jpg\",\"datePublished\":\"2023-04-24T06:31:23+00:00\",\"dateModified\":\"2023-04-24T06:31:23+00:00\",\"breadcrumb\":{\"@id\":\"https:\/\/vosgesinfo.fr\/remiremontinfo\/2023\/04\/saint-nabord-semaine-intense-centre-aere-herbures\/#breadcrumb\"},\"inLanguage\":\"fr-FR\",\"potentialAction\":[{\"@type\":\"ReadAction\",\"target\":[\"https:\/\/vosgesinfo.fr\/remiremontinfo\/2023\/04\/saint-nabord-semaine-intense-centre-aere-herbures\/\"]}]},{\"@type\":\"ImageObject\",\"inLanguage\":\"fr-FR\",\"@id\":\"https:\/\/vosgesinfo.fr\/remiremontinfo\/2023\/04\/saint-nabord-semaine-intense-centre-aere-herbures\/#primaryimage\",\"url\":\"https:\/\/vosgesinfo.fr\/app\/uploads\/sites\/5\/2024\/09\/202304centre-aere-des-herbures-21.jpg\",\"contentUrl\":\"https:\/\/vosgesinfo.fr\/app\/uploads\/sites\/5\/2024\/09\/202304centre-aere-des-herbures-21.jpg\",\"width\":600,\"height\":450},{\"@type\":\"BreadcrumbList\",\"@id\":\"https:\/\/vosgesinfo.fr\/remiremontinfo\/2023\/04\/saint-nabord-semaine-intense-centre-aere-herbures\/#breadcrumb\",\"itemListElement\":[{\"@type\":\"ListItem\",\"position\":1,\"name\":\"Home\",\"item\":\"https:\/\/vosgesinfo.fr\/remiremontinfo\/\"},{\"@type\":\"ListItem\",\"position\":2,\"name\":\"Saint-Nabord : une semaine intense au centre a\u00e9r\u00e9 des Herbures \u00a0\"}]},{\"@type\":\"WebSite\",\"@id\":\"https:\/\/vosgesinfo.fr\/remiremontinfo\/#website\",\"url\":\"https:\/\/vosgesinfo.fr\/remiremontinfo\/\",\"name\":\"Remiremont Info\",\"description\":\"Toute l&#039;actualit\u00e9 de Remiremont\",\"publisher\":{\"@id\":\"https:\/\/vosgesinfo.fr\/remiremontinfo\/#organization\"},\"alternateName\":\"Toute l'actualit\u00e9 de Remiremont\",\"potentialAction\":[{\"@type\":\"SearchAction\",\"target\":{\"@type\":\"EntryPoint\",\"urlTemplate\":\"https:\/\/vosgesinfo.fr\/remiremontinfo\/?s={search_term_string}\"},\"query-input\":\"required name=search_term_string\"}],\"inLanguage\":\"fr-FR\"},{\"@type\":\"Organization\",\"@id\":\"https:\/\/vosgesinfo.fr\/remiremontinfo\/#organization\",\"name\":\"Remiremont Info\",\"url\":\"https:\/\/vosgesinfo.fr\/remiremontinfo\/\",\"logo\":{\"@type\":\"ImageObject\",\"inLanguage\":\"fr-FR\",\"@id\":\"https:\/\/vosgesinfo.fr\/remiremontinfo\/#\/schema\/logo\/image\/\",\"url\":\"https:\/\/vosgesinfo.fr\/app\/uploads\/sites\/5\/2023\/08\/favicon-remiremontinfo.png\",\"contentUrl\":\"https:\/\/vosgesinfo.fr\/app\/uploads\/sites\/5\/2023\/08\/favicon-remiremontinfo.png\",\"width\":512,\"height\":512,\"caption\":\"Remiremont Info\"},\"image\":{\"@id\":\"https:\/\/vosgesinfo.fr\/remiremontinfo\/#\/schema\/logo\/image\/\"},\"sameAs\":[\"https:\/\/www.facebook.com\/remiremontinfo\",\"https:\/\/x.com\/VosgesInfo88\",\"https:\/\/www.youtube.com\/@vosgesinfo\"]},{\"@type\":\"Person\",\"@id\":\"https:\/\/vosgesinfo.fr\/remiremontinfo\/#\/schema\/person\/3bfd164d5218a185b1db68655a265316\",\"name\":\"C D\",\"image\":{\"@type\":\"ImageObject\",\"inLanguage\":\"fr-FR\",\"@id\":\"https:\/\/vosgesinfo.fr\/remiremontinfo\/#\/schema\/person\/image\/\",\"url\":\"https:\/\/secure.gravatar.com\/avatar\/1f9a70007336511a47468b8f1c66f922b8b7cf617b02a31149ada43893a5d48f?s=96&d=mm&r=g\",\"contentUrl\":\"https:\/\/secure.gravatar.com\/avatar\/1f9a70007336511a47468b8f1c66f922b8b7cf617b02a31149ada43893a5d48f?s=96&d=mm&r=g\",\"caption\":\"C D\"},\"url\":\"https:\/\/vosgesinfo.fr\/remiremontinfo\/author\/cedric-drevet\/\"}]}<\/script>\n<!-- \/ Yoast SEO plugin. -->","yoast_head_json":{"title":"Saint-Nabord : une semaine intense au centre a\u00e9r\u00e9 des Herbures \u00a0 - Remiremont Info","robots":{"index":"index","follow":"follow","max-snippet":"max-snippet:-1","max-image-preview":"max-image-preview:large","max-video-preview":"max-video-preview:-1"},"canonical":"https:\/\/vosgesinfo.fr\/remiremontinfo\/2023\/04\/saint-nabord-semaine-intense-centre-aere-herbures\/","twitter_card":"summary_large_image","twitter_title":"Saint-Nabord : une semaine intense au centre a\u00e9r\u00e9 des Herbures \u00a0 - Remiremont Info","twitter_description":"Source : Mairie de Saint-Nabord\u00a0 Qu\u2019il fait bon vivre au centre a\u00e9r\u00e9 des Herbures pour les grands comme pour les [&hellip;]","twitter_image":"https:\/\/vosgesinfo.fr\/app\/uploads\/sites\/5\/2024\/09\/202304centre-aere-des-herbures-21.jpg","twitter_creator":"@VosgesInfo88","twitter_site":"@VosgesInfo88","twitter_misc":{"\u00c9crit par":"C D","Dur\u00e9e de lecture estim\u00e9e":"2 minutes"},"schema":{"@context":"https:\/\/schema.org","@graph":[{"@type":"Article","@id":"https:\/\/vosgesinfo.fr\/remiremontinfo\/2023\/04\/saint-nabord-semaine-intense-centre-aere-herbures\/#article","isPartOf":{"@id":"https:\/\/vosgesinfo.fr\/remiremontinfo\/2023\/04\/saint-nabord-semaine-intense-centre-aere-herbures\/"},"author":{"name":"C D","@id":"https:\/\/vosgesinfo.fr\/remiremontinfo\/#\/schema\/person\/3bfd164d5218a185b1db68655a265316"},"headline":"Saint-Nabord : une semaine intense au centre a\u00e9r\u00e9 des Herbures \u00a0","datePublished":"2023-04-24T06:31:23+00:00","dateModified":"2023-04-24T06:31:23+00:00","mainEntityOfPage":{"@id":"https:\/\/vosgesinfo.fr\/remiremontinfo\/2023\/04\/saint-nabord-semaine-intense-centre-aere-herbures\/"},"wordCount":323,"commentCount":0,"publisher":{"@id":"https:\/\/vosgesinfo.fr\/remiremontinfo\/#organization"},"image":{"@id":"https:\/\/vosgesinfo.fr\/remiremontinfo\/2023\/04\/saint-nabord-semaine-intense-centre-aere-herbures\/#primaryimage"},"thumbnailUrl":"https:\/\/vosgesinfo.fr\/app\/uploads\/sites\/5\/2024\/09\/202304centre-aere-des-herbures-21.jpg","keywords":["centre a\u00e9r\u00e9","saint-nabord","Vosges"],"articleSection":["A la Une","Loisirs","Remiremont &amp; son canton","Saint-Nabord"],"inLanguage":"fr-FR","potentialAction":[{"@type":"CommentAction","name":"Comment","target":["https:\/\/vosgesinfo.fr\/remiremontinfo\/2023\/04\/saint-nabord-semaine-intense-centre-aere-herbures\/#respond"]}]},{"@type":"WebPage","@id":"https:\/\/vosgesinfo.fr\/remiremontinfo\/2023\/04\/saint-nabord-semaine-intense-centre-aere-herbures\/","url":"https:\/\/vosgesinfo.fr\/remiremontinfo\/2023\/04\/saint-nabord-semaine-intense-centre-aere-herbures\/","name":"Saint-Nabord : une semaine intense au centre a\u00e9r\u00e9 des Herbures \u00a0 - Remiremont Info","isPartOf":{"@id":"https:\/\/vosgesinfo.fr\/remiremontinfo\/#website"},"primaryImageOfPage":{"@id":"https:\/\/vosgesinfo.fr\/remiremontinfo\/2023\/04\/saint-nabord-semaine-intense-centre-aere-herbures\/#primaryimage"},"image":{"@id":"https:\/\/vosgesinfo.fr\/remiremontinfo\/2023\/04\/saint-nabord-semaine-intense-centre-aere-herbures\/#primaryimage"},"thumbnailUrl":"https:\/\/vosgesinfo.fr\/app\/uploads\/sites\/5\/2024\/09\/202304centre-aere-des-herbures-21.jpg","datePublished":"2023-04-24T06:31:23+00:00","dateModified":"2023-04-24T06:31:23+00:00","breadcrumb":{"@id":"https:\/\/vosgesinfo.fr\/remiremontinfo\/2023\/04\/saint-nabord-semaine-intense-centre-aere-herbures\/#breadcrumb"},"inLanguage":"fr-FR","potentialAction":[{"@type":"ReadAction","target":["https:\/\/vosgesinfo.fr\/remiremontinfo\/2023\/04\/saint-nabord-semaine-intense-centre-aere-herbures\/"]}]},{"@type":"ImageObject","inLanguage":"fr-FR","@id":"https:\/\/vosgesinfo.fr\/remiremontinfo\/2023\/04\/saint-nabord-semaine-intense-centre-aere-herbures\/#primaryimage","url":"https:\/\/vosgesinfo.fr\/app\/uploads\/sites\/5\/2024\/09\/202304centre-aere-des-herbures-21.jpg","contentUrl":"https:\/\/vosgesinfo.fr\/app\/uploads\/sites\/5\/2024\/09\/202304centre-aere-des-herbures-21.jpg","width":600,"height":450},{"@type":"BreadcrumbList","@id":"https:\/\/vosgesinfo.fr\/remiremontinfo\/2023\/04\/saint-nabord-semaine-intense-centre-aere-herbures\/#breadcrumb","itemListElement":[{"@type":"ListItem","position":1,"name":"Home","item":"https:\/\/vosgesinfo.fr\/remiremontinfo\/"},{"@type":"ListItem","position":2,"name":"Saint-Nabord : une semaine intense au centre a\u00e9r\u00e9 des Herbures \u00a0"}]},{"@type":"WebSite","@id":"https:\/\/vosgesinfo.fr\/remiremontinfo\/#website","url":"https:\/\/vosgesinfo.fr\/remiremontinfo\/","name":"Remiremont Info","description":"Toute l&#039;actualit\u00e9 de Remiremont","publisher":{"@id":"https:\/\/vosgesinfo.fr\/remiremontinfo\/#organization"},"alternateName":"Toute l'actualit\u00e9 de Remiremont","potentialAction":[{"@type":"SearchAction","target":{"@type":"EntryPoint","urlTemplate":"https:\/\/vosgesinfo.fr\/remiremontinfo\/?s={search_term_string}"},"query-input":"required name=search_term_string"}],"inLanguage":"fr-FR"},{"@type":"Organization","@id":"https:\/\/vosgesinfo.fr\/remiremontinfo\/#organization","name":"Remiremont Info","url":"https:\/\/vosgesinfo.fr\/remiremontinfo\/","logo":{"@type":"ImageObject","inLanguage":"fr-FR","@id":"https:\/\/vosgesinfo.fr\/remiremontinfo\/#\/schema\/logo\/image\/","url":"https:\/\/vosgesinfo.fr\/app\/uploads\/sites\/5\/2023\/08\/favicon-remiremontinfo.png","contentUrl":"https:\/\/vosgesinfo.fr\/app\/uploads\/sites\/5\/2023\/08\/favicon-remiremontinfo.png","width":512,"height":512,"caption":"Remiremont Info"},"image":{"@id":"https:\/\/vosgesinfo.fr\/remiremontinfo\/#\/schema\/logo\/image\/"},"sameAs":["https:\/\/www.facebook.com\/remiremontinfo","https:\/\/x.com\/VosgesInfo88","https:\/\/www.youtube.com\/@vosgesinfo"]},{"@type":"Person","@id":"https:\/\/vosgesinfo.fr\/remiremontinfo\/#\/schema\/person\/3bfd164d5218a185b1db68655a265316","name":"C D","image":{"@type":"ImageObject","inLanguage":"fr-FR","@id":"https:\/\/vosgesinfo.fr\/remiremontinfo\/#\/schema\/person\/image\/","url":"https:\/\/secure.gravatar.com\/avatar\/1f9a70007336511a47468b8f1c66f922b8b7cf617b02a31149ada43893a5d48f?s=96&d=mm&r=g","contentUrl":"https:\/\/secure.gravatar.com\/avatar\/1f9a70007336511a47468b8f1c66f922b8b7cf617b02a31149ada43893a5d48f?s=96&d=mm&r=g","caption":"C D"},"url":"https:\/\/vosgesinfo.fr\/remiremontinfo\/author\/cedric-drevet\/"}]}},"_links":{"self":[{"href":"https:\/\/vosgesinfo.fr\/remiremontinfo\/wp-json\/wp\/v2\/posts\/70654","targetHints":{"allow":["GET"]}}],"collection":[{"href":"https:\/\/vosgesinfo.fr\/remiremontinfo\/wp-json\/wp\/v2\/posts"}],"about":[{"href":"https:\/\/vosgesinfo.fr\/remiremontinfo\/wp-json\/wp\/v2\/types\/post"}],"author":[{"embeddable":true,"href":"https:\/\/vosgesinfo.fr\/remiremontinfo\/wp-json\/wp\/v2\/users\/407"}],"replies":[{"embeddable":true,"href":"https:\/\/vosgesinfo.fr\/remiremontinfo\/wp-json\/wp\/v2\/comments?post=70654"}],"version-history":[{"count":0,"href":"https:\/\/vosgesinfo.fr\/remiremontinfo\/wp-json\/wp\/v2\/posts\/70654\/revisions"}],"wp:featuredmedia":[{"embeddable":true,"href":"https:\/\/vosgesinfo.fr\/remiremontinfo\/wp-json\/wp\/v2\/media\/70655"}],"wp:attachment":[{"href":"https:\/\/vosgesinfo.fr\/remiremontinfo\/wp-json\/wp\/v2\/media?parent=70654"}],"wp:term":[{"taxonomy":"category","embeddable":true,"href":"https:\/\/vosgesinfo.fr\/remiremontinfo\/wp-json\/wp\/v2\/categories?post=70654"},{"taxonomy":"post_tag","embeddable":true,"href":"https:\/\/vosgesinfo.fr\/remiremontinfo\/wp-json\/wp\/v2\/tags?post=70654"}],"curies":[{"name":"wp","href":"https:\/\/api.w.org\/{rel}","templated":true}]}}