{"id":70659,"date":"2023-04-24T08:42:23","date_gmt":"2023-04-24T06:42:23","guid":{"rendered":"https:\/\/vosgesinfo.fr\/remiremontinfo\/2023\/04\/saint-maurice-nouvelles-enseignes-de-farandole-viennent-detre-posees\/"},"modified":"2023-04-24T08:42:23","modified_gmt":"2023-04-24T06:42:23","slug":"saint-maurice-nouvelles-enseignes-de-farandole-viennent-detre-posees","status":"publish","type":"post","link":"https:\/\/vosgesinfo.fr\/remiremontinfo\/2023\/04\/saint-maurice-nouvelles-enseignes-de-farandole-viennent-detre-posees\/","title":{"rendered":"Saint-Maurice : les nouvelles enseignes de La Farandole viennent d&rsquo;\u00eatre pos\u00e9es"},"content":{"rendered":"<div dir=\"auto\">\n\n<\/div>\n<div dir=\"auto\"><\/div>\n<div dir=\"auto\"><span style=\"font-size: 10pt;\"><em>Source : Mairie de Saint-Maurice\u00a0<\/em><\/span><\/div>\n<h2 dir=\"auto\"><span style=\"color: #000000; font-size: 12pt;\"><strong>Les nouvelles enseignes de <a class=\"x1i10hfl xjbqb8w x6umtig x1b1mbwd xaqea5y xav7gou x9f619 x1ypdohk xt0psk2 xe8uvvx xdj266r x11i5rnm xat24cr x1mh8g0r xexx8yu x4uap5 x18d9i69 xkhd6sd x16tdsg8 x1hl2dhg xggy1nq x1a2a7pz xt0b8zv x1qq9wsj xo1l8bm\" style=\"color: #000000;\" tabindex=\"0\" href=\"https:\/\/www.facebook.com\/lafarandole88560?__cft__[0]=AZWFpFhems538TM4HoXBURCXpGWRAXN-0f12IQ4pOpxYet31L2EK0-erwot63WcRRo1ZLBp2qg_LIeLLiPgkG4SJ2MqdoUkIr9PE9djxAHeYiXvBQZQGZgD3TKG2ZPDEmYSn2Xkiv9BVFZFmR4sS72fawIVbT80kk6FKs7u-e-pbSJLkjZQgWJo1qGpvD4LbqwU&amp;__tn__=-]K-R\"><span class=\"xt0psk2\">La Farandole<\/span><\/a>\u00a0viennent d&rsquo;\u00eatre pos\u00e9es. La Mairie de Saint-Maurice en profite\u00a0pour souligner le travail de qualit\u00e9 d&rsquo;<a class=\"x1i10hfl xjbqb8w x6umtig x1b1mbwd xaqea5y xav7gou x9f619 x1ypdohk xt0psk2 xe8uvvx xdj266r x11i5rnm xat24cr x1mh8g0r xexx8yu x4uap5 x18d9i69 xkhd6sd x16tdsg8 x1hl2dhg xggy1nq x1a2a7pz xt0b8zv x1qq9wsj xo1l8bm\" style=\"color: #000000;\" tabindex=\"0\" href=\"https:\/\/www.facebook.com\/illico.perso?__cft__[0]=AZWFpFhems538TM4HoXBURCXpGWRAXN-0f12IQ4pOpxYet31L2EK0-erwot63WcRRo1ZLBp2qg_LIeLLiPgkG4SJ2MqdoUkIr9PE9djxAHeYiXvBQZQGZgD3TKG2ZPDEmYSn2Xkiv9BVFZFmR4sS72fawIVbT80kk6FKs7u-e-pbSJLkjZQgWJo1qGpvD4LbqwU&amp;__tn__=-]K-R\"><span class=\"xt0psk2\">Illico Perso<\/span><\/a>, agence de communication et d&rsquo;impression. \u00ab\u00a0Et nous remercions les poseurs et fabricants des enseignes\u00a0\u00bb.\u00a0<\/strong><\/span><\/h2>\n<p>La commune de Saint-Maurice-Sur-Moselle a lanc\u00e9 il y a plusieurs mois un projet de modernisation et extension de la Cr\u00e8che \u00ab La Farandole \u00bb pour un montant de 941 000.00 \u20ac. Les travaux ont commenc\u00e9 en mai 2022.\u00a0 Le b\u00e2timent sera inaugur\u00e9 le 3 juin, \u00e0 10h. Pui suivra un apr\u00e8s-midi portes ouvertes, de 14h \u00e0 17h. La structure associative La Farandole existe depuis 1991 dans le paysage Fremis. Avant un agr\u00e9ment pour accueillir vingt enfants (0-6 ans), l\u2019\u00e9quipe p\u00e9dagogique s\u2019occupe \u00e9galement de la partie halte-garderie, p\u00e9riscolaire, cantine et accueil de loisirs sans h\u00e9bergement. La demande \u00e9tant de plus en plus forte et au vu des nombreuses naissances des quatre derni\u00e8res ann\u00e9es sur la commune, la configuration de la structure n\u2019\u00e9tait plus adapt\u00e9e pour les enfants. Pour le bon d\u00e9roulement des activit\u00e9s p\u00e9dagogiques et pour favoriser une fonctionnalit\u00e9 parfaite pour les salaries, le projet de modernisation de la cr\u00e8che actuelle devait voir le jour. De plus, le b\u00e2timent pr\u00e9sentait de nombreuses d\u00e9perditions thermiques et n\u2019\u00e9tait pas accessible aux personnes a mobilit\u00e9 r\u00e9duite. Le projet d\u2019agrandissement de la cr\u00e8che se caract\u00e9rise notamment par une augmentation de la surface de 150 m de plain-pied en compl\u00e9ment de l\u2019existant.<\/p>\n<p>Plus d\u2019infos : <a href=\"https:\/\/remiremontinfo.fr\/2022\/09\/saint-maurice-travaux-de-modernisation-dagrandissement-de-creche-avancent-2\/\">Saint-Maurice : les travaux de modernisation et d\u2019agrandissement de la cr\u00e8che avancent &#8211; Remiremont Info<\/a><\/p>\n","protected":false},"excerpt":{"rendered":"<p>Source : Mairie de Saint-Maurice\u00a0 Les nouvelles enseignes de La Farandole\u00a0viennent d&rsquo;\u00eatre pos\u00e9es. La Mairie de Saint-Maurice en profite\u00a0pour souligner [&hellip;]<\/p>\n","protected":false},"author":407,"featured_media":70660,"comment_status":"open","ping_status":"open","sticky":false,"template":"","format":"standard","meta":{"footnotes":""},"categories":[26,37,39],"tags":[4667,73,32],"class_list":["post-70659","post","type-post","status-publish","format-standard","has-post-thumbnail","hentry","category-a-la-une","category-le-thillot-son-canton","category-saint-maurice-moselle","tag-farandole","tag-saint-maurice","tag-vosges"],"acf":[],"yoast_head":"<!-- This site is optimized with the Yoast SEO plugin v22.5 - https:\/\/yoast.com\/wordpress\/plugins\/seo\/ -->\n<title>Saint-Maurice : les nouvelles enseignes de La Farandole viennent d&#039;\u00eatre pos\u00e9es - Remiremont Info<\/title>\n<meta name=\"robots\" content=\"index, follow, max-snippet:-1, max-image-preview:large, max-video-preview:-1\" \/>\n<link rel=\"canonical\" href=\"https:\/\/vosgesinfo.fr\/remiremontinfo\/2023\/04\/saint-maurice-nouvelles-enseignes-de-farandole-viennent-detre-posees\/\" \/>\n<meta name=\"twitter:card\" content=\"summary_large_image\" \/>\n<meta name=\"twitter:title\" content=\"Saint-Maurice : les nouvelles enseignes de La Farandole viennent d&#039;\u00eatre pos\u00e9es - Remiremont Info\" \/>\n<meta name=\"twitter:description\" content=\"Source : Mairie de Saint-Maurice\u00a0 Les nouvelles enseignes de La Farandole\u00a0viennent d&rsquo;\u00eatre pos\u00e9es. La Mairie de Saint-Maurice en profite\u00a0pour souligner [&hellip;]\" \/>\n<meta name=\"twitter:image\" content=\"https:\/\/vosgesinfo.fr\/app\/uploads\/sites\/5\/2024\/09\/202304farandole-1.jpg\" \/>\n<meta name=\"twitter:creator\" content=\"@VosgesInfo88\" \/>\n<meta name=\"twitter:site\" content=\"@VosgesInfo88\" \/>\n<meta name=\"twitter:label1\" content=\"\u00c9crit par\" \/>\n\t<meta name=\"twitter:data1\" content=\"C D\" \/>\n\t<meta name=\"twitter:label2\" content=\"Dur\u00e9e de lecture estim\u00e9e\" \/>\n\t<meta name=\"twitter:data2\" content=\"1 minute\" \/>\n<script type=\"application\/ld+json\" class=\"yoast-schema-graph\">{\"@context\":\"https:\/\/schema.org\",\"@graph\":[{\"@type\":\"Article\",\"@id\":\"https:\/\/vosgesinfo.fr\/remiremontinfo\/2023\/04\/saint-maurice-nouvelles-enseignes-de-farandole-viennent-detre-posees\/#article\",\"isPartOf\":{\"@id\":\"https:\/\/vosgesinfo.fr\/remiremontinfo\/2023\/04\/saint-maurice-nouvelles-enseignes-de-farandole-viennent-detre-posees\/\"},\"author\":{\"name\":\"C D\",\"@id\":\"https:\/\/vosgesinfo.fr\/remiremontinfo\/#\/schema\/person\/3bfd164d5218a185b1db68655a265316\"},\"headline\":\"Saint-Maurice : les nouvelles enseignes de La Farandole viennent d&rsquo;\u00eatre pos\u00e9es\",\"datePublished\":\"2023-04-24T06:42:23+00:00\",\"dateModified\":\"2023-04-24T06:42:23+00:00\",\"mainEntityOfPage\":{\"@id\":\"https:\/\/vosgesinfo.fr\/remiremontinfo\/2023\/04\/saint-maurice-nouvelles-enseignes-de-farandole-viennent-detre-posees\/\"},\"wordCount\":298,\"commentCount\":0,\"publisher\":{\"@id\":\"https:\/\/vosgesinfo.fr\/remiremontinfo\/#organization\"},\"image\":{\"@id\":\"https:\/\/vosgesinfo.fr\/remiremontinfo\/2023\/04\/saint-maurice-nouvelles-enseignes-de-farandole-viennent-detre-posees\/#primaryimage\"},\"thumbnailUrl\":\"https:\/\/vosgesinfo.fr\/app\/uploads\/sites\/5\/2024\/09\/202304farandole-1.jpg\",\"keywords\":[\"farandole\",\"Saint-Maurice\",\"Vosges\"],\"articleSection\":[\"A la Une\",\"Le Thillot &amp; son canton\",\"Saint-Maurice\/Moselle\"],\"inLanguage\":\"fr-FR\",\"potentialAction\":[{\"@type\":\"CommentAction\",\"name\":\"Comment\",\"target\":[\"https:\/\/vosgesinfo.fr\/remiremontinfo\/2023\/04\/saint-maurice-nouvelles-enseignes-de-farandole-viennent-detre-posees\/#respond\"]}]},{\"@type\":\"WebPage\",\"@id\":\"https:\/\/vosgesinfo.fr\/remiremontinfo\/2023\/04\/saint-maurice-nouvelles-enseignes-de-farandole-viennent-detre-posees\/\",\"url\":\"https:\/\/vosgesinfo.fr\/remiremontinfo\/2023\/04\/saint-maurice-nouvelles-enseignes-de-farandole-viennent-detre-posees\/\",\"name\":\"Saint-Maurice : les nouvelles enseignes de La Farandole viennent d'\u00eatre pos\u00e9es - Remiremont Info\",\"isPartOf\":{\"@id\":\"https:\/\/vosgesinfo.fr\/remiremontinfo\/#website\"},\"primaryImageOfPage\":{\"@id\":\"https:\/\/vosgesinfo.fr\/remiremontinfo\/2023\/04\/saint-maurice-nouvelles-enseignes-de-farandole-viennent-detre-posees\/#primaryimage\"},\"image\":{\"@id\":\"https:\/\/vosgesinfo.fr\/remiremontinfo\/2023\/04\/saint-maurice-nouvelles-enseignes-de-farandole-viennent-detre-posees\/#primaryimage\"},\"thumbnailUrl\":\"https:\/\/vosgesinfo.fr\/app\/uploads\/sites\/5\/2024\/09\/202304farandole-1.jpg\",\"datePublished\":\"2023-04-24T06:42:23+00:00\",\"dateModified\":\"2023-04-24T06:42:23+00:00\",\"breadcrumb\":{\"@id\":\"https:\/\/vosgesinfo.fr\/remiremontinfo\/2023\/04\/saint-maurice-nouvelles-enseignes-de-farandole-viennent-detre-posees\/#breadcrumb\"},\"inLanguage\":\"fr-FR\",\"potentialAction\":[{\"@type\":\"ReadAction\",\"target\":[\"https:\/\/vosgesinfo.fr\/remiremontinfo\/2023\/04\/saint-maurice-nouvelles-enseignes-de-farandole-viennent-detre-posees\/\"]}]},{\"@type\":\"ImageObject\",\"inLanguage\":\"fr-FR\",\"@id\":\"https:\/\/vosgesinfo.fr\/remiremontinfo\/2023\/04\/saint-maurice-nouvelles-enseignes-de-farandole-viennent-detre-posees\/#primaryimage\",\"url\":\"https:\/\/vosgesinfo.fr\/app\/uploads\/sites\/5\/2024\/09\/202304farandole-1.jpg\",\"contentUrl\":\"https:\/\/vosgesinfo.fr\/app\/uploads\/sites\/5\/2024\/09\/202304farandole-1.jpg\",\"width\":2048,\"height\":1536},{\"@type\":\"BreadcrumbList\",\"@id\":\"https:\/\/vosgesinfo.fr\/remiremontinfo\/2023\/04\/saint-maurice-nouvelles-enseignes-de-farandole-viennent-detre-posees\/#breadcrumb\",\"itemListElement\":[{\"@type\":\"ListItem\",\"position\":1,\"name\":\"Home\",\"item\":\"https:\/\/vosgesinfo.fr\/remiremontinfo\/\"},{\"@type\":\"ListItem\",\"position\":2,\"name\":\"Saint-Maurice : les nouvelles enseignes de La Farandole viennent d&rsquo;\u00eatre pos\u00e9es\"}]},{\"@type\":\"WebSite\",\"@id\":\"https:\/\/vosgesinfo.fr\/remiremontinfo\/#website\",\"url\":\"https:\/\/vosgesinfo.fr\/remiremontinfo\/\",\"name\":\"Remiremont Info\",\"description\":\"Toute l&#039;actualit\u00e9 de Remiremont\",\"publisher\":{\"@id\":\"https:\/\/vosgesinfo.fr\/remiremontinfo\/#organization\"},\"alternateName\":\"Toute l'actualit\u00e9 de Remiremont\",\"potentialAction\":[{\"@type\":\"SearchAction\",\"target\":{\"@type\":\"EntryPoint\",\"urlTemplate\":\"https:\/\/vosgesinfo.fr\/remiremontinfo\/?s={search_term_string}\"},\"query-input\":\"required name=search_term_string\"}],\"inLanguage\":\"fr-FR\"},{\"@type\":\"Organization\",\"@id\":\"https:\/\/vosgesinfo.fr\/remiremontinfo\/#organization\",\"name\":\"Remiremont Info\",\"url\":\"https:\/\/vosgesinfo.fr\/remiremontinfo\/\",\"logo\":{\"@type\":\"ImageObject\",\"inLanguage\":\"fr-FR\",\"@id\":\"https:\/\/vosgesinfo.fr\/remiremontinfo\/#\/schema\/logo\/image\/\",\"url\":\"https:\/\/vosgesinfo.fr\/app\/uploads\/sites\/5\/2023\/08\/favicon-remiremontinfo.png\",\"contentUrl\":\"https:\/\/vosgesinfo.fr\/app\/uploads\/sites\/5\/2023\/08\/favicon-remiremontinfo.png\",\"width\":512,\"height\":512,\"caption\":\"Remiremont Info\"},\"image\":{\"@id\":\"https:\/\/vosgesinfo.fr\/remiremontinfo\/#\/schema\/logo\/image\/\"},\"sameAs\":[\"https:\/\/www.facebook.com\/remiremontinfo\",\"https:\/\/x.com\/VosgesInfo88\",\"https:\/\/www.youtube.com\/@vosgesinfo\"]},{\"@type\":\"Person\",\"@id\":\"https:\/\/vosgesinfo.fr\/remiremontinfo\/#\/schema\/person\/3bfd164d5218a185b1db68655a265316\",\"name\":\"C D\",\"image\":{\"@type\":\"ImageObject\",\"inLanguage\":\"fr-FR\",\"@id\":\"https:\/\/vosgesinfo.fr\/remiremontinfo\/#\/schema\/person\/image\/\",\"url\":\"https:\/\/secure.gravatar.com\/avatar\/1f9a70007336511a47468b8f1c66f922b8b7cf617b02a31149ada43893a5d48f?s=96&d=mm&r=g\",\"contentUrl\":\"https:\/\/secure.gravatar.com\/avatar\/1f9a70007336511a47468b8f1c66f922b8b7cf617b02a31149ada43893a5d48f?s=96&d=mm&r=g\",\"caption\":\"C D\"},\"url\":\"https:\/\/vosgesinfo.fr\/remiremontinfo\/author\/cedric-drevet\/\"}]}<\/script>\n<!-- \/ Yoast SEO plugin. -->","yoast_head_json":{"title":"Saint-Maurice : les nouvelles enseignes de La Farandole viennent d'\u00eatre pos\u00e9es - Remiremont Info","robots":{"index":"index","follow":"follow","max-snippet":"max-snippet:-1","max-image-preview":"max-image-preview:large","max-video-preview":"max-video-preview:-1"},"canonical":"https:\/\/vosgesinfo.fr\/remiremontinfo\/2023\/04\/saint-maurice-nouvelles-enseignes-de-farandole-viennent-detre-posees\/","twitter_card":"summary_large_image","twitter_title":"Saint-Maurice : les nouvelles enseignes de La Farandole viennent d'\u00eatre pos\u00e9es - Remiremont Info","twitter_description":"Source : Mairie de Saint-Maurice\u00a0 Les nouvelles enseignes de La Farandole\u00a0viennent d&rsquo;\u00eatre pos\u00e9es. La Mairie de Saint-Maurice en profite\u00a0pour souligner [&hellip;]","twitter_image":"https:\/\/vosgesinfo.fr\/app\/uploads\/sites\/5\/2024\/09\/202304farandole-1.jpg","twitter_creator":"@VosgesInfo88","twitter_site":"@VosgesInfo88","twitter_misc":{"\u00c9crit par":"C D","Dur\u00e9e de lecture estim\u00e9e":"1 minute"},"schema":{"@context":"https:\/\/schema.org","@graph":[{"@type":"Article","@id":"https:\/\/vosgesinfo.fr\/remiremontinfo\/2023\/04\/saint-maurice-nouvelles-enseignes-de-farandole-viennent-detre-posees\/#article","isPartOf":{"@id":"https:\/\/vosgesinfo.fr\/remiremontinfo\/2023\/04\/saint-maurice-nouvelles-enseignes-de-farandole-viennent-detre-posees\/"},"author":{"name":"C D","@id":"https:\/\/vosgesinfo.fr\/remiremontinfo\/#\/schema\/person\/3bfd164d5218a185b1db68655a265316"},"headline":"Saint-Maurice : les nouvelles enseignes de La Farandole viennent d&rsquo;\u00eatre pos\u00e9es","datePublished":"2023-04-24T06:42:23+00:00","dateModified":"2023-04-24T06:42:23+00:00","mainEntityOfPage":{"@id":"https:\/\/vosgesinfo.fr\/remiremontinfo\/2023\/04\/saint-maurice-nouvelles-enseignes-de-farandole-viennent-detre-posees\/"},"wordCount":298,"commentCount":0,"publisher":{"@id":"https:\/\/vosgesinfo.fr\/remiremontinfo\/#organization"},"image":{"@id":"https:\/\/vosgesinfo.fr\/remiremontinfo\/2023\/04\/saint-maurice-nouvelles-enseignes-de-farandole-viennent-detre-posees\/#primaryimage"},"thumbnailUrl":"https:\/\/vosgesinfo.fr\/app\/uploads\/sites\/5\/2024\/09\/202304farandole-1.jpg","keywords":["farandole","Saint-Maurice","Vosges"],"articleSection":["A la Une","Le Thillot &amp; son canton","Saint-Maurice\/Moselle"],"inLanguage":"fr-FR","potentialAction":[{"@type":"CommentAction","name":"Comment","target":["https:\/\/vosgesinfo.fr\/remiremontinfo\/2023\/04\/saint-maurice-nouvelles-enseignes-de-farandole-viennent-detre-posees\/#respond"]}]},{"@type":"WebPage","@id":"https:\/\/vosgesinfo.fr\/remiremontinfo\/2023\/04\/saint-maurice-nouvelles-enseignes-de-farandole-viennent-detre-posees\/","url":"https:\/\/vosgesinfo.fr\/remiremontinfo\/2023\/04\/saint-maurice-nouvelles-enseignes-de-farandole-viennent-detre-posees\/","name":"Saint-Maurice : les nouvelles enseignes de La Farandole viennent d'\u00eatre pos\u00e9es - Remiremont Info","isPartOf":{"@id":"https:\/\/vosgesinfo.fr\/remiremontinfo\/#website"},"primaryImageOfPage":{"@id":"https:\/\/vosgesinfo.fr\/remiremontinfo\/2023\/04\/saint-maurice-nouvelles-enseignes-de-farandole-viennent-detre-posees\/#primaryimage"},"image":{"@id":"https:\/\/vosgesinfo.fr\/remiremontinfo\/2023\/04\/saint-maurice-nouvelles-enseignes-de-farandole-viennent-detre-posees\/#primaryimage"},"thumbnailUrl":"https:\/\/vosgesinfo.fr\/app\/uploads\/sites\/5\/2024\/09\/202304farandole-1.jpg","datePublished":"2023-04-24T06:42:23+00:00","dateModified":"2023-04-24T06:42:23+00:00","breadcrumb":{"@id":"https:\/\/vosgesinfo.fr\/remiremontinfo\/2023\/04\/saint-maurice-nouvelles-enseignes-de-farandole-viennent-detre-posees\/#breadcrumb"},"inLanguage":"fr-FR","potentialAction":[{"@type":"ReadAction","target":["https:\/\/vosgesinfo.fr\/remiremontinfo\/2023\/04\/saint-maurice-nouvelles-enseignes-de-farandole-viennent-detre-posees\/"]}]},{"@type":"ImageObject","inLanguage":"fr-FR","@id":"https:\/\/vosgesinfo.fr\/remiremontinfo\/2023\/04\/saint-maurice-nouvelles-enseignes-de-farandole-viennent-detre-posees\/#primaryimage","url":"https:\/\/vosgesinfo.fr\/app\/uploads\/sites\/5\/2024\/09\/202304farandole-1.jpg","contentUrl":"https:\/\/vosgesinfo.fr\/app\/uploads\/sites\/5\/2024\/09\/202304farandole-1.jpg","width":2048,"height":1536},{"@type":"BreadcrumbList","@id":"https:\/\/vosgesinfo.fr\/remiremontinfo\/2023\/04\/saint-maurice-nouvelles-enseignes-de-farandole-viennent-detre-posees\/#breadcrumb","itemListElement":[{"@type":"ListItem","position":1,"name":"Home","item":"https:\/\/vosgesinfo.fr\/remiremontinfo\/"},{"@type":"ListItem","position":2,"name":"Saint-Maurice : les nouvelles enseignes de La Farandole viennent d&rsquo;\u00eatre pos\u00e9es"}]},{"@type":"WebSite","@id":"https:\/\/vosgesinfo.fr\/remiremontinfo\/#website","url":"https:\/\/vosgesinfo.fr\/remiremontinfo\/","name":"Remiremont Info","description":"Toute l&#039;actualit\u00e9 de Remiremont","publisher":{"@id":"https:\/\/vosgesinfo.fr\/remiremontinfo\/#organization"},"alternateName":"Toute l'actualit\u00e9 de Remiremont","potentialAction":[{"@type":"SearchAction","target":{"@type":"EntryPoint","urlTemplate":"https:\/\/vosgesinfo.fr\/remiremontinfo\/?s={search_term_string}"},"query-input":"required name=search_term_string"}],"inLanguage":"fr-FR"},{"@type":"Organization","@id":"https:\/\/vosgesinfo.fr\/remiremontinfo\/#organization","name":"Remiremont Info","url":"https:\/\/vosgesinfo.fr\/remiremontinfo\/","logo":{"@type":"ImageObject","inLanguage":"fr-FR","@id":"https:\/\/vosgesinfo.fr\/remiremontinfo\/#\/schema\/logo\/image\/","url":"https:\/\/vosgesinfo.fr\/app\/uploads\/sites\/5\/2023\/08\/favicon-remiremontinfo.png","contentUrl":"https:\/\/vosgesinfo.fr\/app\/uploads\/sites\/5\/2023\/08\/favicon-remiremontinfo.png","width":512,"height":512,"caption":"Remiremont Info"},"image":{"@id":"https:\/\/vosgesinfo.fr\/remiremontinfo\/#\/schema\/logo\/image\/"},"sameAs":["https:\/\/www.facebook.com\/remiremontinfo","https:\/\/x.com\/VosgesInfo88","https:\/\/www.youtube.com\/@vosgesinfo"]},{"@type":"Person","@id":"https:\/\/vosgesinfo.fr\/remiremontinfo\/#\/schema\/person\/3bfd164d5218a185b1db68655a265316","name":"C D","image":{"@type":"ImageObject","inLanguage":"fr-FR","@id":"https:\/\/vosgesinfo.fr\/remiremontinfo\/#\/schema\/person\/image\/","url":"https:\/\/secure.gravatar.com\/avatar\/1f9a70007336511a47468b8f1c66f922b8b7cf617b02a31149ada43893a5d48f?s=96&d=mm&r=g","contentUrl":"https:\/\/secure.gravatar.com\/avatar\/1f9a70007336511a47468b8f1c66f922b8b7cf617b02a31149ada43893a5d48f?s=96&d=mm&r=g","caption":"C D"},"url":"https:\/\/vosgesinfo.fr\/remiremontinfo\/author\/cedric-drevet\/"}]}},"_links":{"self":[{"href":"https:\/\/vosgesinfo.fr\/remiremontinfo\/wp-json\/wp\/v2\/posts\/70659","targetHints":{"allow":["GET"]}}],"collection":[{"href":"https:\/\/vosgesinfo.fr\/remiremontinfo\/wp-json\/wp\/v2\/posts"}],"about":[{"href":"https:\/\/vosgesinfo.fr\/remiremontinfo\/wp-json\/wp\/v2\/types\/post"}],"author":[{"embeddable":true,"href":"https:\/\/vosgesinfo.fr\/remiremontinfo\/wp-json\/wp\/v2\/users\/407"}],"replies":[{"embeddable":true,"href":"https:\/\/vosgesinfo.fr\/remiremontinfo\/wp-json\/wp\/v2\/comments?post=70659"}],"version-history":[{"count":0,"href":"https:\/\/vosgesinfo.fr\/remiremontinfo\/wp-json\/wp\/v2\/posts\/70659\/revisions"}],"wp:featuredmedia":[{"embeddable":true,"href":"https:\/\/vosgesinfo.fr\/remiremontinfo\/wp-json\/wp\/v2\/media\/70660"}],"wp:attachment":[{"href":"https:\/\/vosgesinfo.fr\/remiremontinfo\/wp-json\/wp\/v2\/media?parent=70659"}],"wp:term":[{"taxonomy":"category","embeddable":true,"href":"https:\/\/vosgesinfo.fr\/remiremontinfo\/wp-json\/wp\/v2\/categories?post=70659"},{"taxonomy":"post_tag","embeddable":true,"href":"https:\/\/vosgesinfo.fr\/remiremontinfo\/wp-json\/wp\/v2\/tags?post=70659"}],"curies":[{"name":"wp","href":"https:\/\/api.w.org\/{rel}","templated":true}]}}