{"id":70689,"date":"2023-04-24T14:27:27","date_gmt":"2023-04-24T12:27:27","guid":{"rendered":"https:\/\/vosgesinfo.fr\/remiremontinfo\/2023\/04\/ballet-glace-nationscup-lequipe-epines-blanches-depinal-rafle-3e-place-a-boston\/"},"modified":"2023-04-24T14:27:27","modified_gmt":"2023-04-24T12:27:27","slug":"ballet-glace-nationscup-lequipe-epines-blanches-depinal-rafle-3e-place-a-boston","status":"publish","type":"post","link":"https:\/\/vosgesinfo.fr\/remiremontinfo\/2023\/04\/ballet-glace-nationscup-lequipe-epines-blanches-depinal-rafle-3e-place-a-boston\/","title":{"rendered":"Ballet sur glace Nations\u2019Cup: l\u2019\u00e9quipe Les \u00ab \u00c9pines Blanches \u00bb d\u2019\u00c9pinal rafle la 3e place \u00e0 Boston"},"content":{"rendered":"<p>L\u2019\u00e9v\u00e8nement avait lieu aux Etats Unis, \u00e0 Boston ! L\u2019\u00e9quipe d\u2019Epinal \u00ab\u00a0\u00c9pines Blanches\u00a0\u00bb, a eu la chance de repartir avec une belle coupe rafl\u00e9e lors de la Nation\u2019s Cup 2023 de Ballet sur Glace cat\u00e9gorie Junior.<\/p>\n<p>Elles ont remport\u00e9 la m\u00e9daille de bronze derri\u00e8re deux \u00e9quipes am\u00e9ricaines apr\u00e8s<span class=\"x193iq5w xeuugli x13faqbe x1vvkbs x1xmvt09 x1lliihq x1s928wv xhkezso x1gmr53x x1cpjm7i x1fgarty x1943h6x xudqn12 x3x7a5m x6prxxf xvq8zen xo1l8bm xzsf02u x1yc453h\" dir=\"auto\">\u00a0un programme libre fort et poignant sur le th\u00e8me des violences faites aux femmes. C<\/span>e sont deux \u00e9quipes am\u00e9ricaines qui remportent l\u2019or et l\u2019argent.<\/p>\n","protected":false},"excerpt":{"rendered":"<p>L\u2019\u00e9v\u00e8nement avait lieu aux Etats Unis, \u00e0 Boston ! L\u2019\u00e9quipe d\u2019Epinal \u00ab\u00a0\u00c9pines Blanches\u00a0\u00bb, a eu la chance de repartir avec [&hellip;]<\/p>\n","protected":false},"author":407,"featured_media":70690,"comment_status":"open","ping_status":"open","sticky":false,"template":"","format":"standard","meta":{"footnotes":""},"categories":[26,14,18],"tags":[2883,3132,32],"class_list":["post-70689","post","type-post","status-publish","format-standard","has-post-thumbnail","hentry","category-a-la-une","category-sport","category-vosges","tag-ballet","tag-glace","tag-vosges"],"acf":[],"yoast_head":"<!-- This site is optimized with the Yoast SEO plugin v22.5 - https:\/\/yoast.com\/wordpress\/plugins\/seo\/ -->\n<title>Ballet sur glace Nations\u2019Cup: l\u2019\u00e9quipe Les \u00ab \u00c9pines Blanches \u00bb d\u2019\u00c9pinal rafle la 3e place \u00e0 Boston - Remiremont Info<\/title>\n<meta name=\"robots\" content=\"index, follow, max-snippet:-1, max-image-preview:large, max-video-preview:-1\" \/>\n<link rel=\"canonical\" href=\"https:\/\/vosgesinfo.fr\/remiremontinfo\/2023\/04\/ballet-glace-nationscup-lequipe-epines-blanches-depinal-rafle-3e-place-a-boston\/\" \/>\n<meta name=\"twitter:card\" content=\"summary_large_image\" \/>\n<meta name=\"twitter:title\" content=\"Ballet sur glace Nations\u2019Cup: l\u2019\u00e9quipe Les \u00ab \u00c9pines Blanches \u00bb d\u2019\u00c9pinal rafle la 3e place \u00e0 Boston - Remiremont Info\" \/>\n<meta name=\"twitter:description\" content=\"L\u2019\u00e9v\u00e8nement avait lieu aux Etats Unis, \u00e0 Boston ! L\u2019\u00e9quipe d\u2019Epinal \u00ab\u00a0\u00c9pines Blanches\u00a0\u00bb, a eu la chance de repartir avec [&hellip;]\" \/>\n<meta name=\"twitter:image\" content=\"https:\/\/vosgesinfo.fr\/app\/uploads\/sites\/5\/2024\/09\/202304342450659-882049426218772-4109862292165771557-n-800x600-1.jpg\" \/>\n<meta name=\"twitter:creator\" content=\"@VosgesInfo88\" \/>\n<meta name=\"twitter:site\" content=\"@VosgesInfo88\" \/>\n<meta name=\"twitter:label1\" content=\"\u00c9crit par\" \/>\n\t<meta name=\"twitter:data1\" content=\"C D\" \/>\n<script type=\"application\/ld+json\" class=\"yoast-schema-graph\">{\"@context\":\"https:\/\/schema.org\",\"@graph\":[{\"@type\":\"Article\",\"@id\":\"https:\/\/vosgesinfo.fr\/remiremontinfo\/2023\/04\/ballet-glace-nationscup-lequipe-epines-blanches-depinal-rafle-3e-place-a-boston\/#article\",\"isPartOf\":{\"@id\":\"https:\/\/vosgesinfo.fr\/remiremontinfo\/2023\/04\/ballet-glace-nationscup-lequipe-epines-blanches-depinal-rafle-3e-place-a-boston\/\"},\"author\":{\"name\":\"C D\",\"@id\":\"https:\/\/vosgesinfo.fr\/remiremontinfo\/#\/schema\/person\/3bfd164d5218a185b1db68655a265316\"},\"headline\":\"Ballet sur glace Nations\u2019Cup: l\u2019\u00e9quipe Les \u00ab \u00c9pines Blanches \u00bb d\u2019\u00c9pinal rafle la 3e place \u00e0 Boston\",\"datePublished\":\"2023-04-24T12:27:27+00:00\",\"dateModified\":\"2023-04-24T12:27:27+00:00\",\"mainEntityOfPage\":{\"@id\":\"https:\/\/vosgesinfo.fr\/remiremontinfo\/2023\/04\/ballet-glace-nationscup-lequipe-epines-blanches-depinal-rafle-3e-place-a-boston\/\"},\"wordCount\":101,\"commentCount\":0,\"publisher\":{\"@id\":\"https:\/\/vosgesinfo.fr\/remiremontinfo\/#organization\"},\"image\":{\"@id\":\"https:\/\/vosgesinfo.fr\/remiremontinfo\/2023\/04\/ballet-glace-nationscup-lequipe-epines-blanches-depinal-rafle-3e-place-a-boston\/#primaryimage\"},\"thumbnailUrl\":\"https:\/\/vosgesinfo.fr\/app\/uploads\/sites\/5\/2024\/09\/202304342450659-882049426218772-4109862292165771557-n-800x600-1.jpg\",\"keywords\":[\"ballet\",\"glace\",\"Vosges\"],\"articleSection\":[\"A la Une\",\"Sport\",\"Vosges\"],\"inLanguage\":\"fr-FR\",\"potentialAction\":[{\"@type\":\"CommentAction\",\"name\":\"Comment\",\"target\":[\"https:\/\/vosgesinfo.fr\/remiremontinfo\/2023\/04\/ballet-glace-nationscup-lequipe-epines-blanches-depinal-rafle-3e-place-a-boston\/#respond\"]}]},{\"@type\":\"WebPage\",\"@id\":\"https:\/\/vosgesinfo.fr\/remiremontinfo\/2023\/04\/ballet-glace-nationscup-lequipe-epines-blanches-depinal-rafle-3e-place-a-boston\/\",\"url\":\"https:\/\/vosgesinfo.fr\/remiremontinfo\/2023\/04\/ballet-glace-nationscup-lequipe-epines-blanches-depinal-rafle-3e-place-a-boston\/\",\"name\":\"Ballet sur glace Nations\u2019Cup: l\u2019\u00e9quipe Les \u00ab \u00c9pines Blanches \u00bb d\u2019\u00c9pinal rafle la 3e place \u00e0 Boston - Remiremont Info\",\"isPartOf\":{\"@id\":\"https:\/\/vosgesinfo.fr\/remiremontinfo\/#website\"},\"primaryImageOfPage\":{\"@id\":\"https:\/\/vosgesinfo.fr\/remiremontinfo\/2023\/04\/ballet-glace-nationscup-lequipe-epines-blanches-depinal-rafle-3e-place-a-boston\/#primaryimage\"},\"image\":{\"@id\":\"https:\/\/vosgesinfo.fr\/remiremontinfo\/2023\/04\/ballet-glace-nationscup-lequipe-epines-blanches-depinal-rafle-3e-place-a-boston\/#primaryimage\"},\"thumbnailUrl\":\"https:\/\/vosgesinfo.fr\/app\/uploads\/sites\/5\/2024\/09\/202304342450659-882049426218772-4109862292165771557-n-800x600-1.jpg\",\"datePublished\":\"2023-04-24T12:27:27+00:00\",\"dateModified\":\"2023-04-24T12:27:27+00:00\",\"breadcrumb\":{\"@id\":\"https:\/\/vosgesinfo.fr\/remiremontinfo\/2023\/04\/ballet-glace-nationscup-lequipe-epines-blanches-depinal-rafle-3e-place-a-boston\/#breadcrumb\"},\"inLanguage\":\"fr-FR\",\"potentialAction\":[{\"@type\":\"ReadAction\",\"target\":[\"https:\/\/vosgesinfo.fr\/remiremontinfo\/2023\/04\/ballet-glace-nationscup-lequipe-epines-blanches-depinal-rafle-3e-place-a-boston\/\"]}]},{\"@type\":\"ImageObject\",\"inLanguage\":\"fr-FR\",\"@id\":\"https:\/\/vosgesinfo.fr\/remiremontinfo\/2023\/04\/ballet-glace-nationscup-lequipe-epines-blanches-depinal-rafle-3e-place-a-boston\/#primaryimage\",\"url\":\"https:\/\/vosgesinfo.fr\/app\/uploads\/sites\/5\/2024\/09\/202304342450659-882049426218772-4109862292165771557-n-800x600-1.jpg\",\"contentUrl\":\"https:\/\/vosgesinfo.fr\/app\/uploads\/sites\/5\/2024\/09\/202304342450659-882049426218772-4109862292165771557-n-800x600-1.jpg\",\"width\":800,\"height\":600},{\"@type\":\"BreadcrumbList\",\"@id\":\"https:\/\/vosgesinfo.fr\/remiremontinfo\/2023\/04\/ballet-glace-nationscup-lequipe-epines-blanches-depinal-rafle-3e-place-a-boston\/#breadcrumb\",\"itemListElement\":[{\"@type\":\"ListItem\",\"position\":1,\"name\":\"Home\",\"item\":\"https:\/\/vosgesinfo.fr\/remiremontinfo\/\"},{\"@type\":\"ListItem\",\"position\":2,\"name\":\"Ballet sur glace Nations\u2019Cup: l\u2019\u00e9quipe Les \u00ab \u00c9pines Blanches \u00bb d\u2019\u00c9pinal rafle la 3e place \u00e0 Boston\"}]},{\"@type\":\"WebSite\",\"@id\":\"https:\/\/vosgesinfo.fr\/remiremontinfo\/#website\",\"url\":\"https:\/\/vosgesinfo.fr\/remiremontinfo\/\",\"name\":\"Remiremont Info\",\"description\":\"Toute l&#039;actualit\u00e9 de Remiremont\",\"publisher\":{\"@id\":\"https:\/\/vosgesinfo.fr\/remiremontinfo\/#organization\"},\"alternateName\":\"Toute l'actualit\u00e9 de Remiremont\",\"potentialAction\":[{\"@type\":\"SearchAction\",\"target\":{\"@type\":\"EntryPoint\",\"urlTemplate\":\"https:\/\/vosgesinfo.fr\/remiremontinfo\/?s={search_term_string}\"},\"query-input\":\"required name=search_term_string\"}],\"inLanguage\":\"fr-FR\"},{\"@type\":\"Organization\",\"@id\":\"https:\/\/vosgesinfo.fr\/remiremontinfo\/#organization\",\"name\":\"Remiremont Info\",\"url\":\"https:\/\/vosgesinfo.fr\/remiremontinfo\/\",\"logo\":{\"@type\":\"ImageObject\",\"inLanguage\":\"fr-FR\",\"@id\":\"https:\/\/vosgesinfo.fr\/remiremontinfo\/#\/schema\/logo\/image\/\",\"url\":\"https:\/\/vosgesinfo.fr\/app\/uploads\/sites\/5\/2023\/08\/favicon-remiremontinfo.png\",\"contentUrl\":\"https:\/\/vosgesinfo.fr\/app\/uploads\/sites\/5\/2023\/08\/favicon-remiremontinfo.png\",\"width\":512,\"height\":512,\"caption\":\"Remiremont Info\"},\"image\":{\"@id\":\"https:\/\/vosgesinfo.fr\/remiremontinfo\/#\/schema\/logo\/image\/\"},\"sameAs\":[\"https:\/\/www.facebook.com\/remiremontinfo\",\"https:\/\/x.com\/VosgesInfo88\",\"https:\/\/www.youtube.com\/@vosgesinfo\"]},{\"@type\":\"Person\",\"@id\":\"https:\/\/vosgesinfo.fr\/remiremontinfo\/#\/schema\/person\/3bfd164d5218a185b1db68655a265316\",\"name\":\"C D\",\"image\":{\"@type\":\"ImageObject\",\"inLanguage\":\"fr-FR\",\"@id\":\"https:\/\/vosgesinfo.fr\/remiremontinfo\/#\/schema\/person\/image\/\",\"url\":\"https:\/\/secure.gravatar.com\/avatar\/1f9a70007336511a47468b8f1c66f922b8b7cf617b02a31149ada43893a5d48f?s=96&d=mm&r=g\",\"contentUrl\":\"https:\/\/secure.gravatar.com\/avatar\/1f9a70007336511a47468b8f1c66f922b8b7cf617b02a31149ada43893a5d48f?s=96&d=mm&r=g\",\"caption\":\"C D\"},\"url\":\"https:\/\/vosgesinfo.fr\/remiremontinfo\/author\/cedric-drevet\/\"}]}<\/script>\n<!-- \/ Yoast SEO plugin. -->","yoast_head_json":{"title":"Ballet sur glace Nations\u2019Cup: l\u2019\u00e9quipe Les \u00ab \u00c9pines Blanches \u00bb d\u2019\u00c9pinal rafle la 3e place \u00e0 Boston - Remiremont Info","robots":{"index":"index","follow":"follow","max-snippet":"max-snippet:-1","max-image-preview":"max-image-preview:large","max-video-preview":"max-video-preview:-1"},"canonical":"https:\/\/vosgesinfo.fr\/remiremontinfo\/2023\/04\/ballet-glace-nationscup-lequipe-epines-blanches-depinal-rafle-3e-place-a-boston\/","twitter_card":"summary_large_image","twitter_title":"Ballet sur glace Nations\u2019Cup: l\u2019\u00e9quipe Les \u00ab \u00c9pines Blanches \u00bb d\u2019\u00c9pinal rafle la 3e place \u00e0 Boston - Remiremont Info","twitter_description":"L\u2019\u00e9v\u00e8nement avait lieu aux Etats Unis, \u00e0 Boston ! L\u2019\u00e9quipe d\u2019Epinal \u00ab\u00a0\u00c9pines Blanches\u00a0\u00bb, a eu la chance de repartir avec [&hellip;]","twitter_image":"https:\/\/vosgesinfo.fr\/app\/uploads\/sites\/5\/2024\/09\/202304342450659-882049426218772-4109862292165771557-n-800x600-1.jpg","twitter_creator":"@VosgesInfo88","twitter_site":"@VosgesInfo88","twitter_misc":{"\u00c9crit par":"C D"},"schema":{"@context":"https:\/\/schema.org","@graph":[{"@type":"Article","@id":"https:\/\/vosgesinfo.fr\/remiremontinfo\/2023\/04\/ballet-glace-nationscup-lequipe-epines-blanches-depinal-rafle-3e-place-a-boston\/#article","isPartOf":{"@id":"https:\/\/vosgesinfo.fr\/remiremontinfo\/2023\/04\/ballet-glace-nationscup-lequipe-epines-blanches-depinal-rafle-3e-place-a-boston\/"},"author":{"name":"C D","@id":"https:\/\/vosgesinfo.fr\/remiremontinfo\/#\/schema\/person\/3bfd164d5218a185b1db68655a265316"},"headline":"Ballet sur glace Nations\u2019Cup: l\u2019\u00e9quipe Les \u00ab \u00c9pines Blanches \u00bb d\u2019\u00c9pinal rafle la 3e place \u00e0 Boston","datePublished":"2023-04-24T12:27:27+00:00","dateModified":"2023-04-24T12:27:27+00:00","mainEntityOfPage":{"@id":"https:\/\/vosgesinfo.fr\/remiremontinfo\/2023\/04\/ballet-glace-nationscup-lequipe-epines-blanches-depinal-rafle-3e-place-a-boston\/"},"wordCount":101,"commentCount":0,"publisher":{"@id":"https:\/\/vosgesinfo.fr\/remiremontinfo\/#organization"},"image":{"@id":"https:\/\/vosgesinfo.fr\/remiremontinfo\/2023\/04\/ballet-glace-nationscup-lequipe-epines-blanches-depinal-rafle-3e-place-a-boston\/#primaryimage"},"thumbnailUrl":"https:\/\/vosgesinfo.fr\/app\/uploads\/sites\/5\/2024\/09\/202304342450659-882049426218772-4109862292165771557-n-800x600-1.jpg","keywords":["ballet","glace","Vosges"],"articleSection":["A la Une","Sport","Vosges"],"inLanguage":"fr-FR","potentialAction":[{"@type":"CommentAction","name":"Comment","target":["https:\/\/vosgesinfo.fr\/remiremontinfo\/2023\/04\/ballet-glace-nationscup-lequipe-epines-blanches-depinal-rafle-3e-place-a-boston\/#respond"]}]},{"@type":"WebPage","@id":"https:\/\/vosgesinfo.fr\/remiremontinfo\/2023\/04\/ballet-glace-nationscup-lequipe-epines-blanches-depinal-rafle-3e-place-a-boston\/","url":"https:\/\/vosgesinfo.fr\/remiremontinfo\/2023\/04\/ballet-glace-nationscup-lequipe-epines-blanches-depinal-rafle-3e-place-a-boston\/","name":"Ballet sur glace Nations\u2019Cup: l\u2019\u00e9quipe Les \u00ab \u00c9pines Blanches \u00bb d\u2019\u00c9pinal rafle la 3e place \u00e0 Boston - Remiremont Info","isPartOf":{"@id":"https:\/\/vosgesinfo.fr\/remiremontinfo\/#website"},"primaryImageOfPage":{"@id":"https:\/\/vosgesinfo.fr\/remiremontinfo\/2023\/04\/ballet-glace-nationscup-lequipe-epines-blanches-depinal-rafle-3e-place-a-boston\/#primaryimage"},"image":{"@id":"https:\/\/vosgesinfo.fr\/remiremontinfo\/2023\/04\/ballet-glace-nationscup-lequipe-epines-blanches-depinal-rafle-3e-place-a-boston\/#primaryimage"},"thumbnailUrl":"https:\/\/vosgesinfo.fr\/app\/uploads\/sites\/5\/2024\/09\/202304342450659-882049426218772-4109862292165771557-n-800x600-1.jpg","datePublished":"2023-04-24T12:27:27+00:00","dateModified":"2023-04-24T12:27:27+00:00","breadcrumb":{"@id":"https:\/\/vosgesinfo.fr\/remiremontinfo\/2023\/04\/ballet-glace-nationscup-lequipe-epines-blanches-depinal-rafle-3e-place-a-boston\/#breadcrumb"},"inLanguage":"fr-FR","potentialAction":[{"@type":"ReadAction","target":["https:\/\/vosgesinfo.fr\/remiremontinfo\/2023\/04\/ballet-glace-nationscup-lequipe-epines-blanches-depinal-rafle-3e-place-a-boston\/"]}]},{"@type":"ImageObject","inLanguage":"fr-FR","@id":"https:\/\/vosgesinfo.fr\/remiremontinfo\/2023\/04\/ballet-glace-nationscup-lequipe-epines-blanches-depinal-rafle-3e-place-a-boston\/#primaryimage","url":"https:\/\/vosgesinfo.fr\/app\/uploads\/sites\/5\/2024\/09\/202304342450659-882049426218772-4109862292165771557-n-800x600-1.jpg","contentUrl":"https:\/\/vosgesinfo.fr\/app\/uploads\/sites\/5\/2024\/09\/202304342450659-882049426218772-4109862292165771557-n-800x600-1.jpg","width":800,"height":600},{"@type":"BreadcrumbList","@id":"https:\/\/vosgesinfo.fr\/remiremontinfo\/2023\/04\/ballet-glace-nationscup-lequipe-epines-blanches-depinal-rafle-3e-place-a-boston\/#breadcrumb","itemListElement":[{"@type":"ListItem","position":1,"name":"Home","item":"https:\/\/vosgesinfo.fr\/remiremontinfo\/"},{"@type":"ListItem","position":2,"name":"Ballet sur glace Nations\u2019Cup: l\u2019\u00e9quipe Les \u00ab \u00c9pines Blanches \u00bb d\u2019\u00c9pinal rafle la 3e place \u00e0 Boston"}]},{"@type":"WebSite","@id":"https:\/\/vosgesinfo.fr\/remiremontinfo\/#website","url":"https:\/\/vosgesinfo.fr\/remiremontinfo\/","name":"Remiremont Info","description":"Toute l&#039;actualit\u00e9 de Remiremont","publisher":{"@id":"https:\/\/vosgesinfo.fr\/remiremontinfo\/#organization"},"alternateName":"Toute l'actualit\u00e9 de Remiremont","potentialAction":[{"@type":"SearchAction","target":{"@type":"EntryPoint","urlTemplate":"https:\/\/vosgesinfo.fr\/remiremontinfo\/?s={search_term_string}"},"query-input":"required name=search_term_string"}],"inLanguage":"fr-FR"},{"@type":"Organization","@id":"https:\/\/vosgesinfo.fr\/remiremontinfo\/#organization","name":"Remiremont Info","url":"https:\/\/vosgesinfo.fr\/remiremontinfo\/","logo":{"@type":"ImageObject","inLanguage":"fr-FR","@id":"https:\/\/vosgesinfo.fr\/remiremontinfo\/#\/schema\/logo\/image\/","url":"https:\/\/vosgesinfo.fr\/app\/uploads\/sites\/5\/2023\/08\/favicon-remiremontinfo.png","contentUrl":"https:\/\/vosgesinfo.fr\/app\/uploads\/sites\/5\/2023\/08\/favicon-remiremontinfo.png","width":512,"height":512,"caption":"Remiremont Info"},"image":{"@id":"https:\/\/vosgesinfo.fr\/remiremontinfo\/#\/schema\/logo\/image\/"},"sameAs":["https:\/\/www.facebook.com\/remiremontinfo","https:\/\/x.com\/VosgesInfo88","https:\/\/www.youtube.com\/@vosgesinfo"]},{"@type":"Person","@id":"https:\/\/vosgesinfo.fr\/remiremontinfo\/#\/schema\/person\/3bfd164d5218a185b1db68655a265316","name":"C D","image":{"@type":"ImageObject","inLanguage":"fr-FR","@id":"https:\/\/vosgesinfo.fr\/remiremontinfo\/#\/schema\/person\/image\/","url":"https:\/\/secure.gravatar.com\/avatar\/1f9a70007336511a47468b8f1c66f922b8b7cf617b02a31149ada43893a5d48f?s=96&d=mm&r=g","contentUrl":"https:\/\/secure.gravatar.com\/avatar\/1f9a70007336511a47468b8f1c66f922b8b7cf617b02a31149ada43893a5d48f?s=96&d=mm&r=g","caption":"C D"},"url":"https:\/\/vosgesinfo.fr\/remiremontinfo\/author\/cedric-drevet\/"}]}},"_links":{"self":[{"href":"https:\/\/vosgesinfo.fr\/remiremontinfo\/wp-json\/wp\/v2\/posts\/70689","targetHints":{"allow":["GET"]}}],"collection":[{"href":"https:\/\/vosgesinfo.fr\/remiremontinfo\/wp-json\/wp\/v2\/posts"}],"about":[{"href":"https:\/\/vosgesinfo.fr\/remiremontinfo\/wp-json\/wp\/v2\/types\/post"}],"author":[{"embeddable":true,"href":"https:\/\/vosgesinfo.fr\/remiremontinfo\/wp-json\/wp\/v2\/users\/407"}],"replies":[{"embeddable":true,"href":"https:\/\/vosgesinfo.fr\/remiremontinfo\/wp-json\/wp\/v2\/comments?post=70689"}],"version-history":[{"count":0,"href":"https:\/\/vosgesinfo.fr\/remiremontinfo\/wp-json\/wp\/v2\/posts\/70689\/revisions"}],"wp:featuredmedia":[{"embeddable":true,"href":"https:\/\/vosgesinfo.fr\/remiremontinfo\/wp-json\/wp\/v2\/media\/70690"}],"wp:attachment":[{"href":"https:\/\/vosgesinfo.fr\/remiremontinfo\/wp-json\/wp\/v2\/media?parent=70689"}],"wp:term":[{"taxonomy":"category","embeddable":true,"href":"https:\/\/vosgesinfo.fr\/remiremontinfo\/wp-json\/wp\/v2\/categories?post=70689"},{"taxonomy":"post_tag","embeddable":true,"href":"https:\/\/vosgesinfo.fr\/remiremontinfo\/wp-json\/wp\/v2\/tags?post=70689"}],"curies":[{"name":"wp","href":"https:\/\/api.w.org\/{rel}","templated":true}]}}