{"id":70692,"date":"2023-04-25T10:38:34","date_gmt":"2023-04-25T08:38:34","guid":{"rendered":"https:\/\/vosgesinfo.fr\/remiremontinfo\/2023\/04\/don-sang-lamicale-val-dajol-a-elu-nouvelle-presidente\/"},"modified":"2023-04-25T10:38:34","modified_gmt":"2023-04-25T08:38:34","slug":"don-sang-lamicale-val-dajol-a-elu-nouvelle-presidente","status":"publish","type":"post","link":"https:\/\/vosgesinfo.fr\/remiremontinfo\/2023\/04\/don-sang-lamicale-val-dajol-a-elu-nouvelle-presidente\/","title":{"rendered":"Don du sang : l&rsquo;amicale du Val d&rsquo;Ajol a \u00e9lu une nouvelle pr\u00e9sidente"},"content":{"rendered":"<p><a href=\"\/2023\/04\/342813371_179332191712595_6060784709371297693_n.jpg\"><img decoding=\"async\" class=\"alignnone size-large wp-image-368922\" src=\"\/2023\/04\/342813371_179332191712595_6060784709371297693_n-769x1024.jpg\" alt=\"pr\u00e9sidente don du sang val d'ajol\" width=\"769\" height=\"1024\" \/><\/a><\/p>\n<p><span style=\"font-size: 10pt;\"><em>Source :\u00a0<a href=\"https:\/\/www.facebook.com\/dondusang88\">Don De Sang Vosges<\/a>\u00a0<\/em><\/span><\/p>\n<div class=\"x11i5rnm xat24cr x1mh8g0r x1vvkbs xdj266r x126k92a\">\n<h2 dir=\"auto\"><span style=\"font-size: 12pt;\"><strong>L&rsquo;amicale du Don du Sang du Val d&rsquo;Ajol a \u00e9lu une nouvelle pr\u00e9sidente. Il s&rsquo;agit d&rsquo;Eva Guignon. Elle prend le relais de Michel Simonin, d\u00e9c\u00e9d\u00e9. \u00ab\u00a0\u00catre nomm\u00e9e en tant que pr\u00e9sidente de l&rsquo;amicale du don du sang est une fiert\u00e9\u00a0\u00bb, affirme la nouvelle pr\u00e9sidente. \u00ab\u00a0Fiert\u00e9 d&rsquo;\u00eatre \u00e9lue parmi ces b\u00e9n\u00e9voles qui ont tant donn\u00e9s et qui se sont tant d\u00e9vou\u00e9s pour cette cause si honorable. Je souhaite continuer dans la voie trac\u00e9e par nos b\u00e9n\u00e9voles en apportant mon aide et ma bonne humeur. Mon engagement est de sensibiliser et de rappeler que le don du sang sauve des vies. Accueillir de nouveaux donneurs lors de nos collectes est ma priorit\u00e9.\u00a0\u00bb.<\/strong><\/span><\/h2>\n<\/div>\n","protected":false},"excerpt":{"rendered":"<p>Source :\u00a0Don De Sang Vosges\u00a0 L&rsquo;amicale du Don du Sang du Val d&rsquo;Ajol a \u00e9lu une nouvelle pr\u00e9sidente. Il s&rsquo;agit [&hellip;]<\/p>\n","protected":false},"author":407,"featured_media":70693,"comment_status":"open","ping_status":"open","sticky":false,"template":"","format":"standard","meta":{"footnotes":""},"categories":[26,121,82,17],"tags":[482,5786,123],"class_list":["post-70692","post","type-post","status-publish","format-standard","has-post-thumbnail","hentry","category-a-la-une","category-le-val-dajol-le-val-dajol-son-canton","category-le-val-dajol-son-canton","category-vie-associative","tag-don-du-sang","tag-presidente","tag-val-dajol"],"acf":[],"yoast_head":"<!-- This site is optimized with the Yoast SEO plugin v22.5 - https:\/\/yoast.com\/wordpress\/plugins\/seo\/ -->\n<title>Don du sang : l&#039;amicale du Val d&#039;Ajol a \u00e9lu une nouvelle pr\u00e9sidente - Remiremont Info<\/title>\n<meta name=\"robots\" content=\"index, follow, max-snippet:-1, max-image-preview:large, max-video-preview:-1\" \/>\n<link rel=\"canonical\" href=\"https:\/\/vosgesinfo.fr\/remiremontinfo\/2023\/04\/don-sang-lamicale-val-dajol-a-elu-nouvelle-presidente\/\" \/>\n<meta name=\"twitter:card\" content=\"summary_large_image\" \/>\n<meta name=\"twitter:title\" content=\"Don du sang : l&#039;amicale du Val d&#039;Ajol a \u00e9lu une nouvelle pr\u00e9sidente - Remiremont Info\" \/>\n<meta name=\"twitter:description\" content=\"Source :\u00a0Don De Sang Vosges\u00a0 L&rsquo;amicale du Don du Sang du Val d&rsquo;Ajol a \u00e9lu une nouvelle pr\u00e9sidente. Il s&rsquo;agit [&hellip;]\" \/>\n<meta name=\"twitter:image\" content=\"https:\/\/vosgesinfo.fr\/app\/uploads\/sites\/5\/2024\/09\/202304342813371-179332191712595-6060784709371297693-n.jpg\" \/>\n<meta name=\"twitter:creator\" content=\"@VosgesInfo88\" \/>\n<meta name=\"twitter:site\" content=\"@VosgesInfo88\" \/>\n<meta name=\"twitter:label1\" content=\"\u00c9crit par\" \/>\n\t<meta name=\"twitter:data1\" content=\"C D\" \/>\n\t<meta name=\"twitter:label2\" content=\"Dur\u00e9e de lecture estim\u00e9e\" \/>\n\t<meta name=\"twitter:data2\" content=\"1 minute\" \/>\n<script type=\"application\/ld+json\" class=\"yoast-schema-graph\">{\"@context\":\"https:\/\/schema.org\",\"@graph\":[{\"@type\":\"Article\",\"@id\":\"https:\/\/vosgesinfo.fr\/remiremontinfo\/2023\/04\/don-sang-lamicale-val-dajol-a-elu-nouvelle-presidente\/#article\",\"isPartOf\":{\"@id\":\"https:\/\/vosgesinfo.fr\/remiremontinfo\/2023\/04\/don-sang-lamicale-val-dajol-a-elu-nouvelle-presidente\/\"},\"author\":{\"name\":\"C D\",\"@id\":\"https:\/\/vosgesinfo.fr\/remiremontinfo\/#\/schema\/person\/3bfd164d5218a185b1db68655a265316\"},\"headline\":\"Don du sang : l&rsquo;amicale du Val d&rsquo;Ajol a \u00e9lu une nouvelle pr\u00e9sidente\",\"datePublished\":\"2023-04-25T08:38:34+00:00\",\"dateModified\":\"2023-04-25T08:38:34+00:00\",\"mainEntityOfPage\":{\"@id\":\"https:\/\/vosgesinfo.fr\/remiremontinfo\/2023\/04\/don-sang-lamicale-val-dajol-a-elu-nouvelle-presidente\/\"},\"wordCount\":150,\"commentCount\":0,\"publisher\":{\"@id\":\"https:\/\/vosgesinfo.fr\/remiremontinfo\/#organization\"},\"image\":{\"@id\":\"https:\/\/vosgesinfo.fr\/remiremontinfo\/2023\/04\/don-sang-lamicale-val-dajol-a-elu-nouvelle-presidente\/#primaryimage\"},\"thumbnailUrl\":\"https:\/\/vosgesinfo.fr\/app\/uploads\/sites\/5\/2024\/09\/202304342813371-179332191712595-6060784709371297693-n.jpg\",\"keywords\":[\"don du sang\",\"pr\u00e9sidente\",\"val d'ajol\"],\"articleSection\":[\"A la Une\",\"Le Val d'Ajol\",\"Le Val-d'Ajol &amp; son canton\",\"Vie associative\"],\"inLanguage\":\"fr-FR\",\"potentialAction\":[{\"@type\":\"CommentAction\",\"name\":\"Comment\",\"target\":[\"https:\/\/vosgesinfo.fr\/remiremontinfo\/2023\/04\/don-sang-lamicale-val-dajol-a-elu-nouvelle-presidente\/#respond\"]}]},{\"@type\":\"WebPage\",\"@id\":\"https:\/\/vosgesinfo.fr\/remiremontinfo\/2023\/04\/don-sang-lamicale-val-dajol-a-elu-nouvelle-presidente\/\",\"url\":\"https:\/\/vosgesinfo.fr\/remiremontinfo\/2023\/04\/don-sang-lamicale-val-dajol-a-elu-nouvelle-presidente\/\",\"name\":\"Don du sang : l'amicale du Val d'Ajol a \u00e9lu une nouvelle pr\u00e9sidente - Remiremont Info\",\"isPartOf\":{\"@id\":\"https:\/\/vosgesinfo.fr\/remiremontinfo\/#website\"},\"primaryImageOfPage\":{\"@id\":\"https:\/\/vosgesinfo.fr\/remiremontinfo\/2023\/04\/don-sang-lamicale-val-dajol-a-elu-nouvelle-presidente\/#primaryimage\"},\"image\":{\"@id\":\"https:\/\/vosgesinfo.fr\/remiremontinfo\/2023\/04\/don-sang-lamicale-val-dajol-a-elu-nouvelle-presidente\/#primaryimage\"},\"thumbnailUrl\":\"https:\/\/vosgesinfo.fr\/app\/uploads\/sites\/5\/2024\/09\/202304342813371-179332191712595-6060784709371297693-n.jpg\",\"datePublished\":\"2023-04-25T08:38:34+00:00\",\"dateModified\":\"2023-04-25T08:38:34+00:00\",\"breadcrumb\":{\"@id\":\"https:\/\/vosgesinfo.fr\/remiremontinfo\/2023\/04\/don-sang-lamicale-val-dajol-a-elu-nouvelle-presidente\/#breadcrumb\"},\"inLanguage\":\"fr-FR\",\"potentialAction\":[{\"@type\":\"ReadAction\",\"target\":[\"https:\/\/vosgesinfo.fr\/remiremontinfo\/2023\/04\/don-sang-lamicale-val-dajol-a-elu-nouvelle-presidente\/\"]}]},{\"@type\":\"ImageObject\",\"inLanguage\":\"fr-FR\",\"@id\":\"https:\/\/vosgesinfo.fr\/remiremontinfo\/2023\/04\/don-sang-lamicale-val-dajol-a-elu-nouvelle-presidente\/#primaryimage\",\"url\":\"https:\/\/vosgesinfo.fr\/app\/uploads\/sites\/5\/2024\/09\/202304342813371-179332191712595-6060784709371297693-n.jpg\",\"contentUrl\":\"https:\/\/vosgesinfo.fr\/app\/uploads\/sites\/5\/2024\/09\/202304342813371-179332191712595-6060784709371297693-n.jpg\",\"width\":1538,\"height\":2048},{\"@type\":\"BreadcrumbList\",\"@id\":\"https:\/\/vosgesinfo.fr\/remiremontinfo\/2023\/04\/don-sang-lamicale-val-dajol-a-elu-nouvelle-presidente\/#breadcrumb\",\"itemListElement\":[{\"@type\":\"ListItem\",\"position\":1,\"name\":\"Home\",\"item\":\"https:\/\/vosgesinfo.fr\/remiremontinfo\/\"},{\"@type\":\"ListItem\",\"position\":2,\"name\":\"Don du sang : l&rsquo;amicale du Val d&rsquo;Ajol a \u00e9lu une nouvelle pr\u00e9sidente\"}]},{\"@type\":\"WebSite\",\"@id\":\"https:\/\/vosgesinfo.fr\/remiremontinfo\/#website\",\"url\":\"https:\/\/vosgesinfo.fr\/remiremontinfo\/\",\"name\":\"Remiremont Info\",\"description\":\"Toute l&#039;actualit\u00e9 de Remiremont\",\"publisher\":{\"@id\":\"https:\/\/vosgesinfo.fr\/remiremontinfo\/#organization\"},\"alternateName\":\"Toute l'actualit\u00e9 de Remiremont\",\"potentialAction\":[{\"@type\":\"SearchAction\",\"target\":{\"@type\":\"EntryPoint\",\"urlTemplate\":\"https:\/\/vosgesinfo.fr\/remiremontinfo\/?s={search_term_string}\"},\"query-input\":\"required name=search_term_string\"}],\"inLanguage\":\"fr-FR\"},{\"@type\":\"Organization\",\"@id\":\"https:\/\/vosgesinfo.fr\/remiremontinfo\/#organization\",\"name\":\"Remiremont Info\",\"url\":\"https:\/\/vosgesinfo.fr\/remiremontinfo\/\",\"logo\":{\"@type\":\"ImageObject\",\"inLanguage\":\"fr-FR\",\"@id\":\"https:\/\/vosgesinfo.fr\/remiremontinfo\/#\/schema\/logo\/image\/\",\"url\":\"https:\/\/vosgesinfo.fr\/app\/uploads\/sites\/5\/2023\/08\/favicon-remiremontinfo.png\",\"contentUrl\":\"https:\/\/vosgesinfo.fr\/app\/uploads\/sites\/5\/2023\/08\/favicon-remiremontinfo.png\",\"width\":512,\"height\":512,\"caption\":\"Remiremont Info\"},\"image\":{\"@id\":\"https:\/\/vosgesinfo.fr\/remiremontinfo\/#\/schema\/logo\/image\/\"},\"sameAs\":[\"https:\/\/www.facebook.com\/remiremontinfo\",\"https:\/\/x.com\/VosgesInfo88\",\"https:\/\/www.youtube.com\/@vosgesinfo\"]},{\"@type\":\"Person\",\"@id\":\"https:\/\/vosgesinfo.fr\/remiremontinfo\/#\/schema\/person\/3bfd164d5218a185b1db68655a265316\",\"name\":\"C D\",\"image\":{\"@type\":\"ImageObject\",\"inLanguage\":\"fr-FR\",\"@id\":\"https:\/\/vosgesinfo.fr\/remiremontinfo\/#\/schema\/person\/image\/\",\"url\":\"https:\/\/secure.gravatar.com\/avatar\/1f9a70007336511a47468b8f1c66f922b8b7cf617b02a31149ada43893a5d48f?s=96&d=mm&r=g\",\"contentUrl\":\"https:\/\/secure.gravatar.com\/avatar\/1f9a70007336511a47468b8f1c66f922b8b7cf617b02a31149ada43893a5d48f?s=96&d=mm&r=g\",\"caption\":\"C D\"},\"url\":\"https:\/\/vosgesinfo.fr\/remiremontinfo\/author\/cedric-drevet\/\"}]}<\/script>\n<!-- \/ Yoast SEO plugin. -->","yoast_head_json":{"title":"Don du sang : l'amicale du Val d'Ajol a \u00e9lu une nouvelle pr\u00e9sidente - Remiremont Info","robots":{"index":"index","follow":"follow","max-snippet":"max-snippet:-1","max-image-preview":"max-image-preview:large","max-video-preview":"max-video-preview:-1"},"canonical":"https:\/\/vosgesinfo.fr\/remiremontinfo\/2023\/04\/don-sang-lamicale-val-dajol-a-elu-nouvelle-presidente\/","twitter_card":"summary_large_image","twitter_title":"Don du sang : l'amicale du Val d'Ajol a \u00e9lu une nouvelle pr\u00e9sidente - Remiremont Info","twitter_description":"Source :\u00a0Don De Sang Vosges\u00a0 L&rsquo;amicale du Don du Sang du Val d&rsquo;Ajol a \u00e9lu une nouvelle pr\u00e9sidente. Il s&rsquo;agit [&hellip;]","twitter_image":"https:\/\/vosgesinfo.fr\/app\/uploads\/sites\/5\/2024\/09\/202304342813371-179332191712595-6060784709371297693-n.jpg","twitter_creator":"@VosgesInfo88","twitter_site":"@VosgesInfo88","twitter_misc":{"\u00c9crit par":"C D","Dur\u00e9e de lecture estim\u00e9e":"1 minute"},"schema":{"@context":"https:\/\/schema.org","@graph":[{"@type":"Article","@id":"https:\/\/vosgesinfo.fr\/remiremontinfo\/2023\/04\/don-sang-lamicale-val-dajol-a-elu-nouvelle-presidente\/#article","isPartOf":{"@id":"https:\/\/vosgesinfo.fr\/remiremontinfo\/2023\/04\/don-sang-lamicale-val-dajol-a-elu-nouvelle-presidente\/"},"author":{"name":"C D","@id":"https:\/\/vosgesinfo.fr\/remiremontinfo\/#\/schema\/person\/3bfd164d5218a185b1db68655a265316"},"headline":"Don du sang : l&rsquo;amicale du Val d&rsquo;Ajol a \u00e9lu une nouvelle pr\u00e9sidente","datePublished":"2023-04-25T08:38:34+00:00","dateModified":"2023-04-25T08:38:34+00:00","mainEntityOfPage":{"@id":"https:\/\/vosgesinfo.fr\/remiremontinfo\/2023\/04\/don-sang-lamicale-val-dajol-a-elu-nouvelle-presidente\/"},"wordCount":150,"commentCount":0,"publisher":{"@id":"https:\/\/vosgesinfo.fr\/remiremontinfo\/#organization"},"image":{"@id":"https:\/\/vosgesinfo.fr\/remiremontinfo\/2023\/04\/don-sang-lamicale-val-dajol-a-elu-nouvelle-presidente\/#primaryimage"},"thumbnailUrl":"https:\/\/vosgesinfo.fr\/app\/uploads\/sites\/5\/2024\/09\/202304342813371-179332191712595-6060784709371297693-n.jpg","keywords":["don du sang","pr\u00e9sidente","val d'ajol"],"articleSection":["A la Une","Le Val d'Ajol","Le Val-d'Ajol &amp; son canton","Vie associative"],"inLanguage":"fr-FR","potentialAction":[{"@type":"CommentAction","name":"Comment","target":["https:\/\/vosgesinfo.fr\/remiremontinfo\/2023\/04\/don-sang-lamicale-val-dajol-a-elu-nouvelle-presidente\/#respond"]}]},{"@type":"WebPage","@id":"https:\/\/vosgesinfo.fr\/remiremontinfo\/2023\/04\/don-sang-lamicale-val-dajol-a-elu-nouvelle-presidente\/","url":"https:\/\/vosgesinfo.fr\/remiremontinfo\/2023\/04\/don-sang-lamicale-val-dajol-a-elu-nouvelle-presidente\/","name":"Don du sang : l'amicale du Val d'Ajol a \u00e9lu une nouvelle pr\u00e9sidente - Remiremont Info","isPartOf":{"@id":"https:\/\/vosgesinfo.fr\/remiremontinfo\/#website"},"primaryImageOfPage":{"@id":"https:\/\/vosgesinfo.fr\/remiremontinfo\/2023\/04\/don-sang-lamicale-val-dajol-a-elu-nouvelle-presidente\/#primaryimage"},"image":{"@id":"https:\/\/vosgesinfo.fr\/remiremontinfo\/2023\/04\/don-sang-lamicale-val-dajol-a-elu-nouvelle-presidente\/#primaryimage"},"thumbnailUrl":"https:\/\/vosgesinfo.fr\/app\/uploads\/sites\/5\/2024\/09\/202304342813371-179332191712595-6060784709371297693-n.jpg","datePublished":"2023-04-25T08:38:34+00:00","dateModified":"2023-04-25T08:38:34+00:00","breadcrumb":{"@id":"https:\/\/vosgesinfo.fr\/remiremontinfo\/2023\/04\/don-sang-lamicale-val-dajol-a-elu-nouvelle-presidente\/#breadcrumb"},"inLanguage":"fr-FR","potentialAction":[{"@type":"ReadAction","target":["https:\/\/vosgesinfo.fr\/remiremontinfo\/2023\/04\/don-sang-lamicale-val-dajol-a-elu-nouvelle-presidente\/"]}]},{"@type":"ImageObject","inLanguage":"fr-FR","@id":"https:\/\/vosgesinfo.fr\/remiremontinfo\/2023\/04\/don-sang-lamicale-val-dajol-a-elu-nouvelle-presidente\/#primaryimage","url":"https:\/\/vosgesinfo.fr\/app\/uploads\/sites\/5\/2024\/09\/202304342813371-179332191712595-6060784709371297693-n.jpg","contentUrl":"https:\/\/vosgesinfo.fr\/app\/uploads\/sites\/5\/2024\/09\/202304342813371-179332191712595-6060784709371297693-n.jpg","width":1538,"height":2048},{"@type":"BreadcrumbList","@id":"https:\/\/vosgesinfo.fr\/remiremontinfo\/2023\/04\/don-sang-lamicale-val-dajol-a-elu-nouvelle-presidente\/#breadcrumb","itemListElement":[{"@type":"ListItem","position":1,"name":"Home","item":"https:\/\/vosgesinfo.fr\/remiremontinfo\/"},{"@type":"ListItem","position":2,"name":"Don du sang : l&rsquo;amicale du Val d&rsquo;Ajol a \u00e9lu une nouvelle pr\u00e9sidente"}]},{"@type":"WebSite","@id":"https:\/\/vosgesinfo.fr\/remiremontinfo\/#website","url":"https:\/\/vosgesinfo.fr\/remiremontinfo\/","name":"Remiremont Info","description":"Toute l&#039;actualit\u00e9 de Remiremont","publisher":{"@id":"https:\/\/vosgesinfo.fr\/remiremontinfo\/#organization"},"alternateName":"Toute l'actualit\u00e9 de Remiremont","potentialAction":[{"@type":"SearchAction","target":{"@type":"EntryPoint","urlTemplate":"https:\/\/vosgesinfo.fr\/remiremontinfo\/?s={search_term_string}"},"query-input":"required name=search_term_string"}],"inLanguage":"fr-FR"},{"@type":"Organization","@id":"https:\/\/vosgesinfo.fr\/remiremontinfo\/#organization","name":"Remiremont Info","url":"https:\/\/vosgesinfo.fr\/remiremontinfo\/","logo":{"@type":"ImageObject","inLanguage":"fr-FR","@id":"https:\/\/vosgesinfo.fr\/remiremontinfo\/#\/schema\/logo\/image\/","url":"https:\/\/vosgesinfo.fr\/app\/uploads\/sites\/5\/2023\/08\/favicon-remiremontinfo.png","contentUrl":"https:\/\/vosgesinfo.fr\/app\/uploads\/sites\/5\/2023\/08\/favicon-remiremontinfo.png","width":512,"height":512,"caption":"Remiremont Info"},"image":{"@id":"https:\/\/vosgesinfo.fr\/remiremontinfo\/#\/schema\/logo\/image\/"},"sameAs":["https:\/\/www.facebook.com\/remiremontinfo","https:\/\/x.com\/VosgesInfo88","https:\/\/www.youtube.com\/@vosgesinfo"]},{"@type":"Person","@id":"https:\/\/vosgesinfo.fr\/remiremontinfo\/#\/schema\/person\/3bfd164d5218a185b1db68655a265316","name":"C D","image":{"@type":"ImageObject","inLanguage":"fr-FR","@id":"https:\/\/vosgesinfo.fr\/remiremontinfo\/#\/schema\/person\/image\/","url":"https:\/\/secure.gravatar.com\/avatar\/1f9a70007336511a47468b8f1c66f922b8b7cf617b02a31149ada43893a5d48f?s=96&d=mm&r=g","contentUrl":"https:\/\/secure.gravatar.com\/avatar\/1f9a70007336511a47468b8f1c66f922b8b7cf617b02a31149ada43893a5d48f?s=96&d=mm&r=g","caption":"C D"},"url":"https:\/\/vosgesinfo.fr\/remiremontinfo\/author\/cedric-drevet\/"}]}},"_links":{"self":[{"href":"https:\/\/vosgesinfo.fr\/remiremontinfo\/wp-json\/wp\/v2\/posts\/70692","targetHints":{"allow":["GET"]}}],"collection":[{"href":"https:\/\/vosgesinfo.fr\/remiremontinfo\/wp-json\/wp\/v2\/posts"}],"about":[{"href":"https:\/\/vosgesinfo.fr\/remiremontinfo\/wp-json\/wp\/v2\/types\/post"}],"author":[{"embeddable":true,"href":"https:\/\/vosgesinfo.fr\/remiremontinfo\/wp-json\/wp\/v2\/users\/407"}],"replies":[{"embeddable":true,"href":"https:\/\/vosgesinfo.fr\/remiremontinfo\/wp-json\/wp\/v2\/comments?post=70692"}],"version-history":[{"count":0,"href":"https:\/\/vosgesinfo.fr\/remiremontinfo\/wp-json\/wp\/v2\/posts\/70692\/revisions"}],"wp:featuredmedia":[{"embeddable":true,"href":"https:\/\/vosgesinfo.fr\/remiremontinfo\/wp-json\/wp\/v2\/media\/70693"}],"wp:attachment":[{"href":"https:\/\/vosgesinfo.fr\/remiremontinfo\/wp-json\/wp\/v2\/media?parent=70692"}],"wp:term":[{"taxonomy":"category","embeddable":true,"href":"https:\/\/vosgesinfo.fr\/remiremontinfo\/wp-json\/wp\/v2\/categories?post=70692"},{"taxonomy":"post_tag","embeddable":true,"href":"https:\/\/vosgesinfo.fr\/remiremontinfo\/wp-json\/wp\/v2\/tags?post=70692"}],"curies":[{"name":"wp","href":"https:\/\/api.w.org\/{rel}","templated":true}]}}