{"id":70705,"date":"2023-04-25T04:44:11","date_gmt":"2023-04-25T02:44:11","guid":{"rendered":"https:\/\/vosgesinfo.fr\/remiremontinfo\/2023\/04\/bresse-1ere-edition-concert-de-lecole-intercommunale-de-musique-de-region-de-lourcq\/"},"modified":"2023-04-25T04:44:11","modified_gmt":"2023-04-25T02:44:11","slug":"bresse-1ere-edition-concert-de-lecole-intercommunale-de-musique-de-region-de-lourcq","status":"publish","type":"post","link":"https:\/\/vosgesinfo.fr\/remiremontinfo\/2023\/04\/bresse-1ere-edition-concert-de-lecole-intercommunale-de-musique-de-region-de-lourcq\/","title":{"rendered":"La Bresse : 1\u00e8re \u00e9dition du concert de l\u2019\u00c9cole Intercommunale de Musique de la R\u00e9gion de l\u2019Ourcq"},"content":{"rendered":"<p><a href=\"\/2023\/04\/23.jpg\"><img decoding=\"async\" class=\"alignnone size-full wp-image-368940\" src=\"\/2023\/04\/23.jpg\" alt=\"2\" width=\"638\" height=\"902\" \/><\/a><\/p>\n<p style=\"text-align: center;\"><span style=\"font-size: 10pt;\"><em>Communiqu\u00e9\u00a0<\/em><\/span><\/p>\n<p>Dimanche 30 avril &#8211; 17h30 &#8211; Salle des F\u00eates<br \/>\nDe passage dans les Vosges, la quarantaine de musiciens de l\u2019\u00c9cole Intercommunale de<br \/>\nMusique de la R\u00e9gion de l\u2019Ourcq sous la direction de Monsieur Bernard M\u00e9nil. vous ravira les<br \/>\noreilles ! De quoi mettre un peu de soleil dans vos c\u0153urs, \u00e0 d\u00e9faut d&rsquo;en mettre dans le ciel.<br \/>\nAu programme :<br \/>\n\u2022 Chorale Orchestre<br \/>\n\u2022 Orchestre d\u2019Harmonie<br \/>\n\u2022 Orchestre Junior<br \/>\n\u2022 Orchestre Moyen Jazz<br \/>\n\u2022 Orchestre Prestige<\/p>\n<p>Contact :<br \/>\nBERNARD M\u00c9NIL<br \/>\n06 08 92 19 48<\/p>\n<p>Entr\u00e9e libre et gratuite.<\/p>\n","protected":false},"excerpt":{"rendered":"<p>Communiqu\u00e9\u00a0 Dimanche 30 avril &#8211; 17h30 &#8211; Salle des F\u00eates De passage dans les Vosges, la quarantaine de musiciens de [&hellip;]<\/p>\n","protected":false},"author":407,"featured_media":2088,"comment_status":"open","ping_status":"open","sticky":false,"template":"","format":"standard","meta":{"footnotes":""},"categories":[26,4,104,25],"tags":[53,105,117],"class_list":["post-70705","post","type-post","status-publish","format-standard","has-post-thumbnail","hentry","category-a-la-une","category-culture","category-la-bresse-la-bresse-son-canton","category-la-bresse-son-canton","tag-concert","tag-la-bresse","tag-musique"],"acf":[],"yoast_head":"<!-- This site is optimized with the Yoast SEO plugin v22.5 - https:\/\/yoast.com\/wordpress\/plugins\/seo\/ -->\n<title>La Bresse : 1\u00e8re \u00e9dition du concert de l\u2019\u00c9cole Intercommunale de Musique de la R\u00e9gion de l\u2019Ourcq - Remiremont Info<\/title>\n<meta name=\"robots\" content=\"index, follow, max-snippet:-1, max-image-preview:large, max-video-preview:-1\" \/>\n<link rel=\"canonical\" href=\"https:\/\/vosgesinfo.fr\/remiremontinfo\/2023\/04\/bresse-1ere-edition-concert-de-lecole-intercommunale-de-musique-de-region-de-lourcq\/\" \/>\n<meta name=\"twitter:card\" content=\"summary_large_image\" \/>\n<meta name=\"twitter:title\" content=\"La Bresse : 1\u00e8re \u00e9dition du concert de l\u2019\u00c9cole Intercommunale de Musique de la R\u00e9gion de l\u2019Ourcq - Remiremont Info\" \/>\n<meta name=\"twitter:description\" content=\"Communiqu\u00e9\u00a0 Dimanche 30 avril &#8211; 17h30 &#8211; Salle des F\u00eates De passage dans les Vosges, la quarantaine de musiciens de [&hellip;]\" \/>\n<meta name=\"twitter:image\" content=\"https:\/\/vosgesinfo.fr\/app\/uploads\/sites\/5\/2023\/10\/23.jpg\" \/>\n<meta name=\"twitter:creator\" content=\"@VosgesInfo88\" \/>\n<meta name=\"twitter:site\" content=\"@VosgesInfo88\" \/>\n<meta name=\"twitter:label1\" content=\"\u00c9crit par\" \/>\n\t<meta name=\"twitter:data1\" content=\"C D\" \/>\n<script type=\"application\/ld+json\" class=\"yoast-schema-graph\">{\"@context\":\"https:\/\/schema.org\",\"@graph\":[{\"@type\":\"Article\",\"@id\":\"https:\/\/vosgesinfo.fr\/remiremontinfo\/2023\/04\/bresse-1ere-edition-concert-de-lecole-intercommunale-de-musique-de-region-de-lourcq\/#article\",\"isPartOf\":{\"@id\":\"https:\/\/vosgesinfo.fr\/remiremontinfo\/2023\/04\/bresse-1ere-edition-concert-de-lecole-intercommunale-de-musique-de-region-de-lourcq\/\"},\"author\":{\"name\":\"C D\",\"@id\":\"https:\/\/vosgesinfo.fr\/remiremontinfo\/#\/schema\/person\/3bfd164d5218a185b1db68655a265316\"},\"headline\":\"La Bresse : 1\u00e8re \u00e9dition du concert de l\u2019\u00c9cole Intercommunale de Musique de la R\u00e9gion de l\u2019Ourcq\",\"datePublished\":\"2023-04-25T02:44:11+00:00\",\"dateModified\":\"2023-04-25T02:44:11+00:00\",\"mainEntityOfPage\":{\"@id\":\"https:\/\/vosgesinfo.fr\/remiremontinfo\/2023\/04\/bresse-1ere-edition-concert-de-lecole-intercommunale-de-musique-de-region-de-lourcq\/\"},\"wordCount\":105,\"commentCount\":0,\"publisher\":{\"@id\":\"https:\/\/vosgesinfo.fr\/remiremontinfo\/#organization\"},\"image\":{\"@id\":\"https:\/\/vosgesinfo.fr\/remiremontinfo\/2023\/04\/bresse-1ere-edition-concert-de-lecole-intercommunale-de-musique-de-region-de-lourcq\/#primaryimage\"},\"thumbnailUrl\":\"https:\/\/vosgesinfo.fr\/app\/uploads\/sites\/5\/2023\/10\/23.jpg\",\"keywords\":[\"concert\",\"la bresse\",\"musique\"],\"articleSection\":[\"A la Une\",\"Culture\",\"La Bresse\",\"La Bresse &amp; son canton\"],\"inLanguage\":\"fr-FR\",\"potentialAction\":[{\"@type\":\"CommentAction\",\"name\":\"Comment\",\"target\":[\"https:\/\/vosgesinfo.fr\/remiremontinfo\/2023\/04\/bresse-1ere-edition-concert-de-lecole-intercommunale-de-musique-de-region-de-lourcq\/#respond\"]}]},{\"@type\":\"WebPage\",\"@id\":\"https:\/\/vosgesinfo.fr\/remiremontinfo\/2023\/04\/bresse-1ere-edition-concert-de-lecole-intercommunale-de-musique-de-region-de-lourcq\/\",\"url\":\"https:\/\/vosgesinfo.fr\/remiremontinfo\/2023\/04\/bresse-1ere-edition-concert-de-lecole-intercommunale-de-musique-de-region-de-lourcq\/\",\"name\":\"La Bresse : 1\u00e8re \u00e9dition du concert de l\u2019\u00c9cole Intercommunale de Musique de la R\u00e9gion de l\u2019Ourcq - Remiremont Info\",\"isPartOf\":{\"@id\":\"https:\/\/vosgesinfo.fr\/remiremontinfo\/#website\"},\"primaryImageOfPage\":{\"@id\":\"https:\/\/vosgesinfo.fr\/remiremontinfo\/2023\/04\/bresse-1ere-edition-concert-de-lecole-intercommunale-de-musique-de-region-de-lourcq\/#primaryimage\"},\"image\":{\"@id\":\"https:\/\/vosgesinfo.fr\/remiremontinfo\/2023\/04\/bresse-1ere-edition-concert-de-lecole-intercommunale-de-musique-de-region-de-lourcq\/#primaryimage\"},\"thumbnailUrl\":\"https:\/\/vosgesinfo.fr\/app\/uploads\/sites\/5\/2023\/10\/23.jpg\",\"datePublished\":\"2023-04-25T02:44:11+00:00\",\"dateModified\":\"2023-04-25T02:44:11+00:00\",\"breadcrumb\":{\"@id\":\"https:\/\/vosgesinfo.fr\/remiremontinfo\/2023\/04\/bresse-1ere-edition-concert-de-lecole-intercommunale-de-musique-de-region-de-lourcq\/#breadcrumb\"},\"inLanguage\":\"fr-FR\",\"potentialAction\":[{\"@type\":\"ReadAction\",\"target\":[\"https:\/\/vosgesinfo.fr\/remiremontinfo\/2023\/04\/bresse-1ere-edition-concert-de-lecole-intercommunale-de-musique-de-region-de-lourcq\/\"]}]},{\"@type\":\"ImageObject\",\"inLanguage\":\"fr-FR\",\"@id\":\"https:\/\/vosgesinfo.fr\/remiremontinfo\/2023\/04\/bresse-1ere-edition-concert-de-lecole-intercommunale-de-musique-de-region-de-lourcq\/#primaryimage\",\"url\":\"https:\/\/vosgesinfo.fr\/app\/uploads\/sites\/5\/2023\/10\/23.jpg\",\"contentUrl\":\"https:\/\/vosgesinfo.fr\/app\/uploads\/sites\/5\/2023\/10\/23.jpg\",\"width\":1600,\"height\":1200},{\"@type\":\"BreadcrumbList\",\"@id\":\"https:\/\/vosgesinfo.fr\/remiremontinfo\/2023\/04\/bresse-1ere-edition-concert-de-lecole-intercommunale-de-musique-de-region-de-lourcq\/#breadcrumb\",\"itemListElement\":[{\"@type\":\"ListItem\",\"position\":1,\"name\":\"Home\",\"item\":\"https:\/\/vosgesinfo.fr\/remiremontinfo\/\"},{\"@type\":\"ListItem\",\"position\":2,\"name\":\"La Bresse : 1\u00e8re \u00e9dition du concert de l\u2019\u00c9cole Intercommunale de Musique de la R\u00e9gion de l\u2019Ourcq\"}]},{\"@type\":\"WebSite\",\"@id\":\"https:\/\/vosgesinfo.fr\/remiremontinfo\/#website\",\"url\":\"https:\/\/vosgesinfo.fr\/remiremontinfo\/\",\"name\":\"Remiremont Info\",\"description\":\"Toute l&#039;actualit\u00e9 de Remiremont\",\"publisher\":{\"@id\":\"https:\/\/vosgesinfo.fr\/remiremontinfo\/#organization\"},\"alternateName\":\"Toute l'actualit\u00e9 de Remiremont\",\"potentialAction\":[{\"@type\":\"SearchAction\",\"target\":{\"@type\":\"EntryPoint\",\"urlTemplate\":\"https:\/\/vosgesinfo.fr\/remiremontinfo\/?s={search_term_string}\"},\"query-input\":\"required name=search_term_string\"}],\"inLanguage\":\"fr-FR\"},{\"@type\":\"Organization\",\"@id\":\"https:\/\/vosgesinfo.fr\/remiremontinfo\/#organization\",\"name\":\"Remiremont Info\",\"url\":\"https:\/\/vosgesinfo.fr\/remiremontinfo\/\",\"logo\":{\"@type\":\"ImageObject\",\"inLanguage\":\"fr-FR\",\"@id\":\"https:\/\/vosgesinfo.fr\/remiremontinfo\/#\/schema\/logo\/image\/\",\"url\":\"https:\/\/vosgesinfo.fr\/app\/uploads\/sites\/5\/2023\/08\/favicon-remiremontinfo.png\",\"contentUrl\":\"https:\/\/vosgesinfo.fr\/app\/uploads\/sites\/5\/2023\/08\/favicon-remiremontinfo.png\",\"width\":512,\"height\":512,\"caption\":\"Remiremont Info\"},\"image\":{\"@id\":\"https:\/\/vosgesinfo.fr\/remiremontinfo\/#\/schema\/logo\/image\/\"},\"sameAs\":[\"https:\/\/www.facebook.com\/remiremontinfo\",\"https:\/\/x.com\/VosgesInfo88\",\"https:\/\/www.youtube.com\/@vosgesinfo\"]},{\"@type\":\"Person\",\"@id\":\"https:\/\/vosgesinfo.fr\/remiremontinfo\/#\/schema\/person\/3bfd164d5218a185b1db68655a265316\",\"name\":\"C D\",\"image\":{\"@type\":\"ImageObject\",\"inLanguage\":\"fr-FR\",\"@id\":\"https:\/\/vosgesinfo.fr\/remiremontinfo\/#\/schema\/person\/image\/\",\"url\":\"https:\/\/secure.gravatar.com\/avatar\/1f9a70007336511a47468b8f1c66f922b8b7cf617b02a31149ada43893a5d48f?s=96&d=mm&r=g\",\"contentUrl\":\"https:\/\/secure.gravatar.com\/avatar\/1f9a70007336511a47468b8f1c66f922b8b7cf617b02a31149ada43893a5d48f?s=96&d=mm&r=g\",\"caption\":\"C D\"},\"url\":\"https:\/\/vosgesinfo.fr\/remiremontinfo\/author\/cedric-drevet\/\"}]}<\/script>\n<!-- \/ Yoast SEO plugin. -->","yoast_head_json":{"title":"La Bresse : 1\u00e8re \u00e9dition du concert de l\u2019\u00c9cole Intercommunale de Musique de la R\u00e9gion de l\u2019Ourcq - Remiremont Info","robots":{"index":"index","follow":"follow","max-snippet":"max-snippet:-1","max-image-preview":"max-image-preview:large","max-video-preview":"max-video-preview:-1"},"canonical":"https:\/\/vosgesinfo.fr\/remiremontinfo\/2023\/04\/bresse-1ere-edition-concert-de-lecole-intercommunale-de-musique-de-region-de-lourcq\/","twitter_card":"summary_large_image","twitter_title":"La Bresse : 1\u00e8re \u00e9dition du concert de l\u2019\u00c9cole Intercommunale de Musique de la R\u00e9gion de l\u2019Ourcq - Remiremont Info","twitter_description":"Communiqu\u00e9\u00a0 Dimanche 30 avril &#8211; 17h30 &#8211; Salle des F\u00eates De passage dans les Vosges, la quarantaine de musiciens de [&hellip;]","twitter_image":"https:\/\/vosgesinfo.fr\/app\/uploads\/sites\/5\/2023\/10\/23.jpg","twitter_creator":"@VosgesInfo88","twitter_site":"@VosgesInfo88","twitter_misc":{"\u00c9crit par":"C D"},"schema":{"@context":"https:\/\/schema.org","@graph":[{"@type":"Article","@id":"https:\/\/vosgesinfo.fr\/remiremontinfo\/2023\/04\/bresse-1ere-edition-concert-de-lecole-intercommunale-de-musique-de-region-de-lourcq\/#article","isPartOf":{"@id":"https:\/\/vosgesinfo.fr\/remiremontinfo\/2023\/04\/bresse-1ere-edition-concert-de-lecole-intercommunale-de-musique-de-region-de-lourcq\/"},"author":{"name":"C D","@id":"https:\/\/vosgesinfo.fr\/remiremontinfo\/#\/schema\/person\/3bfd164d5218a185b1db68655a265316"},"headline":"La Bresse : 1\u00e8re \u00e9dition du concert de l\u2019\u00c9cole Intercommunale de Musique de la R\u00e9gion de l\u2019Ourcq","datePublished":"2023-04-25T02:44:11+00:00","dateModified":"2023-04-25T02:44:11+00:00","mainEntityOfPage":{"@id":"https:\/\/vosgesinfo.fr\/remiremontinfo\/2023\/04\/bresse-1ere-edition-concert-de-lecole-intercommunale-de-musique-de-region-de-lourcq\/"},"wordCount":105,"commentCount":0,"publisher":{"@id":"https:\/\/vosgesinfo.fr\/remiremontinfo\/#organization"},"image":{"@id":"https:\/\/vosgesinfo.fr\/remiremontinfo\/2023\/04\/bresse-1ere-edition-concert-de-lecole-intercommunale-de-musique-de-region-de-lourcq\/#primaryimage"},"thumbnailUrl":"https:\/\/vosgesinfo.fr\/app\/uploads\/sites\/5\/2023\/10\/23.jpg","keywords":["concert","la bresse","musique"],"articleSection":["A la Une","Culture","La Bresse","La Bresse &amp; son canton"],"inLanguage":"fr-FR","potentialAction":[{"@type":"CommentAction","name":"Comment","target":["https:\/\/vosgesinfo.fr\/remiremontinfo\/2023\/04\/bresse-1ere-edition-concert-de-lecole-intercommunale-de-musique-de-region-de-lourcq\/#respond"]}]},{"@type":"WebPage","@id":"https:\/\/vosgesinfo.fr\/remiremontinfo\/2023\/04\/bresse-1ere-edition-concert-de-lecole-intercommunale-de-musique-de-region-de-lourcq\/","url":"https:\/\/vosgesinfo.fr\/remiremontinfo\/2023\/04\/bresse-1ere-edition-concert-de-lecole-intercommunale-de-musique-de-region-de-lourcq\/","name":"La Bresse : 1\u00e8re \u00e9dition du concert de l\u2019\u00c9cole Intercommunale de Musique de la R\u00e9gion de l\u2019Ourcq - Remiremont Info","isPartOf":{"@id":"https:\/\/vosgesinfo.fr\/remiremontinfo\/#website"},"primaryImageOfPage":{"@id":"https:\/\/vosgesinfo.fr\/remiremontinfo\/2023\/04\/bresse-1ere-edition-concert-de-lecole-intercommunale-de-musique-de-region-de-lourcq\/#primaryimage"},"image":{"@id":"https:\/\/vosgesinfo.fr\/remiremontinfo\/2023\/04\/bresse-1ere-edition-concert-de-lecole-intercommunale-de-musique-de-region-de-lourcq\/#primaryimage"},"thumbnailUrl":"https:\/\/vosgesinfo.fr\/app\/uploads\/sites\/5\/2023\/10\/23.jpg","datePublished":"2023-04-25T02:44:11+00:00","dateModified":"2023-04-25T02:44:11+00:00","breadcrumb":{"@id":"https:\/\/vosgesinfo.fr\/remiremontinfo\/2023\/04\/bresse-1ere-edition-concert-de-lecole-intercommunale-de-musique-de-region-de-lourcq\/#breadcrumb"},"inLanguage":"fr-FR","potentialAction":[{"@type":"ReadAction","target":["https:\/\/vosgesinfo.fr\/remiremontinfo\/2023\/04\/bresse-1ere-edition-concert-de-lecole-intercommunale-de-musique-de-region-de-lourcq\/"]}]},{"@type":"ImageObject","inLanguage":"fr-FR","@id":"https:\/\/vosgesinfo.fr\/remiremontinfo\/2023\/04\/bresse-1ere-edition-concert-de-lecole-intercommunale-de-musique-de-region-de-lourcq\/#primaryimage","url":"https:\/\/vosgesinfo.fr\/app\/uploads\/sites\/5\/2023\/10\/23.jpg","contentUrl":"https:\/\/vosgesinfo.fr\/app\/uploads\/sites\/5\/2023\/10\/23.jpg","width":1600,"height":1200},{"@type":"BreadcrumbList","@id":"https:\/\/vosgesinfo.fr\/remiremontinfo\/2023\/04\/bresse-1ere-edition-concert-de-lecole-intercommunale-de-musique-de-region-de-lourcq\/#breadcrumb","itemListElement":[{"@type":"ListItem","position":1,"name":"Home","item":"https:\/\/vosgesinfo.fr\/remiremontinfo\/"},{"@type":"ListItem","position":2,"name":"La Bresse : 1\u00e8re \u00e9dition du concert de l\u2019\u00c9cole Intercommunale de Musique de la R\u00e9gion de l\u2019Ourcq"}]},{"@type":"WebSite","@id":"https:\/\/vosgesinfo.fr\/remiremontinfo\/#website","url":"https:\/\/vosgesinfo.fr\/remiremontinfo\/","name":"Remiremont Info","description":"Toute l&#039;actualit\u00e9 de Remiremont","publisher":{"@id":"https:\/\/vosgesinfo.fr\/remiremontinfo\/#organization"},"alternateName":"Toute l'actualit\u00e9 de Remiremont","potentialAction":[{"@type":"SearchAction","target":{"@type":"EntryPoint","urlTemplate":"https:\/\/vosgesinfo.fr\/remiremontinfo\/?s={search_term_string}"},"query-input":"required name=search_term_string"}],"inLanguage":"fr-FR"},{"@type":"Organization","@id":"https:\/\/vosgesinfo.fr\/remiremontinfo\/#organization","name":"Remiremont Info","url":"https:\/\/vosgesinfo.fr\/remiremontinfo\/","logo":{"@type":"ImageObject","inLanguage":"fr-FR","@id":"https:\/\/vosgesinfo.fr\/remiremontinfo\/#\/schema\/logo\/image\/","url":"https:\/\/vosgesinfo.fr\/app\/uploads\/sites\/5\/2023\/08\/favicon-remiremontinfo.png","contentUrl":"https:\/\/vosgesinfo.fr\/app\/uploads\/sites\/5\/2023\/08\/favicon-remiremontinfo.png","width":512,"height":512,"caption":"Remiremont Info"},"image":{"@id":"https:\/\/vosgesinfo.fr\/remiremontinfo\/#\/schema\/logo\/image\/"},"sameAs":["https:\/\/www.facebook.com\/remiremontinfo","https:\/\/x.com\/VosgesInfo88","https:\/\/www.youtube.com\/@vosgesinfo"]},{"@type":"Person","@id":"https:\/\/vosgesinfo.fr\/remiremontinfo\/#\/schema\/person\/3bfd164d5218a185b1db68655a265316","name":"C D","image":{"@type":"ImageObject","inLanguage":"fr-FR","@id":"https:\/\/vosgesinfo.fr\/remiremontinfo\/#\/schema\/person\/image\/","url":"https:\/\/secure.gravatar.com\/avatar\/1f9a70007336511a47468b8f1c66f922b8b7cf617b02a31149ada43893a5d48f?s=96&d=mm&r=g","contentUrl":"https:\/\/secure.gravatar.com\/avatar\/1f9a70007336511a47468b8f1c66f922b8b7cf617b02a31149ada43893a5d48f?s=96&d=mm&r=g","caption":"C D"},"url":"https:\/\/vosgesinfo.fr\/remiremontinfo\/author\/cedric-drevet\/"}]}},"_links":{"self":[{"href":"https:\/\/vosgesinfo.fr\/remiremontinfo\/wp-json\/wp\/v2\/posts\/70705","targetHints":{"allow":["GET"]}}],"collection":[{"href":"https:\/\/vosgesinfo.fr\/remiremontinfo\/wp-json\/wp\/v2\/posts"}],"about":[{"href":"https:\/\/vosgesinfo.fr\/remiremontinfo\/wp-json\/wp\/v2\/types\/post"}],"author":[{"embeddable":true,"href":"https:\/\/vosgesinfo.fr\/remiremontinfo\/wp-json\/wp\/v2\/users\/407"}],"replies":[{"embeddable":true,"href":"https:\/\/vosgesinfo.fr\/remiremontinfo\/wp-json\/wp\/v2\/comments?post=70705"}],"version-history":[{"count":0,"href":"https:\/\/vosgesinfo.fr\/remiremontinfo\/wp-json\/wp\/v2\/posts\/70705\/revisions"}],"wp:featuredmedia":[{"embeddable":true,"href":"https:\/\/vosgesinfo.fr\/remiremontinfo\/wp-json\/wp\/v2\/media\/2088"}],"wp:attachment":[{"href":"https:\/\/vosgesinfo.fr\/remiremontinfo\/wp-json\/wp\/v2\/media?parent=70705"}],"wp:term":[{"taxonomy":"category","embeddable":true,"href":"https:\/\/vosgesinfo.fr\/remiremontinfo\/wp-json\/wp\/v2\/categories?post=70705"},{"taxonomy":"post_tag","embeddable":true,"href":"https:\/\/vosgesinfo.fr\/remiremontinfo\/wp-json\/wp\/v2\/tags?post=70705"}],"curies":[{"name":"wp","href":"https:\/\/api.w.org\/{rel}","templated":true}]}}