{"id":70712,"date":"2023-04-25T10:52:03","date_gmt":"2023-04-25T08:52:03","guid":{"rendered":"https:\/\/vosgesinfo.fr\/remiremontinfo\/2023\/04\/ferdrupt-spidelor-soixante-salaries-place-liquidation-judiciaire\/"},"modified":"2023-04-25T10:52:03","modified_gmt":"2023-04-25T08:52:03","slug":"ferdrupt-spidelor-soixante-salaries-place-liquidation-judiciaire","status":"publish","type":"post","link":"https:\/\/vosgesinfo.fr\/remiremontinfo\/2023\/04\/ferdrupt-spidelor-soixante-salaries-place-liquidation-judiciaire\/","title":{"rendered":"Ferdrupt : Spidelor, soixante salari\u00e9s, est plac\u00e9 en liquidation judiciaire"},"content":{"rendered":"<p><a href=\"\/2023\/04\/spidelor-800x399.jpg\"><img decoding=\"async\" class=\"alignnone size-full wp-image-368953\" src=\"\/2023\/04\/spidelor-800x399.jpg\" alt=\"spidelor-800x399\" width=\"800\" height=\"399\" \/><\/a><\/p>\n<h2><span style=\"font-size: 12pt;\">Apr\u00e8s une p\u00e9riode de redressement judiciaire, la soci\u00e9t\u00e9 SPIDELOR bas\u00e9e \u00e0 Ferdrupt a fait l\u2019objet d\u2019une liquidation prononc\u00e9e 4 avril 2023.<\/span><\/h2>\n<p>L\u2019entreprise SPIDELOR \u00e9tait sp\u00e9cialis\u00e9e dans la fabrication de pi\u00e8ces plastiques par injection pour une client\u00e8le industrielle li\u00e9e \u00e0 l\u2019activit\u00e9 automobile.<\/p>\n<p>La pr\u00e9fecture des Vosges a annonc\u00e9 que\u00a0<em>\u00ab\u00a0d\u00e8s l\u2019annonce de la liquidation, les services de l\u2019\u00c9tat se sont assur\u00e9s de ce que les salari\u00e9s de la soci\u00e9t\u00e9 SPIDELOR sont \u00e9ligibles \u00e0 la prestation \u00abGrands Licenciements\u00bb du Fonds d\u2019accompagnement et de reconversion des salari\u00e9s licenci\u00e9s de la fili\u00e8re automobile. Ce Fonds a \u00e9t\u00e9 cr\u00e9\u00e9 par le plan d\u2019actions et de soutien sp\u00e9cifique \u00e0 la fili\u00e8re automobile de 2021. Il est dot\u00e9 de 50 millions d\u2019euros, dont 40% apport\u00e9s par les constructeurs Renault et Stellantis et 60% abond\u00e9s par l\u2019\u00c9tat.\u00a0\u00bb<\/em><\/p>\n<p>Les salari\u00e9s de l\u2019entreprise SPIDELOR qui feront le choix d\u2019adh\u00e9rer \u00e0 un contrat de s\u00e9curisation professionnelle (CSP) b\u00e9n\u00e9ficieront d\u2019un accompagnement renforc\u00e9. Ces mesures sp\u00e9cifiques pourront consister par exemple en une aide aux familles, une prime exceptionnelle de reclassement, une aide au maintien du niveau de r\u00e9mun\u00e9ration ou encore une aide au rachat de trimestres de retraite.<\/p>\n<p>La semaine pass\u00e9e, le dispositif pilot\u00e9 par P\u00f4le Emploi a \u00e9t\u00e9 pr\u00e9sent\u00e9 aux salari\u00e9s de la soci\u00e9t\u00e9 SPIDELOR et aux \u00e9lus locaux. Un comit\u00e9 de pilotage se r\u00e9unira r\u00e9guli\u00e8rement.<\/p>\n","protected":false},"excerpt":{"rendered":"<p>Apr\u00e8s une p\u00e9riode de redressement judiciaire, la soci\u00e9t\u00e9 SPIDELOR bas\u00e9e \u00e0 Ferdrupt a fait l\u2019objet d\u2019une liquidation prononc\u00e9e 4 avril [&hellip;]<\/p>\n","protected":false},"author":407,"featured_media":70713,"comment_status":"open","ping_status":"open","sticky":false,"template":"","format":"standard","meta":{"footnotes":""},"categories":[26,37,13],"tags":[172,5790,32],"class_list":["post-70712","post","type-post","status-publish","format-standard","has-post-thumbnail","hentry","category-a-la-une","category-le-thillot-son-canton","category-societe","tag-ferdrupt","tag-spidelor","tag-vosges"],"acf":[],"yoast_head":"<!-- This site is optimized with the Yoast SEO plugin v22.5 - https:\/\/yoast.com\/wordpress\/plugins\/seo\/ -->\n<title>Ferdrupt : Spidelor, soixante salari\u00e9s, est plac\u00e9 en liquidation judiciaire - Remiremont Info<\/title>\n<meta name=\"robots\" content=\"index, follow, max-snippet:-1, max-image-preview:large, max-video-preview:-1\" \/>\n<link rel=\"canonical\" href=\"https:\/\/vosgesinfo.fr\/remiremontinfo\/2023\/04\/ferdrupt-spidelor-soixante-salaries-place-liquidation-judiciaire\/\" \/>\n<meta name=\"twitter:card\" content=\"summary_large_image\" \/>\n<meta name=\"twitter:title\" content=\"Ferdrupt : Spidelor, soixante salari\u00e9s, est plac\u00e9 en liquidation judiciaire - Remiremont Info\" \/>\n<meta name=\"twitter:description\" content=\"Apr\u00e8s une p\u00e9riode de redressement judiciaire, la soci\u00e9t\u00e9 SPIDELOR bas\u00e9e \u00e0 Ferdrupt a fait l\u2019objet d\u2019une liquidation prononc\u00e9e 4 avril [&hellip;]\" \/>\n<meta name=\"twitter:image\" content=\"https:\/\/vosgesinfo.fr\/app\/uploads\/sites\/5\/2024\/09\/202304spidelor-800x399-1.jpg\" \/>\n<meta name=\"twitter:creator\" content=\"@VosgesInfo88\" \/>\n<meta name=\"twitter:site\" content=\"@VosgesInfo88\" \/>\n<meta name=\"twitter:label1\" content=\"\u00c9crit par\" \/>\n\t<meta name=\"twitter:data1\" content=\"C D\" \/>\n\t<meta name=\"twitter:label2\" content=\"Dur\u00e9e de lecture estim\u00e9e\" \/>\n\t<meta name=\"twitter:data2\" content=\"1 minute\" \/>\n<script type=\"application\/ld+json\" class=\"yoast-schema-graph\">{\"@context\":\"https:\/\/schema.org\",\"@graph\":[{\"@type\":\"Article\",\"@id\":\"https:\/\/vosgesinfo.fr\/remiremontinfo\/2023\/04\/ferdrupt-spidelor-soixante-salaries-place-liquidation-judiciaire\/#article\",\"isPartOf\":{\"@id\":\"https:\/\/vosgesinfo.fr\/remiremontinfo\/2023\/04\/ferdrupt-spidelor-soixante-salaries-place-liquidation-judiciaire\/\"},\"author\":{\"name\":\"C D\",\"@id\":\"https:\/\/vosgesinfo.fr\/remiremontinfo\/#\/schema\/person\/3bfd164d5218a185b1db68655a265316\"},\"headline\":\"Ferdrupt : Spidelor, soixante salari\u00e9s, est plac\u00e9 en liquidation judiciaire\",\"datePublished\":\"2023-04-25T08:52:03+00:00\",\"dateModified\":\"2023-04-25T08:52:03+00:00\",\"mainEntityOfPage\":{\"@id\":\"https:\/\/vosgesinfo.fr\/remiremontinfo\/2023\/04\/ferdrupt-spidelor-soixante-salaries-place-liquidation-judiciaire\/\"},\"wordCount\":264,\"commentCount\":0,\"publisher\":{\"@id\":\"https:\/\/vosgesinfo.fr\/remiremontinfo\/#organization\"},\"image\":{\"@id\":\"https:\/\/vosgesinfo.fr\/remiremontinfo\/2023\/04\/ferdrupt-spidelor-soixante-salaries-place-liquidation-judiciaire\/#primaryimage\"},\"thumbnailUrl\":\"https:\/\/vosgesinfo.fr\/app\/uploads\/sites\/5\/2024\/09\/202304spidelor-800x399-1.jpg\",\"keywords\":[\"ferdrupt\",\"spidelor\",\"Vosges\"],\"articleSection\":[\"A la Une\",\"Le Thillot &amp; son canton\",\"Soci\u00e9t\u00e9\"],\"inLanguage\":\"fr-FR\",\"potentialAction\":[{\"@type\":\"CommentAction\",\"name\":\"Comment\",\"target\":[\"https:\/\/vosgesinfo.fr\/remiremontinfo\/2023\/04\/ferdrupt-spidelor-soixante-salaries-place-liquidation-judiciaire\/#respond\"]}]},{\"@type\":\"WebPage\",\"@id\":\"https:\/\/vosgesinfo.fr\/remiremontinfo\/2023\/04\/ferdrupt-spidelor-soixante-salaries-place-liquidation-judiciaire\/\",\"url\":\"https:\/\/vosgesinfo.fr\/remiremontinfo\/2023\/04\/ferdrupt-spidelor-soixante-salaries-place-liquidation-judiciaire\/\",\"name\":\"Ferdrupt : Spidelor, soixante salari\u00e9s, est plac\u00e9 en liquidation judiciaire - Remiremont Info\",\"isPartOf\":{\"@id\":\"https:\/\/vosgesinfo.fr\/remiremontinfo\/#website\"},\"primaryImageOfPage\":{\"@id\":\"https:\/\/vosgesinfo.fr\/remiremontinfo\/2023\/04\/ferdrupt-spidelor-soixante-salaries-place-liquidation-judiciaire\/#primaryimage\"},\"image\":{\"@id\":\"https:\/\/vosgesinfo.fr\/remiremontinfo\/2023\/04\/ferdrupt-spidelor-soixante-salaries-place-liquidation-judiciaire\/#primaryimage\"},\"thumbnailUrl\":\"https:\/\/vosgesinfo.fr\/app\/uploads\/sites\/5\/2024\/09\/202304spidelor-800x399-1.jpg\",\"datePublished\":\"2023-04-25T08:52:03+00:00\",\"dateModified\":\"2023-04-25T08:52:03+00:00\",\"breadcrumb\":{\"@id\":\"https:\/\/vosgesinfo.fr\/remiremontinfo\/2023\/04\/ferdrupt-spidelor-soixante-salaries-place-liquidation-judiciaire\/#breadcrumb\"},\"inLanguage\":\"fr-FR\",\"potentialAction\":[{\"@type\":\"ReadAction\",\"target\":[\"https:\/\/vosgesinfo.fr\/remiremontinfo\/2023\/04\/ferdrupt-spidelor-soixante-salaries-place-liquidation-judiciaire\/\"]}]},{\"@type\":\"ImageObject\",\"inLanguage\":\"fr-FR\",\"@id\":\"https:\/\/vosgesinfo.fr\/remiremontinfo\/2023\/04\/ferdrupt-spidelor-soixante-salaries-place-liquidation-judiciaire\/#primaryimage\",\"url\":\"https:\/\/vosgesinfo.fr\/app\/uploads\/sites\/5\/2024\/09\/202304spidelor-800x399-1.jpg\",\"contentUrl\":\"https:\/\/vosgesinfo.fr\/app\/uploads\/sites\/5\/2024\/09\/202304spidelor-800x399-1.jpg\",\"width\":800,\"height\":399},{\"@type\":\"BreadcrumbList\",\"@id\":\"https:\/\/vosgesinfo.fr\/remiremontinfo\/2023\/04\/ferdrupt-spidelor-soixante-salaries-place-liquidation-judiciaire\/#breadcrumb\",\"itemListElement\":[{\"@type\":\"ListItem\",\"position\":1,\"name\":\"Home\",\"item\":\"https:\/\/vosgesinfo.fr\/remiremontinfo\/\"},{\"@type\":\"ListItem\",\"position\":2,\"name\":\"Ferdrupt : Spidelor, soixante salari\u00e9s, est plac\u00e9 en liquidation judiciaire\"}]},{\"@type\":\"WebSite\",\"@id\":\"https:\/\/vosgesinfo.fr\/remiremontinfo\/#website\",\"url\":\"https:\/\/vosgesinfo.fr\/remiremontinfo\/\",\"name\":\"Remiremont Info\",\"description\":\"Toute l&#039;actualit\u00e9 de Remiremont\",\"publisher\":{\"@id\":\"https:\/\/vosgesinfo.fr\/remiremontinfo\/#organization\"},\"alternateName\":\"Toute l'actualit\u00e9 de Remiremont\",\"potentialAction\":[{\"@type\":\"SearchAction\",\"target\":{\"@type\":\"EntryPoint\",\"urlTemplate\":\"https:\/\/vosgesinfo.fr\/remiremontinfo\/?s={search_term_string}\"},\"query-input\":\"required name=search_term_string\"}],\"inLanguage\":\"fr-FR\"},{\"@type\":\"Organization\",\"@id\":\"https:\/\/vosgesinfo.fr\/remiremontinfo\/#organization\",\"name\":\"Remiremont Info\",\"url\":\"https:\/\/vosgesinfo.fr\/remiremontinfo\/\",\"logo\":{\"@type\":\"ImageObject\",\"inLanguage\":\"fr-FR\",\"@id\":\"https:\/\/vosgesinfo.fr\/remiremontinfo\/#\/schema\/logo\/image\/\",\"url\":\"https:\/\/vosgesinfo.fr\/app\/uploads\/sites\/5\/2023\/08\/favicon-remiremontinfo.png\",\"contentUrl\":\"https:\/\/vosgesinfo.fr\/app\/uploads\/sites\/5\/2023\/08\/favicon-remiremontinfo.png\",\"width\":512,\"height\":512,\"caption\":\"Remiremont Info\"},\"image\":{\"@id\":\"https:\/\/vosgesinfo.fr\/remiremontinfo\/#\/schema\/logo\/image\/\"},\"sameAs\":[\"https:\/\/www.facebook.com\/remiremontinfo\",\"https:\/\/x.com\/VosgesInfo88\",\"https:\/\/www.youtube.com\/@vosgesinfo\"]},{\"@type\":\"Person\",\"@id\":\"https:\/\/vosgesinfo.fr\/remiremontinfo\/#\/schema\/person\/3bfd164d5218a185b1db68655a265316\",\"name\":\"C D\",\"image\":{\"@type\":\"ImageObject\",\"inLanguage\":\"fr-FR\",\"@id\":\"https:\/\/vosgesinfo.fr\/remiremontinfo\/#\/schema\/person\/image\/\",\"url\":\"https:\/\/secure.gravatar.com\/avatar\/1f9a70007336511a47468b8f1c66f922b8b7cf617b02a31149ada43893a5d48f?s=96&d=mm&r=g\",\"contentUrl\":\"https:\/\/secure.gravatar.com\/avatar\/1f9a70007336511a47468b8f1c66f922b8b7cf617b02a31149ada43893a5d48f?s=96&d=mm&r=g\",\"caption\":\"C D\"},\"url\":\"https:\/\/vosgesinfo.fr\/remiremontinfo\/author\/cedric-drevet\/\"}]}<\/script>\n<!-- \/ Yoast SEO plugin. -->","yoast_head_json":{"title":"Ferdrupt : Spidelor, soixante salari\u00e9s, est plac\u00e9 en liquidation judiciaire - Remiremont Info","robots":{"index":"index","follow":"follow","max-snippet":"max-snippet:-1","max-image-preview":"max-image-preview:large","max-video-preview":"max-video-preview:-1"},"canonical":"https:\/\/vosgesinfo.fr\/remiremontinfo\/2023\/04\/ferdrupt-spidelor-soixante-salaries-place-liquidation-judiciaire\/","twitter_card":"summary_large_image","twitter_title":"Ferdrupt : Spidelor, soixante salari\u00e9s, est plac\u00e9 en liquidation judiciaire - Remiremont Info","twitter_description":"Apr\u00e8s une p\u00e9riode de redressement judiciaire, la soci\u00e9t\u00e9 SPIDELOR bas\u00e9e \u00e0 Ferdrupt a fait l\u2019objet d\u2019une liquidation prononc\u00e9e 4 avril [&hellip;]","twitter_image":"https:\/\/vosgesinfo.fr\/app\/uploads\/sites\/5\/2024\/09\/202304spidelor-800x399-1.jpg","twitter_creator":"@VosgesInfo88","twitter_site":"@VosgesInfo88","twitter_misc":{"\u00c9crit par":"C D","Dur\u00e9e de lecture estim\u00e9e":"1 minute"},"schema":{"@context":"https:\/\/schema.org","@graph":[{"@type":"Article","@id":"https:\/\/vosgesinfo.fr\/remiremontinfo\/2023\/04\/ferdrupt-spidelor-soixante-salaries-place-liquidation-judiciaire\/#article","isPartOf":{"@id":"https:\/\/vosgesinfo.fr\/remiremontinfo\/2023\/04\/ferdrupt-spidelor-soixante-salaries-place-liquidation-judiciaire\/"},"author":{"name":"C D","@id":"https:\/\/vosgesinfo.fr\/remiremontinfo\/#\/schema\/person\/3bfd164d5218a185b1db68655a265316"},"headline":"Ferdrupt : Spidelor, soixante salari\u00e9s, est plac\u00e9 en liquidation judiciaire","datePublished":"2023-04-25T08:52:03+00:00","dateModified":"2023-04-25T08:52:03+00:00","mainEntityOfPage":{"@id":"https:\/\/vosgesinfo.fr\/remiremontinfo\/2023\/04\/ferdrupt-spidelor-soixante-salaries-place-liquidation-judiciaire\/"},"wordCount":264,"commentCount":0,"publisher":{"@id":"https:\/\/vosgesinfo.fr\/remiremontinfo\/#organization"},"image":{"@id":"https:\/\/vosgesinfo.fr\/remiremontinfo\/2023\/04\/ferdrupt-spidelor-soixante-salaries-place-liquidation-judiciaire\/#primaryimage"},"thumbnailUrl":"https:\/\/vosgesinfo.fr\/app\/uploads\/sites\/5\/2024\/09\/202304spidelor-800x399-1.jpg","keywords":["ferdrupt","spidelor","Vosges"],"articleSection":["A la Une","Le Thillot &amp; son canton","Soci\u00e9t\u00e9"],"inLanguage":"fr-FR","potentialAction":[{"@type":"CommentAction","name":"Comment","target":["https:\/\/vosgesinfo.fr\/remiremontinfo\/2023\/04\/ferdrupt-spidelor-soixante-salaries-place-liquidation-judiciaire\/#respond"]}]},{"@type":"WebPage","@id":"https:\/\/vosgesinfo.fr\/remiremontinfo\/2023\/04\/ferdrupt-spidelor-soixante-salaries-place-liquidation-judiciaire\/","url":"https:\/\/vosgesinfo.fr\/remiremontinfo\/2023\/04\/ferdrupt-spidelor-soixante-salaries-place-liquidation-judiciaire\/","name":"Ferdrupt : Spidelor, soixante salari\u00e9s, est plac\u00e9 en liquidation judiciaire - Remiremont Info","isPartOf":{"@id":"https:\/\/vosgesinfo.fr\/remiremontinfo\/#website"},"primaryImageOfPage":{"@id":"https:\/\/vosgesinfo.fr\/remiremontinfo\/2023\/04\/ferdrupt-spidelor-soixante-salaries-place-liquidation-judiciaire\/#primaryimage"},"image":{"@id":"https:\/\/vosgesinfo.fr\/remiremontinfo\/2023\/04\/ferdrupt-spidelor-soixante-salaries-place-liquidation-judiciaire\/#primaryimage"},"thumbnailUrl":"https:\/\/vosgesinfo.fr\/app\/uploads\/sites\/5\/2024\/09\/202304spidelor-800x399-1.jpg","datePublished":"2023-04-25T08:52:03+00:00","dateModified":"2023-04-25T08:52:03+00:00","breadcrumb":{"@id":"https:\/\/vosgesinfo.fr\/remiremontinfo\/2023\/04\/ferdrupt-spidelor-soixante-salaries-place-liquidation-judiciaire\/#breadcrumb"},"inLanguage":"fr-FR","potentialAction":[{"@type":"ReadAction","target":["https:\/\/vosgesinfo.fr\/remiremontinfo\/2023\/04\/ferdrupt-spidelor-soixante-salaries-place-liquidation-judiciaire\/"]}]},{"@type":"ImageObject","inLanguage":"fr-FR","@id":"https:\/\/vosgesinfo.fr\/remiremontinfo\/2023\/04\/ferdrupt-spidelor-soixante-salaries-place-liquidation-judiciaire\/#primaryimage","url":"https:\/\/vosgesinfo.fr\/app\/uploads\/sites\/5\/2024\/09\/202304spidelor-800x399-1.jpg","contentUrl":"https:\/\/vosgesinfo.fr\/app\/uploads\/sites\/5\/2024\/09\/202304spidelor-800x399-1.jpg","width":800,"height":399},{"@type":"BreadcrumbList","@id":"https:\/\/vosgesinfo.fr\/remiremontinfo\/2023\/04\/ferdrupt-spidelor-soixante-salaries-place-liquidation-judiciaire\/#breadcrumb","itemListElement":[{"@type":"ListItem","position":1,"name":"Home","item":"https:\/\/vosgesinfo.fr\/remiremontinfo\/"},{"@type":"ListItem","position":2,"name":"Ferdrupt : Spidelor, soixante salari\u00e9s, est plac\u00e9 en liquidation judiciaire"}]},{"@type":"WebSite","@id":"https:\/\/vosgesinfo.fr\/remiremontinfo\/#website","url":"https:\/\/vosgesinfo.fr\/remiremontinfo\/","name":"Remiremont Info","description":"Toute l&#039;actualit\u00e9 de Remiremont","publisher":{"@id":"https:\/\/vosgesinfo.fr\/remiremontinfo\/#organization"},"alternateName":"Toute l'actualit\u00e9 de Remiremont","potentialAction":[{"@type":"SearchAction","target":{"@type":"EntryPoint","urlTemplate":"https:\/\/vosgesinfo.fr\/remiremontinfo\/?s={search_term_string}"},"query-input":"required name=search_term_string"}],"inLanguage":"fr-FR"},{"@type":"Organization","@id":"https:\/\/vosgesinfo.fr\/remiremontinfo\/#organization","name":"Remiremont Info","url":"https:\/\/vosgesinfo.fr\/remiremontinfo\/","logo":{"@type":"ImageObject","inLanguage":"fr-FR","@id":"https:\/\/vosgesinfo.fr\/remiremontinfo\/#\/schema\/logo\/image\/","url":"https:\/\/vosgesinfo.fr\/app\/uploads\/sites\/5\/2023\/08\/favicon-remiremontinfo.png","contentUrl":"https:\/\/vosgesinfo.fr\/app\/uploads\/sites\/5\/2023\/08\/favicon-remiremontinfo.png","width":512,"height":512,"caption":"Remiremont Info"},"image":{"@id":"https:\/\/vosgesinfo.fr\/remiremontinfo\/#\/schema\/logo\/image\/"},"sameAs":["https:\/\/www.facebook.com\/remiremontinfo","https:\/\/x.com\/VosgesInfo88","https:\/\/www.youtube.com\/@vosgesinfo"]},{"@type":"Person","@id":"https:\/\/vosgesinfo.fr\/remiremontinfo\/#\/schema\/person\/3bfd164d5218a185b1db68655a265316","name":"C D","image":{"@type":"ImageObject","inLanguage":"fr-FR","@id":"https:\/\/vosgesinfo.fr\/remiremontinfo\/#\/schema\/person\/image\/","url":"https:\/\/secure.gravatar.com\/avatar\/1f9a70007336511a47468b8f1c66f922b8b7cf617b02a31149ada43893a5d48f?s=96&d=mm&r=g","contentUrl":"https:\/\/secure.gravatar.com\/avatar\/1f9a70007336511a47468b8f1c66f922b8b7cf617b02a31149ada43893a5d48f?s=96&d=mm&r=g","caption":"C D"},"url":"https:\/\/vosgesinfo.fr\/remiremontinfo\/author\/cedric-drevet\/"}]}},"_links":{"self":[{"href":"https:\/\/vosgesinfo.fr\/remiremontinfo\/wp-json\/wp\/v2\/posts\/70712","targetHints":{"allow":["GET"]}}],"collection":[{"href":"https:\/\/vosgesinfo.fr\/remiremontinfo\/wp-json\/wp\/v2\/posts"}],"about":[{"href":"https:\/\/vosgesinfo.fr\/remiremontinfo\/wp-json\/wp\/v2\/types\/post"}],"author":[{"embeddable":true,"href":"https:\/\/vosgesinfo.fr\/remiremontinfo\/wp-json\/wp\/v2\/users\/407"}],"replies":[{"embeddable":true,"href":"https:\/\/vosgesinfo.fr\/remiremontinfo\/wp-json\/wp\/v2\/comments?post=70712"}],"version-history":[{"count":0,"href":"https:\/\/vosgesinfo.fr\/remiremontinfo\/wp-json\/wp\/v2\/posts\/70712\/revisions"}],"wp:featuredmedia":[{"embeddable":true,"href":"https:\/\/vosgesinfo.fr\/remiremontinfo\/wp-json\/wp\/v2\/media\/70713"}],"wp:attachment":[{"href":"https:\/\/vosgesinfo.fr\/remiremontinfo\/wp-json\/wp\/v2\/media?parent=70712"}],"wp:term":[{"taxonomy":"category","embeddable":true,"href":"https:\/\/vosgesinfo.fr\/remiremontinfo\/wp-json\/wp\/v2\/categories?post=70712"},{"taxonomy":"post_tag","embeddable":true,"href":"https:\/\/vosgesinfo.fr\/remiremontinfo\/wp-json\/wp\/v2\/tags?post=70712"}],"curies":[{"name":"wp","href":"https:\/\/api.w.org\/{rel}","templated":true}]}}