{"id":70730,"date":"2023-04-26T07:00:39","date_gmt":"2023-04-26T05:00:39","guid":{"rendered":"https:\/\/vosgesinfo.fr\/remiremontinfo\/2023\/04\/vosgien-henri-cuny-signe-ouvrage-lanthropocene-lepoque-dont-sommes-sombres-heros\/"},"modified":"2023-04-26T07:00:39","modified_gmt":"2023-04-26T05:00:39","slug":"vosgien-henri-cuny-signe-ouvrage-lanthropocene-lepoque-dont-sommes-sombres-heros","status":"publish","type":"post","link":"https:\/\/vosgesinfo.fr\/remiremontinfo\/2023\/04\/vosgien-henri-cuny-signe-ouvrage-lanthropocene-lepoque-dont-sommes-sombres-heros\/","title":{"rendered":"Le Vosgien Henri Cuny signe un ouvrage sur l\u2019Anthropoc\u00e8ne, \u00ab l\u2019\u00e9poque dont nous sommes les sombres h\u00e9ros \u00bb"},"content":{"rendered":"<h3>L\u2019anthropoc\u00e8ne, ou \u00ab\u00a0\u00e8re de l\u2019humain\u00a0\u00bb, constitue pour certains scientifiques une \u00e9poque caract\u00e9ris\u00e9e par l\u2019influence consid\u00e9rable et sans pr\u00e9c\u00e9dent de ce dernier sur la g\u00e9ologie et les \u00e9cosyst\u00e8mes. Le sujet est pus que jamais d\u2019actualit\u00e9 et passionne Henri Cuny depuis plusieurs ann\u00e9es, au point qu\u2019il lui consacre un livre intitul\u00e9 \u00ab Le bon, la brute et le tyran \u2013 Ce que l\u2019Anthropoc\u00e8ne dit de nous \u00bb, paru aux \u00e9ditions Ma\u00efa.<\/h3>\n","protected":false},"excerpt":{"rendered":"<p>L\u2019anthropoc\u00e8ne, ou \u00ab\u00a0\u00e8re de l\u2019humain\u00a0\u00bb, constitue pour certains scientifiques une \u00e9poque caract\u00e9ris\u00e9e par l\u2019influence consid\u00e9rable et sans pr\u00e9c\u00e9dent de ce [&hellip;]<\/p>\n","protected":false},"author":407,"featured_media":70731,"comment_status":"open","ping_status":"open","sticky":false,"template":"","format":"standard","meta":{"footnotes":""},"categories":[26,4,18],"tags":[5792,360,32],"class_list":["post-70730","post","type-post","status-publish","format-standard","has-post-thumbnail","hentry","category-a-la-une","category-culture","category-vosges","tag-anthopocene","tag-livre","tag-vosges"],"acf":[],"yoast_head":"<!-- This site is optimized with the Yoast SEO plugin v22.5 - https:\/\/yoast.com\/wordpress\/plugins\/seo\/ -->\n<title>Le Vosgien Henri Cuny signe un ouvrage sur l\u2019Anthropoc\u00e8ne, \u00ab l\u2019\u00e9poque dont nous sommes les sombres h\u00e9ros \u00bb - Remiremont Info<\/title>\n<meta name=\"robots\" content=\"index, follow, max-snippet:-1, max-image-preview:large, max-video-preview:-1\" \/>\n<link rel=\"canonical\" href=\"https:\/\/vosgesinfo.fr\/remiremontinfo\/2023\/04\/vosgien-henri-cuny-signe-ouvrage-lanthropocene-lepoque-dont-sommes-sombres-heros\/\" \/>\n<meta name=\"twitter:card\" content=\"summary_large_image\" \/>\n<meta name=\"twitter:title\" content=\"Le Vosgien Henri Cuny signe un ouvrage sur l\u2019Anthropoc\u00e8ne, \u00ab l\u2019\u00e9poque dont nous sommes les sombres h\u00e9ros \u00bb - Remiremont Info\" \/>\n<meta name=\"twitter:description\" content=\"L\u2019anthropoc\u00e8ne, ou \u00ab\u00a0\u00e8re de l\u2019humain\u00a0\u00bb, constitue pour certains scientifiques une \u00e9poque caract\u00e9ris\u00e9e par l\u2019influence consid\u00e9rable et sans pr\u00e9c\u00e9dent de ce [&hellip;]\" \/>\n<meta name=\"twitter:image\" content=\"https:\/\/vosgesinfo.fr\/app\/uploads\/sites\/5\/2024\/09\/202304h.-cuny.jpg\" \/>\n<meta name=\"twitter:creator\" content=\"@VosgesInfo88\" \/>\n<meta name=\"twitter:site\" content=\"@VosgesInfo88\" \/>\n<meta name=\"twitter:label1\" content=\"\u00c9crit par\" \/>\n\t<meta name=\"twitter:data1\" content=\"C D\" \/>\n<script type=\"application\/ld+json\" class=\"yoast-schema-graph\">{\"@context\":\"https:\/\/schema.org\",\"@graph\":[{\"@type\":\"Article\",\"@id\":\"https:\/\/vosgesinfo.fr\/remiremontinfo\/2023\/04\/vosgien-henri-cuny-signe-ouvrage-lanthropocene-lepoque-dont-sommes-sombres-heros\/#article\",\"isPartOf\":{\"@id\":\"https:\/\/vosgesinfo.fr\/remiremontinfo\/2023\/04\/vosgien-henri-cuny-signe-ouvrage-lanthropocene-lepoque-dont-sommes-sombres-heros\/\"},\"author\":{\"name\":\"C D\",\"@id\":\"https:\/\/vosgesinfo.fr\/remiremontinfo\/#\/schema\/person\/3bfd164d5218a185b1db68655a265316\"},\"headline\":\"Le Vosgien Henri Cuny signe un ouvrage sur l\u2019Anthropoc\u00e8ne, \u00ab l\u2019\u00e9poque dont nous sommes les sombres h\u00e9ros \u00bb\",\"datePublished\":\"2023-04-26T05:00:39+00:00\",\"dateModified\":\"2023-04-26T05:00:39+00:00\",\"mainEntityOfPage\":{\"@id\":\"https:\/\/vosgesinfo.fr\/remiremontinfo\/2023\/04\/vosgien-henri-cuny-signe-ouvrage-lanthropocene-lepoque-dont-sommes-sombres-heros\/\"},\"wordCount\":103,\"commentCount\":0,\"publisher\":{\"@id\":\"https:\/\/vosgesinfo.fr\/remiremontinfo\/#organization\"},\"image\":{\"@id\":\"https:\/\/vosgesinfo.fr\/remiremontinfo\/2023\/04\/vosgien-henri-cuny-signe-ouvrage-lanthropocene-lepoque-dont-sommes-sombres-heros\/#primaryimage\"},\"thumbnailUrl\":\"https:\/\/vosgesinfo.fr\/app\/uploads\/sites\/5\/2024\/09\/202304h.-cuny.jpg\",\"keywords\":[\"anthopocene\",\"livre\",\"Vosges\"],\"articleSection\":[\"A la Une\",\"Culture\",\"Vosges\"],\"inLanguage\":\"fr-FR\",\"potentialAction\":[{\"@type\":\"CommentAction\",\"name\":\"Comment\",\"target\":[\"https:\/\/vosgesinfo.fr\/remiremontinfo\/2023\/04\/vosgien-henri-cuny-signe-ouvrage-lanthropocene-lepoque-dont-sommes-sombres-heros\/#respond\"]}]},{\"@type\":\"WebPage\",\"@id\":\"https:\/\/vosgesinfo.fr\/remiremontinfo\/2023\/04\/vosgien-henri-cuny-signe-ouvrage-lanthropocene-lepoque-dont-sommes-sombres-heros\/\",\"url\":\"https:\/\/vosgesinfo.fr\/remiremontinfo\/2023\/04\/vosgien-henri-cuny-signe-ouvrage-lanthropocene-lepoque-dont-sommes-sombres-heros\/\",\"name\":\"Le Vosgien Henri Cuny signe un ouvrage sur l\u2019Anthropoc\u00e8ne, \u00ab l\u2019\u00e9poque dont nous sommes les sombres h\u00e9ros \u00bb - Remiremont Info\",\"isPartOf\":{\"@id\":\"https:\/\/vosgesinfo.fr\/remiremontinfo\/#website\"},\"primaryImageOfPage\":{\"@id\":\"https:\/\/vosgesinfo.fr\/remiremontinfo\/2023\/04\/vosgien-henri-cuny-signe-ouvrage-lanthropocene-lepoque-dont-sommes-sombres-heros\/#primaryimage\"},\"image\":{\"@id\":\"https:\/\/vosgesinfo.fr\/remiremontinfo\/2023\/04\/vosgien-henri-cuny-signe-ouvrage-lanthropocene-lepoque-dont-sommes-sombres-heros\/#primaryimage\"},\"thumbnailUrl\":\"https:\/\/vosgesinfo.fr\/app\/uploads\/sites\/5\/2024\/09\/202304h.-cuny.jpg\",\"datePublished\":\"2023-04-26T05:00:39+00:00\",\"dateModified\":\"2023-04-26T05:00:39+00:00\",\"breadcrumb\":{\"@id\":\"https:\/\/vosgesinfo.fr\/remiremontinfo\/2023\/04\/vosgien-henri-cuny-signe-ouvrage-lanthropocene-lepoque-dont-sommes-sombres-heros\/#breadcrumb\"},\"inLanguage\":\"fr-FR\",\"potentialAction\":[{\"@type\":\"ReadAction\",\"target\":[\"https:\/\/vosgesinfo.fr\/remiremontinfo\/2023\/04\/vosgien-henri-cuny-signe-ouvrage-lanthropocene-lepoque-dont-sommes-sombres-heros\/\"]}]},{\"@type\":\"ImageObject\",\"inLanguage\":\"fr-FR\",\"@id\":\"https:\/\/vosgesinfo.fr\/remiremontinfo\/2023\/04\/vosgien-henri-cuny-signe-ouvrage-lanthropocene-lepoque-dont-sommes-sombres-heros\/#primaryimage\",\"url\":\"https:\/\/vosgesinfo.fr\/app\/uploads\/sites\/5\/2024\/09\/202304h.-cuny.jpg\",\"contentUrl\":\"https:\/\/vosgesinfo.fr\/app\/uploads\/sites\/5\/2024\/09\/202304h.-cuny.jpg\",\"width\":1199,\"height\":935},{\"@type\":\"BreadcrumbList\",\"@id\":\"https:\/\/vosgesinfo.fr\/remiremontinfo\/2023\/04\/vosgien-henri-cuny-signe-ouvrage-lanthropocene-lepoque-dont-sommes-sombres-heros\/#breadcrumb\",\"itemListElement\":[{\"@type\":\"ListItem\",\"position\":1,\"name\":\"Home\",\"item\":\"https:\/\/vosgesinfo.fr\/remiremontinfo\/\"},{\"@type\":\"ListItem\",\"position\":2,\"name\":\"Le Vosgien Henri Cuny signe un ouvrage sur l\u2019Anthropoc\u00e8ne, \u00ab l\u2019\u00e9poque dont nous sommes les sombres h\u00e9ros \u00bb\"}]},{\"@type\":\"WebSite\",\"@id\":\"https:\/\/vosgesinfo.fr\/remiremontinfo\/#website\",\"url\":\"https:\/\/vosgesinfo.fr\/remiremontinfo\/\",\"name\":\"Remiremont Info\",\"description\":\"Toute l&#039;actualit\u00e9 de Remiremont\",\"publisher\":{\"@id\":\"https:\/\/vosgesinfo.fr\/remiremontinfo\/#organization\"},\"alternateName\":\"Toute l'actualit\u00e9 de Remiremont\",\"potentialAction\":[{\"@type\":\"SearchAction\",\"target\":{\"@type\":\"EntryPoint\",\"urlTemplate\":\"https:\/\/vosgesinfo.fr\/remiremontinfo\/?s={search_term_string}\"},\"query-input\":\"required name=search_term_string\"}],\"inLanguage\":\"fr-FR\"},{\"@type\":\"Organization\",\"@id\":\"https:\/\/vosgesinfo.fr\/remiremontinfo\/#organization\",\"name\":\"Remiremont Info\",\"url\":\"https:\/\/vosgesinfo.fr\/remiremontinfo\/\",\"logo\":{\"@type\":\"ImageObject\",\"inLanguage\":\"fr-FR\",\"@id\":\"https:\/\/vosgesinfo.fr\/remiremontinfo\/#\/schema\/logo\/image\/\",\"url\":\"https:\/\/vosgesinfo.fr\/app\/uploads\/sites\/5\/2023\/08\/favicon-remiremontinfo.png\",\"contentUrl\":\"https:\/\/vosgesinfo.fr\/app\/uploads\/sites\/5\/2023\/08\/favicon-remiremontinfo.png\",\"width\":512,\"height\":512,\"caption\":\"Remiremont Info\"},\"image\":{\"@id\":\"https:\/\/vosgesinfo.fr\/remiremontinfo\/#\/schema\/logo\/image\/\"},\"sameAs\":[\"https:\/\/www.facebook.com\/remiremontinfo\",\"https:\/\/x.com\/VosgesInfo88\",\"https:\/\/www.youtube.com\/@vosgesinfo\"]},{\"@type\":\"Person\",\"@id\":\"https:\/\/vosgesinfo.fr\/remiremontinfo\/#\/schema\/person\/3bfd164d5218a185b1db68655a265316\",\"name\":\"C D\",\"image\":{\"@type\":\"ImageObject\",\"inLanguage\":\"fr-FR\",\"@id\":\"https:\/\/vosgesinfo.fr\/remiremontinfo\/#\/schema\/person\/image\/\",\"url\":\"https:\/\/secure.gravatar.com\/avatar\/1f9a70007336511a47468b8f1c66f922b8b7cf617b02a31149ada43893a5d48f?s=96&d=mm&r=g\",\"contentUrl\":\"https:\/\/secure.gravatar.com\/avatar\/1f9a70007336511a47468b8f1c66f922b8b7cf617b02a31149ada43893a5d48f?s=96&d=mm&r=g\",\"caption\":\"C D\"},\"url\":\"https:\/\/vosgesinfo.fr\/remiremontinfo\/author\/cedric-drevet\/\"}]}<\/script>\n<!-- \/ Yoast SEO plugin. -->","yoast_head_json":{"title":"Le Vosgien Henri Cuny signe un ouvrage sur l\u2019Anthropoc\u00e8ne, \u00ab l\u2019\u00e9poque dont nous sommes les sombres h\u00e9ros \u00bb - Remiremont Info","robots":{"index":"index","follow":"follow","max-snippet":"max-snippet:-1","max-image-preview":"max-image-preview:large","max-video-preview":"max-video-preview:-1"},"canonical":"https:\/\/vosgesinfo.fr\/remiremontinfo\/2023\/04\/vosgien-henri-cuny-signe-ouvrage-lanthropocene-lepoque-dont-sommes-sombres-heros\/","twitter_card":"summary_large_image","twitter_title":"Le Vosgien Henri Cuny signe un ouvrage sur l\u2019Anthropoc\u00e8ne, \u00ab l\u2019\u00e9poque dont nous sommes les sombres h\u00e9ros \u00bb - Remiremont Info","twitter_description":"L\u2019anthropoc\u00e8ne, ou \u00ab\u00a0\u00e8re de l\u2019humain\u00a0\u00bb, constitue pour certains scientifiques une \u00e9poque caract\u00e9ris\u00e9e par l\u2019influence consid\u00e9rable et sans pr\u00e9c\u00e9dent de ce [&hellip;]","twitter_image":"https:\/\/vosgesinfo.fr\/app\/uploads\/sites\/5\/2024\/09\/202304h.-cuny.jpg","twitter_creator":"@VosgesInfo88","twitter_site":"@VosgesInfo88","twitter_misc":{"\u00c9crit par":"C D"},"schema":{"@context":"https:\/\/schema.org","@graph":[{"@type":"Article","@id":"https:\/\/vosgesinfo.fr\/remiremontinfo\/2023\/04\/vosgien-henri-cuny-signe-ouvrage-lanthropocene-lepoque-dont-sommes-sombres-heros\/#article","isPartOf":{"@id":"https:\/\/vosgesinfo.fr\/remiremontinfo\/2023\/04\/vosgien-henri-cuny-signe-ouvrage-lanthropocene-lepoque-dont-sommes-sombres-heros\/"},"author":{"name":"C D","@id":"https:\/\/vosgesinfo.fr\/remiremontinfo\/#\/schema\/person\/3bfd164d5218a185b1db68655a265316"},"headline":"Le Vosgien Henri Cuny signe un ouvrage sur l\u2019Anthropoc\u00e8ne, \u00ab l\u2019\u00e9poque dont nous sommes les sombres h\u00e9ros \u00bb","datePublished":"2023-04-26T05:00:39+00:00","dateModified":"2023-04-26T05:00:39+00:00","mainEntityOfPage":{"@id":"https:\/\/vosgesinfo.fr\/remiremontinfo\/2023\/04\/vosgien-henri-cuny-signe-ouvrage-lanthropocene-lepoque-dont-sommes-sombres-heros\/"},"wordCount":103,"commentCount":0,"publisher":{"@id":"https:\/\/vosgesinfo.fr\/remiremontinfo\/#organization"},"image":{"@id":"https:\/\/vosgesinfo.fr\/remiremontinfo\/2023\/04\/vosgien-henri-cuny-signe-ouvrage-lanthropocene-lepoque-dont-sommes-sombres-heros\/#primaryimage"},"thumbnailUrl":"https:\/\/vosgesinfo.fr\/app\/uploads\/sites\/5\/2024\/09\/202304h.-cuny.jpg","keywords":["anthopocene","livre","Vosges"],"articleSection":["A la Une","Culture","Vosges"],"inLanguage":"fr-FR","potentialAction":[{"@type":"CommentAction","name":"Comment","target":["https:\/\/vosgesinfo.fr\/remiremontinfo\/2023\/04\/vosgien-henri-cuny-signe-ouvrage-lanthropocene-lepoque-dont-sommes-sombres-heros\/#respond"]}]},{"@type":"WebPage","@id":"https:\/\/vosgesinfo.fr\/remiremontinfo\/2023\/04\/vosgien-henri-cuny-signe-ouvrage-lanthropocene-lepoque-dont-sommes-sombres-heros\/","url":"https:\/\/vosgesinfo.fr\/remiremontinfo\/2023\/04\/vosgien-henri-cuny-signe-ouvrage-lanthropocene-lepoque-dont-sommes-sombres-heros\/","name":"Le Vosgien Henri Cuny signe un ouvrage sur l\u2019Anthropoc\u00e8ne, \u00ab l\u2019\u00e9poque dont nous sommes les sombres h\u00e9ros \u00bb - Remiremont Info","isPartOf":{"@id":"https:\/\/vosgesinfo.fr\/remiremontinfo\/#website"},"primaryImageOfPage":{"@id":"https:\/\/vosgesinfo.fr\/remiremontinfo\/2023\/04\/vosgien-henri-cuny-signe-ouvrage-lanthropocene-lepoque-dont-sommes-sombres-heros\/#primaryimage"},"image":{"@id":"https:\/\/vosgesinfo.fr\/remiremontinfo\/2023\/04\/vosgien-henri-cuny-signe-ouvrage-lanthropocene-lepoque-dont-sommes-sombres-heros\/#primaryimage"},"thumbnailUrl":"https:\/\/vosgesinfo.fr\/app\/uploads\/sites\/5\/2024\/09\/202304h.-cuny.jpg","datePublished":"2023-04-26T05:00:39+00:00","dateModified":"2023-04-26T05:00:39+00:00","breadcrumb":{"@id":"https:\/\/vosgesinfo.fr\/remiremontinfo\/2023\/04\/vosgien-henri-cuny-signe-ouvrage-lanthropocene-lepoque-dont-sommes-sombres-heros\/#breadcrumb"},"inLanguage":"fr-FR","potentialAction":[{"@type":"ReadAction","target":["https:\/\/vosgesinfo.fr\/remiremontinfo\/2023\/04\/vosgien-henri-cuny-signe-ouvrage-lanthropocene-lepoque-dont-sommes-sombres-heros\/"]}]},{"@type":"ImageObject","inLanguage":"fr-FR","@id":"https:\/\/vosgesinfo.fr\/remiremontinfo\/2023\/04\/vosgien-henri-cuny-signe-ouvrage-lanthropocene-lepoque-dont-sommes-sombres-heros\/#primaryimage","url":"https:\/\/vosgesinfo.fr\/app\/uploads\/sites\/5\/2024\/09\/202304h.-cuny.jpg","contentUrl":"https:\/\/vosgesinfo.fr\/app\/uploads\/sites\/5\/2024\/09\/202304h.-cuny.jpg","width":1199,"height":935},{"@type":"BreadcrumbList","@id":"https:\/\/vosgesinfo.fr\/remiremontinfo\/2023\/04\/vosgien-henri-cuny-signe-ouvrage-lanthropocene-lepoque-dont-sommes-sombres-heros\/#breadcrumb","itemListElement":[{"@type":"ListItem","position":1,"name":"Home","item":"https:\/\/vosgesinfo.fr\/remiremontinfo\/"},{"@type":"ListItem","position":2,"name":"Le Vosgien Henri Cuny signe un ouvrage sur l\u2019Anthropoc\u00e8ne, \u00ab l\u2019\u00e9poque dont nous sommes les sombres h\u00e9ros \u00bb"}]},{"@type":"WebSite","@id":"https:\/\/vosgesinfo.fr\/remiremontinfo\/#website","url":"https:\/\/vosgesinfo.fr\/remiremontinfo\/","name":"Remiremont Info","description":"Toute l&#039;actualit\u00e9 de Remiremont","publisher":{"@id":"https:\/\/vosgesinfo.fr\/remiremontinfo\/#organization"},"alternateName":"Toute l'actualit\u00e9 de Remiremont","potentialAction":[{"@type":"SearchAction","target":{"@type":"EntryPoint","urlTemplate":"https:\/\/vosgesinfo.fr\/remiremontinfo\/?s={search_term_string}"},"query-input":"required name=search_term_string"}],"inLanguage":"fr-FR"},{"@type":"Organization","@id":"https:\/\/vosgesinfo.fr\/remiremontinfo\/#organization","name":"Remiremont Info","url":"https:\/\/vosgesinfo.fr\/remiremontinfo\/","logo":{"@type":"ImageObject","inLanguage":"fr-FR","@id":"https:\/\/vosgesinfo.fr\/remiremontinfo\/#\/schema\/logo\/image\/","url":"https:\/\/vosgesinfo.fr\/app\/uploads\/sites\/5\/2023\/08\/favicon-remiremontinfo.png","contentUrl":"https:\/\/vosgesinfo.fr\/app\/uploads\/sites\/5\/2023\/08\/favicon-remiremontinfo.png","width":512,"height":512,"caption":"Remiremont Info"},"image":{"@id":"https:\/\/vosgesinfo.fr\/remiremontinfo\/#\/schema\/logo\/image\/"},"sameAs":["https:\/\/www.facebook.com\/remiremontinfo","https:\/\/x.com\/VosgesInfo88","https:\/\/www.youtube.com\/@vosgesinfo"]},{"@type":"Person","@id":"https:\/\/vosgesinfo.fr\/remiremontinfo\/#\/schema\/person\/3bfd164d5218a185b1db68655a265316","name":"C D","image":{"@type":"ImageObject","inLanguage":"fr-FR","@id":"https:\/\/vosgesinfo.fr\/remiremontinfo\/#\/schema\/person\/image\/","url":"https:\/\/secure.gravatar.com\/avatar\/1f9a70007336511a47468b8f1c66f922b8b7cf617b02a31149ada43893a5d48f?s=96&d=mm&r=g","contentUrl":"https:\/\/secure.gravatar.com\/avatar\/1f9a70007336511a47468b8f1c66f922b8b7cf617b02a31149ada43893a5d48f?s=96&d=mm&r=g","caption":"C D"},"url":"https:\/\/vosgesinfo.fr\/remiremontinfo\/author\/cedric-drevet\/"}]}},"_links":{"self":[{"href":"https:\/\/vosgesinfo.fr\/remiremontinfo\/wp-json\/wp\/v2\/posts\/70730","targetHints":{"allow":["GET"]}}],"collection":[{"href":"https:\/\/vosgesinfo.fr\/remiremontinfo\/wp-json\/wp\/v2\/posts"}],"about":[{"href":"https:\/\/vosgesinfo.fr\/remiremontinfo\/wp-json\/wp\/v2\/types\/post"}],"author":[{"embeddable":true,"href":"https:\/\/vosgesinfo.fr\/remiremontinfo\/wp-json\/wp\/v2\/users\/407"}],"replies":[{"embeddable":true,"href":"https:\/\/vosgesinfo.fr\/remiremontinfo\/wp-json\/wp\/v2\/comments?post=70730"}],"version-history":[{"count":0,"href":"https:\/\/vosgesinfo.fr\/remiremontinfo\/wp-json\/wp\/v2\/posts\/70730\/revisions"}],"wp:featuredmedia":[{"embeddable":true,"href":"https:\/\/vosgesinfo.fr\/remiremontinfo\/wp-json\/wp\/v2\/media\/70731"}],"wp:attachment":[{"href":"https:\/\/vosgesinfo.fr\/remiremontinfo\/wp-json\/wp\/v2\/media?parent=70730"}],"wp:term":[{"taxonomy":"category","embeddable":true,"href":"https:\/\/vosgesinfo.fr\/remiremontinfo\/wp-json\/wp\/v2\/categories?post=70730"},{"taxonomy":"post_tag","embeddable":true,"href":"https:\/\/vosgesinfo.fr\/remiremontinfo\/wp-json\/wp\/v2\/tags?post=70730"}],"curies":[{"name":"wp","href":"https:\/\/api.w.org\/{rel}","templated":true}]}}