{"id":70734,"date":"2023-04-26T08:07:36","date_gmt":"2023-04-26T06:07:36","guid":{"rendered":"https:\/\/vosgesinfo.fr\/remiremontinfo\/2023\/04\/fete-mondiale-jeu-26-27-mai-a-mediatheque-intercommunale-cercle\/"},"modified":"2023-04-26T08:07:36","modified_gmt":"2023-04-26T06:07:36","slug":"fete-mondiale-jeu-26-27-mai-a-mediatheque-intercommunale-cercle","status":"publish","type":"post","link":"https:\/\/vosgesinfo.fr\/remiremontinfo\/2023\/04\/fete-mondiale-jeu-26-27-mai-a-mediatheque-intercommunale-cercle\/","title":{"rendered":"F\u00eate mondiale du jeu : les 26 et 27 mai \u00e0 la m\u00e9diath\u00e8que intercommunale Le Cercle"},"content":{"rendered":"<p><a href=\"\/2023\/04\/24.jpg\"><img decoding=\"async\" class=\"alignnone size-full wp-image-368998\" src=\"\/2023\/04\/24.jpg\" alt=\"2\" width=\"638\" height=\"902\" \/><\/a><\/p>\n<h2><span style=\"font-size: 12pt;\"><strong>A l\u2019occasion de la F\u00eate mondiale du jeu, la m\u00e9diath\u00e8que intercommunale Le Cercle invite les joueurs de tous les \u00e2ges \u00e0 se retrouver place Jules M\u00e9line \u00e0 Remiremont pour un nouveau grand rendez-vous ludique le samedi 27 mai. Et pour les plus grands, une soir\u00e9e consacr\u00e9e \u00e0 la d\u00e9couverte du jeu de r\u00f4le sera propos\u00e9e la veille.<\/strong><\/span><\/h2>\n<p>D\u00e9couverte du jeu de r\u00f4le \u2013 vendredi 26 mai de 18h \u00e0 22h<\/p>\n<p>Longtemps consid\u00e9r\u00e9 comme un loisir complexe et \u00e9litiste, le jeu de r\u00f4le tend \u00e0 se d\u00e9mocratiser et attire un nombre croissant de joueurs. Gabriel Durnerin, auteur de jeux de soci\u00e9t\u00e9 ayant notamment collabor\u00e9 \u00e0 la s\u00e9rie Unlock ! et r\u00f4liste aguerri, proposera une pr\u00e9sentation g\u00e9n\u00e9rale de cet univers ludique si particulier ainsi que deux s\u00e9ances d\u2019initiation.<br \/>\n&#8211;\u00a0\u00e0 18h : Pr\u00e9sentation du jeu de r\u00f4le (historique, auteurs et titres de r\u00e9f\u00e9rence, m\u00e9canismes de jeu&#8230;). Acc\u00e8s libre, \u00e0 partir de12 ans.<br \/>\n&#8211;\u00a0\u00e0 18h30 : S\u00e9ance d\u2019initiation \u00e0 Donjons &amp; Dragons.<br \/>\nSur inscription, \u00e0 partir de 12 ans. Acc\u00e8s libre pour les simples spectateurs.<br \/>\n&#8211;\u00a0\u00e0 20h30 : S\u00e9ance d\u2019initiation \u00e0 L\u2019Appel de Cthulhu<br \/>\nSur inscription, \u00e0 partir de 16 ans. Acc\u00e8s libre pour les simples spectateurs.<\/p>\n<p>Jeux en plein air \u2013 samedi 27 mai de 13h30 \u00e0 18h<\/p>\n<p>En partenariat avec la ludoth\u00e8que Vivre En\u2019Jeux, l\u2019association Groupe d\u2019Interventions Ludiques, le club L\u2019Echiquier des Hautes-Vosges et le magasin Au Grand Gnome, la m\u00e9diath\u00e8que transforme sa cour en une vaste aire de jeu !<br \/>\nLe public y trouvera des stands de jeux de soci\u00e9t\u00e9 pour tester des titres rigoureusement s\u00e9lectionn\u00e9s par des animateurs passionn\u00e9s et disponibles pour toute demande d\u2019aide ou de conseils. Des tables d\u2019\u00e9checs et un \u00e9chiquier g\u00e9ant accueilleront les amateurs d\u00e9butants ou confirm\u00e9s. Les n\u00e9ophytes pourront profiter d\u2019une initiation dispens\u00e9e par les b\u00e9n\u00e9voles experts du club.<\/p>\n<p>Les incontournables jeux g\u00e9ants en bois de la ludoth\u00e8que Vivre En\u2019Jeux seront \u00e9galement de la f\u00eate, pour le plus grand plaisir des petits et grands visiteurs !<\/p>\n<p>Escape Game \u2013 samedi 27 mai \u00e0 partir de 14h (\u00e0 l\u2019int\u00e9rieur)<\/p>\n<p>R\u00e9soudre des \u00e9nigmes pour r\u00e9ussir \u00e0 sortir d\u2019une pi\u00e8ce dans un temps imparti, tel est le d\u00e9fi lanc\u00e9 par Vivre En\u2019Jeux aux adeptes de casse-t\u00eates !<\/p>\n<p>A partir de 4 ans, sur inscription. S\u00e9ances \u00e0 14h, 14h45, 15h30, 16h15 et 17h.<br \/>\nJeu de piste : \u00ab A la poursuite de l\u2019elixir de jouvence \u00bb &#8211; samedi 27 mai \u00e0 partir de 14h (ext\u00e9rieur et int\u00e9rieur)<br \/>\nLe Groupe d\u2019Interventions Ludiques vous offre l\u2019opportunit\u00e9 d\u2019endosser le costume d\u2019un d\u00e9tective priv\u00e9 pris au pi\u00e8ge et n\u2019ayant qu\u2019une heure pour trouver l\u2019antipoison qui lui sauvera la vie !<br \/>\nInscription et instructions sur place, aupr\u00e8s des organisateurs. A partir de 12 ans.<br \/>\nAtelier Bo\u00eetes de jeu en origami et s\u00e9lection de jeux &#8211; samedi 27 mai \u00e0 partir de 14h (\u00e0 l\u2019int\u00e9rieur)<br \/>\nAlain Peltier, collectionneur passionn\u00e9 et fondateur de l\u2019association Tas d\u2019b\u00f4 jeux, est \u00e9galement un origamiste accompli. Il expliquera aux visiteurs comment fabriquer de magnifiques bo\u00eetes de jeux. Cet expert ayant d\u00e9j\u00e0 jou\u00e9 \u00e0 plus de 5000 titres pr\u00e9sentera \u00e9galement quelques-uns de ses jeux pr\u00e9f\u00e9r\u00e9s. A partir de 12 ans, acc\u00e8s libre.<br \/>\nRencontre avec un illustrateur de jeux &#8211; samedi 27 mai \u00e0 partir de 14h (\u00e0 l\u2019int\u00e9rieur)<br \/>\nRaphael Piderit est un jeune infographiste nanc\u00e9en ayant notamment r\u00e9alis\u00e9 des illustrations pour des jeux de soci\u00e9t\u00e9. Il pr\u00e9sentera quelques-unes de ses \u0153uvres et r\u00e9pondra aux questions du public sur son m\u00e9tier. Tout public, acc\u00e8s libre.<\/p>\n<p>Contact pour plus d\u2019informations :<br \/>\nmediatheque@ccpvm.fr<br \/>\n03 29 22 50 01<\/p>\n<p><span style=\"font-size: 10pt;\"><em>Communiqu\u00e9\u00a0<\/em><\/span><\/p>\n","protected":false},"excerpt":{"rendered":"<p>A l\u2019occasion de la F\u00eate mondiale du jeu, la m\u00e9diath\u00e8que intercommunale Le Cercle invite les joueurs de tous les \u00e2ges [&hellip;]<\/p>\n","protected":false},"author":407,"featured_media":427,"comment_status":"open","ping_status":"open","sticky":false,"template":"","format":"standard","meta":{"footnotes":""},"categories":[26,54,1556,35],"tags":[2473,44,32],"class_list":["post-70734","post","type-post","status-publish","format-standard","has-post-thumbnail","hentry","category-a-la-une","category-loisirs","category-remiremont-remiremont-son-canton-2","category-remiremont-son-canton","tag-jeu","tag-remiremont","tag-vosges"],"acf":[],"yoast_head":"<!-- This site is optimized with the Yoast SEO plugin v22.5 - https:\/\/yoast.com\/wordpress\/plugins\/seo\/ -->\n<title>F\u00eate mondiale du jeu : les 26 et 27 mai \u00e0 la m\u00e9diath\u00e8que intercommunale Le Cercle - Remiremont Info<\/title>\n<meta name=\"robots\" content=\"index, follow, max-snippet:-1, max-image-preview:large, max-video-preview:-1\" \/>\n<link rel=\"canonical\" href=\"https:\/\/vosgesinfo.fr\/remiremontinfo\/2023\/04\/fete-mondiale-jeu-26-27-mai-a-mediatheque-intercommunale-cercle\/\" \/>\n<meta name=\"twitter:card\" content=\"summary_large_image\" \/>\n<meta name=\"twitter:title\" content=\"F\u00eate mondiale du jeu : les 26 et 27 mai \u00e0 la m\u00e9diath\u00e8que intercommunale Le Cercle - Remiremont Info\" \/>\n<meta name=\"twitter:description\" content=\"A l\u2019occasion de la F\u00eate mondiale du jeu, la m\u00e9diath\u00e8que intercommunale Le Cercle invite les joueurs de tous les \u00e2ges [&hellip;]\" \/>\n<meta name=\"twitter:image\" content=\"https:\/\/vosgesinfo.fr\/app\/uploads\/sites\/5\/2020\/01\/p1110212-1024x768-1.jpg\" \/>\n<meta name=\"twitter:creator\" content=\"@VosgesInfo88\" \/>\n<meta name=\"twitter:site\" content=\"@VosgesInfo88\" \/>\n<meta name=\"twitter:label1\" content=\"\u00c9crit par\" \/>\n\t<meta name=\"twitter:data1\" content=\"C D\" \/>\n\t<meta name=\"twitter:label2\" content=\"Dur\u00e9e de lecture estim\u00e9e\" \/>\n\t<meta name=\"twitter:data2\" content=\"3 minutes\" \/>\n<script type=\"application\/ld+json\" class=\"yoast-schema-graph\">{\"@context\":\"https:\/\/schema.org\",\"@graph\":[{\"@type\":\"Article\",\"@id\":\"https:\/\/vosgesinfo.fr\/remiremontinfo\/2023\/04\/fete-mondiale-jeu-26-27-mai-a-mediatheque-intercommunale-cercle\/#article\",\"isPartOf\":{\"@id\":\"https:\/\/vosgesinfo.fr\/remiremontinfo\/2023\/04\/fete-mondiale-jeu-26-27-mai-a-mediatheque-intercommunale-cercle\/\"},\"author\":{\"name\":\"C D\",\"@id\":\"https:\/\/vosgesinfo.fr\/remiremontinfo\/#\/schema\/person\/3bfd164d5218a185b1db68655a265316\"},\"headline\":\"F\u00eate mondiale du jeu : les 26 et 27 mai \u00e0 la m\u00e9diath\u00e8que intercommunale Le Cercle\",\"datePublished\":\"2023-04-26T06:07:36+00:00\",\"dateModified\":\"2023-04-26T06:07:36+00:00\",\"mainEntityOfPage\":{\"@id\":\"https:\/\/vosgesinfo.fr\/remiremontinfo\/2023\/04\/fete-mondiale-jeu-26-27-mai-a-mediatheque-intercommunale-cercle\/\"},\"wordCount\":644,\"commentCount\":0,\"publisher\":{\"@id\":\"https:\/\/vosgesinfo.fr\/remiremontinfo\/#organization\"},\"image\":{\"@id\":\"https:\/\/vosgesinfo.fr\/remiremontinfo\/2023\/04\/fete-mondiale-jeu-26-27-mai-a-mediatheque-intercommunale-cercle\/#primaryimage\"},\"thumbnailUrl\":\"https:\/\/vosgesinfo.fr\/app\/uploads\/sites\/5\/2020\/01\/p1110212-1024x768-1.jpg\",\"keywords\":[\"JEU\",\"remiremont\",\"Vosges\"],\"articleSection\":[\"A la Une\",\"Loisirs\",\"Remiremont\",\"Remiremont &amp; son canton\"],\"inLanguage\":\"fr-FR\",\"potentialAction\":[{\"@type\":\"CommentAction\",\"name\":\"Comment\",\"target\":[\"https:\/\/vosgesinfo.fr\/remiremontinfo\/2023\/04\/fete-mondiale-jeu-26-27-mai-a-mediatheque-intercommunale-cercle\/#respond\"]}]},{\"@type\":\"WebPage\",\"@id\":\"https:\/\/vosgesinfo.fr\/remiremontinfo\/2023\/04\/fete-mondiale-jeu-26-27-mai-a-mediatheque-intercommunale-cercle\/\",\"url\":\"https:\/\/vosgesinfo.fr\/remiremontinfo\/2023\/04\/fete-mondiale-jeu-26-27-mai-a-mediatheque-intercommunale-cercle\/\",\"name\":\"F\u00eate mondiale du jeu : les 26 et 27 mai \u00e0 la m\u00e9diath\u00e8que intercommunale Le Cercle - Remiremont Info\",\"isPartOf\":{\"@id\":\"https:\/\/vosgesinfo.fr\/remiremontinfo\/#website\"},\"primaryImageOfPage\":{\"@id\":\"https:\/\/vosgesinfo.fr\/remiremontinfo\/2023\/04\/fete-mondiale-jeu-26-27-mai-a-mediatheque-intercommunale-cercle\/#primaryimage\"},\"image\":{\"@id\":\"https:\/\/vosgesinfo.fr\/remiremontinfo\/2023\/04\/fete-mondiale-jeu-26-27-mai-a-mediatheque-intercommunale-cercle\/#primaryimage\"},\"thumbnailUrl\":\"https:\/\/vosgesinfo.fr\/app\/uploads\/sites\/5\/2020\/01\/p1110212-1024x768-1.jpg\",\"datePublished\":\"2023-04-26T06:07:36+00:00\",\"dateModified\":\"2023-04-26T06:07:36+00:00\",\"breadcrumb\":{\"@id\":\"https:\/\/vosgesinfo.fr\/remiremontinfo\/2023\/04\/fete-mondiale-jeu-26-27-mai-a-mediatheque-intercommunale-cercle\/#breadcrumb\"},\"inLanguage\":\"fr-FR\",\"potentialAction\":[{\"@type\":\"ReadAction\",\"target\":[\"https:\/\/vosgesinfo.fr\/remiremontinfo\/2023\/04\/fete-mondiale-jeu-26-27-mai-a-mediatheque-intercommunale-cercle\/\"]}]},{\"@type\":\"ImageObject\",\"inLanguage\":\"fr-FR\",\"@id\":\"https:\/\/vosgesinfo.fr\/remiremontinfo\/2023\/04\/fete-mondiale-jeu-26-27-mai-a-mediatheque-intercommunale-cercle\/#primaryimage\",\"url\":\"https:\/\/vosgesinfo.fr\/app\/uploads\/sites\/5\/2020\/01\/p1110212-1024x768-1.jpg\",\"contentUrl\":\"https:\/\/vosgesinfo.fr\/app\/uploads\/sites\/5\/2020\/01\/p1110212-1024x768-1.jpg\",\"width\":1024,\"height\":768},{\"@type\":\"BreadcrumbList\",\"@id\":\"https:\/\/vosgesinfo.fr\/remiremontinfo\/2023\/04\/fete-mondiale-jeu-26-27-mai-a-mediatheque-intercommunale-cercle\/#breadcrumb\",\"itemListElement\":[{\"@type\":\"ListItem\",\"position\":1,\"name\":\"Home\",\"item\":\"https:\/\/vosgesinfo.fr\/remiremontinfo\/\"},{\"@type\":\"ListItem\",\"position\":2,\"name\":\"F\u00eate mondiale du jeu : les 26 et 27 mai \u00e0 la m\u00e9diath\u00e8que intercommunale Le Cercle\"}]},{\"@type\":\"WebSite\",\"@id\":\"https:\/\/vosgesinfo.fr\/remiremontinfo\/#website\",\"url\":\"https:\/\/vosgesinfo.fr\/remiremontinfo\/\",\"name\":\"Remiremont Info\",\"description\":\"Toute l&#039;actualit\u00e9 de Remiremont\",\"publisher\":{\"@id\":\"https:\/\/vosgesinfo.fr\/remiremontinfo\/#organization\"},\"alternateName\":\"Toute l'actualit\u00e9 de Remiremont\",\"potentialAction\":[{\"@type\":\"SearchAction\",\"target\":{\"@type\":\"EntryPoint\",\"urlTemplate\":\"https:\/\/vosgesinfo.fr\/remiremontinfo\/?s={search_term_string}\"},\"query-input\":\"required name=search_term_string\"}],\"inLanguage\":\"fr-FR\"},{\"@type\":\"Organization\",\"@id\":\"https:\/\/vosgesinfo.fr\/remiremontinfo\/#organization\",\"name\":\"Remiremont Info\",\"url\":\"https:\/\/vosgesinfo.fr\/remiremontinfo\/\",\"logo\":{\"@type\":\"ImageObject\",\"inLanguage\":\"fr-FR\",\"@id\":\"https:\/\/vosgesinfo.fr\/remiremontinfo\/#\/schema\/logo\/image\/\",\"url\":\"https:\/\/vosgesinfo.fr\/app\/uploads\/sites\/5\/2023\/08\/favicon-remiremontinfo.png\",\"contentUrl\":\"https:\/\/vosgesinfo.fr\/app\/uploads\/sites\/5\/2023\/08\/favicon-remiremontinfo.png\",\"width\":512,\"height\":512,\"caption\":\"Remiremont Info\"},\"image\":{\"@id\":\"https:\/\/vosgesinfo.fr\/remiremontinfo\/#\/schema\/logo\/image\/\"},\"sameAs\":[\"https:\/\/www.facebook.com\/remiremontinfo\",\"https:\/\/x.com\/VosgesInfo88\",\"https:\/\/www.youtube.com\/@vosgesinfo\"]},{\"@type\":\"Person\",\"@id\":\"https:\/\/vosgesinfo.fr\/remiremontinfo\/#\/schema\/person\/3bfd164d5218a185b1db68655a265316\",\"name\":\"C D\",\"image\":{\"@type\":\"ImageObject\",\"inLanguage\":\"fr-FR\",\"@id\":\"https:\/\/vosgesinfo.fr\/remiremontinfo\/#\/schema\/person\/image\/\",\"url\":\"https:\/\/secure.gravatar.com\/avatar\/1f9a70007336511a47468b8f1c66f922b8b7cf617b02a31149ada43893a5d48f?s=96&d=mm&r=g\",\"contentUrl\":\"https:\/\/secure.gravatar.com\/avatar\/1f9a70007336511a47468b8f1c66f922b8b7cf617b02a31149ada43893a5d48f?s=96&d=mm&r=g\",\"caption\":\"C D\"},\"url\":\"https:\/\/vosgesinfo.fr\/remiremontinfo\/author\/cedric-drevet\/\"}]}<\/script>\n<!-- \/ Yoast SEO plugin. -->","yoast_head_json":{"title":"F\u00eate mondiale du jeu : les 26 et 27 mai \u00e0 la m\u00e9diath\u00e8que intercommunale Le Cercle - Remiremont Info","robots":{"index":"index","follow":"follow","max-snippet":"max-snippet:-1","max-image-preview":"max-image-preview:large","max-video-preview":"max-video-preview:-1"},"canonical":"https:\/\/vosgesinfo.fr\/remiremontinfo\/2023\/04\/fete-mondiale-jeu-26-27-mai-a-mediatheque-intercommunale-cercle\/","twitter_card":"summary_large_image","twitter_title":"F\u00eate mondiale du jeu : les 26 et 27 mai \u00e0 la m\u00e9diath\u00e8que intercommunale Le Cercle - Remiremont Info","twitter_description":"A l\u2019occasion de la F\u00eate mondiale du jeu, la m\u00e9diath\u00e8que intercommunale Le Cercle invite les joueurs de tous les \u00e2ges [&hellip;]","twitter_image":"https:\/\/vosgesinfo.fr\/app\/uploads\/sites\/5\/2020\/01\/p1110212-1024x768-1.jpg","twitter_creator":"@VosgesInfo88","twitter_site":"@VosgesInfo88","twitter_misc":{"\u00c9crit par":"C D","Dur\u00e9e de lecture estim\u00e9e":"3 minutes"},"schema":{"@context":"https:\/\/schema.org","@graph":[{"@type":"Article","@id":"https:\/\/vosgesinfo.fr\/remiremontinfo\/2023\/04\/fete-mondiale-jeu-26-27-mai-a-mediatheque-intercommunale-cercle\/#article","isPartOf":{"@id":"https:\/\/vosgesinfo.fr\/remiremontinfo\/2023\/04\/fete-mondiale-jeu-26-27-mai-a-mediatheque-intercommunale-cercle\/"},"author":{"name":"C D","@id":"https:\/\/vosgesinfo.fr\/remiremontinfo\/#\/schema\/person\/3bfd164d5218a185b1db68655a265316"},"headline":"F\u00eate mondiale du jeu : les 26 et 27 mai \u00e0 la m\u00e9diath\u00e8que intercommunale Le Cercle","datePublished":"2023-04-26T06:07:36+00:00","dateModified":"2023-04-26T06:07:36+00:00","mainEntityOfPage":{"@id":"https:\/\/vosgesinfo.fr\/remiremontinfo\/2023\/04\/fete-mondiale-jeu-26-27-mai-a-mediatheque-intercommunale-cercle\/"},"wordCount":644,"commentCount":0,"publisher":{"@id":"https:\/\/vosgesinfo.fr\/remiremontinfo\/#organization"},"image":{"@id":"https:\/\/vosgesinfo.fr\/remiremontinfo\/2023\/04\/fete-mondiale-jeu-26-27-mai-a-mediatheque-intercommunale-cercle\/#primaryimage"},"thumbnailUrl":"https:\/\/vosgesinfo.fr\/app\/uploads\/sites\/5\/2020\/01\/p1110212-1024x768-1.jpg","keywords":["JEU","remiremont","Vosges"],"articleSection":["A la Une","Loisirs","Remiremont","Remiremont &amp; son canton"],"inLanguage":"fr-FR","potentialAction":[{"@type":"CommentAction","name":"Comment","target":["https:\/\/vosgesinfo.fr\/remiremontinfo\/2023\/04\/fete-mondiale-jeu-26-27-mai-a-mediatheque-intercommunale-cercle\/#respond"]}]},{"@type":"WebPage","@id":"https:\/\/vosgesinfo.fr\/remiremontinfo\/2023\/04\/fete-mondiale-jeu-26-27-mai-a-mediatheque-intercommunale-cercle\/","url":"https:\/\/vosgesinfo.fr\/remiremontinfo\/2023\/04\/fete-mondiale-jeu-26-27-mai-a-mediatheque-intercommunale-cercle\/","name":"F\u00eate mondiale du jeu : les 26 et 27 mai \u00e0 la m\u00e9diath\u00e8que intercommunale Le Cercle - Remiremont Info","isPartOf":{"@id":"https:\/\/vosgesinfo.fr\/remiremontinfo\/#website"},"primaryImageOfPage":{"@id":"https:\/\/vosgesinfo.fr\/remiremontinfo\/2023\/04\/fete-mondiale-jeu-26-27-mai-a-mediatheque-intercommunale-cercle\/#primaryimage"},"image":{"@id":"https:\/\/vosgesinfo.fr\/remiremontinfo\/2023\/04\/fete-mondiale-jeu-26-27-mai-a-mediatheque-intercommunale-cercle\/#primaryimage"},"thumbnailUrl":"https:\/\/vosgesinfo.fr\/app\/uploads\/sites\/5\/2020\/01\/p1110212-1024x768-1.jpg","datePublished":"2023-04-26T06:07:36+00:00","dateModified":"2023-04-26T06:07:36+00:00","breadcrumb":{"@id":"https:\/\/vosgesinfo.fr\/remiremontinfo\/2023\/04\/fete-mondiale-jeu-26-27-mai-a-mediatheque-intercommunale-cercle\/#breadcrumb"},"inLanguage":"fr-FR","potentialAction":[{"@type":"ReadAction","target":["https:\/\/vosgesinfo.fr\/remiremontinfo\/2023\/04\/fete-mondiale-jeu-26-27-mai-a-mediatheque-intercommunale-cercle\/"]}]},{"@type":"ImageObject","inLanguage":"fr-FR","@id":"https:\/\/vosgesinfo.fr\/remiremontinfo\/2023\/04\/fete-mondiale-jeu-26-27-mai-a-mediatheque-intercommunale-cercle\/#primaryimage","url":"https:\/\/vosgesinfo.fr\/app\/uploads\/sites\/5\/2020\/01\/p1110212-1024x768-1.jpg","contentUrl":"https:\/\/vosgesinfo.fr\/app\/uploads\/sites\/5\/2020\/01\/p1110212-1024x768-1.jpg","width":1024,"height":768},{"@type":"BreadcrumbList","@id":"https:\/\/vosgesinfo.fr\/remiremontinfo\/2023\/04\/fete-mondiale-jeu-26-27-mai-a-mediatheque-intercommunale-cercle\/#breadcrumb","itemListElement":[{"@type":"ListItem","position":1,"name":"Home","item":"https:\/\/vosgesinfo.fr\/remiremontinfo\/"},{"@type":"ListItem","position":2,"name":"F\u00eate mondiale du jeu : les 26 et 27 mai \u00e0 la m\u00e9diath\u00e8que intercommunale Le Cercle"}]},{"@type":"WebSite","@id":"https:\/\/vosgesinfo.fr\/remiremontinfo\/#website","url":"https:\/\/vosgesinfo.fr\/remiremontinfo\/","name":"Remiremont Info","description":"Toute l&#039;actualit\u00e9 de Remiremont","publisher":{"@id":"https:\/\/vosgesinfo.fr\/remiremontinfo\/#organization"},"alternateName":"Toute l'actualit\u00e9 de Remiremont","potentialAction":[{"@type":"SearchAction","target":{"@type":"EntryPoint","urlTemplate":"https:\/\/vosgesinfo.fr\/remiremontinfo\/?s={search_term_string}"},"query-input":"required name=search_term_string"}],"inLanguage":"fr-FR"},{"@type":"Organization","@id":"https:\/\/vosgesinfo.fr\/remiremontinfo\/#organization","name":"Remiremont Info","url":"https:\/\/vosgesinfo.fr\/remiremontinfo\/","logo":{"@type":"ImageObject","inLanguage":"fr-FR","@id":"https:\/\/vosgesinfo.fr\/remiremontinfo\/#\/schema\/logo\/image\/","url":"https:\/\/vosgesinfo.fr\/app\/uploads\/sites\/5\/2023\/08\/favicon-remiremontinfo.png","contentUrl":"https:\/\/vosgesinfo.fr\/app\/uploads\/sites\/5\/2023\/08\/favicon-remiremontinfo.png","width":512,"height":512,"caption":"Remiremont Info"},"image":{"@id":"https:\/\/vosgesinfo.fr\/remiremontinfo\/#\/schema\/logo\/image\/"},"sameAs":["https:\/\/www.facebook.com\/remiremontinfo","https:\/\/x.com\/VosgesInfo88","https:\/\/www.youtube.com\/@vosgesinfo"]},{"@type":"Person","@id":"https:\/\/vosgesinfo.fr\/remiremontinfo\/#\/schema\/person\/3bfd164d5218a185b1db68655a265316","name":"C D","image":{"@type":"ImageObject","inLanguage":"fr-FR","@id":"https:\/\/vosgesinfo.fr\/remiremontinfo\/#\/schema\/person\/image\/","url":"https:\/\/secure.gravatar.com\/avatar\/1f9a70007336511a47468b8f1c66f922b8b7cf617b02a31149ada43893a5d48f?s=96&d=mm&r=g","contentUrl":"https:\/\/secure.gravatar.com\/avatar\/1f9a70007336511a47468b8f1c66f922b8b7cf617b02a31149ada43893a5d48f?s=96&d=mm&r=g","caption":"C D"},"url":"https:\/\/vosgesinfo.fr\/remiremontinfo\/author\/cedric-drevet\/"}]}},"_links":{"self":[{"href":"https:\/\/vosgesinfo.fr\/remiremontinfo\/wp-json\/wp\/v2\/posts\/70734","targetHints":{"allow":["GET"]}}],"collection":[{"href":"https:\/\/vosgesinfo.fr\/remiremontinfo\/wp-json\/wp\/v2\/posts"}],"about":[{"href":"https:\/\/vosgesinfo.fr\/remiremontinfo\/wp-json\/wp\/v2\/types\/post"}],"author":[{"embeddable":true,"href":"https:\/\/vosgesinfo.fr\/remiremontinfo\/wp-json\/wp\/v2\/users\/407"}],"replies":[{"embeddable":true,"href":"https:\/\/vosgesinfo.fr\/remiremontinfo\/wp-json\/wp\/v2\/comments?post=70734"}],"version-history":[{"count":0,"href":"https:\/\/vosgesinfo.fr\/remiremontinfo\/wp-json\/wp\/v2\/posts\/70734\/revisions"}],"wp:featuredmedia":[{"embeddable":true,"href":"https:\/\/vosgesinfo.fr\/remiremontinfo\/wp-json\/wp\/v2\/media\/427"}],"wp:attachment":[{"href":"https:\/\/vosgesinfo.fr\/remiremontinfo\/wp-json\/wp\/v2\/media?parent=70734"}],"wp:term":[{"taxonomy":"category","embeddable":true,"href":"https:\/\/vosgesinfo.fr\/remiremontinfo\/wp-json\/wp\/v2\/categories?post=70734"},{"taxonomy":"post_tag","embeddable":true,"href":"https:\/\/vosgesinfo.fr\/remiremontinfo\/wp-json\/wp\/v2\/tags?post=70734"}],"curies":[{"name":"wp","href":"https:\/\/api.w.org\/{rel}","templated":true}]}}