{"id":70986,"date":"2023-05-02T12:16:04","date_gmt":"2023-05-02T10:16:04","guid":{"rendered":"https:\/\/vosgesinfo.fr\/remiremontinfo\/2023\/05\/tri-dechets-evodia-lance-nouvelle-campagne-de-communication-autour-imbriques\/"},"modified":"2023-05-02T12:16:04","modified_gmt":"2023-05-02T10:16:04","slug":"tri-dechets-evodia-lance-nouvelle-campagne-de-communication-autour-imbriques","status":"publish","type":"post","link":"https:\/\/vosgesinfo.fr\/remiremontinfo\/2023\/05\/tri-dechets-evodia-lance-nouvelle-campagne-de-communication-autour-imbriques\/","title":{"rendered":"Tri des d\u00e9chets \u2013 \u00c9vodia lance sa nouvelle campagne de communication autour des imbriqu\u00e9s"},"content":{"rendered":"<h2>Ce mardi 2 mai, Evodia, l\u2019\u00e9tablissement vosgien de la gestion des d\u00e9chets, lance sa nouvelle campagne de communication autour des imbriqu\u00e9s, l\u2019erreur de tri la plus fr\u00e9quente chez les vosgiens.<\/h2>\n<p><a href=\"https:\/\/epinalinfos.fr\/wp-content\/uploads\/2023\/05\/P1000090.jpg\" data-featherlight=\"image\"><img decoding=\"async\" class=\"size-medium wp-image-218443\" src=\"https:\/\/epinalinfos.fr\/wp-content\/uploads\/2023\/05\/P1000090-400x225.jpg\" alt=\"Patrick Lagarde pr\u00e9sident d'Evodia\" width=\"400\" height=\"225\" \/><\/a><\/p>\n<p><i>\u00ab\u00a0S\u00e9parer, trier, recycler. Ensemble relevons le d\u00e9fi du tri\u00a0!<\/i>\u00a0\u00bb Evodia, l\u2019\u00e9tablissement vosgien de la gestion des d\u00e9chets lance une campagne de communication, ce mardi. Durant tout le mois de mai, 4 \u00e9pisodes d\u2019environ 1 minute seront diffus\u00e9s sur les r\u00e9seaux sociaux, sur le site internet de Vosges Info et dans les cin\u00e9mas comme aux Cin\u00e9s palace d\u2019Epinal.<\/p>\n","protected":false},"excerpt":{"rendered":"<p>Ce mardi 2 mai, Evodia, l\u2019\u00e9tablissement vosgien de la gestion des d\u00e9chets, lance sa nouvelle campagne de communication autour des [&hellip;]<\/p>\n","protected":false},"author":407,"featured_media":70987,"comment_status":"open","ping_status":"open","sticky":false,"template":"","format":"standard","meta":{"footnotes":""},"categories":[26,7,18],"tags":[5816,1015,32],"class_list":["post-70986","post","type-post","status-publish","format-standard","has-post-thumbnail","hentry","category-a-la-une","category-environnement","category-vosges","tag-envrionnement","tag-evodia","tag-vosges"],"acf":[],"yoast_head":"<!-- This site is optimized with the Yoast SEO plugin v22.5 - https:\/\/yoast.com\/wordpress\/plugins\/seo\/ -->\n<title>Tri des d\u00e9chets \u2013 \u00c9vodia lance sa nouvelle campagne de communication autour des imbriqu\u00e9s - Remiremont Info<\/title>\n<meta name=\"robots\" content=\"index, follow, max-snippet:-1, max-image-preview:large, max-video-preview:-1\" \/>\n<link rel=\"canonical\" href=\"https:\/\/vosgesinfo.fr\/remiremontinfo\/2023\/05\/tri-dechets-evodia-lance-nouvelle-campagne-de-communication-autour-imbriques\/\" \/>\n<meta name=\"twitter:card\" content=\"summary_large_image\" \/>\n<meta name=\"twitter:title\" content=\"Tri des d\u00e9chets \u2013 \u00c9vodia lance sa nouvelle campagne de communication autour des imbriqu\u00e9s - Remiremont Info\" \/>\n<meta name=\"twitter:description\" content=\"Ce mardi 2 mai, Evodia, l\u2019\u00e9tablissement vosgien de la gestion des d\u00e9chets, lance sa nouvelle campagne de communication autour des [&hellip;]\" \/>\n<meta name=\"twitter:image\" content=\"https:\/\/vosgesinfo.fr\/app\/uploads\/sites\/5\/2024\/09\/202305p1000109-800x450-1.jpg\" \/>\n<meta name=\"twitter:creator\" content=\"@VosgesInfo88\" \/>\n<meta name=\"twitter:site\" content=\"@VosgesInfo88\" \/>\n<meta name=\"twitter:label1\" content=\"\u00c9crit par\" \/>\n\t<meta name=\"twitter:data1\" content=\"C D\" \/>\n<script type=\"application\/ld+json\" class=\"yoast-schema-graph\">{\"@context\":\"https:\/\/schema.org\",\"@graph\":[{\"@type\":\"Article\",\"@id\":\"https:\/\/vosgesinfo.fr\/remiremontinfo\/2023\/05\/tri-dechets-evodia-lance-nouvelle-campagne-de-communication-autour-imbriques\/#article\",\"isPartOf\":{\"@id\":\"https:\/\/vosgesinfo.fr\/remiremontinfo\/2023\/05\/tri-dechets-evodia-lance-nouvelle-campagne-de-communication-autour-imbriques\/\"},\"author\":{\"name\":\"C D\",\"@id\":\"https:\/\/vosgesinfo.fr\/remiremontinfo\/#\/schema\/person\/3bfd164d5218a185b1db68655a265316\"},\"headline\":\"Tri des d\u00e9chets \u2013 \u00c9vodia lance sa nouvelle campagne de communication autour des imbriqu\u00e9s\",\"datePublished\":\"2023-05-02T10:16:04+00:00\",\"dateModified\":\"2023-05-02T10:16:04+00:00\",\"mainEntityOfPage\":{\"@id\":\"https:\/\/vosgesinfo.fr\/remiremontinfo\/2023\/05\/tri-dechets-evodia-lance-nouvelle-campagne-de-communication-autour-imbriques\/\"},\"wordCount\":114,\"commentCount\":0,\"publisher\":{\"@id\":\"https:\/\/vosgesinfo.fr\/remiremontinfo\/#organization\"},\"image\":{\"@id\":\"https:\/\/vosgesinfo.fr\/remiremontinfo\/2023\/05\/tri-dechets-evodia-lance-nouvelle-campagne-de-communication-autour-imbriques\/#primaryimage\"},\"thumbnailUrl\":\"https:\/\/vosgesinfo.fr\/app\/uploads\/sites\/5\/2024\/09\/202305p1000109-800x450-1.jpg\",\"keywords\":[\"envrionnement\",\"Evodia\",\"Vosges\"],\"articleSection\":[\"A la Une\",\"Environnement\",\"Vosges\"],\"inLanguage\":\"fr-FR\",\"potentialAction\":[{\"@type\":\"CommentAction\",\"name\":\"Comment\",\"target\":[\"https:\/\/vosgesinfo.fr\/remiremontinfo\/2023\/05\/tri-dechets-evodia-lance-nouvelle-campagne-de-communication-autour-imbriques\/#respond\"]}]},{\"@type\":\"WebPage\",\"@id\":\"https:\/\/vosgesinfo.fr\/remiremontinfo\/2023\/05\/tri-dechets-evodia-lance-nouvelle-campagne-de-communication-autour-imbriques\/\",\"url\":\"https:\/\/vosgesinfo.fr\/remiremontinfo\/2023\/05\/tri-dechets-evodia-lance-nouvelle-campagne-de-communication-autour-imbriques\/\",\"name\":\"Tri des d\u00e9chets \u2013 \u00c9vodia lance sa nouvelle campagne de communication autour des imbriqu\u00e9s - Remiremont Info\",\"isPartOf\":{\"@id\":\"https:\/\/vosgesinfo.fr\/remiremontinfo\/#website\"},\"primaryImageOfPage\":{\"@id\":\"https:\/\/vosgesinfo.fr\/remiremontinfo\/2023\/05\/tri-dechets-evodia-lance-nouvelle-campagne-de-communication-autour-imbriques\/#primaryimage\"},\"image\":{\"@id\":\"https:\/\/vosgesinfo.fr\/remiremontinfo\/2023\/05\/tri-dechets-evodia-lance-nouvelle-campagne-de-communication-autour-imbriques\/#primaryimage\"},\"thumbnailUrl\":\"https:\/\/vosgesinfo.fr\/app\/uploads\/sites\/5\/2024\/09\/202305p1000109-800x450-1.jpg\",\"datePublished\":\"2023-05-02T10:16:04+00:00\",\"dateModified\":\"2023-05-02T10:16:04+00:00\",\"breadcrumb\":{\"@id\":\"https:\/\/vosgesinfo.fr\/remiremontinfo\/2023\/05\/tri-dechets-evodia-lance-nouvelle-campagne-de-communication-autour-imbriques\/#breadcrumb\"},\"inLanguage\":\"fr-FR\",\"potentialAction\":[{\"@type\":\"ReadAction\",\"target\":[\"https:\/\/vosgesinfo.fr\/remiremontinfo\/2023\/05\/tri-dechets-evodia-lance-nouvelle-campagne-de-communication-autour-imbriques\/\"]}]},{\"@type\":\"ImageObject\",\"inLanguage\":\"fr-FR\",\"@id\":\"https:\/\/vosgesinfo.fr\/remiremontinfo\/2023\/05\/tri-dechets-evodia-lance-nouvelle-campagne-de-communication-autour-imbriques\/#primaryimage\",\"url\":\"https:\/\/vosgesinfo.fr\/app\/uploads\/sites\/5\/2024\/09\/202305p1000109-800x450-1.jpg\",\"contentUrl\":\"https:\/\/vosgesinfo.fr\/app\/uploads\/sites\/5\/2024\/09\/202305p1000109-800x450-1.jpg\",\"width\":800,\"height\":450},{\"@type\":\"BreadcrumbList\",\"@id\":\"https:\/\/vosgesinfo.fr\/remiremontinfo\/2023\/05\/tri-dechets-evodia-lance-nouvelle-campagne-de-communication-autour-imbriques\/#breadcrumb\",\"itemListElement\":[{\"@type\":\"ListItem\",\"position\":1,\"name\":\"Home\",\"item\":\"https:\/\/vosgesinfo.fr\/remiremontinfo\/\"},{\"@type\":\"ListItem\",\"position\":2,\"name\":\"Tri des d\u00e9chets \u2013 \u00c9vodia lance sa nouvelle campagne de communication autour des imbriqu\u00e9s\"}]},{\"@type\":\"WebSite\",\"@id\":\"https:\/\/vosgesinfo.fr\/remiremontinfo\/#website\",\"url\":\"https:\/\/vosgesinfo.fr\/remiremontinfo\/\",\"name\":\"Remiremont Info\",\"description\":\"Toute l&#039;actualit\u00e9 de Remiremont\",\"publisher\":{\"@id\":\"https:\/\/vosgesinfo.fr\/remiremontinfo\/#organization\"},\"alternateName\":\"Toute l'actualit\u00e9 de Remiremont\",\"potentialAction\":[{\"@type\":\"SearchAction\",\"target\":{\"@type\":\"EntryPoint\",\"urlTemplate\":\"https:\/\/vosgesinfo.fr\/remiremontinfo\/?s={search_term_string}\"},\"query-input\":\"required name=search_term_string\"}],\"inLanguage\":\"fr-FR\"},{\"@type\":\"Organization\",\"@id\":\"https:\/\/vosgesinfo.fr\/remiremontinfo\/#organization\",\"name\":\"Remiremont Info\",\"url\":\"https:\/\/vosgesinfo.fr\/remiremontinfo\/\",\"logo\":{\"@type\":\"ImageObject\",\"inLanguage\":\"fr-FR\",\"@id\":\"https:\/\/vosgesinfo.fr\/remiremontinfo\/#\/schema\/logo\/image\/\",\"url\":\"https:\/\/vosgesinfo.fr\/app\/uploads\/sites\/5\/2023\/08\/favicon-remiremontinfo.png\",\"contentUrl\":\"https:\/\/vosgesinfo.fr\/app\/uploads\/sites\/5\/2023\/08\/favicon-remiremontinfo.png\",\"width\":512,\"height\":512,\"caption\":\"Remiremont Info\"},\"image\":{\"@id\":\"https:\/\/vosgesinfo.fr\/remiremontinfo\/#\/schema\/logo\/image\/\"},\"sameAs\":[\"https:\/\/www.facebook.com\/remiremontinfo\",\"https:\/\/x.com\/VosgesInfo88\",\"https:\/\/www.youtube.com\/@vosgesinfo\"]},{\"@type\":\"Person\",\"@id\":\"https:\/\/vosgesinfo.fr\/remiremontinfo\/#\/schema\/person\/3bfd164d5218a185b1db68655a265316\",\"name\":\"C D\",\"image\":{\"@type\":\"ImageObject\",\"inLanguage\":\"fr-FR\",\"@id\":\"https:\/\/vosgesinfo.fr\/remiremontinfo\/#\/schema\/person\/image\/\",\"url\":\"https:\/\/secure.gravatar.com\/avatar\/1f9a70007336511a47468b8f1c66f922b8b7cf617b02a31149ada43893a5d48f?s=96&d=mm&r=g\",\"contentUrl\":\"https:\/\/secure.gravatar.com\/avatar\/1f9a70007336511a47468b8f1c66f922b8b7cf617b02a31149ada43893a5d48f?s=96&d=mm&r=g\",\"caption\":\"C D\"},\"url\":\"https:\/\/vosgesinfo.fr\/remiremontinfo\/author\/cedric-drevet\/\"}]}<\/script>\n<!-- \/ Yoast SEO plugin. -->","yoast_head_json":{"title":"Tri des d\u00e9chets \u2013 \u00c9vodia lance sa nouvelle campagne de communication autour des imbriqu\u00e9s - Remiremont Info","robots":{"index":"index","follow":"follow","max-snippet":"max-snippet:-1","max-image-preview":"max-image-preview:large","max-video-preview":"max-video-preview:-1"},"canonical":"https:\/\/vosgesinfo.fr\/remiremontinfo\/2023\/05\/tri-dechets-evodia-lance-nouvelle-campagne-de-communication-autour-imbriques\/","twitter_card":"summary_large_image","twitter_title":"Tri des d\u00e9chets \u2013 \u00c9vodia lance sa nouvelle campagne de communication autour des imbriqu\u00e9s - Remiremont Info","twitter_description":"Ce mardi 2 mai, Evodia, l\u2019\u00e9tablissement vosgien de la gestion des d\u00e9chets, lance sa nouvelle campagne de communication autour des [&hellip;]","twitter_image":"https:\/\/vosgesinfo.fr\/app\/uploads\/sites\/5\/2024\/09\/202305p1000109-800x450-1.jpg","twitter_creator":"@VosgesInfo88","twitter_site":"@VosgesInfo88","twitter_misc":{"\u00c9crit par":"C D"},"schema":{"@context":"https:\/\/schema.org","@graph":[{"@type":"Article","@id":"https:\/\/vosgesinfo.fr\/remiremontinfo\/2023\/05\/tri-dechets-evodia-lance-nouvelle-campagne-de-communication-autour-imbriques\/#article","isPartOf":{"@id":"https:\/\/vosgesinfo.fr\/remiremontinfo\/2023\/05\/tri-dechets-evodia-lance-nouvelle-campagne-de-communication-autour-imbriques\/"},"author":{"name":"C D","@id":"https:\/\/vosgesinfo.fr\/remiremontinfo\/#\/schema\/person\/3bfd164d5218a185b1db68655a265316"},"headline":"Tri des d\u00e9chets \u2013 \u00c9vodia lance sa nouvelle campagne de communication autour des imbriqu\u00e9s","datePublished":"2023-05-02T10:16:04+00:00","dateModified":"2023-05-02T10:16:04+00:00","mainEntityOfPage":{"@id":"https:\/\/vosgesinfo.fr\/remiremontinfo\/2023\/05\/tri-dechets-evodia-lance-nouvelle-campagne-de-communication-autour-imbriques\/"},"wordCount":114,"commentCount":0,"publisher":{"@id":"https:\/\/vosgesinfo.fr\/remiremontinfo\/#organization"},"image":{"@id":"https:\/\/vosgesinfo.fr\/remiremontinfo\/2023\/05\/tri-dechets-evodia-lance-nouvelle-campagne-de-communication-autour-imbriques\/#primaryimage"},"thumbnailUrl":"https:\/\/vosgesinfo.fr\/app\/uploads\/sites\/5\/2024\/09\/202305p1000109-800x450-1.jpg","keywords":["envrionnement","Evodia","Vosges"],"articleSection":["A la Une","Environnement","Vosges"],"inLanguage":"fr-FR","potentialAction":[{"@type":"CommentAction","name":"Comment","target":["https:\/\/vosgesinfo.fr\/remiremontinfo\/2023\/05\/tri-dechets-evodia-lance-nouvelle-campagne-de-communication-autour-imbriques\/#respond"]}]},{"@type":"WebPage","@id":"https:\/\/vosgesinfo.fr\/remiremontinfo\/2023\/05\/tri-dechets-evodia-lance-nouvelle-campagne-de-communication-autour-imbriques\/","url":"https:\/\/vosgesinfo.fr\/remiremontinfo\/2023\/05\/tri-dechets-evodia-lance-nouvelle-campagne-de-communication-autour-imbriques\/","name":"Tri des d\u00e9chets \u2013 \u00c9vodia lance sa nouvelle campagne de communication autour des imbriqu\u00e9s - Remiremont Info","isPartOf":{"@id":"https:\/\/vosgesinfo.fr\/remiremontinfo\/#website"},"primaryImageOfPage":{"@id":"https:\/\/vosgesinfo.fr\/remiremontinfo\/2023\/05\/tri-dechets-evodia-lance-nouvelle-campagne-de-communication-autour-imbriques\/#primaryimage"},"image":{"@id":"https:\/\/vosgesinfo.fr\/remiremontinfo\/2023\/05\/tri-dechets-evodia-lance-nouvelle-campagne-de-communication-autour-imbriques\/#primaryimage"},"thumbnailUrl":"https:\/\/vosgesinfo.fr\/app\/uploads\/sites\/5\/2024\/09\/202305p1000109-800x450-1.jpg","datePublished":"2023-05-02T10:16:04+00:00","dateModified":"2023-05-02T10:16:04+00:00","breadcrumb":{"@id":"https:\/\/vosgesinfo.fr\/remiremontinfo\/2023\/05\/tri-dechets-evodia-lance-nouvelle-campagne-de-communication-autour-imbriques\/#breadcrumb"},"inLanguage":"fr-FR","potentialAction":[{"@type":"ReadAction","target":["https:\/\/vosgesinfo.fr\/remiremontinfo\/2023\/05\/tri-dechets-evodia-lance-nouvelle-campagne-de-communication-autour-imbriques\/"]}]},{"@type":"ImageObject","inLanguage":"fr-FR","@id":"https:\/\/vosgesinfo.fr\/remiremontinfo\/2023\/05\/tri-dechets-evodia-lance-nouvelle-campagne-de-communication-autour-imbriques\/#primaryimage","url":"https:\/\/vosgesinfo.fr\/app\/uploads\/sites\/5\/2024\/09\/202305p1000109-800x450-1.jpg","contentUrl":"https:\/\/vosgesinfo.fr\/app\/uploads\/sites\/5\/2024\/09\/202305p1000109-800x450-1.jpg","width":800,"height":450},{"@type":"BreadcrumbList","@id":"https:\/\/vosgesinfo.fr\/remiremontinfo\/2023\/05\/tri-dechets-evodia-lance-nouvelle-campagne-de-communication-autour-imbriques\/#breadcrumb","itemListElement":[{"@type":"ListItem","position":1,"name":"Home","item":"https:\/\/vosgesinfo.fr\/remiremontinfo\/"},{"@type":"ListItem","position":2,"name":"Tri des d\u00e9chets \u2013 \u00c9vodia lance sa nouvelle campagne de communication autour des imbriqu\u00e9s"}]},{"@type":"WebSite","@id":"https:\/\/vosgesinfo.fr\/remiremontinfo\/#website","url":"https:\/\/vosgesinfo.fr\/remiremontinfo\/","name":"Remiremont Info","description":"Toute l&#039;actualit\u00e9 de Remiremont","publisher":{"@id":"https:\/\/vosgesinfo.fr\/remiremontinfo\/#organization"},"alternateName":"Toute l'actualit\u00e9 de Remiremont","potentialAction":[{"@type":"SearchAction","target":{"@type":"EntryPoint","urlTemplate":"https:\/\/vosgesinfo.fr\/remiremontinfo\/?s={search_term_string}"},"query-input":"required name=search_term_string"}],"inLanguage":"fr-FR"},{"@type":"Organization","@id":"https:\/\/vosgesinfo.fr\/remiremontinfo\/#organization","name":"Remiremont Info","url":"https:\/\/vosgesinfo.fr\/remiremontinfo\/","logo":{"@type":"ImageObject","inLanguage":"fr-FR","@id":"https:\/\/vosgesinfo.fr\/remiremontinfo\/#\/schema\/logo\/image\/","url":"https:\/\/vosgesinfo.fr\/app\/uploads\/sites\/5\/2023\/08\/favicon-remiremontinfo.png","contentUrl":"https:\/\/vosgesinfo.fr\/app\/uploads\/sites\/5\/2023\/08\/favicon-remiremontinfo.png","width":512,"height":512,"caption":"Remiremont Info"},"image":{"@id":"https:\/\/vosgesinfo.fr\/remiremontinfo\/#\/schema\/logo\/image\/"},"sameAs":["https:\/\/www.facebook.com\/remiremontinfo","https:\/\/x.com\/VosgesInfo88","https:\/\/www.youtube.com\/@vosgesinfo"]},{"@type":"Person","@id":"https:\/\/vosgesinfo.fr\/remiremontinfo\/#\/schema\/person\/3bfd164d5218a185b1db68655a265316","name":"C D","image":{"@type":"ImageObject","inLanguage":"fr-FR","@id":"https:\/\/vosgesinfo.fr\/remiremontinfo\/#\/schema\/person\/image\/","url":"https:\/\/secure.gravatar.com\/avatar\/1f9a70007336511a47468b8f1c66f922b8b7cf617b02a31149ada43893a5d48f?s=96&d=mm&r=g","contentUrl":"https:\/\/secure.gravatar.com\/avatar\/1f9a70007336511a47468b8f1c66f922b8b7cf617b02a31149ada43893a5d48f?s=96&d=mm&r=g","caption":"C D"},"url":"https:\/\/vosgesinfo.fr\/remiremontinfo\/author\/cedric-drevet\/"}]}},"_links":{"self":[{"href":"https:\/\/vosgesinfo.fr\/remiremontinfo\/wp-json\/wp\/v2\/posts\/70986","targetHints":{"allow":["GET"]}}],"collection":[{"href":"https:\/\/vosgesinfo.fr\/remiremontinfo\/wp-json\/wp\/v2\/posts"}],"about":[{"href":"https:\/\/vosgesinfo.fr\/remiremontinfo\/wp-json\/wp\/v2\/types\/post"}],"author":[{"embeddable":true,"href":"https:\/\/vosgesinfo.fr\/remiremontinfo\/wp-json\/wp\/v2\/users\/407"}],"replies":[{"embeddable":true,"href":"https:\/\/vosgesinfo.fr\/remiremontinfo\/wp-json\/wp\/v2\/comments?post=70986"}],"version-history":[{"count":0,"href":"https:\/\/vosgesinfo.fr\/remiremontinfo\/wp-json\/wp\/v2\/posts\/70986\/revisions"}],"wp:featuredmedia":[{"embeddable":true,"href":"https:\/\/vosgesinfo.fr\/remiremontinfo\/wp-json\/wp\/v2\/media\/70987"}],"wp:attachment":[{"href":"https:\/\/vosgesinfo.fr\/remiremontinfo\/wp-json\/wp\/v2\/media?parent=70986"}],"wp:term":[{"taxonomy":"category","embeddable":true,"href":"https:\/\/vosgesinfo.fr\/remiremontinfo\/wp-json\/wp\/v2\/categories?post=70986"},{"taxonomy":"post_tag","embeddable":true,"href":"https:\/\/vosgesinfo.fr\/remiremontinfo\/wp-json\/wp\/v2\/tags?post=70986"}],"curies":[{"name":"wp","href":"https:\/\/api.w.org\/{rel}","templated":true}]}}