{"id":71219,"date":"2023-05-14T08:02:51","date_gmt":"2023-05-14T06:02:51","guid":{"rendered":"https:\/\/vosgesinfo.fr\/remiremontinfo\/2023\/05\/nuit-musees-de-remiremont-connait-beau-succes\/"},"modified":"2023-05-14T08:02:51","modified_gmt":"2023-05-14T06:02:51","slug":"nuit-musees-de-remiremont-connait-beau-succes","status":"publish","type":"post","link":"https:\/\/vosgesinfo.fr\/remiremontinfo\/2023\/05\/nuit-musees-de-remiremont-connait-beau-succes\/","title":{"rendered":"La nuit des mus\u00e9es de Remiremont conna\u00eet un beau succ\u00e8s"},"content":{"rendered":"<p><a href=\"\/2023\/05\/32.jpg\"><img decoding=\"async\" class=\"size-medium wp-image-369952 aligncenter\" src=\"\/2023\/05\/32-384x255.jpg\" alt=\"3\" width=\"384\" height=\"255\" \/><\/a><\/p>\n<p>La nuit europ\u00e9enne des mus\u00e9es a connu un beau succ\u00e8s \u00e0 Remiremont en terme de fr\u00e9quentation.<a href=\"\/2023\/05\/62.jpg\"><img decoding=\"async\" class=\"alignright size-medium wp-image-369946\" src=\"\/2023\/05\/62-192x255.jpg\" alt=\"6\" width=\"192\" height=\"255\" \/><\/a><\/p>\n<p class=\"Normal tm5\"><span class=\"tm6\">\u00a0<\/span><span class=\"tm6\">Au mus\u00e9e Friry, o\u00f9 \u00e9taient concentr\u00e9es les animations, un flux constant de visiteurs s\u2019est pr\u00e9sent\u00e9 d\u00e8s l\u2019ouverture des portes. Des visiteurs d\u2019\u00e2ges divers, mais \u00e9galement beaucoup d\u2019enfants. Un pari gagn\u00e9 donc\u00a0!<\/span><\/p>\n<p class=\"Normal tm5\"><span class=\"tm6\">Il faut reconna\u00eetre que le programme \u00e9tait plus qu\u2019attrayant et tr\u00e8s agr\u00e9able en cette soir\u00e9e. Pouvoir d\u00e9ambuler dans les diff\u00e9rentes pi\u00e8ces, en admirant les \u0153uvres tout en profitant des interm\u00e8des musicaux des \u00e9l\u00e8ves et professeurs de l\u2019\u00e9cole intercommunale de musique le Cube. Un moment hors du temps, o\u00f9 l\u2019on ne pouvait qu\u2019\u00eatre conquis par le talent des uns et des autres.<\/span><\/p>\n<p class=\"Normal tm5\"><span class=\"tm6\">Tandis que les jeunes visiteurs\u00a0se sont lanc\u00e9s dans la reconstitution de puzzle ludique, d\u2019autres ont d\u00e9couvert la borne interactive ou se sont lanc\u00e9s dans le jeu de piste.<\/span><\/p>\n<p class=\"Normal tm5\"><span class=\"tm6\">Quant \u00e0 la seconde animation, th\u00e9\u00e2tralis\u00e9e par des \u00e9l\u00e8ves du lyc\u00e9e Malraux, l\u00e0, il aurait carr\u00e9ment fallut pousser les murs.<\/span><\/p>\n<p class=\"Normal tm5\"><span class=\"tm6\">La visite historique comment\u00e9e de cette\u00a0ancienne habitation a plong\u00e9 les visiteurs dans le pass\u00e9. Calquer ses pas sur le ma\u00eetre des lieux, d\u00e9couvrir sa vie, regarder la d\u00e9coration des murs que les visiteurs\u00a0de la b\u00e2tisse\u00a0ont pu admirer 200 ans en arri\u00e8re.\u00a0Une visite vivante, surprenante et enrichissante.<\/span><\/p>\n<p class=\"Normal tm5\">\n<p class=\"Normal tm5\">\n<p class=\"Normal tm5\"><a href=\"\/2023\/05\/13.jpg\"><img decoding=\"async\" class=\"alignright size-medium wp-image-369957\" src=\"\/2023\/05\/13-169x255.jpg\" alt=\"1\" width=\"169\" height=\"255\" \/><\/a> <a href=\"\/2023\/05\/DSC_0715.jpg\"><img decoding=\"async\" class=\"alignleft size-medium wp-image-369956\" src=\"\/2023\/05\/DSC_0715-169x255.jpg\" alt=\"DSC_0715\" width=\"169\" height=\"255\" \/><\/a><\/p>\n<p class=\"Normal tm5\"><a href=\"\/2023\/05\/42.jpg\"><img decoding=\"async\" class=\"alignright size-medium wp-image-369942\" src=\"\/2023\/05\/42-393x255.jpg\" alt=\"4\" width=\"393\" height=\"255\" \/><\/a><\/p>\n","protected":false},"excerpt":{"rendered":"<p>La nuit europ\u00e9enne des mus\u00e9es a connu un beau succ\u00e8s \u00e0 Remiremont en terme de fr\u00e9quentation. \u00a0Au mus\u00e9e Friry, o\u00f9 [&hellip;]<\/p>\n","protected":false},"author":411,"featured_media":71220,"comment_status":"open","ping_status":"open","sticky":false,"template":"","format":"standard","meta":{"footnotes":""},"categories":[26,4,1556,35],"tags":[1704,540,5839],"class_list":["post-71219","post","type-post","status-publish","format-standard","has-post-thumbnail","hentry","category-a-la-une","category-culture","category-remiremont-remiremont-son-canton-2","category-remiremont-son-canton","tag-friry","tag-le-cube","tag-nuit-des-musees"],"acf":[],"yoast_head":"<!-- This site is optimized with the Yoast SEO plugin v22.5 - https:\/\/yoast.com\/wordpress\/plugins\/seo\/ -->\n<title>La nuit des mus\u00e9es de Remiremont conna\u00eet un beau succ\u00e8s - Remiremont Info<\/title>\n<meta name=\"robots\" content=\"index, follow, max-snippet:-1, max-image-preview:large, max-video-preview:-1\" \/>\n<link rel=\"canonical\" href=\"https:\/\/vosgesinfo.fr\/remiremontinfo\/2023\/05\/nuit-musees-de-remiremont-connait-beau-succes\/\" \/>\n<meta name=\"twitter:card\" content=\"summary_large_image\" \/>\n<meta name=\"twitter:title\" content=\"La nuit des mus\u00e9es de Remiremont conna\u00eet un beau succ\u00e8s - Remiremont Info\" \/>\n<meta name=\"twitter:description\" content=\"La nuit europ\u00e9enne des mus\u00e9es a connu un beau succ\u00e8s \u00e0 Remiremont en terme de fr\u00e9quentation. \u00a0Au mus\u00e9e Friry, o\u00f9 [&hellip;]\" \/>\n<meta name=\"twitter:image\" content=\"https:\/\/vosgesinfo.fr\/app\/uploads\/sites\/5\/2024\/09\/2023052a1-scaled.jpg\" \/>\n<meta name=\"twitter:creator\" content=\"@VosgesInfo88\" \/>\n<meta name=\"twitter:site\" content=\"@VosgesInfo88\" \/>\n<meta name=\"twitter:label1\" content=\"\u00c9crit par\" \/>\n\t<meta name=\"twitter:data1\" content=\"C.M\" \/>\n\t<meta name=\"twitter:label2\" content=\"Dur\u00e9e de lecture estim\u00e9e\" \/>\n\t<meta name=\"twitter:data2\" content=\"1 minute\" \/>\n<script type=\"application\/ld+json\" class=\"yoast-schema-graph\">{\"@context\":\"https:\/\/schema.org\",\"@graph\":[{\"@type\":\"Article\",\"@id\":\"https:\/\/vosgesinfo.fr\/remiremontinfo\/2023\/05\/nuit-musees-de-remiremont-connait-beau-succes\/#article\",\"isPartOf\":{\"@id\":\"https:\/\/vosgesinfo.fr\/remiremontinfo\/2023\/05\/nuit-musees-de-remiremont-connait-beau-succes\/\"},\"author\":{\"name\":\"C.M\",\"@id\":\"https:\/\/vosgesinfo.fr\/remiremontinfo\/#\/schema\/person\/27fd50bfa0474755c339da9cdfc89f3d\"},\"headline\":\"La nuit des mus\u00e9es de Remiremont conna\u00eet un beau succ\u00e8s\",\"datePublished\":\"2023-05-14T06:02:51+00:00\",\"dateModified\":\"2023-05-14T06:02:51+00:00\",\"mainEntityOfPage\":{\"@id\":\"https:\/\/vosgesinfo.fr\/remiremontinfo\/2023\/05\/nuit-musees-de-remiremont-connait-beau-succes\/\"},\"wordCount\":257,\"commentCount\":0,\"publisher\":{\"@id\":\"https:\/\/vosgesinfo.fr\/remiremontinfo\/#organization\"},\"image\":{\"@id\":\"https:\/\/vosgesinfo.fr\/remiremontinfo\/2023\/05\/nuit-musees-de-remiremont-connait-beau-succes\/#primaryimage\"},\"thumbnailUrl\":\"https:\/\/vosgesinfo.fr\/app\/uploads\/sites\/5\/2024\/09\/2023052a1-scaled.jpg\",\"keywords\":[\"friry\",\"le cube\",\"nuit des mus\u00e9es\"],\"articleSection\":[\"A la Une\",\"Culture\",\"Remiremont\",\"Remiremont &amp; son canton\"],\"inLanguage\":\"fr-FR\",\"potentialAction\":[{\"@type\":\"CommentAction\",\"name\":\"Comment\",\"target\":[\"https:\/\/vosgesinfo.fr\/remiremontinfo\/2023\/05\/nuit-musees-de-remiremont-connait-beau-succes\/#respond\"]}]},{\"@type\":\"WebPage\",\"@id\":\"https:\/\/vosgesinfo.fr\/remiremontinfo\/2023\/05\/nuit-musees-de-remiremont-connait-beau-succes\/\",\"url\":\"https:\/\/vosgesinfo.fr\/remiremontinfo\/2023\/05\/nuit-musees-de-remiremont-connait-beau-succes\/\",\"name\":\"La nuit des mus\u00e9es de Remiremont conna\u00eet un beau succ\u00e8s - Remiremont Info\",\"isPartOf\":{\"@id\":\"https:\/\/vosgesinfo.fr\/remiremontinfo\/#website\"},\"primaryImageOfPage\":{\"@id\":\"https:\/\/vosgesinfo.fr\/remiremontinfo\/2023\/05\/nuit-musees-de-remiremont-connait-beau-succes\/#primaryimage\"},\"image\":{\"@id\":\"https:\/\/vosgesinfo.fr\/remiremontinfo\/2023\/05\/nuit-musees-de-remiremont-connait-beau-succes\/#primaryimage\"},\"thumbnailUrl\":\"https:\/\/vosgesinfo.fr\/app\/uploads\/sites\/5\/2024\/09\/2023052a1-scaled.jpg\",\"datePublished\":\"2023-05-14T06:02:51+00:00\",\"dateModified\":\"2023-05-14T06:02:51+00:00\",\"breadcrumb\":{\"@id\":\"https:\/\/vosgesinfo.fr\/remiremontinfo\/2023\/05\/nuit-musees-de-remiremont-connait-beau-succes\/#breadcrumb\"},\"inLanguage\":\"fr-FR\",\"potentialAction\":[{\"@type\":\"ReadAction\",\"target\":[\"https:\/\/vosgesinfo.fr\/remiremontinfo\/2023\/05\/nuit-musees-de-remiremont-connait-beau-succes\/\"]}]},{\"@type\":\"ImageObject\",\"inLanguage\":\"fr-FR\",\"@id\":\"https:\/\/vosgesinfo.fr\/remiremontinfo\/2023\/05\/nuit-musees-de-remiremont-connait-beau-succes\/#primaryimage\",\"url\":\"https:\/\/vosgesinfo.fr\/app\/uploads\/sites\/5\/2024\/09\/2023052a1-scaled.jpg\",\"contentUrl\":\"https:\/\/vosgesinfo.fr\/app\/uploads\/sites\/5\/2024\/09\/2023052a1-scaled.jpg\",\"width\":2560,\"height\":1402},{\"@type\":\"BreadcrumbList\",\"@id\":\"https:\/\/vosgesinfo.fr\/remiremontinfo\/2023\/05\/nuit-musees-de-remiremont-connait-beau-succes\/#breadcrumb\",\"itemListElement\":[{\"@type\":\"ListItem\",\"position\":1,\"name\":\"Home\",\"item\":\"https:\/\/vosgesinfo.fr\/remiremontinfo\/\"},{\"@type\":\"ListItem\",\"position\":2,\"name\":\"La nuit des mus\u00e9es de Remiremont conna\u00eet un beau succ\u00e8s\"}]},{\"@type\":\"WebSite\",\"@id\":\"https:\/\/vosgesinfo.fr\/remiremontinfo\/#website\",\"url\":\"https:\/\/vosgesinfo.fr\/remiremontinfo\/\",\"name\":\"Remiremont Info\",\"description\":\"Toute l&#039;actualit\u00e9 de Remiremont\",\"publisher\":{\"@id\":\"https:\/\/vosgesinfo.fr\/remiremontinfo\/#organization\"},\"alternateName\":\"Toute l'actualit\u00e9 de Remiremont\",\"potentialAction\":[{\"@type\":\"SearchAction\",\"target\":{\"@type\":\"EntryPoint\",\"urlTemplate\":\"https:\/\/vosgesinfo.fr\/remiremontinfo\/?s={search_term_string}\"},\"query-input\":\"required name=search_term_string\"}],\"inLanguage\":\"fr-FR\"},{\"@type\":\"Organization\",\"@id\":\"https:\/\/vosgesinfo.fr\/remiremontinfo\/#organization\",\"name\":\"Remiremont Info\",\"url\":\"https:\/\/vosgesinfo.fr\/remiremontinfo\/\",\"logo\":{\"@type\":\"ImageObject\",\"inLanguage\":\"fr-FR\",\"@id\":\"https:\/\/vosgesinfo.fr\/remiremontinfo\/#\/schema\/logo\/image\/\",\"url\":\"https:\/\/vosgesinfo.fr\/app\/uploads\/sites\/5\/2023\/08\/favicon-remiremontinfo.png\",\"contentUrl\":\"https:\/\/vosgesinfo.fr\/app\/uploads\/sites\/5\/2023\/08\/favicon-remiremontinfo.png\",\"width\":512,\"height\":512,\"caption\":\"Remiremont Info\"},\"image\":{\"@id\":\"https:\/\/vosgesinfo.fr\/remiremontinfo\/#\/schema\/logo\/image\/\"},\"sameAs\":[\"https:\/\/www.facebook.com\/remiremontinfo\",\"https:\/\/x.com\/VosgesInfo88\",\"https:\/\/www.youtube.com\/@vosgesinfo\"]},{\"@type\":\"Person\",\"@id\":\"https:\/\/vosgesinfo.fr\/remiremontinfo\/#\/schema\/person\/27fd50bfa0474755c339da9cdfc89f3d\",\"name\":\"C.M\",\"image\":{\"@type\":\"ImageObject\",\"inLanguage\":\"fr-FR\",\"@id\":\"https:\/\/vosgesinfo.fr\/remiremontinfo\/#\/schema\/person\/image\/\",\"url\":\"https:\/\/secure.gravatar.com\/avatar\/aeefb88e08fc3e19fa733c61898f1bec4517042b8355098e757f11b4d3d4df70?s=96&d=mm&r=g\",\"contentUrl\":\"https:\/\/secure.gravatar.com\/avatar\/aeefb88e08fc3e19fa733c61898f1bec4517042b8355098e757f11b4d3d4df70?s=96&d=mm&r=g\",\"caption\":\"C.M\"},\"url\":\"https:\/\/vosgesinfo.fr\/remiremontinfo\/author\/cathy88200\/\"}]}<\/script>\n<!-- \/ Yoast SEO plugin. -->","yoast_head_json":{"title":"La nuit des mus\u00e9es de Remiremont conna\u00eet un beau succ\u00e8s - Remiremont Info","robots":{"index":"index","follow":"follow","max-snippet":"max-snippet:-1","max-image-preview":"max-image-preview:large","max-video-preview":"max-video-preview:-1"},"canonical":"https:\/\/vosgesinfo.fr\/remiremontinfo\/2023\/05\/nuit-musees-de-remiremont-connait-beau-succes\/","twitter_card":"summary_large_image","twitter_title":"La nuit des mus\u00e9es de Remiremont conna\u00eet un beau succ\u00e8s - Remiremont Info","twitter_description":"La nuit europ\u00e9enne des mus\u00e9es a connu un beau succ\u00e8s \u00e0 Remiremont en terme de fr\u00e9quentation. \u00a0Au mus\u00e9e Friry, o\u00f9 [&hellip;]","twitter_image":"https:\/\/vosgesinfo.fr\/app\/uploads\/sites\/5\/2024\/09\/2023052a1-scaled.jpg","twitter_creator":"@VosgesInfo88","twitter_site":"@VosgesInfo88","twitter_misc":{"\u00c9crit par":"C.M","Dur\u00e9e de lecture estim\u00e9e":"1 minute"},"schema":{"@context":"https:\/\/schema.org","@graph":[{"@type":"Article","@id":"https:\/\/vosgesinfo.fr\/remiremontinfo\/2023\/05\/nuit-musees-de-remiremont-connait-beau-succes\/#article","isPartOf":{"@id":"https:\/\/vosgesinfo.fr\/remiremontinfo\/2023\/05\/nuit-musees-de-remiremont-connait-beau-succes\/"},"author":{"name":"C.M","@id":"https:\/\/vosgesinfo.fr\/remiremontinfo\/#\/schema\/person\/27fd50bfa0474755c339da9cdfc89f3d"},"headline":"La nuit des mus\u00e9es de Remiremont conna\u00eet un beau succ\u00e8s","datePublished":"2023-05-14T06:02:51+00:00","dateModified":"2023-05-14T06:02:51+00:00","mainEntityOfPage":{"@id":"https:\/\/vosgesinfo.fr\/remiremontinfo\/2023\/05\/nuit-musees-de-remiremont-connait-beau-succes\/"},"wordCount":257,"commentCount":0,"publisher":{"@id":"https:\/\/vosgesinfo.fr\/remiremontinfo\/#organization"},"image":{"@id":"https:\/\/vosgesinfo.fr\/remiremontinfo\/2023\/05\/nuit-musees-de-remiremont-connait-beau-succes\/#primaryimage"},"thumbnailUrl":"https:\/\/vosgesinfo.fr\/app\/uploads\/sites\/5\/2024\/09\/2023052a1-scaled.jpg","keywords":["friry","le cube","nuit des mus\u00e9es"],"articleSection":["A la Une","Culture","Remiremont","Remiremont &amp; son canton"],"inLanguage":"fr-FR","potentialAction":[{"@type":"CommentAction","name":"Comment","target":["https:\/\/vosgesinfo.fr\/remiremontinfo\/2023\/05\/nuit-musees-de-remiremont-connait-beau-succes\/#respond"]}]},{"@type":"WebPage","@id":"https:\/\/vosgesinfo.fr\/remiremontinfo\/2023\/05\/nuit-musees-de-remiremont-connait-beau-succes\/","url":"https:\/\/vosgesinfo.fr\/remiremontinfo\/2023\/05\/nuit-musees-de-remiremont-connait-beau-succes\/","name":"La nuit des mus\u00e9es de Remiremont conna\u00eet un beau succ\u00e8s - Remiremont Info","isPartOf":{"@id":"https:\/\/vosgesinfo.fr\/remiremontinfo\/#website"},"primaryImageOfPage":{"@id":"https:\/\/vosgesinfo.fr\/remiremontinfo\/2023\/05\/nuit-musees-de-remiremont-connait-beau-succes\/#primaryimage"},"image":{"@id":"https:\/\/vosgesinfo.fr\/remiremontinfo\/2023\/05\/nuit-musees-de-remiremont-connait-beau-succes\/#primaryimage"},"thumbnailUrl":"https:\/\/vosgesinfo.fr\/app\/uploads\/sites\/5\/2024\/09\/2023052a1-scaled.jpg","datePublished":"2023-05-14T06:02:51+00:00","dateModified":"2023-05-14T06:02:51+00:00","breadcrumb":{"@id":"https:\/\/vosgesinfo.fr\/remiremontinfo\/2023\/05\/nuit-musees-de-remiremont-connait-beau-succes\/#breadcrumb"},"inLanguage":"fr-FR","potentialAction":[{"@type":"ReadAction","target":["https:\/\/vosgesinfo.fr\/remiremontinfo\/2023\/05\/nuit-musees-de-remiremont-connait-beau-succes\/"]}]},{"@type":"ImageObject","inLanguage":"fr-FR","@id":"https:\/\/vosgesinfo.fr\/remiremontinfo\/2023\/05\/nuit-musees-de-remiremont-connait-beau-succes\/#primaryimage","url":"https:\/\/vosgesinfo.fr\/app\/uploads\/sites\/5\/2024\/09\/2023052a1-scaled.jpg","contentUrl":"https:\/\/vosgesinfo.fr\/app\/uploads\/sites\/5\/2024\/09\/2023052a1-scaled.jpg","width":2560,"height":1402},{"@type":"BreadcrumbList","@id":"https:\/\/vosgesinfo.fr\/remiremontinfo\/2023\/05\/nuit-musees-de-remiremont-connait-beau-succes\/#breadcrumb","itemListElement":[{"@type":"ListItem","position":1,"name":"Home","item":"https:\/\/vosgesinfo.fr\/remiremontinfo\/"},{"@type":"ListItem","position":2,"name":"La nuit des mus\u00e9es de Remiremont conna\u00eet un beau succ\u00e8s"}]},{"@type":"WebSite","@id":"https:\/\/vosgesinfo.fr\/remiremontinfo\/#website","url":"https:\/\/vosgesinfo.fr\/remiremontinfo\/","name":"Remiremont Info","description":"Toute l&#039;actualit\u00e9 de Remiremont","publisher":{"@id":"https:\/\/vosgesinfo.fr\/remiremontinfo\/#organization"},"alternateName":"Toute l'actualit\u00e9 de Remiremont","potentialAction":[{"@type":"SearchAction","target":{"@type":"EntryPoint","urlTemplate":"https:\/\/vosgesinfo.fr\/remiremontinfo\/?s={search_term_string}"},"query-input":"required name=search_term_string"}],"inLanguage":"fr-FR"},{"@type":"Organization","@id":"https:\/\/vosgesinfo.fr\/remiremontinfo\/#organization","name":"Remiremont Info","url":"https:\/\/vosgesinfo.fr\/remiremontinfo\/","logo":{"@type":"ImageObject","inLanguage":"fr-FR","@id":"https:\/\/vosgesinfo.fr\/remiremontinfo\/#\/schema\/logo\/image\/","url":"https:\/\/vosgesinfo.fr\/app\/uploads\/sites\/5\/2023\/08\/favicon-remiremontinfo.png","contentUrl":"https:\/\/vosgesinfo.fr\/app\/uploads\/sites\/5\/2023\/08\/favicon-remiremontinfo.png","width":512,"height":512,"caption":"Remiremont Info"},"image":{"@id":"https:\/\/vosgesinfo.fr\/remiremontinfo\/#\/schema\/logo\/image\/"},"sameAs":["https:\/\/www.facebook.com\/remiremontinfo","https:\/\/x.com\/VosgesInfo88","https:\/\/www.youtube.com\/@vosgesinfo"]},{"@type":"Person","@id":"https:\/\/vosgesinfo.fr\/remiremontinfo\/#\/schema\/person\/27fd50bfa0474755c339da9cdfc89f3d","name":"C.M","image":{"@type":"ImageObject","inLanguage":"fr-FR","@id":"https:\/\/vosgesinfo.fr\/remiremontinfo\/#\/schema\/person\/image\/","url":"https:\/\/secure.gravatar.com\/avatar\/aeefb88e08fc3e19fa733c61898f1bec4517042b8355098e757f11b4d3d4df70?s=96&d=mm&r=g","contentUrl":"https:\/\/secure.gravatar.com\/avatar\/aeefb88e08fc3e19fa733c61898f1bec4517042b8355098e757f11b4d3d4df70?s=96&d=mm&r=g","caption":"C.M"},"url":"https:\/\/vosgesinfo.fr\/remiremontinfo\/author\/cathy88200\/"}]}},"_links":{"self":[{"href":"https:\/\/vosgesinfo.fr\/remiremontinfo\/wp-json\/wp\/v2\/posts\/71219","targetHints":{"allow":["GET"]}}],"collection":[{"href":"https:\/\/vosgesinfo.fr\/remiremontinfo\/wp-json\/wp\/v2\/posts"}],"about":[{"href":"https:\/\/vosgesinfo.fr\/remiremontinfo\/wp-json\/wp\/v2\/types\/post"}],"author":[{"embeddable":true,"href":"https:\/\/vosgesinfo.fr\/remiremontinfo\/wp-json\/wp\/v2\/users\/411"}],"replies":[{"embeddable":true,"href":"https:\/\/vosgesinfo.fr\/remiremontinfo\/wp-json\/wp\/v2\/comments?post=71219"}],"version-history":[{"count":0,"href":"https:\/\/vosgesinfo.fr\/remiremontinfo\/wp-json\/wp\/v2\/posts\/71219\/revisions"}],"wp:featuredmedia":[{"embeddable":true,"href":"https:\/\/vosgesinfo.fr\/remiremontinfo\/wp-json\/wp\/v2\/media\/71220"}],"wp:attachment":[{"href":"https:\/\/vosgesinfo.fr\/remiremontinfo\/wp-json\/wp\/v2\/media?parent=71219"}],"wp:term":[{"taxonomy":"category","embeddable":true,"href":"https:\/\/vosgesinfo.fr\/remiremontinfo\/wp-json\/wp\/v2\/categories?post=71219"},{"taxonomy":"post_tag","embeddable":true,"href":"https:\/\/vosgesinfo.fr\/remiremontinfo\/wp-json\/wp\/v2\/tags?post=71219"}],"curies":[{"name":"wp","href":"https:\/\/api.w.org\/{rel}","templated":true}]}}