{"id":71297,"date":"2023-05-18T09:45:44","date_gmt":"2023-05-18T07:45:44","guid":{"rendered":"https:\/\/vosgesinfo.fr\/remiremontinfo\/2023\/05\/1er-salon-dartisanat-dart-a-decouvrir\/"},"modified":"2023-05-18T09:45:44","modified_gmt":"2023-05-18T07:45:44","slug":"1er-salon-dartisanat-dart-a-decouvrir","status":"publish","type":"post","link":"https:\/\/vosgesinfo.fr\/remiremontinfo\/2023\/05\/1er-salon-dartisanat-dart-a-decouvrir\/","title":{"rendered":"Le 1er salon d&rsquo;artisanat d&rsquo;art \u00e0 d\u00e9couvrir"},"content":{"rendered":"<p class=\"Normal\"><a href=\"\/2023\/05\/affiche.png\"><img decoding=\"async\" class=\"aligncenter size-medium wp-image-370202\" src=\"\/2023\/05\/affiche-304x255.png\" alt=\"salon d'artisanat d'art\" width=\"304\" height=\"255\" \/><\/a><\/p>\n<p class=\"Normal\"><strong><span class=\"tm5\">Le 1<\/span><sup><span class=\"tm5\">er<\/span><\/sup><span class=\"tm5\"> salon d\u2019artisanat d\u2019Art d\u00e9bute aujourd\u2019hui et se d\u00e9roule\u00a0de 10 h \u00e0 18 h,\u00a0 tous les jours de ce grand week-end de l\u2019Ascension \u00e0 La Bresse. Animations, ateliers divers, et une tr\u00e8s belle qualit\u00e9 d&rsquo;artisans d&rsquo;Art \u00e0 d\u00e9couvrir au Halle des Congr\u00e8s. Entr\u00e9e Gratuite<\/span><\/strong><\/p>\n<p class=\"Normal\"><span class=\"tm6\">Les trois derni\u00e8res \u00e9ditions du Festival international de sculpture Camille Claudel ont accueilli un march\u00e9 d&rsquo;artisanat d&rsquo;art \u00e0 la Halle des congr\u00e8s. Les visiteurs ont alors pu d\u00e9couvrir le travail des quelques artisans pr\u00e9sents et ont \u00e9t\u00e9 conquis par la vari\u00e9t\u00e9 des pratiques et la minutie de ces m\u00e9tiers oscillant \u00e0 la fronti\u00e8re de l&rsquo;art et de l&rsquo;artisanat.\u00a0<\/span><span class=\"tm6\">C&rsquo;est donc tout naturellement que la municipalit\u00e9 a choisi d&rsquo;organiser son <strong>premier salon d&rsquo;artisanat d&rsquo;art <\/strong>en lieu et place du traditionnel Festival de sculpture qui rappelons-le sera de retour en 2024. <\/span><\/p>\n<p class=\"Normal tm5\"><span class=\"tm6\">Et cette initiative qui d\u00e9bute aujourd&rsquo;hui jeudi de l&rsquo;Ascension jusque dimanche 21 promet d&rsquo;\u00eatre une petite p\u00e9pite au vu du programme propos\u00e9 sous le Halle des Congr\u00e8s \u00e0 la Bresse.\u00a0<\/span><span class=\"tm5\">Des artisans tri\u00e9s sur le volet, dont certains feront des d\u00e9monstrations et ateliers d\u00e9couvertes pendant ces 4 jours. Travail du cuir, sculptures en mati\u00e8re v\u00e9g\u00e9tale, c\u00e9ramique, marqueterie, objets d\u00e9co en bois et m\u00e9tal, dorure, textile, bijoux, sont notamment au programme. A noter que certains ne seront pas forc\u00e9ment pr\u00e9sents tous les jours.<br \/>\n<\/span><\/p>\n<div id=\"attachment_370198\" style=\"width: 380px\" class=\"wp-caption alignright\"><a href=\"\/2023\/05\/salon-artisanat.jpg\"><img decoding=\"async\" aria-describedby=\"caption-attachment-370198\" class=\"size-medium wp-image-370198\" src=\"\/2023\/05\/salon-artisanat-370x255.jpg\" alt=\"Certains artisans ne seront pas forc\u00e9ment pr\u00e9sents tous les jours.\" width=\"370\" height=\"255\" \/><\/a><p id=\"caption-attachment-370198\" class=\"wp-caption-text\">Certains artisans ne seront pas forc\u00e9ment pr\u00e9sents tous les jours.<\/p><\/div>\n<p><strong>Par ailleurs, des ateliers gratuits sont pr\u00e9vus :<\/strong><\/p>\n<ul>\n<li>\u00a0Fabrication d\u2019un vase avec B\u00e9atrice de Fleur de mousse, en fil de Bonza\u00ef et pipettes.\u00a0Pour tous \u00e0 partir de 6\/7 ans. Dur\u00e9e : 30 \u00e0 45 minutes. Tous les jours \u00e0 11h et 15 h<\/li>\n<li>Cr\u00e9ation d&rsquo;un marque page, tous les apr\u00e8s-midis<\/li>\n<li>Cr\u00e9ation d&rsquo;un cadre avec Toudou le loup<\/li>\n<li>Origami, tous les jours en fonction de l&rsquo;affluence<\/li>\n<\/ul>\n<p>&nbsp;<\/p>\n<p><strong>Et du c\u00f4t\u00e9 des animations<\/strong><\/p>\n<p class=\"Normal\">Tous les jours, des animations musicales diverses et vari\u00e9es se d\u00e9rouleront au Halle des Congr\u00e8s d\u00e9rouleront, en commen\u00e7ant par <strong>ce soir \u00e0 18 h 30<\/strong> \u00ab\u00a0Le Man\u00e8ge (en)chant\u00e9\u00a0\u00bb.\u00a0<span class=\"tm5\">Une animation musicale \u00e0 la fois dr\u00f4le et magique, \u00e0 mi-chemin entre le th\u00e9\u00e2tre et la chanson. Une version \u00abbo\u00eete \u00e0 musique en Chant\u00e9e\u00a0\u00bb vivante o\u00f9 le public choisira les chansons, parmi le r\u00e9pertoire fran\u00e7ais (Brel, Brassens, Barbara, Higelin, Gainsbourg, etc&#8230;<\/span>), <span class=\"tm5\">ensuite interpr\u00e8t\u00e9es par Chlotilde accompagn\u00e9e \u00e0 la harpe et dont la douceur et l\u2019intensit\u00e9 de sa voix ne laisseront pas de marbre.<\/span><\/p>\n<p class=\"Normal\"><span class=\"tm5\"><strong>Vendredi 19 de 14 h \u00e0 18 h<\/strong>, d\u00e9ambulations des costum\u00e9s du Carnaval v\u00e9nitiens sont pr\u00e9vues de 14 \u00e0 18 h.<a href=\"\/2023\/05\/La-bo\u00eete-\u00e0-musique-en-chant\u00e9e.jpg\"><img decoding=\"async\" class=\"size-medium wp-image-370200 alignright\" src=\"\/2023\/05\/La-bo\u00eete-\u00e0-musique-en-chant\u00e9e-181x255.jpg\" alt=\"La bo\u00eete \u00e0 musique en chant\u00e9e\" width=\"181\" height=\"255\" \/><\/a><\/span><\/p>\n<p class=\"Normal\"><span class=\"tm5\"><strong>Samedi 20\u00a0\u00e0 11 h 15<\/strong> : ap\u00e9ro concert donn\u00e9 par les harmonies Jeanne d\u2019Arc et de Cornimont.<\/span><\/p>\n<p class=\"Normal\"><span class=\"tm5\"><strong>Dimanche 21 de 10 h \u00e0 12 h\u00a0<\/strong>: concert des neuf musiciens du groupe de cors des Alpes<\/span><\/p>\n<p class=\"Normal\">Un beau programme \u00e0 d\u00e9couvrir d&rsquo;artisanat d&rsquo;art et musical pour ce grand week-end<\/p>\n<p class=\"Normal\">\n","protected":false},"excerpt":{"rendered":"<p>Le 1er salon d\u2019artisanat d\u2019Art d\u00e9bute aujourd\u2019hui et se d\u00e9roule\u00a0de 10 h \u00e0 18 h,\u00a0 tous les jours de ce [&hellip;]<\/p>\n","protected":false},"author":411,"featured_media":6489,"comment_status":"open","ping_status":"open","sticky":false,"template":"","format":"standard","meta":{"footnotes":""},"categories":[26,104,25],"tags":[5848],"class_list":["post-71297","post","type-post","status-publish","format-standard","has-post-thumbnail","hentry","category-a-la-une","category-la-bresse-la-bresse-son-canton","category-la-bresse-son-canton","tag-salon-artisanat-dart"],"acf":[],"yoast_head":"<!-- This site is optimized with the Yoast SEO plugin v22.5 - https:\/\/yoast.com\/wordpress\/plugins\/seo\/ -->\n<title>Le 1er salon d&#039;artisanat d&#039;art \u00e0 d\u00e9couvrir - Remiremont Info<\/title>\n<meta name=\"robots\" content=\"index, follow, max-snippet:-1, max-image-preview:large, max-video-preview:-1\" \/>\n<link rel=\"canonical\" href=\"https:\/\/vosgesinfo.fr\/remiremontinfo\/2023\/05\/1er-salon-dartisanat-dart-a-decouvrir\/\" \/>\n<meta name=\"twitter:card\" content=\"summary_large_image\" \/>\n<meta name=\"twitter:title\" content=\"Le 1er salon d&#039;artisanat d&#039;art \u00e0 d\u00e9couvrir - Remiremont Info\" \/>\n<meta name=\"twitter:description\" content=\"Le 1er salon d\u2019artisanat d\u2019Art d\u00e9bute aujourd\u2019hui et se d\u00e9roule\u00a0de 10 h \u00e0 18 h,\u00a0 tous les jours de ce [&hellip;]\" \/>\n<meta name=\"twitter:image\" content=\"https:\/\/vosgesinfo.fr\/app\/uploads\/sites\/5\/2024\/05\/affiche.png\" \/>\n<meta name=\"twitter:creator\" content=\"@VosgesInfo88\" \/>\n<meta name=\"twitter:site\" content=\"@VosgesInfo88\" \/>\n<meta name=\"twitter:label1\" content=\"\u00c9crit par\" \/>\n\t<meta name=\"twitter:data1\" content=\"C.M\" \/>\n\t<meta name=\"twitter:label2\" content=\"Dur\u00e9e de lecture estim\u00e9e\" \/>\n\t<meta name=\"twitter:data2\" content=\"2 minutes\" \/>\n<script type=\"application\/ld+json\" class=\"yoast-schema-graph\">{\"@context\":\"https:\/\/schema.org\",\"@graph\":[{\"@type\":\"Article\",\"@id\":\"https:\/\/vosgesinfo.fr\/remiremontinfo\/2023\/05\/1er-salon-dartisanat-dart-a-decouvrir\/#article\",\"isPartOf\":{\"@id\":\"https:\/\/vosgesinfo.fr\/remiremontinfo\/2023\/05\/1er-salon-dartisanat-dart-a-decouvrir\/\"},\"author\":{\"name\":\"C.M\",\"@id\":\"https:\/\/vosgesinfo.fr\/remiremontinfo\/#\/schema\/person\/27fd50bfa0474755c339da9cdfc89f3d\"},\"headline\":\"Le 1er salon d&rsquo;artisanat d&rsquo;art \u00e0 d\u00e9couvrir\",\"datePublished\":\"2023-05-18T07:45:44+00:00\",\"dateModified\":\"2023-05-18T07:45:44+00:00\",\"mainEntityOfPage\":{\"@id\":\"https:\/\/vosgesinfo.fr\/remiremontinfo\/2023\/05\/1er-salon-dartisanat-dart-a-decouvrir\/\"},\"wordCount\":515,\"commentCount\":0,\"publisher\":{\"@id\":\"https:\/\/vosgesinfo.fr\/remiremontinfo\/#organization\"},\"image\":{\"@id\":\"https:\/\/vosgesinfo.fr\/remiremontinfo\/2023\/05\/1er-salon-dartisanat-dart-a-decouvrir\/#primaryimage\"},\"thumbnailUrl\":\"https:\/\/vosgesinfo.fr\/app\/uploads\/sites\/5\/2024\/05\/affiche.png\",\"keywords\":[\"salon artisanat d'art.\"],\"articleSection\":[\"A la Une\",\"La Bresse\",\"La Bresse &amp; son canton\"],\"inLanguage\":\"fr-FR\",\"potentialAction\":[{\"@type\":\"CommentAction\",\"name\":\"Comment\",\"target\":[\"https:\/\/vosgesinfo.fr\/remiremontinfo\/2023\/05\/1er-salon-dartisanat-dart-a-decouvrir\/#respond\"]}]},{\"@type\":\"WebPage\",\"@id\":\"https:\/\/vosgesinfo.fr\/remiremontinfo\/2023\/05\/1er-salon-dartisanat-dart-a-decouvrir\/\",\"url\":\"https:\/\/vosgesinfo.fr\/remiremontinfo\/2023\/05\/1er-salon-dartisanat-dart-a-decouvrir\/\",\"name\":\"Le 1er salon d'artisanat d'art \u00e0 d\u00e9couvrir - Remiremont Info\",\"isPartOf\":{\"@id\":\"https:\/\/vosgesinfo.fr\/remiremontinfo\/#website\"},\"primaryImageOfPage\":{\"@id\":\"https:\/\/vosgesinfo.fr\/remiremontinfo\/2023\/05\/1er-salon-dartisanat-dart-a-decouvrir\/#primaryimage\"},\"image\":{\"@id\":\"https:\/\/vosgesinfo.fr\/remiremontinfo\/2023\/05\/1er-salon-dartisanat-dart-a-decouvrir\/#primaryimage\"},\"thumbnailUrl\":\"https:\/\/vosgesinfo.fr\/app\/uploads\/sites\/5\/2024\/05\/affiche.png\",\"datePublished\":\"2023-05-18T07:45:44+00:00\",\"dateModified\":\"2023-05-18T07:45:44+00:00\",\"breadcrumb\":{\"@id\":\"https:\/\/vosgesinfo.fr\/remiremontinfo\/2023\/05\/1er-salon-dartisanat-dart-a-decouvrir\/#breadcrumb\"},\"inLanguage\":\"fr-FR\",\"potentialAction\":[{\"@type\":\"ReadAction\",\"target\":[\"https:\/\/vosgesinfo.fr\/remiremontinfo\/2023\/05\/1er-salon-dartisanat-dart-a-decouvrir\/\"]}]},{\"@type\":\"ImageObject\",\"inLanguage\":\"fr-FR\",\"@id\":\"https:\/\/vosgesinfo.fr\/remiremontinfo\/2023\/05\/1er-salon-dartisanat-dart-a-decouvrir\/#primaryimage\",\"url\":\"https:\/\/vosgesinfo.fr\/app\/uploads\/sites\/5\/2024\/05\/affiche.png\",\"contentUrl\":\"https:\/\/vosgesinfo.fr\/app\/uploads\/sites\/5\/2024\/05\/affiche.png\",\"width\":567,\"height\":791},{\"@type\":\"BreadcrumbList\",\"@id\":\"https:\/\/vosgesinfo.fr\/remiremontinfo\/2023\/05\/1er-salon-dartisanat-dart-a-decouvrir\/#breadcrumb\",\"itemListElement\":[{\"@type\":\"ListItem\",\"position\":1,\"name\":\"Home\",\"item\":\"https:\/\/vosgesinfo.fr\/remiremontinfo\/\"},{\"@type\":\"ListItem\",\"position\":2,\"name\":\"Le 1er salon d&rsquo;artisanat d&rsquo;art \u00e0 d\u00e9couvrir\"}]},{\"@type\":\"WebSite\",\"@id\":\"https:\/\/vosgesinfo.fr\/remiremontinfo\/#website\",\"url\":\"https:\/\/vosgesinfo.fr\/remiremontinfo\/\",\"name\":\"Remiremont Info\",\"description\":\"Toute l&#039;actualit\u00e9 de Remiremont\",\"publisher\":{\"@id\":\"https:\/\/vosgesinfo.fr\/remiremontinfo\/#organization\"},\"alternateName\":\"Toute l'actualit\u00e9 de Remiremont\",\"potentialAction\":[{\"@type\":\"SearchAction\",\"target\":{\"@type\":\"EntryPoint\",\"urlTemplate\":\"https:\/\/vosgesinfo.fr\/remiremontinfo\/?s={search_term_string}\"},\"query-input\":\"required name=search_term_string\"}],\"inLanguage\":\"fr-FR\"},{\"@type\":\"Organization\",\"@id\":\"https:\/\/vosgesinfo.fr\/remiremontinfo\/#organization\",\"name\":\"Remiremont Info\",\"url\":\"https:\/\/vosgesinfo.fr\/remiremontinfo\/\",\"logo\":{\"@type\":\"ImageObject\",\"inLanguage\":\"fr-FR\",\"@id\":\"https:\/\/vosgesinfo.fr\/remiremontinfo\/#\/schema\/logo\/image\/\",\"url\":\"https:\/\/vosgesinfo.fr\/app\/uploads\/sites\/5\/2023\/08\/favicon-remiremontinfo.png\",\"contentUrl\":\"https:\/\/vosgesinfo.fr\/app\/uploads\/sites\/5\/2023\/08\/favicon-remiremontinfo.png\",\"width\":512,\"height\":512,\"caption\":\"Remiremont Info\"},\"image\":{\"@id\":\"https:\/\/vosgesinfo.fr\/remiremontinfo\/#\/schema\/logo\/image\/\"},\"sameAs\":[\"https:\/\/www.facebook.com\/remiremontinfo\",\"https:\/\/x.com\/VosgesInfo88\",\"https:\/\/www.youtube.com\/@vosgesinfo\"]},{\"@type\":\"Person\",\"@id\":\"https:\/\/vosgesinfo.fr\/remiremontinfo\/#\/schema\/person\/27fd50bfa0474755c339da9cdfc89f3d\",\"name\":\"C.M\",\"image\":{\"@type\":\"ImageObject\",\"inLanguage\":\"fr-FR\",\"@id\":\"https:\/\/vosgesinfo.fr\/remiremontinfo\/#\/schema\/person\/image\/\",\"url\":\"https:\/\/secure.gravatar.com\/avatar\/aeefb88e08fc3e19fa733c61898f1bec4517042b8355098e757f11b4d3d4df70?s=96&d=mm&r=g\",\"contentUrl\":\"https:\/\/secure.gravatar.com\/avatar\/aeefb88e08fc3e19fa733c61898f1bec4517042b8355098e757f11b4d3d4df70?s=96&d=mm&r=g\",\"caption\":\"C.M\"},\"url\":\"https:\/\/vosgesinfo.fr\/remiremontinfo\/author\/cathy88200\/\"}]}<\/script>\n<!-- \/ Yoast SEO plugin. -->","yoast_head_json":{"title":"Le 1er salon d'artisanat d'art \u00e0 d\u00e9couvrir - Remiremont Info","robots":{"index":"index","follow":"follow","max-snippet":"max-snippet:-1","max-image-preview":"max-image-preview:large","max-video-preview":"max-video-preview:-1"},"canonical":"https:\/\/vosgesinfo.fr\/remiremontinfo\/2023\/05\/1er-salon-dartisanat-dart-a-decouvrir\/","twitter_card":"summary_large_image","twitter_title":"Le 1er salon d'artisanat d'art \u00e0 d\u00e9couvrir - Remiremont Info","twitter_description":"Le 1er salon d\u2019artisanat d\u2019Art d\u00e9bute aujourd\u2019hui et se d\u00e9roule\u00a0de 10 h \u00e0 18 h,\u00a0 tous les jours de ce [&hellip;]","twitter_image":"https:\/\/vosgesinfo.fr\/app\/uploads\/sites\/5\/2024\/05\/affiche.png","twitter_creator":"@VosgesInfo88","twitter_site":"@VosgesInfo88","twitter_misc":{"\u00c9crit par":"C.M","Dur\u00e9e de lecture estim\u00e9e":"2 minutes"},"schema":{"@context":"https:\/\/schema.org","@graph":[{"@type":"Article","@id":"https:\/\/vosgesinfo.fr\/remiremontinfo\/2023\/05\/1er-salon-dartisanat-dart-a-decouvrir\/#article","isPartOf":{"@id":"https:\/\/vosgesinfo.fr\/remiremontinfo\/2023\/05\/1er-salon-dartisanat-dart-a-decouvrir\/"},"author":{"name":"C.M","@id":"https:\/\/vosgesinfo.fr\/remiremontinfo\/#\/schema\/person\/27fd50bfa0474755c339da9cdfc89f3d"},"headline":"Le 1er salon d&rsquo;artisanat d&rsquo;art \u00e0 d\u00e9couvrir","datePublished":"2023-05-18T07:45:44+00:00","dateModified":"2023-05-18T07:45:44+00:00","mainEntityOfPage":{"@id":"https:\/\/vosgesinfo.fr\/remiremontinfo\/2023\/05\/1er-salon-dartisanat-dart-a-decouvrir\/"},"wordCount":515,"commentCount":0,"publisher":{"@id":"https:\/\/vosgesinfo.fr\/remiremontinfo\/#organization"},"image":{"@id":"https:\/\/vosgesinfo.fr\/remiremontinfo\/2023\/05\/1er-salon-dartisanat-dart-a-decouvrir\/#primaryimage"},"thumbnailUrl":"https:\/\/vosgesinfo.fr\/app\/uploads\/sites\/5\/2024\/05\/affiche.png","keywords":["salon artisanat d'art."],"articleSection":["A la Une","La Bresse","La Bresse &amp; son canton"],"inLanguage":"fr-FR","potentialAction":[{"@type":"CommentAction","name":"Comment","target":["https:\/\/vosgesinfo.fr\/remiremontinfo\/2023\/05\/1er-salon-dartisanat-dart-a-decouvrir\/#respond"]}]},{"@type":"WebPage","@id":"https:\/\/vosgesinfo.fr\/remiremontinfo\/2023\/05\/1er-salon-dartisanat-dart-a-decouvrir\/","url":"https:\/\/vosgesinfo.fr\/remiremontinfo\/2023\/05\/1er-salon-dartisanat-dart-a-decouvrir\/","name":"Le 1er salon d'artisanat d'art \u00e0 d\u00e9couvrir - Remiremont Info","isPartOf":{"@id":"https:\/\/vosgesinfo.fr\/remiremontinfo\/#website"},"primaryImageOfPage":{"@id":"https:\/\/vosgesinfo.fr\/remiremontinfo\/2023\/05\/1er-salon-dartisanat-dart-a-decouvrir\/#primaryimage"},"image":{"@id":"https:\/\/vosgesinfo.fr\/remiremontinfo\/2023\/05\/1er-salon-dartisanat-dart-a-decouvrir\/#primaryimage"},"thumbnailUrl":"https:\/\/vosgesinfo.fr\/app\/uploads\/sites\/5\/2024\/05\/affiche.png","datePublished":"2023-05-18T07:45:44+00:00","dateModified":"2023-05-18T07:45:44+00:00","breadcrumb":{"@id":"https:\/\/vosgesinfo.fr\/remiremontinfo\/2023\/05\/1er-salon-dartisanat-dart-a-decouvrir\/#breadcrumb"},"inLanguage":"fr-FR","potentialAction":[{"@type":"ReadAction","target":["https:\/\/vosgesinfo.fr\/remiremontinfo\/2023\/05\/1er-salon-dartisanat-dart-a-decouvrir\/"]}]},{"@type":"ImageObject","inLanguage":"fr-FR","@id":"https:\/\/vosgesinfo.fr\/remiremontinfo\/2023\/05\/1er-salon-dartisanat-dart-a-decouvrir\/#primaryimage","url":"https:\/\/vosgesinfo.fr\/app\/uploads\/sites\/5\/2024\/05\/affiche.png","contentUrl":"https:\/\/vosgesinfo.fr\/app\/uploads\/sites\/5\/2024\/05\/affiche.png","width":567,"height":791},{"@type":"BreadcrumbList","@id":"https:\/\/vosgesinfo.fr\/remiremontinfo\/2023\/05\/1er-salon-dartisanat-dart-a-decouvrir\/#breadcrumb","itemListElement":[{"@type":"ListItem","position":1,"name":"Home","item":"https:\/\/vosgesinfo.fr\/remiremontinfo\/"},{"@type":"ListItem","position":2,"name":"Le 1er salon d&rsquo;artisanat d&rsquo;art \u00e0 d\u00e9couvrir"}]},{"@type":"WebSite","@id":"https:\/\/vosgesinfo.fr\/remiremontinfo\/#website","url":"https:\/\/vosgesinfo.fr\/remiremontinfo\/","name":"Remiremont Info","description":"Toute l&#039;actualit\u00e9 de Remiremont","publisher":{"@id":"https:\/\/vosgesinfo.fr\/remiremontinfo\/#organization"},"alternateName":"Toute l'actualit\u00e9 de Remiremont","potentialAction":[{"@type":"SearchAction","target":{"@type":"EntryPoint","urlTemplate":"https:\/\/vosgesinfo.fr\/remiremontinfo\/?s={search_term_string}"},"query-input":"required name=search_term_string"}],"inLanguage":"fr-FR"},{"@type":"Organization","@id":"https:\/\/vosgesinfo.fr\/remiremontinfo\/#organization","name":"Remiremont Info","url":"https:\/\/vosgesinfo.fr\/remiremontinfo\/","logo":{"@type":"ImageObject","inLanguage":"fr-FR","@id":"https:\/\/vosgesinfo.fr\/remiremontinfo\/#\/schema\/logo\/image\/","url":"https:\/\/vosgesinfo.fr\/app\/uploads\/sites\/5\/2023\/08\/favicon-remiremontinfo.png","contentUrl":"https:\/\/vosgesinfo.fr\/app\/uploads\/sites\/5\/2023\/08\/favicon-remiremontinfo.png","width":512,"height":512,"caption":"Remiremont Info"},"image":{"@id":"https:\/\/vosgesinfo.fr\/remiremontinfo\/#\/schema\/logo\/image\/"},"sameAs":["https:\/\/www.facebook.com\/remiremontinfo","https:\/\/x.com\/VosgesInfo88","https:\/\/www.youtube.com\/@vosgesinfo"]},{"@type":"Person","@id":"https:\/\/vosgesinfo.fr\/remiremontinfo\/#\/schema\/person\/27fd50bfa0474755c339da9cdfc89f3d","name":"C.M","image":{"@type":"ImageObject","inLanguage":"fr-FR","@id":"https:\/\/vosgesinfo.fr\/remiremontinfo\/#\/schema\/person\/image\/","url":"https:\/\/secure.gravatar.com\/avatar\/aeefb88e08fc3e19fa733c61898f1bec4517042b8355098e757f11b4d3d4df70?s=96&d=mm&r=g","contentUrl":"https:\/\/secure.gravatar.com\/avatar\/aeefb88e08fc3e19fa733c61898f1bec4517042b8355098e757f11b4d3d4df70?s=96&d=mm&r=g","caption":"C.M"},"url":"https:\/\/vosgesinfo.fr\/remiremontinfo\/author\/cathy88200\/"}]}},"_links":{"self":[{"href":"https:\/\/vosgesinfo.fr\/remiremontinfo\/wp-json\/wp\/v2\/posts\/71297","targetHints":{"allow":["GET"]}}],"collection":[{"href":"https:\/\/vosgesinfo.fr\/remiremontinfo\/wp-json\/wp\/v2\/posts"}],"about":[{"href":"https:\/\/vosgesinfo.fr\/remiremontinfo\/wp-json\/wp\/v2\/types\/post"}],"author":[{"embeddable":true,"href":"https:\/\/vosgesinfo.fr\/remiremontinfo\/wp-json\/wp\/v2\/users\/411"}],"replies":[{"embeddable":true,"href":"https:\/\/vosgesinfo.fr\/remiremontinfo\/wp-json\/wp\/v2\/comments?post=71297"}],"version-history":[{"count":0,"href":"https:\/\/vosgesinfo.fr\/remiremontinfo\/wp-json\/wp\/v2\/posts\/71297\/revisions"}],"wp:featuredmedia":[{"embeddable":true,"href":"https:\/\/vosgesinfo.fr\/remiremontinfo\/wp-json\/wp\/v2\/media\/6489"}],"wp:attachment":[{"href":"https:\/\/vosgesinfo.fr\/remiremontinfo\/wp-json\/wp\/v2\/media?parent=71297"}],"wp:term":[{"taxonomy":"category","embeddable":true,"href":"https:\/\/vosgesinfo.fr\/remiremontinfo\/wp-json\/wp\/v2\/categories?post=71297"},{"taxonomy":"post_tag","embeddable":true,"href":"https:\/\/vosgesinfo.fr\/remiremontinfo\/wp-json\/wp\/v2\/tags?post=71297"}],"curies":[{"name":"wp","href":"https:\/\/api.w.org\/{rel}","templated":true}]}}