{"id":71316,"date":"2023-05-19T17:47:19","date_gmt":"2023-05-19T15:47:19","guid":{"rendered":"https:\/\/vosgesinfo.fr\/remiremontinfo\/2023\/05\/petanque-resutats-championnats-grand-doubles-mixtes\/"},"modified":"2023-05-19T17:47:19","modified_gmt":"2023-05-19T15:47:19","slug":"petanque-resutats-championnats-grand-doubles-mixtes","status":"publish","type":"post","link":"https:\/\/vosgesinfo.fr\/remiremontinfo\/2023\/05\/petanque-resutats-championnats-grand-doubles-mixtes\/","title":{"rendered":"CGL : R\u00e9sultats des Championnats Grand Est doubles mixtes"},"content":{"rendered":"<p class=\"Normal\"><span class=\"tm5\">Championnat Grand Est Doubles Mixtes:<\/span><\/p>\n<p class=\"Normal\"><span class=\"tm5\">Dimanche 14 mai d\u00e8s 8H,\u00a0 se sont d\u00e9roul\u00e9s\u00a0les Championnats Grand Est Doubles Mixte sur le Boulodrome du GCL 46 rue de la Chaume au THILLOT.<\/span><\/p>\n<p class=\"Normal\"><span class=\"tm5\"><strong>26 Doubles<\/strong> issus des Associations sportives de COLMAR, MULHOUSE, STRASBOURG, CLOUANGE, THIONVILLE, du BLM BOULIGNY, MOULAINE, JARNY,\u00a0 VITTEL, VINCEY, SAINT-DI\u00c9 et du GCL LE THILLOT \u00e9taient pr\u00e9sentes.<\/span><\/p>\n<p class=\"Normal\"><span class=\"tm5\">Apr\u00e8s les parties qualificatives de poules du matin et le repas de midi pr\u00e9par\u00e9 par le traiteur local et pris en commun dans de salle du GCL le championnat s&rsquo;est poursuivi par les 1\/8\u00e8me de Finale.<\/span><\/p>\n<p class=\"Normal\"><a href=\"\/2023\/05\/DOUBLE-MIXTE-N\u00b01.jpg\"><img decoding=\"async\" class=\"alignright size-medium wp-image-370250\" src=\"\/2023\/05\/DOUBLE-MIXTE-N\u00b01-191x255.jpg\" alt=\"DOUBLE MIXTE N\u00b01\" width=\"191\" height=\"255\" \/><\/a><\/p>\n<p class=\"Normal\"><strong><span class=\"tm6\">1\/8\u00e8me de FINALE<\/span><\/strong><\/p>\n<p class=\"Normal\"><span class=\"tm5\">CACHOUX Bat HENSINGER Denise (COLMAR)<\/span><\/p>\n<p class=\"Normal\"><span class=\"tm5\">VON BANK Bat PASQUIER Ang\u00e9lique (COLMAR)<\/span><\/p>\n<p class=\"Normal\"><span class=\"tm5\">ALOTTO Bat CACHOUX El\u00e9onore (MULHOUSE)<\/span><\/p>\n<p class=\"Normal\"><span class=\"tm5\">OURY Bat MENICUCCI Elodie (JARNY)<\/span><\/p>\n<p class=\"Normal\"><span class=\"tm5\">MARINA Bat FLECHSIG Nad\u00e8ge (VITTEL)<\/span><\/p>\n<p class=\"Normal\"><span class=\"tm5\">KNIEST Bat BELLINI Chantal (MOULAINE)<\/span><\/p>\n<p class=\"Normal\"><span class=\"tm5\">GERARDIN Bat PERRIN V\u00e9ronique (GCL LE THILLOT)<a href=\"\/2023\/05\/DOUBLE-MIXTE-N\u00b02.jpg\"><img decoding=\"async\" class=\"alignright size-medium wp-image-370249\" src=\"\/2023\/05\/DOUBLE-MIXTE-N\u00b02-192x255.jpg\" alt=\"DOUBLE MIXTE N\u00b02\" width=\"192\" height=\"255\" \/><\/a><\/span><\/p>\n<p class=\"Normal\"><span class=\"tm5\">GOLLY Bat GAXATTE Delphine (VINCEY)<\/span><\/p>\n<p class=\"Normal\"><strong><span class=\"tm6\">Quart de Finale<\/span><\/strong><\/p>\n<p class=\"Normal\"><span class=\"tm5\">VON BANK Bat CACHOUX Muriel (MULHOUSE)<\/span><\/p>\n<p class=\"Normal\"><span class=\"tm5\">ALOTTO Bat OURY La\u00ebtitia (JARNY)<\/span><\/p>\n<p class=\"Normal\"><span class=\"tm5\">KNIEST Bat MARINA Sophie (STRASBOURG)<\/span><\/p>\n<p class=\"Normal\"><span class=\"tm5\">GOLLY Bat GERARDIN Ursule (VITTEL)<\/span><\/p>\n<p class=\"Normal\"><strong><span class=\"tm6\">Demi-Finale<a href=\"\/2023\/05\/DOUBLE-MIXTE-N\u00b03.jpg\"><img decoding=\"async\" class=\"alignright size-medium wp-image-370248\" src=\"\/2023\/05\/DOUBLE-MIXTE-N\u00b03-191x255.jpg\" alt=\"DOUBLE MIXTE N\u00b03\" width=\"191\" height=\"255\" \/><\/a><\/span><\/strong><\/p>\n<p class=\"Normal\"><span class=\"tm5\">ALOTTO Bat VON BANK Sonia (COLMAR)<\/span><\/p>\n<p class=\"Normal\"><span class=\"tm5\">KNIEST Bat GOLLY-HENSINGER C\u00e9line (COLMAR)<\/span><\/p>\n<p class=\"Normal\"><strong><span class=\"tm6\">\u00a0<\/span><\/strong><\/p>\n<p class=\"Normal\"><strong><span class=\"tm6\">FINALE<\/span><\/strong><\/p>\n<p class=\"Normal\"><span class=\"tm5\">KNIEST Aline et Eric (VITTEL) battent Sandrine et Richard ALOTTO (VINCEY)<\/span><\/p>\n<p class=\"Normal\"><strong><span class=\"tm5\">Les deux \u00e9quipes finalistes d\u00e9fendront les couleurs du Grand-Est \u00e0 MEAUX (77) les 2 et 3 septembre lors des Championnats de France.<\/span><\/strong><\/p>\n<p class=\"Normal\"><span class=\"tm5\">Les parties ont \u00e9t\u00e9 supervis\u00e9es par Monsieur Jean-Marc ROUFET de STRASBOURG d\u00e9l\u00e9gu\u00e9 de la Ligue Bouliste R\u00e9gionale Grand-Est et ont \u00e9t\u00e9 arbitr\u00e9es par Monsieur Jean-Fran\u00e7ois GAUTIER de VITTEL.<\/span><\/p>\n<p class=\"Normal\"><span class=\"tm5\">Les deux doubles du GCL ont connus des fortunes diff\u00e9rentes.<\/span><\/p>\n<p class=\"Normal\"><span class=\"tm5\">Si V\u00e9ronique PERRIN et Fr\u00e9d\u00e9ric VINCENT ont \u00e9chou\u00e9 en 1\/8 \u00e8me de Finale apr\u00e8s s&rsquo;\u00eatre brillamment qualifi\u00e9s en poules malheureusement Ir\u00e8ne VALDENAIRE et Denis DUVAL n&rsquo;ont pas pu franchir cet obstacle des poules.<\/span><\/p>\n<p class=\"Normal\"><span class=\"tm5\">\u00a0<\/span><\/p>\n<p class=\"Normal\"><strong><span class=\"tm5\">Le GCL accueille toute nouvelle personne d\u00e9sirant pratiquer le Sport-Boules chaque vendredi \u00e0 14h<br \/>\n<\/span><\/strong><\/p>\n<p class=\"Normal\"><strong><span class=\"tm5\">au boulodrome du 46 rue de la Chaume, la cotisation annuelle 2023 (assurance responsabilit\u00e9 civile comprise) est de 12 \u20ac.<\/span><\/strong><\/p>\n<p class=\"Normal\"><strong><span class=\"tm5\">Pour celles d\u00e9sirant pratiquer en comp\u00e9tition au sein de la F\u00e9d\u00e9ration Fran\u00e7aise de Sport-Boules le prix de la licence est de 35 \u20ac.<\/span><\/strong><\/p>\n<p class=\"Normal\"><strong><span class=\"tm5\">Renseignements RAMPAZZO Jean-Pierre 06.76.24.37.67<\/span><\/strong><\/p>\n","protected":false},"excerpt":{"rendered":"<p>Championnat Grand Est Doubles Mixtes: Dimanche 14 mai d\u00e8s 8H,\u00a0 se sont d\u00e9roul\u00e9s\u00a0les Championnats Grand Est Doubles Mixte sur le [&hellip;]<\/p>\n","protected":false},"author":411,"featured_media":71317,"comment_status":"open","ping_status":"open","sticky":false,"template":"","format":"standard","meta":{"footnotes":""},"categories":[26,212,37,14],"tags":[5849,564],"class_list":["post-71316","post","type-post","status-publish","format-standard","has-post-thumbnail","hentry","category-a-la-une","category-le-thillot-le-thillot-son-canton","category-le-thillot-son-canton","category-sport","tag-cgl","tag-petanque"],"acf":[],"yoast_head":"<!-- This site is optimized with the Yoast SEO plugin v22.5 - https:\/\/yoast.com\/wordpress\/plugins\/seo\/ -->\n<title>CGL : R\u00e9sultats des Championnats Grand Est doubles mixtes - Remiremont Info<\/title>\n<meta name=\"robots\" content=\"index, follow, max-snippet:-1, max-image-preview:large, max-video-preview:-1\" \/>\n<link rel=\"canonical\" href=\"https:\/\/vosgesinfo.fr\/remiremontinfo\/2023\/05\/petanque-resutats-championnats-grand-doubles-mixtes\/\" \/>\n<meta name=\"twitter:card\" content=\"summary_large_image\" \/>\n<meta name=\"twitter:title\" content=\"CGL : R\u00e9sultats des Championnats Grand Est doubles mixtes - Remiremont Info\" \/>\n<meta name=\"twitter:description\" content=\"Championnat Grand Est Doubles Mixtes: Dimanche 14 mai d\u00e8s 8H,\u00a0 se sont d\u00e9roul\u00e9s\u00a0les Championnats Grand Est Doubles Mixte sur le [&hellip;]\" \/>\n<meta name=\"twitter:image\" content=\"https:\/\/vosgesinfo.fr\/app\/uploads\/sites\/5\/2024\/09\/202305double-mixte-n\u00b01.jpg\" \/>\n<meta name=\"twitter:creator\" content=\"@VosgesInfo88\" \/>\n<meta name=\"twitter:site\" content=\"@VosgesInfo88\" \/>\n<meta name=\"twitter:label1\" content=\"\u00c9crit par\" \/>\n\t<meta name=\"twitter:data1\" content=\"C.M\" \/>\n\t<meta name=\"twitter:label2\" content=\"Dur\u00e9e de lecture estim\u00e9e\" \/>\n\t<meta name=\"twitter:data2\" content=\"2 minutes\" \/>\n<script type=\"application\/ld+json\" class=\"yoast-schema-graph\">{\"@context\":\"https:\/\/schema.org\",\"@graph\":[{\"@type\":\"Article\",\"@id\":\"https:\/\/vosgesinfo.fr\/remiremontinfo\/2023\/05\/petanque-resutats-championnats-grand-doubles-mixtes\/#article\",\"isPartOf\":{\"@id\":\"https:\/\/vosgesinfo.fr\/remiremontinfo\/2023\/05\/petanque-resutats-championnats-grand-doubles-mixtes\/\"},\"author\":{\"name\":\"C.M\",\"@id\":\"https:\/\/vosgesinfo.fr\/remiremontinfo\/#\/schema\/person\/27fd50bfa0474755c339da9cdfc89f3d\"},\"headline\":\"CGL : R\u00e9sultats des Championnats Grand Est doubles mixtes\",\"datePublished\":\"2023-05-19T15:47:19+00:00\",\"dateModified\":\"2023-05-19T15:47:19+00:00\",\"mainEntityOfPage\":{\"@id\":\"https:\/\/vosgesinfo.fr\/remiremontinfo\/2023\/05\/petanque-resutats-championnats-grand-doubles-mixtes\/\"},\"wordCount\":370,\"commentCount\":0,\"publisher\":{\"@id\":\"https:\/\/vosgesinfo.fr\/remiremontinfo\/#organization\"},\"image\":{\"@id\":\"https:\/\/vosgesinfo.fr\/remiremontinfo\/2023\/05\/petanque-resutats-championnats-grand-doubles-mixtes\/#primaryimage\"},\"thumbnailUrl\":\"https:\/\/vosgesinfo.fr\/app\/uploads\/sites\/5\/2024\/09\/202305double-mixte-n\u00b01.jpg\",\"keywords\":[\"CGL\",\"p\u00e9tanque\"],\"articleSection\":[\"A la Une\",\"Le Thillot\",\"Le Thillot &amp; son canton\",\"Sport\"],\"inLanguage\":\"fr-FR\",\"potentialAction\":[{\"@type\":\"CommentAction\",\"name\":\"Comment\",\"target\":[\"https:\/\/vosgesinfo.fr\/remiremontinfo\/2023\/05\/petanque-resutats-championnats-grand-doubles-mixtes\/#respond\"]}]},{\"@type\":\"WebPage\",\"@id\":\"https:\/\/vosgesinfo.fr\/remiremontinfo\/2023\/05\/petanque-resutats-championnats-grand-doubles-mixtes\/\",\"url\":\"https:\/\/vosgesinfo.fr\/remiremontinfo\/2023\/05\/petanque-resutats-championnats-grand-doubles-mixtes\/\",\"name\":\"CGL : R\u00e9sultats des Championnats Grand Est doubles mixtes - Remiremont Info\",\"isPartOf\":{\"@id\":\"https:\/\/vosgesinfo.fr\/remiremontinfo\/#website\"},\"primaryImageOfPage\":{\"@id\":\"https:\/\/vosgesinfo.fr\/remiremontinfo\/2023\/05\/petanque-resutats-championnats-grand-doubles-mixtes\/#primaryimage\"},\"image\":{\"@id\":\"https:\/\/vosgesinfo.fr\/remiremontinfo\/2023\/05\/petanque-resutats-championnats-grand-doubles-mixtes\/#primaryimage\"},\"thumbnailUrl\":\"https:\/\/vosgesinfo.fr\/app\/uploads\/sites\/5\/2024\/09\/202305double-mixte-n\u00b01.jpg\",\"datePublished\":\"2023-05-19T15:47:19+00:00\",\"dateModified\":\"2023-05-19T15:47:19+00:00\",\"breadcrumb\":{\"@id\":\"https:\/\/vosgesinfo.fr\/remiremontinfo\/2023\/05\/petanque-resutats-championnats-grand-doubles-mixtes\/#breadcrumb\"},\"inLanguage\":\"fr-FR\",\"potentialAction\":[{\"@type\":\"ReadAction\",\"target\":[\"https:\/\/vosgesinfo.fr\/remiremontinfo\/2023\/05\/petanque-resutats-championnats-grand-doubles-mixtes\/\"]}]},{\"@type\":\"ImageObject\",\"inLanguage\":\"fr-FR\",\"@id\":\"https:\/\/vosgesinfo.fr\/remiremontinfo\/2023\/05\/petanque-resutats-championnats-grand-doubles-mixtes\/#primaryimage\",\"url\":\"https:\/\/vosgesinfo.fr\/app\/uploads\/sites\/5\/2024\/09\/202305double-mixte-n\u00b01.jpg\",\"contentUrl\":\"https:\/\/vosgesinfo.fr\/app\/uploads\/sites\/5\/2024\/09\/202305double-mixte-n\u00b01.jpg\",\"width\":600,\"height\":800},{\"@type\":\"BreadcrumbList\",\"@id\":\"https:\/\/vosgesinfo.fr\/remiremontinfo\/2023\/05\/petanque-resutats-championnats-grand-doubles-mixtes\/#breadcrumb\",\"itemListElement\":[{\"@type\":\"ListItem\",\"position\":1,\"name\":\"Home\",\"item\":\"https:\/\/vosgesinfo.fr\/remiremontinfo\/\"},{\"@type\":\"ListItem\",\"position\":2,\"name\":\"CGL : R\u00e9sultats des Championnats Grand Est doubles mixtes\"}]},{\"@type\":\"WebSite\",\"@id\":\"https:\/\/vosgesinfo.fr\/remiremontinfo\/#website\",\"url\":\"https:\/\/vosgesinfo.fr\/remiremontinfo\/\",\"name\":\"Remiremont Info\",\"description\":\"Toute l&#039;actualit\u00e9 de Remiremont\",\"publisher\":{\"@id\":\"https:\/\/vosgesinfo.fr\/remiremontinfo\/#organization\"},\"alternateName\":\"Toute l'actualit\u00e9 de Remiremont\",\"potentialAction\":[{\"@type\":\"SearchAction\",\"target\":{\"@type\":\"EntryPoint\",\"urlTemplate\":\"https:\/\/vosgesinfo.fr\/remiremontinfo\/?s={search_term_string}\"},\"query-input\":\"required name=search_term_string\"}],\"inLanguage\":\"fr-FR\"},{\"@type\":\"Organization\",\"@id\":\"https:\/\/vosgesinfo.fr\/remiremontinfo\/#organization\",\"name\":\"Remiremont Info\",\"url\":\"https:\/\/vosgesinfo.fr\/remiremontinfo\/\",\"logo\":{\"@type\":\"ImageObject\",\"inLanguage\":\"fr-FR\",\"@id\":\"https:\/\/vosgesinfo.fr\/remiremontinfo\/#\/schema\/logo\/image\/\",\"url\":\"https:\/\/vosgesinfo.fr\/app\/uploads\/sites\/5\/2023\/08\/favicon-remiremontinfo.png\",\"contentUrl\":\"https:\/\/vosgesinfo.fr\/app\/uploads\/sites\/5\/2023\/08\/favicon-remiremontinfo.png\",\"width\":512,\"height\":512,\"caption\":\"Remiremont Info\"},\"image\":{\"@id\":\"https:\/\/vosgesinfo.fr\/remiremontinfo\/#\/schema\/logo\/image\/\"},\"sameAs\":[\"https:\/\/www.facebook.com\/remiremontinfo\",\"https:\/\/x.com\/VosgesInfo88\",\"https:\/\/www.youtube.com\/@vosgesinfo\"]},{\"@type\":\"Person\",\"@id\":\"https:\/\/vosgesinfo.fr\/remiremontinfo\/#\/schema\/person\/27fd50bfa0474755c339da9cdfc89f3d\",\"name\":\"C.M\",\"image\":{\"@type\":\"ImageObject\",\"inLanguage\":\"fr-FR\",\"@id\":\"https:\/\/vosgesinfo.fr\/remiremontinfo\/#\/schema\/person\/image\/\",\"url\":\"https:\/\/secure.gravatar.com\/avatar\/aeefb88e08fc3e19fa733c61898f1bec4517042b8355098e757f11b4d3d4df70?s=96&d=mm&r=g\",\"contentUrl\":\"https:\/\/secure.gravatar.com\/avatar\/aeefb88e08fc3e19fa733c61898f1bec4517042b8355098e757f11b4d3d4df70?s=96&d=mm&r=g\",\"caption\":\"C.M\"},\"url\":\"https:\/\/vosgesinfo.fr\/remiremontinfo\/author\/cathy88200\/\"}]}<\/script>\n<!-- \/ Yoast SEO plugin. -->","yoast_head_json":{"title":"CGL : R\u00e9sultats des Championnats Grand Est doubles mixtes - Remiremont Info","robots":{"index":"index","follow":"follow","max-snippet":"max-snippet:-1","max-image-preview":"max-image-preview:large","max-video-preview":"max-video-preview:-1"},"canonical":"https:\/\/vosgesinfo.fr\/remiremontinfo\/2023\/05\/petanque-resutats-championnats-grand-doubles-mixtes\/","twitter_card":"summary_large_image","twitter_title":"CGL : R\u00e9sultats des Championnats Grand Est doubles mixtes - Remiremont Info","twitter_description":"Championnat Grand Est Doubles Mixtes: Dimanche 14 mai d\u00e8s 8H,\u00a0 se sont d\u00e9roul\u00e9s\u00a0les Championnats Grand Est Doubles Mixte sur le [&hellip;]","twitter_image":"https:\/\/vosgesinfo.fr\/app\/uploads\/sites\/5\/2024\/09\/202305double-mixte-n\u00b01.jpg","twitter_creator":"@VosgesInfo88","twitter_site":"@VosgesInfo88","twitter_misc":{"\u00c9crit par":"C.M","Dur\u00e9e de lecture estim\u00e9e":"2 minutes"},"schema":{"@context":"https:\/\/schema.org","@graph":[{"@type":"Article","@id":"https:\/\/vosgesinfo.fr\/remiremontinfo\/2023\/05\/petanque-resutats-championnats-grand-doubles-mixtes\/#article","isPartOf":{"@id":"https:\/\/vosgesinfo.fr\/remiremontinfo\/2023\/05\/petanque-resutats-championnats-grand-doubles-mixtes\/"},"author":{"name":"C.M","@id":"https:\/\/vosgesinfo.fr\/remiremontinfo\/#\/schema\/person\/27fd50bfa0474755c339da9cdfc89f3d"},"headline":"CGL : R\u00e9sultats des Championnats Grand Est doubles mixtes","datePublished":"2023-05-19T15:47:19+00:00","dateModified":"2023-05-19T15:47:19+00:00","mainEntityOfPage":{"@id":"https:\/\/vosgesinfo.fr\/remiremontinfo\/2023\/05\/petanque-resutats-championnats-grand-doubles-mixtes\/"},"wordCount":370,"commentCount":0,"publisher":{"@id":"https:\/\/vosgesinfo.fr\/remiremontinfo\/#organization"},"image":{"@id":"https:\/\/vosgesinfo.fr\/remiremontinfo\/2023\/05\/petanque-resutats-championnats-grand-doubles-mixtes\/#primaryimage"},"thumbnailUrl":"https:\/\/vosgesinfo.fr\/app\/uploads\/sites\/5\/2024\/09\/202305double-mixte-n\u00b01.jpg","keywords":["CGL","p\u00e9tanque"],"articleSection":["A la Une","Le Thillot","Le Thillot &amp; son canton","Sport"],"inLanguage":"fr-FR","potentialAction":[{"@type":"CommentAction","name":"Comment","target":["https:\/\/vosgesinfo.fr\/remiremontinfo\/2023\/05\/petanque-resutats-championnats-grand-doubles-mixtes\/#respond"]}]},{"@type":"WebPage","@id":"https:\/\/vosgesinfo.fr\/remiremontinfo\/2023\/05\/petanque-resutats-championnats-grand-doubles-mixtes\/","url":"https:\/\/vosgesinfo.fr\/remiremontinfo\/2023\/05\/petanque-resutats-championnats-grand-doubles-mixtes\/","name":"CGL : R\u00e9sultats des Championnats Grand Est doubles mixtes - Remiremont Info","isPartOf":{"@id":"https:\/\/vosgesinfo.fr\/remiremontinfo\/#website"},"primaryImageOfPage":{"@id":"https:\/\/vosgesinfo.fr\/remiremontinfo\/2023\/05\/petanque-resutats-championnats-grand-doubles-mixtes\/#primaryimage"},"image":{"@id":"https:\/\/vosgesinfo.fr\/remiremontinfo\/2023\/05\/petanque-resutats-championnats-grand-doubles-mixtes\/#primaryimage"},"thumbnailUrl":"https:\/\/vosgesinfo.fr\/app\/uploads\/sites\/5\/2024\/09\/202305double-mixte-n\u00b01.jpg","datePublished":"2023-05-19T15:47:19+00:00","dateModified":"2023-05-19T15:47:19+00:00","breadcrumb":{"@id":"https:\/\/vosgesinfo.fr\/remiremontinfo\/2023\/05\/petanque-resutats-championnats-grand-doubles-mixtes\/#breadcrumb"},"inLanguage":"fr-FR","potentialAction":[{"@type":"ReadAction","target":["https:\/\/vosgesinfo.fr\/remiremontinfo\/2023\/05\/petanque-resutats-championnats-grand-doubles-mixtes\/"]}]},{"@type":"ImageObject","inLanguage":"fr-FR","@id":"https:\/\/vosgesinfo.fr\/remiremontinfo\/2023\/05\/petanque-resutats-championnats-grand-doubles-mixtes\/#primaryimage","url":"https:\/\/vosgesinfo.fr\/app\/uploads\/sites\/5\/2024\/09\/202305double-mixte-n\u00b01.jpg","contentUrl":"https:\/\/vosgesinfo.fr\/app\/uploads\/sites\/5\/2024\/09\/202305double-mixte-n\u00b01.jpg","width":600,"height":800},{"@type":"BreadcrumbList","@id":"https:\/\/vosgesinfo.fr\/remiremontinfo\/2023\/05\/petanque-resutats-championnats-grand-doubles-mixtes\/#breadcrumb","itemListElement":[{"@type":"ListItem","position":1,"name":"Home","item":"https:\/\/vosgesinfo.fr\/remiremontinfo\/"},{"@type":"ListItem","position":2,"name":"CGL : R\u00e9sultats des Championnats Grand Est doubles mixtes"}]},{"@type":"WebSite","@id":"https:\/\/vosgesinfo.fr\/remiremontinfo\/#website","url":"https:\/\/vosgesinfo.fr\/remiremontinfo\/","name":"Remiremont Info","description":"Toute l&#039;actualit\u00e9 de Remiremont","publisher":{"@id":"https:\/\/vosgesinfo.fr\/remiremontinfo\/#organization"},"alternateName":"Toute l'actualit\u00e9 de Remiremont","potentialAction":[{"@type":"SearchAction","target":{"@type":"EntryPoint","urlTemplate":"https:\/\/vosgesinfo.fr\/remiremontinfo\/?s={search_term_string}"},"query-input":"required name=search_term_string"}],"inLanguage":"fr-FR"},{"@type":"Organization","@id":"https:\/\/vosgesinfo.fr\/remiremontinfo\/#organization","name":"Remiremont Info","url":"https:\/\/vosgesinfo.fr\/remiremontinfo\/","logo":{"@type":"ImageObject","inLanguage":"fr-FR","@id":"https:\/\/vosgesinfo.fr\/remiremontinfo\/#\/schema\/logo\/image\/","url":"https:\/\/vosgesinfo.fr\/app\/uploads\/sites\/5\/2023\/08\/favicon-remiremontinfo.png","contentUrl":"https:\/\/vosgesinfo.fr\/app\/uploads\/sites\/5\/2023\/08\/favicon-remiremontinfo.png","width":512,"height":512,"caption":"Remiremont Info"},"image":{"@id":"https:\/\/vosgesinfo.fr\/remiremontinfo\/#\/schema\/logo\/image\/"},"sameAs":["https:\/\/www.facebook.com\/remiremontinfo","https:\/\/x.com\/VosgesInfo88","https:\/\/www.youtube.com\/@vosgesinfo"]},{"@type":"Person","@id":"https:\/\/vosgesinfo.fr\/remiremontinfo\/#\/schema\/person\/27fd50bfa0474755c339da9cdfc89f3d","name":"C.M","image":{"@type":"ImageObject","inLanguage":"fr-FR","@id":"https:\/\/vosgesinfo.fr\/remiremontinfo\/#\/schema\/person\/image\/","url":"https:\/\/secure.gravatar.com\/avatar\/aeefb88e08fc3e19fa733c61898f1bec4517042b8355098e757f11b4d3d4df70?s=96&d=mm&r=g","contentUrl":"https:\/\/secure.gravatar.com\/avatar\/aeefb88e08fc3e19fa733c61898f1bec4517042b8355098e757f11b4d3d4df70?s=96&d=mm&r=g","caption":"C.M"},"url":"https:\/\/vosgesinfo.fr\/remiremontinfo\/author\/cathy88200\/"}]}},"_links":{"self":[{"href":"https:\/\/vosgesinfo.fr\/remiremontinfo\/wp-json\/wp\/v2\/posts\/71316","targetHints":{"allow":["GET"]}}],"collection":[{"href":"https:\/\/vosgesinfo.fr\/remiremontinfo\/wp-json\/wp\/v2\/posts"}],"about":[{"href":"https:\/\/vosgesinfo.fr\/remiremontinfo\/wp-json\/wp\/v2\/types\/post"}],"author":[{"embeddable":true,"href":"https:\/\/vosgesinfo.fr\/remiremontinfo\/wp-json\/wp\/v2\/users\/411"}],"replies":[{"embeddable":true,"href":"https:\/\/vosgesinfo.fr\/remiremontinfo\/wp-json\/wp\/v2\/comments?post=71316"}],"version-history":[{"count":0,"href":"https:\/\/vosgesinfo.fr\/remiremontinfo\/wp-json\/wp\/v2\/posts\/71316\/revisions"}],"wp:featuredmedia":[{"embeddable":true,"href":"https:\/\/vosgesinfo.fr\/remiremontinfo\/wp-json\/wp\/v2\/media\/71317"}],"wp:attachment":[{"href":"https:\/\/vosgesinfo.fr\/remiremontinfo\/wp-json\/wp\/v2\/media?parent=71316"}],"wp:term":[{"taxonomy":"category","embeddable":true,"href":"https:\/\/vosgesinfo.fr\/remiremontinfo\/wp-json\/wp\/v2\/categories?post=71316"},{"taxonomy":"post_tag","embeddable":true,"href":"https:\/\/vosgesinfo.fr\/remiremontinfo\/wp-json\/wp\/v2\/tags?post=71316"}],"curies":[{"name":"wp","href":"https:\/\/api.w.org\/{rel}","templated":true}]}}