{"id":71375,"date":"2023-05-22T16:51:27","date_gmt":"2023-05-22T14:51:27","guid":{"rendered":"https:\/\/vosgesinfo.fr\/remiremontinfo\/2023\/05\/poursuite-travaux-carrefour-champions-routes-barrees-nuit-23-24-mai\/"},"modified":"2023-05-22T16:51:27","modified_gmt":"2023-05-22T14:51:27","slug":"poursuite-travaux-carrefour-champions-routes-barrees-nuit-23-24-mai","status":"publish","type":"post","link":"https:\/\/vosgesinfo.fr\/remiremontinfo\/2023\/05\/poursuite-travaux-carrefour-champions-routes-barrees-nuit-23-24-mai\/","title":{"rendered":"Poursuite des travaux au carrefour des Champions et routes barr\u00e9es la nuit du 23 au 24 mai \u00e0 LA BRESSE"},"content":{"rendered":"<p>Les travaux de construction du rond-point au carrefour des Champions se poursuivent depuis d\u00e9but avril.<\/p>\n<p>A ce stade, la premi\u00e8re et deuxi\u00e8me phase de travaux ont \u00e9t\u00e9 r\u00e9alis\u00e9es, avec les rev\u00eatements en enrob\u00e9s sur les trottoirs c\u00f4t\u00e9 Chajoux ainsi que l\u2019ilot central.<\/p>\n<p>La deuxi\u00e8me phase, se situe au parking du c\u00f4t\u00e9 du restaurant \u00ab L\u2019Ebresse \u00bb, avec la d\u00e9molition de la chauss\u00e9e existante, l\u2019assainissement pluvial et la structure de la voirie et du trottoir. Une circulation altern\u00e9e est toujours \u00e9tablie c\u00f4t\u00e9 Chajoux sur la Route D\u00e9partementale 34, et ce, pendant tout le mois de mai.<\/p>\n<p>La troisi\u00e8me phase, actuellement en cours, se rapporte \u00e0 l\u2019enrob\u00e9 du giratoire, n\u00e9cessitant la <strong>fermeture de la Route D\u00e9partementale 34 et 34C durant une nuit, du 23 au 24 mai<\/strong> (voir AM ci-joint).<a href=\"\/2023\/05\/IMG_5849.jpg\"><img decoding=\"async\" class=\"alignright size-medium wp-image-370451\" src=\"\/2023\/05\/IMG_5849-275x255.jpg\" alt=\"Travaux rond-point\" width=\"275\" height=\"255\" \/><\/a><\/p>\n<p>Ensuite, pour rappel, les phases suivantes concernent : \u2022 la rue du Moulin, avec sa fermeture d\u00e9but juin, pour la d\u00e9molition du trottoir existant, la pose de dalles podotactiles et la mise en oeuvre de la structure du trottoir et des espaces verts. \u2022 la cinqui\u00e8me phase concerne le parking c\u00f4t\u00e9 rivi\u00e8re, avec l\u2019\u00e9tablissement de la rue de la Clairie en sens unique, courant juin. La chauss\u00e9e existante sera d\u00e9molie et les phases 3 \u00e0 5 de la pose du candelabres seront r\u00e9alis\u00e9es par la RME. \u2022 la sixi\u00e8me et derni\u00e8re phase est r\u00e9serv\u00e9e aux enrob\u00e9s (de la voirie, du parking et des trottoirs), au fraisage et aux signalisations de marquage au sol. La rue de la Clairie et du Moulin seront barr\u00e9es fin juin, sur une courte dur\u00e9e. La fin des travaux est pr\u00e9vue pour l\u2019\u00e9t\u00e9 2023, sous r\u00e9serve de la bonne tenue du calendrier pr\u00e9visionnel.<\/p>\n<p>&nbsp;<\/p>\n","protected":false},"excerpt":{"rendered":"<p>Les travaux de construction du rond-point au carrefour des Champions se poursuivent depuis d\u00e9but avril. A ce stade, la premi\u00e8re [&hellip;]<\/p>\n","protected":false},"author":411,"featured_media":468,"comment_status":"open","ping_status":"open","sticky":false,"template":"","format":"standard","meta":{"footnotes":""},"categories":[26,70,104,25],"tags":[],"class_list":["post-71375","post","type-post","status-publish","format-standard","has-post-thumbnail","hentry","category-a-la-une","category-circulation","category-la-bresse-la-bresse-son-canton","category-la-bresse-son-canton"],"acf":[],"yoast_head":"<!-- This site is optimized with the Yoast SEO plugin v22.5 - https:\/\/yoast.com\/wordpress\/plugins\/seo\/ -->\n<title>Poursuite des travaux au carrefour des Champions et routes barr\u00e9es la nuit du 23 au 24 mai \u00e0 LA BRESSE - Remiremont Info<\/title>\n<meta name=\"robots\" content=\"index, follow, max-snippet:-1, max-image-preview:large, max-video-preview:-1\" \/>\n<link rel=\"canonical\" href=\"https:\/\/vosgesinfo.fr\/remiremontinfo\/2023\/05\/poursuite-travaux-carrefour-champions-routes-barrees-nuit-23-24-mai\/\" \/>\n<meta name=\"twitter:card\" content=\"summary_large_image\" \/>\n<meta name=\"twitter:title\" content=\"Poursuite des travaux au carrefour des Champions et routes barr\u00e9es la nuit du 23 au 24 mai \u00e0 LA BRESSE - Remiremont Info\" \/>\n<meta name=\"twitter:description\" content=\"Les travaux de construction du rond-point au carrefour des Champions se poursuivent depuis d\u00e9but avril. A ce stade, la premi\u00e8re [&hellip;]\" \/>\n<meta name=\"twitter:image\" content=\"https:\/\/vosgesinfo.fr\/app\/uploads\/sites\/5\/2021\/07\/panneau-chantier-galva-travaux-ak5-.jpg\" \/>\n<meta name=\"twitter:creator\" content=\"@VosgesInfo88\" \/>\n<meta name=\"twitter:site\" content=\"@VosgesInfo88\" \/>\n<meta name=\"twitter:label1\" content=\"\u00c9crit par\" \/>\n\t<meta name=\"twitter:data1\" content=\"C.M\" \/>\n\t<meta name=\"twitter:label2\" content=\"Dur\u00e9e de lecture estim\u00e9e\" \/>\n\t<meta name=\"twitter:data2\" content=\"2 minutes\" \/>\n<script type=\"application\/ld+json\" class=\"yoast-schema-graph\">{\"@context\":\"https:\/\/schema.org\",\"@graph\":[{\"@type\":\"Article\",\"@id\":\"https:\/\/vosgesinfo.fr\/remiremontinfo\/2023\/05\/poursuite-travaux-carrefour-champions-routes-barrees-nuit-23-24-mai\/#article\",\"isPartOf\":{\"@id\":\"https:\/\/vosgesinfo.fr\/remiremontinfo\/2023\/05\/poursuite-travaux-carrefour-champions-routes-barrees-nuit-23-24-mai\/\"},\"author\":{\"name\":\"C.M\",\"@id\":\"https:\/\/vosgesinfo.fr\/remiremontinfo\/#\/schema\/person\/27fd50bfa0474755c339da9cdfc89f3d\"},\"headline\":\"Poursuite des travaux au carrefour des Champions et routes barr\u00e9es la nuit du 23 au 24 mai \u00e0 LA BRESSE\",\"datePublished\":\"2023-05-22T14:51:27+00:00\",\"dateModified\":\"2023-05-22T14:51:27+00:00\",\"mainEntityOfPage\":{\"@id\":\"https:\/\/vosgesinfo.fr\/remiremontinfo\/2023\/05\/poursuite-travaux-carrefour-champions-routes-barrees-nuit-23-24-mai\/\"},\"wordCount\":322,\"commentCount\":0,\"publisher\":{\"@id\":\"https:\/\/vosgesinfo.fr\/remiremontinfo\/#organization\"},\"image\":{\"@id\":\"https:\/\/vosgesinfo.fr\/remiremontinfo\/2023\/05\/poursuite-travaux-carrefour-champions-routes-barrees-nuit-23-24-mai\/#primaryimage\"},\"thumbnailUrl\":\"https:\/\/vosgesinfo.fr\/app\/uploads\/sites\/5\/2021\/07\/panneau-chantier-galva-travaux-ak5-.jpg\",\"articleSection\":[\"A la Une\",\"Circulation\",\"La Bresse\",\"La Bresse &amp; son canton\"],\"inLanguage\":\"fr-FR\",\"potentialAction\":[{\"@type\":\"CommentAction\",\"name\":\"Comment\",\"target\":[\"https:\/\/vosgesinfo.fr\/remiremontinfo\/2023\/05\/poursuite-travaux-carrefour-champions-routes-barrees-nuit-23-24-mai\/#respond\"]}]},{\"@type\":\"WebPage\",\"@id\":\"https:\/\/vosgesinfo.fr\/remiremontinfo\/2023\/05\/poursuite-travaux-carrefour-champions-routes-barrees-nuit-23-24-mai\/\",\"url\":\"https:\/\/vosgesinfo.fr\/remiremontinfo\/2023\/05\/poursuite-travaux-carrefour-champions-routes-barrees-nuit-23-24-mai\/\",\"name\":\"Poursuite des travaux au carrefour des Champions et routes barr\u00e9es la nuit du 23 au 24 mai \u00e0 LA BRESSE - Remiremont Info\",\"isPartOf\":{\"@id\":\"https:\/\/vosgesinfo.fr\/remiremontinfo\/#website\"},\"primaryImageOfPage\":{\"@id\":\"https:\/\/vosgesinfo.fr\/remiremontinfo\/2023\/05\/poursuite-travaux-carrefour-champions-routes-barrees-nuit-23-24-mai\/#primaryimage\"},\"image\":{\"@id\":\"https:\/\/vosgesinfo.fr\/remiremontinfo\/2023\/05\/poursuite-travaux-carrefour-champions-routes-barrees-nuit-23-24-mai\/#primaryimage\"},\"thumbnailUrl\":\"https:\/\/vosgesinfo.fr\/app\/uploads\/sites\/5\/2021\/07\/panneau-chantier-galva-travaux-ak5-.jpg\",\"datePublished\":\"2023-05-22T14:51:27+00:00\",\"dateModified\":\"2023-05-22T14:51:27+00:00\",\"breadcrumb\":{\"@id\":\"https:\/\/vosgesinfo.fr\/remiremontinfo\/2023\/05\/poursuite-travaux-carrefour-champions-routes-barrees-nuit-23-24-mai\/#breadcrumb\"},\"inLanguage\":\"fr-FR\",\"potentialAction\":[{\"@type\":\"ReadAction\",\"target\":[\"https:\/\/vosgesinfo.fr\/remiremontinfo\/2023\/05\/poursuite-travaux-carrefour-champions-routes-barrees-nuit-23-24-mai\/\"]}]},{\"@type\":\"ImageObject\",\"inLanguage\":\"fr-FR\",\"@id\":\"https:\/\/vosgesinfo.fr\/remiremontinfo\/2023\/05\/poursuite-travaux-carrefour-champions-routes-barrees-nuit-23-24-mai\/#primaryimage\",\"url\":\"https:\/\/vosgesinfo.fr\/app\/uploads\/sites\/5\/2021\/07\/panneau-chantier-galva-travaux-ak5-.jpg\",\"contentUrl\":\"https:\/\/vosgesinfo.fr\/app\/uploads\/sites\/5\/2021\/07\/panneau-chantier-galva-travaux-ak5-.jpg\",\"width\":550,\"height\":550},{\"@type\":\"BreadcrumbList\",\"@id\":\"https:\/\/vosgesinfo.fr\/remiremontinfo\/2023\/05\/poursuite-travaux-carrefour-champions-routes-barrees-nuit-23-24-mai\/#breadcrumb\",\"itemListElement\":[{\"@type\":\"ListItem\",\"position\":1,\"name\":\"Home\",\"item\":\"https:\/\/vosgesinfo.fr\/remiremontinfo\/\"},{\"@type\":\"ListItem\",\"position\":2,\"name\":\"Poursuite des travaux au carrefour des Champions et routes barr\u00e9es la nuit du 23 au 24 mai \u00e0 LA BRESSE\"}]},{\"@type\":\"WebSite\",\"@id\":\"https:\/\/vosgesinfo.fr\/remiremontinfo\/#website\",\"url\":\"https:\/\/vosgesinfo.fr\/remiremontinfo\/\",\"name\":\"Remiremont Info\",\"description\":\"Toute l&#039;actualit\u00e9 de Remiremont\",\"publisher\":{\"@id\":\"https:\/\/vosgesinfo.fr\/remiremontinfo\/#organization\"},\"alternateName\":\"Toute l'actualit\u00e9 de Remiremont\",\"potentialAction\":[{\"@type\":\"SearchAction\",\"target\":{\"@type\":\"EntryPoint\",\"urlTemplate\":\"https:\/\/vosgesinfo.fr\/remiremontinfo\/?s={search_term_string}\"},\"query-input\":\"required name=search_term_string\"}],\"inLanguage\":\"fr-FR\"},{\"@type\":\"Organization\",\"@id\":\"https:\/\/vosgesinfo.fr\/remiremontinfo\/#organization\",\"name\":\"Remiremont Info\",\"url\":\"https:\/\/vosgesinfo.fr\/remiremontinfo\/\",\"logo\":{\"@type\":\"ImageObject\",\"inLanguage\":\"fr-FR\",\"@id\":\"https:\/\/vosgesinfo.fr\/remiremontinfo\/#\/schema\/logo\/image\/\",\"url\":\"https:\/\/vosgesinfo.fr\/app\/uploads\/sites\/5\/2023\/08\/favicon-remiremontinfo.png\",\"contentUrl\":\"https:\/\/vosgesinfo.fr\/app\/uploads\/sites\/5\/2023\/08\/favicon-remiremontinfo.png\",\"width\":512,\"height\":512,\"caption\":\"Remiremont Info\"},\"image\":{\"@id\":\"https:\/\/vosgesinfo.fr\/remiremontinfo\/#\/schema\/logo\/image\/\"},\"sameAs\":[\"https:\/\/www.facebook.com\/remiremontinfo\",\"https:\/\/x.com\/VosgesInfo88\",\"https:\/\/www.youtube.com\/@vosgesinfo\"]},{\"@type\":\"Person\",\"@id\":\"https:\/\/vosgesinfo.fr\/remiremontinfo\/#\/schema\/person\/27fd50bfa0474755c339da9cdfc89f3d\",\"name\":\"C.M\",\"image\":{\"@type\":\"ImageObject\",\"inLanguage\":\"fr-FR\",\"@id\":\"https:\/\/vosgesinfo.fr\/remiremontinfo\/#\/schema\/person\/image\/\",\"url\":\"https:\/\/secure.gravatar.com\/avatar\/aeefb88e08fc3e19fa733c61898f1bec4517042b8355098e757f11b4d3d4df70?s=96&d=mm&r=g\",\"contentUrl\":\"https:\/\/secure.gravatar.com\/avatar\/aeefb88e08fc3e19fa733c61898f1bec4517042b8355098e757f11b4d3d4df70?s=96&d=mm&r=g\",\"caption\":\"C.M\"},\"url\":\"https:\/\/vosgesinfo.fr\/remiremontinfo\/author\/cathy88200\/\"}]}<\/script>\n<!-- \/ Yoast SEO plugin. -->","yoast_head_json":{"title":"Poursuite des travaux au carrefour des Champions et routes barr\u00e9es la nuit du 23 au 24 mai \u00e0 LA BRESSE - Remiremont Info","robots":{"index":"index","follow":"follow","max-snippet":"max-snippet:-1","max-image-preview":"max-image-preview:large","max-video-preview":"max-video-preview:-1"},"canonical":"https:\/\/vosgesinfo.fr\/remiremontinfo\/2023\/05\/poursuite-travaux-carrefour-champions-routes-barrees-nuit-23-24-mai\/","twitter_card":"summary_large_image","twitter_title":"Poursuite des travaux au carrefour des Champions et routes barr\u00e9es la nuit du 23 au 24 mai \u00e0 LA BRESSE - Remiremont Info","twitter_description":"Les travaux de construction du rond-point au carrefour des Champions se poursuivent depuis d\u00e9but avril. A ce stade, la premi\u00e8re [&hellip;]","twitter_image":"https:\/\/vosgesinfo.fr\/app\/uploads\/sites\/5\/2021\/07\/panneau-chantier-galva-travaux-ak5-.jpg","twitter_creator":"@VosgesInfo88","twitter_site":"@VosgesInfo88","twitter_misc":{"\u00c9crit par":"C.M","Dur\u00e9e de lecture estim\u00e9e":"2 minutes"},"schema":{"@context":"https:\/\/schema.org","@graph":[{"@type":"Article","@id":"https:\/\/vosgesinfo.fr\/remiremontinfo\/2023\/05\/poursuite-travaux-carrefour-champions-routes-barrees-nuit-23-24-mai\/#article","isPartOf":{"@id":"https:\/\/vosgesinfo.fr\/remiremontinfo\/2023\/05\/poursuite-travaux-carrefour-champions-routes-barrees-nuit-23-24-mai\/"},"author":{"name":"C.M","@id":"https:\/\/vosgesinfo.fr\/remiremontinfo\/#\/schema\/person\/27fd50bfa0474755c339da9cdfc89f3d"},"headline":"Poursuite des travaux au carrefour des Champions et routes barr\u00e9es la nuit du 23 au 24 mai \u00e0 LA BRESSE","datePublished":"2023-05-22T14:51:27+00:00","dateModified":"2023-05-22T14:51:27+00:00","mainEntityOfPage":{"@id":"https:\/\/vosgesinfo.fr\/remiremontinfo\/2023\/05\/poursuite-travaux-carrefour-champions-routes-barrees-nuit-23-24-mai\/"},"wordCount":322,"commentCount":0,"publisher":{"@id":"https:\/\/vosgesinfo.fr\/remiremontinfo\/#organization"},"image":{"@id":"https:\/\/vosgesinfo.fr\/remiremontinfo\/2023\/05\/poursuite-travaux-carrefour-champions-routes-barrees-nuit-23-24-mai\/#primaryimage"},"thumbnailUrl":"https:\/\/vosgesinfo.fr\/app\/uploads\/sites\/5\/2021\/07\/panneau-chantier-galva-travaux-ak5-.jpg","articleSection":["A la Une","Circulation","La Bresse","La Bresse &amp; son canton"],"inLanguage":"fr-FR","potentialAction":[{"@type":"CommentAction","name":"Comment","target":["https:\/\/vosgesinfo.fr\/remiremontinfo\/2023\/05\/poursuite-travaux-carrefour-champions-routes-barrees-nuit-23-24-mai\/#respond"]}]},{"@type":"WebPage","@id":"https:\/\/vosgesinfo.fr\/remiremontinfo\/2023\/05\/poursuite-travaux-carrefour-champions-routes-barrees-nuit-23-24-mai\/","url":"https:\/\/vosgesinfo.fr\/remiremontinfo\/2023\/05\/poursuite-travaux-carrefour-champions-routes-barrees-nuit-23-24-mai\/","name":"Poursuite des travaux au carrefour des Champions et routes barr\u00e9es la nuit du 23 au 24 mai \u00e0 LA BRESSE - Remiremont Info","isPartOf":{"@id":"https:\/\/vosgesinfo.fr\/remiremontinfo\/#website"},"primaryImageOfPage":{"@id":"https:\/\/vosgesinfo.fr\/remiremontinfo\/2023\/05\/poursuite-travaux-carrefour-champions-routes-barrees-nuit-23-24-mai\/#primaryimage"},"image":{"@id":"https:\/\/vosgesinfo.fr\/remiremontinfo\/2023\/05\/poursuite-travaux-carrefour-champions-routes-barrees-nuit-23-24-mai\/#primaryimage"},"thumbnailUrl":"https:\/\/vosgesinfo.fr\/app\/uploads\/sites\/5\/2021\/07\/panneau-chantier-galva-travaux-ak5-.jpg","datePublished":"2023-05-22T14:51:27+00:00","dateModified":"2023-05-22T14:51:27+00:00","breadcrumb":{"@id":"https:\/\/vosgesinfo.fr\/remiremontinfo\/2023\/05\/poursuite-travaux-carrefour-champions-routes-barrees-nuit-23-24-mai\/#breadcrumb"},"inLanguage":"fr-FR","potentialAction":[{"@type":"ReadAction","target":["https:\/\/vosgesinfo.fr\/remiremontinfo\/2023\/05\/poursuite-travaux-carrefour-champions-routes-barrees-nuit-23-24-mai\/"]}]},{"@type":"ImageObject","inLanguage":"fr-FR","@id":"https:\/\/vosgesinfo.fr\/remiremontinfo\/2023\/05\/poursuite-travaux-carrefour-champions-routes-barrees-nuit-23-24-mai\/#primaryimage","url":"https:\/\/vosgesinfo.fr\/app\/uploads\/sites\/5\/2021\/07\/panneau-chantier-galva-travaux-ak5-.jpg","contentUrl":"https:\/\/vosgesinfo.fr\/app\/uploads\/sites\/5\/2021\/07\/panneau-chantier-galva-travaux-ak5-.jpg","width":550,"height":550},{"@type":"BreadcrumbList","@id":"https:\/\/vosgesinfo.fr\/remiremontinfo\/2023\/05\/poursuite-travaux-carrefour-champions-routes-barrees-nuit-23-24-mai\/#breadcrumb","itemListElement":[{"@type":"ListItem","position":1,"name":"Home","item":"https:\/\/vosgesinfo.fr\/remiremontinfo\/"},{"@type":"ListItem","position":2,"name":"Poursuite des travaux au carrefour des Champions et routes barr\u00e9es la nuit du 23 au 24 mai \u00e0 LA BRESSE"}]},{"@type":"WebSite","@id":"https:\/\/vosgesinfo.fr\/remiremontinfo\/#website","url":"https:\/\/vosgesinfo.fr\/remiremontinfo\/","name":"Remiremont Info","description":"Toute l&#039;actualit\u00e9 de Remiremont","publisher":{"@id":"https:\/\/vosgesinfo.fr\/remiremontinfo\/#organization"},"alternateName":"Toute l'actualit\u00e9 de Remiremont","potentialAction":[{"@type":"SearchAction","target":{"@type":"EntryPoint","urlTemplate":"https:\/\/vosgesinfo.fr\/remiremontinfo\/?s={search_term_string}"},"query-input":"required name=search_term_string"}],"inLanguage":"fr-FR"},{"@type":"Organization","@id":"https:\/\/vosgesinfo.fr\/remiremontinfo\/#organization","name":"Remiremont Info","url":"https:\/\/vosgesinfo.fr\/remiremontinfo\/","logo":{"@type":"ImageObject","inLanguage":"fr-FR","@id":"https:\/\/vosgesinfo.fr\/remiremontinfo\/#\/schema\/logo\/image\/","url":"https:\/\/vosgesinfo.fr\/app\/uploads\/sites\/5\/2023\/08\/favicon-remiremontinfo.png","contentUrl":"https:\/\/vosgesinfo.fr\/app\/uploads\/sites\/5\/2023\/08\/favicon-remiremontinfo.png","width":512,"height":512,"caption":"Remiremont Info"},"image":{"@id":"https:\/\/vosgesinfo.fr\/remiremontinfo\/#\/schema\/logo\/image\/"},"sameAs":["https:\/\/www.facebook.com\/remiremontinfo","https:\/\/x.com\/VosgesInfo88","https:\/\/www.youtube.com\/@vosgesinfo"]},{"@type":"Person","@id":"https:\/\/vosgesinfo.fr\/remiremontinfo\/#\/schema\/person\/27fd50bfa0474755c339da9cdfc89f3d","name":"C.M","image":{"@type":"ImageObject","inLanguage":"fr-FR","@id":"https:\/\/vosgesinfo.fr\/remiremontinfo\/#\/schema\/person\/image\/","url":"https:\/\/secure.gravatar.com\/avatar\/aeefb88e08fc3e19fa733c61898f1bec4517042b8355098e757f11b4d3d4df70?s=96&d=mm&r=g","contentUrl":"https:\/\/secure.gravatar.com\/avatar\/aeefb88e08fc3e19fa733c61898f1bec4517042b8355098e757f11b4d3d4df70?s=96&d=mm&r=g","caption":"C.M"},"url":"https:\/\/vosgesinfo.fr\/remiremontinfo\/author\/cathy88200\/"}]}},"_links":{"self":[{"href":"https:\/\/vosgesinfo.fr\/remiremontinfo\/wp-json\/wp\/v2\/posts\/71375","targetHints":{"allow":["GET"]}}],"collection":[{"href":"https:\/\/vosgesinfo.fr\/remiremontinfo\/wp-json\/wp\/v2\/posts"}],"about":[{"href":"https:\/\/vosgesinfo.fr\/remiremontinfo\/wp-json\/wp\/v2\/types\/post"}],"author":[{"embeddable":true,"href":"https:\/\/vosgesinfo.fr\/remiremontinfo\/wp-json\/wp\/v2\/users\/411"}],"replies":[{"embeddable":true,"href":"https:\/\/vosgesinfo.fr\/remiremontinfo\/wp-json\/wp\/v2\/comments?post=71375"}],"version-history":[{"count":0,"href":"https:\/\/vosgesinfo.fr\/remiremontinfo\/wp-json\/wp\/v2\/posts\/71375\/revisions"}],"wp:featuredmedia":[{"embeddable":true,"href":"https:\/\/vosgesinfo.fr\/remiremontinfo\/wp-json\/wp\/v2\/media\/468"}],"wp:attachment":[{"href":"https:\/\/vosgesinfo.fr\/remiremontinfo\/wp-json\/wp\/v2\/media?parent=71375"}],"wp:term":[{"taxonomy":"category","embeddable":true,"href":"https:\/\/vosgesinfo.fr\/remiremontinfo\/wp-json\/wp\/v2\/categories?post=71375"},{"taxonomy":"post_tag","embeddable":true,"href":"https:\/\/vosgesinfo.fr\/remiremontinfo\/wp-json\/wp\/v2\/tags?post=71375"}],"curies":[{"name":"wp","href":"https:\/\/api.w.org\/{rel}","templated":true}]}}