{"id":71381,"date":"2023-05-23T06:08:32","date_gmt":"2023-05-23T04:08:32","guid":{"rendered":"https:\/\/vosgesinfo.fr\/remiremontinfo\/2023\/05\/plus-de-1000-enfants-arpentent-sentiers\/"},"modified":"2023-05-23T06:08:32","modified_gmt":"2023-05-23T04:08:32","slug":"plus-de-1000-enfants-arpentent-sentiers","status":"publish","type":"post","link":"https:\/\/vosgesinfo.fr\/remiremontinfo\/2023\/05\/plus-de-1000-enfants-arpentent-sentiers\/","title":{"rendered":"Plus de 1000 enfants arpentent les sentiers"},"content":{"rendered":"<div id=\"attachment_370494\" style=\"width: 970px\" class=\"wp-caption aligncenter\"><a href=\"\/2023\/05\/DSC_0994.jpg\"><img decoding=\"async\" aria-describedby=\"caption-attachment-370494\" class=\"wp-image-370494 size-large\" src=\"\/2023\/05\/DSC_0994-1024x680.jpg\" alt=\"Derni\u00e8res recommandations avant le d\u00e9part, quant au respect de la nature et de la signal\u00e9tique.\" width=\"960\" height=\"638\" \/><\/a><p id=\"caption-attachment-370494\" class=\"wp-caption-text\">Derni\u00e8res recommandations avant le d\u00e9part, quant au respect de la nature et de la signal\u00e9tique.<\/p><\/div>\n<p>&nbsp;<\/p>\n<p>La marche populaire organis\u00e9e par Falli\u00e8res Sport D\u00e9tente a d\u00e9j\u00e0 connu un beau succ\u00e8s dimanche, avec un taux de participation d\u00e9passant les 1500 personnes<\/p>\n<p>R\u00e9cidive hier, o\u00f9 quelques 1000 enfants et leurs accompagnants ont arpent\u00e9 les sentiers de 5 et 10 km sur la commune de Saint-Nabord. Une nouvelle fois les b\u00e9n\u00e9voles \u00e9taient mis \u00e0 contribution afin de pr\u00e9parer les deux ravitaillements qui ont enchant\u00e9 les petits marcheurs. Fruits et autres ont pu redonner des forces aux enfants dont l&rsquo;\u00e2ge variait de la maternelle aux \u00ab\u00a0grandes\u00a0\u00bb classes de CM2. Issus des deux \u00e9tablissements scolaires de Saint-Nabord, Arches, Eloyes, Bellefontaine, Remiremont, tous ont pass\u00e9 une belle journ\u00e9e en plein air.<\/p>\n<p>De bon matin, que ce soit en marchant pour les plus proches, en bus pour les petits ou plus \u00e9loign\u00e9s, et m\u00eame en v\u00e9lo pour les CM1-CM2 de l&rsquo;\u00e9cole des Breuchottes dans le cadre de l&rsquo;action \u00ab\u00a0Savoir rouler en v\u00e9lo\u00a0\u00bb, tous ont converg\u00e9 vers le centre socio-culturel, accueilli par Emmanuelle Couval-Afonso, initiatrice de cette sortie, \u00e0 la double casquette de pr\u00e9sidente de l&rsquo;USEP locale, et membre de FSD.<\/p>\n<div id=\"attachment_370484\" style=\"width: 341px\" class=\"wp-caption alignright\"><a href=\"\/2023\/05\/2023-05-22_Marche-Scolaire_046.jpg\"><img decoding=\"async\" aria-describedby=\"caption-attachment-370484\" class=\"size-medium wp-image-370484\" src=\"\/2023\/05\/2023-05-22_Marche-Scolaire_046-331x255.jpg\" alt=\"Pr\u00eats pour le ravitaillement des petits marcheurs affam\u00e9s.\" width=\"331\" height=\"255\" \/><\/a><p id=\"caption-attachment-370484\" class=\"wp-caption-text\">Pr\u00eats pour le ravitaillement des petits marcheurs affam\u00e9s.<\/p><\/div>\n<p>Cette 19\u00e8me \u00e9dition a rencontr\u00e9 un franc succ\u00e8s parmi les enfants qui ont profit\u00e9 de la nature, par une belle journ\u00e9e ensoleill\u00e9e. Rendez-vous pour les vingts ans !<\/p>\n<p>La totalit\u00e9 des photos de ces deux marches sont \u00e0 d\u00e9couvrir l\u00e0 :<\/p>\n<p>http:\/\/fsdsaintnabord.free.fr\/<\/p>\n\n","protected":false},"excerpt":{"rendered":"<p>&nbsp; La marche populaire organis\u00e9e par Falli\u00e8res Sport D\u00e9tente a d\u00e9j\u00e0 connu un beau succ\u00e8s dimanche, avec un taux de [&hellip;]<\/p>\n","protected":false},"author":411,"featured_media":71382,"comment_status":"open","ping_status":"open","sticky":false,"template":"","format":"standard","meta":{"footnotes":""},"categories":[26,6,35,100],"tags":[5854],"class_list":["post-71381","post","type-post","status-publish","format-standard","has-post-thumbnail","hentry","category-a-la-une","category-education","category-remiremont-son-canton","category-saint-nabord","tag-marche-scolaire"],"acf":[],"yoast_head":"<!-- This site is optimized with the Yoast SEO plugin v22.5 - https:\/\/yoast.com\/wordpress\/plugins\/seo\/ -->\n<title>Plus de 1000 enfants arpentent les sentiers - Remiremont Info<\/title>\n<meta name=\"robots\" content=\"index, follow, max-snippet:-1, max-image-preview:large, max-video-preview:-1\" \/>\n<link rel=\"canonical\" href=\"https:\/\/vosgesinfo.fr\/remiremontinfo\/2023\/05\/plus-de-1000-enfants-arpentent-sentiers\/\" \/>\n<meta name=\"twitter:card\" content=\"summary_large_image\" \/>\n<meta name=\"twitter:title\" content=\"Plus de 1000 enfants arpentent les sentiers - Remiremont Info\" \/>\n<meta name=\"twitter:description\" content=\"&nbsp; La marche populaire organis\u00e9e par Falli\u00e8res Sport D\u00e9tente a d\u00e9j\u00e0 connu un beau succ\u00e8s dimanche, avec un taux de [&hellip;]\" \/>\n<meta name=\"twitter:image\" content=\"https:\/\/vosgesinfo.fr\/app\/uploads\/sites\/5\/2024\/09\/2023052023-05-22-marche-scolaire-002.jpg\" \/>\n<meta name=\"twitter:creator\" content=\"@VosgesInfo88\" \/>\n<meta name=\"twitter:site\" content=\"@VosgesInfo88\" \/>\n<meta name=\"twitter:label1\" content=\"\u00c9crit par\" \/>\n\t<meta name=\"twitter:data1\" content=\"C.M\" \/>\n\t<meta name=\"twitter:label2\" content=\"Dur\u00e9e de lecture estim\u00e9e\" \/>\n\t<meta name=\"twitter:data2\" content=\"1 minute\" \/>\n<script type=\"application\/ld+json\" class=\"yoast-schema-graph\">{\"@context\":\"https:\/\/schema.org\",\"@graph\":[{\"@type\":\"Article\",\"@id\":\"https:\/\/vosgesinfo.fr\/remiremontinfo\/2023\/05\/plus-de-1000-enfants-arpentent-sentiers\/#article\",\"isPartOf\":{\"@id\":\"https:\/\/vosgesinfo.fr\/remiremontinfo\/2023\/05\/plus-de-1000-enfants-arpentent-sentiers\/\"},\"author\":{\"name\":\"C.M\",\"@id\":\"https:\/\/vosgesinfo.fr\/remiremontinfo\/#\/schema\/person\/27fd50bfa0474755c339da9cdfc89f3d\"},\"headline\":\"Plus de 1000 enfants arpentent les sentiers\",\"datePublished\":\"2023-05-23T04:08:32+00:00\",\"dateModified\":\"2023-05-23T04:08:32+00:00\",\"mainEntityOfPage\":{\"@id\":\"https:\/\/vosgesinfo.fr\/remiremontinfo\/2023\/05\/plus-de-1000-enfants-arpentent-sentiers\/\"},\"wordCount\":291,\"commentCount\":0,\"publisher\":{\"@id\":\"https:\/\/vosgesinfo.fr\/remiremontinfo\/#organization\"},\"image\":{\"@id\":\"https:\/\/vosgesinfo.fr\/remiremontinfo\/2023\/05\/plus-de-1000-enfants-arpentent-sentiers\/#primaryimage\"},\"thumbnailUrl\":\"https:\/\/vosgesinfo.fr\/app\/uploads\/sites\/5\/2024\/09\/2023052023-05-22-marche-scolaire-002.jpg\",\"keywords\":[\"marche scolaire\"],\"articleSection\":[\"A la Une\",\"\u00c9ducation\",\"Remiremont &amp; son canton\",\"Saint-Nabord\"],\"inLanguage\":\"fr-FR\",\"potentialAction\":[{\"@type\":\"CommentAction\",\"name\":\"Comment\",\"target\":[\"https:\/\/vosgesinfo.fr\/remiremontinfo\/2023\/05\/plus-de-1000-enfants-arpentent-sentiers\/#respond\"]}]},{\"@type\":\"WebPage\",\"@id\":\"https:\/\/vosgesinfo.fr\/remiremontinfo\/2023\/05\/plus-de-1000-enfants-arpentent-sentiers\/\",\"url\":\"https:\/\/vosgesinfo.fr\/remiremontinfo\/2023\/05\/plus-de-1000-enfants-arpentent-sentiers\/\",\"name\":\"Plus de 1000 enfants arpentent les sentiers - Remiremont Info\",\"isPartOf\":{\"@id\":\"https:\/\/vosgesinfo.fr\/remiremontinfo\/#website\"},\"primaryImageOfPage\":{\"@id\":\"https:\/\/vosgesinfo.fr\/remiremontinfo\/2023\/05\/plus-de-1000-enfants-arpentent-sentiers\/#primaryimage\"},\"image\":{\"@id\":\"https:\/\/vosgesinfo.fr\/remiremontinfo\/2023\/05\/plus-de-1000-enfants-arpentent-sentiers\/#primaryimage\"},\"thumbnailUrl\":\"https:\/\/vosgesinfo.fr\/app\/uploads\/sites\/5\/2024\/09\/2023052023-05-22-marche-scolaire-002.jpg\",\"datePublished\":\"2023-05-23T04:08:32+00:00\",\"dateModified\":\"2023-05-23T04:08:32+00:00\",\"breadcrumb\":{\"@id\":\"https:\/\/vosgesinfo.fr\/remiremontinfo\/2023\/05\/plus-de-1000-enfants-arpentent-sentiers\/#breadcrumb\"},\"inLanguage\":\"fr-FR\",\"potentialAction\":[{\"@type\":\"ReadAction\",\"target\":[\"https:\/\/vosgesinfo.fr\/remiremontinfo\/2023\/05\/plus-de-1000-enfants-arpentent-sentiers\/\"]}]},{\"@type\":\"ImageObject\",\"inLanguage\":\"fr-FR\",\"@id\":\"https:\/\/vosgesinfo.fr\/remiremontinfo\/2023\/05\/plus-de-1000-enfants-arpentent-sentiers\/#primaryimage\",\"url\":\"https:\/\/vosgesinfo.fr\/app\/uploads\/sites\/5\/2024\/09\/2023052023-05-22-marche-scolaire-002.jpg\",\"contentUrl\":\"https:\/\/vosgesinfo.fr\/app\/uploads\/sites\/5\/2024\/09\/2023052023-05-22-marche-scolaire-002.jpg\",\"width\":1024,\"height\":670},{\"@type\":\"BreadcrumbList\",\"@id\":\"https:\/\/vosgesinfo.fr\/remiremontinfo\/2023\/05\/plus-de-1000-enfants-arpentent-sentiers\/#breadcrumb\",\"itemListElement\":[{\"@type\":\"ListItem\",\"position\":1,\"name\":\"Home\",\"item\":\"https:\/\/vosgesinfo.fr\/remiremontinfo\/\"},{\"@type\":\"ListItem\",\"position\":2,\"name\":\"Plus de 1000 enfants arpentent les sentiers\"}]},{\"@type\":\"WebSite\",\"@id\":\"https:\/\/vosgesinfo.fr\/remiremontinfo\/#website\",\"url\":\"https:\/\/vosgesinfo.fr\/remiremontinfo\/\",\"name\":\"Remiremont Info\",\"description\":\"Toute l&#039;actualit\u00e9 de Remiremont\",\"publisher\":{\"@id\":\"https:\/\/vosgesinfo.fr\/remiremontinfo\/#organization\"},\"alternateName\":\"Toute l'actualit\u00e9 de Remiremont\",\"potentialAction\":[{\"@type\":\"SearchAction\",\"target\":{\"@type\":\"EntryPoint\",\"urlTemplate\":\"https:\/\/vosgesinfo.fr\/remiremontinfo\/?s={search_term_string}\"},\"query-input\":\"required name=search_term_string\"}],\"inLanguage\":\"fr-FR\"},{\"@type\":\"Organization\",\"@id\":\"https:\/\/vosgesinfo.fr\/remiremontinfo\/#organization\",\"name\":\"Remiremont Info\",\"url\":\"https:\/\/vosgesinfo.fr\/remiremontinfo\/\",\"logo\":{\"@type\":\"ImageObject\",\"inLanguage\":\"fr-FR\",\"@id\":\"https:\/\/vosgesinfo.fr\/remiremontinfo\/#\/schema\/logo\/image\/\",\"url\":\"https:\/\/vosgesinfo.fr\/app\/uploads\/sites\/5\/2023\/08\/favicon-remiremontinfo.png\",\"contentUrl\":\"https:\/\/vosgesinfo.fr\/app\/uploads\/sites\/5\/2023\/08\/favicon-remiremontinfo.png\",\"width\":512,\"height\":512,\"caption\":\"Remiremont Info\"},\"image\":{\"@id\":\"https:\/\/vosgesinfo.fr\/remiremontinfo\/#\/schema\/logo\/image\/\"},\"sameAs\":[\"https:\/\/www.facebook.com\/remiremontinfo\",\"https:\/\/x.com\/VosgesInfo88\",\"https:\/\/www.youtube.com\/@vosgesinfo\"]},{\"@type\":\"Person\",\"@id\":\"https:\/\/vosgesinfo.fr\/remiremontinfo\/#\/schema\/person\/27fd50bfa0474755c339da9cdfc89f3d\",\"name\":\"C.M\",\"image\":{\"@type\":\"ImageObject\",\"inLanguage\":\"fr-FR\",\"@id\":\"https:\/\/vosgesinfo.fr\/remiremontinfo\/#\/schema\/person\/image\/\",\"url\":\"https:\/\/secure.gravatar.com\/avatar\/aeefb88e08fc3e19fa733c61898f1bec4517042b8355098e757f11b4d3d4df70?s=96&d=mm&r=g\",\"contentUrl\":\"https:\/\/secure.gravatar.com\/avatar\/aeefb88e08fc3e19fa733c61898f1bec4517042b8355098e757f11b4d3d4df70?s=96&d=mm&r=g\",\"caption\":\"C.M\"},\"url\":\"https:\/\/vosgesinfo.fr\/remiremontinfo\/author\/cathy88200\/\"}]}<\/script>\n<!-- \/ Yoast SEO plugin. -->","yoast_head_json":{"title":"Plus de 1000 enfants arpentent les sentiers - Remiremont Info","robots":{"index":"index","follow":"follow","max-snippet":"max-snippet:-1","max-image-preview":"max-image-preview:large","max-video-preview":"max-video-preview:-1"},"canonical":"https:\/\/vosgesinfo.fr\/remiremontinfo\/2023\/05\/plus-de-1000-enfants-arpentent-sentiers\/","twitter_card":"summary_large_image","twitter_title":"Plus de 1000 enfants arpentent les sentiers - Remiremont Info","twitter_description":"&nbsp; La marche populaire organis\u00e9e par Falli\u00e8res Sport D\u00e9tente a d\u00e9j\u00e0 connu un beau succ\u00e8s dimanche, avec un taux de [&hellip;]","twitter_image":"https:\/\/vosgesinfo.fr\/app\/uploads\/sites\/5\/2024\/09\/2023052023-05-22-marche-scolaire-002.jpg","twitter_creator":"@VosgesInfo88","twitter_site":"@VosgesInfo88","twitter_misc":{"\u00c9crit par":"C.M","Dur\u00e9e de lecture estim\u00e9e":"1 minute"},"schema":{"@context":"https:\/\/schema.org","@graph":[{"@type":"Article","@id":"https:\/\/vosgesinfo.fr\/remiremontinfo\/2023\/05\/plus-de-1000-enfants-arpentent-sentiers\/#article","isPartOf":{"@id":"https:\/\/vosgesinfo.fr\/remiremontinfo\/2023\/05\/plus-de-1000-enfants-arpentent-sentiers\/"},"author":{"name":"C.M","@id":"https:\/\/vosgesinfo.fr\/remiremontinfo\/#\/schema\/person\/27fd50bfa0474755c339da9cdfc89f3d"},"headline":"Plus de 1000 enfants arpentent les sentiers","datePublished":"2023-05-23T04:08:32+00:00","dateModified":"2023-05-23T04:08:32+00:00","mainEntityOfPage":{"@id":"https:\/\/vosgesinfo.fr\/remiremontinfo\/2023\/05\/plus-de-1000-enfants-arpentent-sentiers\/"},"wordCount":291,"commentCount":0,"publisher":{"@id":"https:\/\/vosgesinfo.fr\/remiremontinfo\/#organization"},"image":{"@id":"https:\/\/vosgesinfo.fr\/remiremontinfo\/2023\/05\/plus-de-1000-enfants-arpentent-sentiers\/#primaryimage"},"thumbnailUrl":"https:\/\/vosgesinfo.fr\/app\/uploads\/sites\/5\/2024\/09\/2023052023-05-22-marche-scolaire-002.jpg","keywords":["marche scolaire"],"articleSection":["A la Une","\u00c9ducation","Remiremont &amp; son canton","Saint-Nabord"],"inLanguage":"fr-FR","potentialAction":[{"@type":"CommentAction","name":"Comment","target":["https:\/\/vosgesinfo.fr\/remiremontinfo\/2023\/05\/plus-de-1000-enfants-arpentent-sentiers\/#respond"]}]},{"@type":"WebPage","@id":"https:\/\/vosgesinfo.fr\/remiremontinfo\/2023\/05\/plus-de-1000-enfants-arpentent-sentiers\/","url":"https:\/\/vosgesinfo.fr\/remiremontinfo\/2023\/05\/plus-de-1000-enfants-arpentent-sentiers\/","name":"Plus de 1000 enfants arpentent les sentiers - Remiremont Info","isPartOf":{"@id":"https:\/\/vosgesinfo.fr\/remiremontinfo\/#website"},"primaryImageOfPage":{"@id":"https:\/\/vosgesinfo.fr\/remiremontinfo\/2023\/05\/plus-de-1000-enfants-arpentent-sentiers\/#primaryimage"},"image":{"@id":"https:\/\/vosgesinfo.fr\/remiremontinfo\/2023\/05\/plus-de-1000-enfants-arpentent-sentiers\/#primaryimage"},"thumbnailUrl":"https:\/\/vosgesinfo.fr\/app\/uploads\/sites\/5\/2024\/09\/2023052023-05-22-marche-scolaire-002.jpg","datePublished":"2023-05-23T04:08:32+00:00","dateModified":"2023-05-23T04:08:32+00:00","breadcrumb":{"@id":"https:\/\/vosgesinfo.fr\/remiremontinfo\/2023\/05\/plus-de-1000-enfants-arpentent-sentiers\/#breadcrumb"},"inLanguage":"fr-FR","potentialAction":[{"@type":"ReadAction","target":["https:\/\/vosgesinfo.fr\/remiremontinfo\/2023\/05\/plus-de-1000-enfants-arpentent-sentiers\/"]}]},{"@type":"ImageObject","inLanguage":"fr-FR","@id":"https:\/\/vosgesinfo.fr\/remiremontinfo\/2023\/05\/plus-de-1000-enfants-arpentent-sentiers\/#primaryimage","url":"https:\/\/vosgesinfo.fr\/app\/uploads\/sites\/5\/2024\/09\/2023052023-05-22-marche-scolaire-002.jpg","contentUrl":"https:\/\/vosgesinfo.fr\/app\/uploads\/sites\/5\/2024\/09\/2023052023-05-22-marche-scolaire-002.jpg","width":1024,"height":670},{"@type":"BreadcrumbList","@id":"https:\/\/vosgesinfo.fr\/remiremontinfo\/2023\/05\/plus-de-1000-enfants-arpentent-sentiers\/#breadcrumb","itemListElement":[{"@type":"ListItem","position":1,"name":"Home","item":"https:\/\/vosgesinfo.fr\/remiremontinfo\/"},{"@type":"ListItem","position":2,"name":"Plus de 1000 enfants arpentent les sentiers"}]},{"@type":"WebSite","@id":"https:\/\/vosgesinfo.fr\/remiremontinfo\/#website","url":"https:\/\/vosgesinfo.fr\/remiremontinfo\/","name":"Remiremont Info","description":"Toute l&#039;actualit\u00e9 de Remiremont","publisher":{"@id":"https:\/\/vosgesinfo.fr\/remiremontinfo\/#organization"},"alternateName":"Toute l'actualit\u00e9 de Remiremont","potentialAction":[{"@type":"SearchAction","target":{"@type":"EntryPoint","urlTemplate":"https:\/\/vosgesinfo.fr\/remiremontinfo\/?s={search_term_string}"},"query-input":"required name=search_term_string"}],"inLanguage":"fr-FR"},{"@type":"Organization","@id":"https:\/\/vosgesinfo.fr\/remiremontinfo\/#organization","name":"Remiremont Info","url":"https:\/\/vosgesinfo.fr\/remiremontinfo\/","logo":{"@type":"ImageObject","inLanguage":"fr-FR","@id":"https:\/\/vosgesinfo.fr\/remiremontinfo\/#\/schema\/logo\/image\/","url":"https:\/\/vosgesinfo.fr\/app\/uploads\/sites\/5\/2023\/08\/favicon-remiremontinfo.png","contentUrl":"https:\/\/vosgesinfo.fr\/app\/uploads\/sites\/5\/2023\/08\/favicon-remiremontinfo.png","width":512,"height":512,"caption":"Remiremont Info"},"image":{"@id":"https:\/\/vosgesinfo.fr\/remiremontinfo\/#\/schema\/logo\/image\/"},"sameAs":["https:\/\/www.facebook.com\/remiremontinfo","https:\/\/x.com\/VosgesInfo88","https:\/\/www.youtube.com\/@vosgesinfo"]},{"@type":"Person","@id":"https:\/\/vosgesinfo.fr\/remiremontinfo\/#\/schema\/person\/27fd50bfa0474755c339da9cdfc89f3d","name":"C.M","image":{"@type":"ImageObject","inLanguage":"fr-FR","@id":"https:\/\/vosgesinfo.fr\/remiremontinfo\/#\/schema\/person\/image\/","url":"https:\/\/secure.gravatar.com\/avatar\/aeefb88e08fc3e19fa733c61898f1bec4517042b8355098e757f11b4d3d4df70?s=96&d=mm&r=g","contentUrl":"https:\/\/secure.gravatar.com\/avatar\/aeefb88e08fc3e19fa733c61898f1bec4517042b8355098e757f11b4d3d4df70?s=96&d=mm&r=g","caption":"C.M"},"url":"https:\/\/vosgesinfo.fr\/remiremontinfo\/author\/cathy88200\/"}]}},"_links":{"self":[{"href":"https:\/\/vosgesinfo.fr\/remiremontinfo\/wp-json\/wp\/v2\/posts\/71381","targetHints":{"allow":["GET"]}}],"collection":[{"href":"https:\/\/vosgesinfo.fr\/remiremontinfo\/wp-json\/wp\/v2\/posts"}],"about":[{"href":"https:\/\/vosgesinfo.fr\/remiremontinfo\/wp-json\/wp\/v2\/types\/post"}],"author":[{"embeddable":true,"href":"https:\/\/vosgesinfo.fr\/remiremontinfo\/wp-json\/wp\/v2\/users\/411"}],"replies":[{"embeddable":true,"href":"https:\/\/vosgesinfo.fr\/remiremontinfo\/wp-json\/wp\/v2\/comments?post=71381"}],"version-history":[{"count":0,"href":"https:\/\/vosgesinfo.fr\/remiremontinfo\/wp-json\/wp\/v2\/posts\/71381\/revisions"}],"wp:featuredmedia":[{"embeddable":true,"href":"https:\/\/vosgesinfo.fr\/remiremontinfo\/wp-json\/wp\/v2\/media\/71382"}],"wp:attachment":[{"href":"https:\/\/vosgesinfo.fr\/remiremontinfo\/wp-json\/wp\/v2\/media?parent=71381"}],"wp:term":[{"taxonomy":"category","embeddable":true,"href":"https:\/\/vosgesinfo.fr\/remiremontinfo\/wp-json\/wp\/v2\/categories?post=71381"},{"taxonomy":"post_tag","embeddable":true,"href":"https:\/\/vosgesinfo.fr\/remiremontinfo\/wp-json\/wp\/v2\/tags?post=71381"}],"curies":[{"name":"wp","href":"https:\/\/api.w.org\/{rel}","templated":true}]}}