{"id":71417,"date":"2023-05-24T07:17:54","date_gmt":"2023-05-24T05:17:54","guid":{"rendered":"https:\/\/vosgesinfo.fr\/remiremontinfo\/2023\/05\/5eme-salon-bien-etre-a-plombieres-bains\/"},"modified":"2023-05-24T07:17:54","modified_gmt":"2023-05-24T05:17:54","slug":"5eme-salon-bien-etre-a-plombieres-bains","status":"publish","type":"post","link":"https:\/\/vosgesinfo.fr\/remiremontinfo\/2023\/05\/5eme-salon-bien-etre-a-plombieres-bains\/","title":{"rendered":"5\u00e8me Salon du Bien-\u00eatre \u00e0 Plombi\u00e8res-Les-Bains"},"content":{"rendered":"<h3 class=\"Normal tm5\"><span class=\"tm6\">Fond\u00e9 et organis\u00e9 par l&rsquo;association <\/span><strong><span class=\"tm7\">PLOMBIERES NATURE, <\/span><\/strong><span class=\"tm6\">une \u00e9quipe de b\u00e9n\u00e9voles enthousiastes, amis et passionn\u00e9s, ce 5\u00e8me salon du Bien-\u00eatre se tiendra samedi 27 et dimanche 28, de 10 h \u00e0 18 h dans les rues de Plombi\u00e8res-les-Bains.<\/span><\/h3>\n<p class=\"Normal tm5\"><span class=\"tm6\">Cette \u00e9dition 2023<\/span><span class=\"tm6\"> aura pour th\u00e8me l&rsquo; eau !\u00a0<\/span><\/p>\n<p class=\"Normal tm5\"><span class=\"tm6\">L\u2019eau, min\u00e9rale et thermale, source du bien-\u00eatre. Elle apporte les nutriments essentiels au bon fonctionnement du corps humain, r\u00e9gule notre temp\u00e9rature, favorise l&rsquo;\u00e9limination des d\u00e9chets et des toxines\u2026 l&rsquo;eau est\u00a0indispensable \u00e0 notre sant\u00e9&#8230; Avec le r\u00e9chauffement climatique, l&rsquo;eau est devenu plus pr\u00e9cieuse encore :\u00a0indispensable \u00e0 la vie sur notre bonne vieille terre, aux humains, \u00e0 la flore et \u00e0 la faune, elle sera mise en vedette sur ce salon \u00e0 travers l&rsquo; eau thermale, la pr\u00e9servation de notre environnement notamment accompagn\u00e9e par\u00a0nos exposants et animations habituels. Ce rendez-vous fera ainsi la part belle \u00e0 l\u2019eau, son usage raisonn\u00e9, son importance vitale ainsi qu\u2019\u00e0 tous les professionnels du bien-\u00eatre : producteurs, artisans ou praticiens.<br \/>\n<\/span><\/p>\n<p class=\"Normal tm5\"><span class=\"tm6\">50 exposants sont programm\u00e9s pour environ 25 animations pr\u00e9vues ce week-end. <\/span><\/p>\n<p class=\"Normal tm5\"><span class=\"tm6\">Au programme notamment : <\/span><\/p>\n<ul style=\"list-style-type: disc;\">\n<li class=\"Normal tm5\"><span class=\"tm6\">d\u00e9monstrations de taille Niwaki et conseils pour un usage raisonn\u00e9 de l&rsquo;eau dans le paysagisme par Boris de B&amp;B Paysages, <\/span><\/li>\n<li class=\"Normal tm5\"><span class=\"tm6\">d\u00e9gustation de l&rsquo;eau de source locale, vertueuse et bienfaitrice de VELLEMINFROY par les \u00e9quipes de La source de Velleminfroy, <\/span><\/li>\n<li class=\"Normal tm5\"><span class=\"tm6\">exposition de vans, de mini-caravanes et de voitures \u00e9lectriques, chasse aux tr\u00e9sors \u00e0 travers la ville, <\/span><\/li>\n<\/ul>\n<p class=\"Normal tm5\"><strong>A d\u00e9couvrir samedi 27 et dimanche 28, de 10 h \u00e0 18 h \u00e0 Plombi\u00e8res-les-Bains. Entr\u00e9e libre<\/strong><\/p>\n<p class=\"Normal tm5\"><a href=\"\/2023\/05\/exposants-1.jpg\"><img decoding=\"async\" class=\"aligncenter size-full wp-image-370550\" src=\"\/2023\/05\/exposants-1.jpg\" alt=\"Salon du bien-\u00eatre\" width=\"580\" height=\"566\" \/><\/a><a href=\"\/2023\/05\/exposants-2JPG.jpg\"><img decoding=\"async\" class=\"aligncenter size-full wp-image-370551\" src=\"\/2023\/05\/exposants-2JPG.jpg\" alt=\"salon du bien-\u00eatre\" width=\"598\" height=\"477\" \/><\/a><\/p>\n<p>&nbsp;<\/p>\n","protected":false},"excerpt":{"rendered":"<p>Fond\u00e9 et organis\u00e9 par l&rsquo;association PLOMBIERES NATURE, une \u00e9quipe de b\u00e9n\u00e9voles enthousiastes, amis et passionn\u00e9s, ce 5\u00e8me salon du Bien-\u00eatre [&hellip;]<\/p>\n","protected":false},"author":411,"featured_media":71418,"comment_status":"open","ping_status":"open","sticky":false,"template":"","format":"standard","meta":{"footnotes":""},"categories":[26,64,82,102],"tags":[5858],"class_list":["post-71417","post","type-post","status-publish","format-standard","has-post-thumbnail","hentry","category-a-la-une","category-evenements","category-le-val-dajol-son-canton","category-plombieres-les-bains","tag-salon-du-bien-etre"],"acf":[],"yoast_head":"<!-- This site is optimized with the Yoast SEO plugin v22.5 - https:\/\/yoast.com\/wordpress\/plugins\/seo\/ -->\n<title>5\u00e8me Salon du Bien-\u00eatre \u00e0 Plombi\u00e8res-Les-Bains - Remiremont Info<\/title>\n<meta name=\"robots\" content=\"index, follow, max-snippet:-1, max-image-preview:large, max-video-preview:-1\" \/>\n<link rel=\"canonical\" href=\"https:\/\/vosgesinfo.fr\/remiremontinfo\/2023\/05\/5eme-salon-bien-etre-a-plombieres-bains\/\" \/>\n<meta name=\"twitter:card\" content=\"summary_large_image\" \/>\n<meta name=\"twitter:title\" content=\"5\u00e8me Salon du Bien-\u00eatre \u00e0 Plombi\u00e8res-Les-Bains - Remiremont Info\" \/>\n<meta name=\"twitter:description\" content=\"Fond\u00e9 et organis\u00e9 par l&rsquo;association PLOMBIERES NATURE, une \u00e9quipe de b\u00e9n\u00e9voles enthousiastes, amis et passionn\u00e9s, ce 5\u00e8me salon du Bien-\u00eatre [&hellip;]\" \/>\n<meta name=\"twitter:image\" content=\"https:\/\/vosgesinfo.fr\/app\/uploads\/sites\/5\/2024\/09\/202305affiche-salon.jpg\" \/>\n<meta name=\"twitter:creator\" content=\"@VosgesInfo88\" \/>\n<meta name=\"twitter:site\" content=\"@VosgesInfo88\" \/>\n<meta name=\"twitter:label1\" content=\"\u00c9crit par\" \/>\n\t<meta name=\"twitter:data1\" content=\"C.M\" \/>\n\t<meta name=\"twitter:label2\" content=\"Dur\u00e9e de lecture estim\u00e9e\" \/>\n\t<meta name=\"twitter:data2\" content=\"1 minute\" \/>\n<script type=\"application\/ld+json\" class=\"yoast-schema-graph\">{\"@context\":\"https:\/\/schema.org\",\"@graph\":[{\"@type\":\"Article\",\"@id\":\"https:\/\/vosgesinfo.fr\/remiremontinfo\/2023\/05\/5eme-salon-bien-etre-a-plombieres-bains\/#article\",\"isPartOf\":{\"@id\":\"https:\/\/vosgesinfo.fr\/remiremontinfo\/2023\/05\/5eme-salon-bien-etre-a-plombieres-bains\/\"},\"author\":{\"name\":\"C.M\",\"@id\":\"https:\/\/vosgesinfo.fr\/remiremontinfo\/#\/schema\/person\/27fd50bfa0474755c339da9cdfc89f3d\"},\"headline\":\"5\u00e8me Salon du Bien-\u00eatre \u00e0 Plombi\u00e8res-Les-Bains\",\"datePublished\":\"2023-05-24T05:17:54+00:00\",\"dateModified\":\"2023-05-24T05:17:54+00:00\",\"mainEntityOfPage\":{\"@id\":\"https:\/\/vosgesinfo.fr\/remiremontinfo\/2023\/05\/5eme-salon-bien-etre-a-plombieres-bains\/\"},\"wordCount\":267,\"commentCount\":0,\"publisher\":{\"@id\":\"https:\/\/vosgesinfo.fr\/remiremontinfo\/#organization\"},\"image\":{\"@id\":\"https:\/\/vosgesinfo.fr\/remiremontinfo\/2023\/05\/5eme-salon-bien-etre-a-plombieres-bains\/#primaryimage\"},\"thumbnailUrl\":\"https:\/\/vosgesinfo.fr\/app\/uploads\/sites\/5\/2024\/09\/202305affiche-salon.jpg\",\"keywords\":[\"Salon du Bien Etre\"],\"articleSection\":[\"A la Une\",\"Ev\u00e8nements\",\"Le Val-d'Ajol &amp; son canton\",\"Plombi\u00e8res-l\u00e8s-Bains\"],\"inLanguage\":\"fr-FR\",\"potentialAction\":[{\"@type\":\"CommentAction\",\"name\":\"Comment\",\"target\":[\"https:\/\/vosgesinfo.fr\/remiremontinfo\/2023\/05\/5eme-salon-bien-etre-a-plombieres-bains\/#respond\"]}]},{\"@type\":\"WebPage\",\"@id\":\"https:\/\/vosgesinfo.fr\/remiremontinfo\/2023\/05\/5eme-salon-bien-etre-a-plombieres-bains\/\",\"url\":\"https:\/\/vosgesinfo.fr\/remiremontinfo\/2023\/05\/5eme-salon-bien-etre-a-plombieres-bains\/\",\"name\":\"5\u00e8me Salon du Bien-\u00eatre \u00e0 Plombi\u00e8res-Les-Bains - Remiremont Info\",\"isPartOf\":{\"@id\":\"https:\/\/vosgesinfo.fr\/remiremontinfo\/#website\"},\"primaryImageOfPage\":{\"@id\":\"https:\/\/vosgesinfo.fr\/remiremontinfo\/2023\/05\/5eme-salon-bien-etre-a-plombieres-bains\/#primaryimage\"},\"image\":{\"@id\":\"https:\/\/vosgesinfo.fr\/remiremontinfo\/2023\/05\/5eme-salon-bien-etre-a-plombieres-bains\/#primaryimage\"},\"thumbnailUrl\":\"https:\/\/vosgesinfo.fr\/app\/uploads\/sites\/5\/2024\/09\/202305affiche-salon.jpg\",\"datePublished\":\"2023-05-24T05:17:54+00:00\",\"dateModified\":\"2023-05-24T05:17:54+00:00\",\"breadcrumb\":{\"@id\":\"https:\/\/vosgesinfo.fr\/remiremontinfo\/2023\/05\/5eme-salon-bien-etre-a-plombieres-bains\/#breadcrumb\"},\"inLanguage\":\"fr-FR\",\"potentialAction\":[{\"@type\":\"ReadAction\",\"target\":[\"https:\/\/vosgesinfo.fr\/remiremontinfo\/2023\/05\/5eme-salon-bien-etre-a-plombieres-bains\/\"]}]},{\"@type\":\"ImageObject\",\"inLanguage\":\"fr-FR\",\"@id\":\"https:\/\/vosgesinfo.fr\/remiremontinfo\/2023\/05\/5eme-salon-bien-etre-a-plombieres-bains\/#primaryimage\",\"url\":\"https:\/\/vosgesinfo.fr\/app\/uploads\/sites\/5\/2024\/09\/202305affiche-salon.jpg\",\"contentUrl\":\"https:\/\/vosgesinfo.fr\/app\/uploads\/sites\/5\/2024\/09\/202305affiche-salon.jpg\",\"width\":547,\"height\":600},{\"@type\":\"BreadcrumbList\",\"@id\":\"https:\/\/vosgesinfo.fr\/remiremontinfo\/2023\/05\/5eme-salon-bien-etre-a-plombieres-bains\/#breadcrumb\",\"itemListElement\":[{\"@type\":\"ListItem\",\"position\":1,\"name\":\"Home\",\"item\":\"https:\/\/vosgesinfo.fr\/remiremontinfo\/\"},{\"@type\":\"ListItem\",\"position\":2,\"name\":\"5\u00e8me Salon du Bien-\u00eatre \u00e0 Plombi\u00e8res-Les-Bains\"}]},{\"@type\":\"WebSite\",\"@id\":\"https:\/\/vosgesinfo.fr\/remiremontinfo\/#website\",\"url\":\"https:\/\/vosgesinfo.fr\/remiremontinfo\/\",\"name\":\"Remiremont Info\",\"description\":\"Toute l&#039;actualit\u00e9 de Remiremont\",\"publisher\":{\"@id\":\"https:\/\/vosgesinfo.fr\/remiremontinfo\/#organization\"},\"alternateName\":\"Toute l'actualit\u00e9 de Remiremont\",\"potentialAction\":[{\"@type\":\"SearchAction\",\"target\":{\"@type\":\"EntryPoint\",\"urlTemplate\":\"https:\/\/vosgesinfo.fr\/remiremontinfo\/?s={search_term_string}\"},\"query-input\":\"required name=search_term_string\"}],\"inLanguage\":\"fr-FR\"},{\"@type\":\"Organization\",\"@id\":\"https:\/\/vosgesinfo.fr\/remiremontinfo\/#organization\",\"name\":\"Remiremont Info\",\"url\":\"https:\/\/vosgesinfo.fr\/remiremontinfo\/\",\"logo\":{\"@type\":\"ImageObject\",\"inLanguage\":\"fr-FR\",\"@id\":\"https:\/\/vosgesinfo.fr\/remiremontinfo\/#\/schema\/logo\/image\/\",\"url\":\"https:\/\/vosgesinfo.fr\/app\/uploads\/sites\/5\/2023\/08\/favicon-remiremontinfo.png\",\"contentUrl\":\"https:\/\/vosgesinfo.fr\/app\/uploads\/sites\/5\/2023\/08\/favicon-remiremontinfo.png\",\"width\":512,\"height\":512,\"caption\":\"Remiremont Info\"},\"image\":{\"@id\":\"https:\/\/vosgesinfo.fr\/remiremontinfo\/#\/schema\/logo\/image\/\"},\"sameAs\":[\"https:\/\/www.facebook.com\/remiremontinfo\",\"https:\/\/x.com\/VosgesInfo88\",\"https:\/\/www.youtube.com\/@vosgesinfo\"]},{\"@type\":\"Person\",\"@id\":\"https:\/\/vosgesinfo.fr\/remiremontinfo\/#\/schema\/person\/27fd50bfa0474755c339da9cdfc89f3d\",\"name\":\"C.M\",\"image\":{\"@type\":\"ImageObject\",\"inLanguage\":\"fr-FR\",\"@id\":\"https:\/\/vosgesinfo.fr\/remiremontinfo\/#\/schema\/person\/image\/\",\"url\":\"https:\/\/secure.gravatar.com\/avatar\/aeefb88e08fc3e19fa733c61898f1bec4517042b8355098e757f11b4d3d4df70?s=96&d=mm&r=g\",\"contentUrl\":\"https:\/\/secure.gravatar.com\/avatar\/aeefb88e08fc3e19fa733c61898f1bec4517042b8355098e757f11b4d3d4df70?s=96&d=mm&r=g\",\"caption\":\"C.M\"},\"url\":\"https:\/\/vosgesinfo.fr\/remiremontinfo\/author\/cathy88200\/\"}]}<\/script>\n<!-- \/ Yoast SEO plugin. -->","yoast_head_json":{"title":"5\u00e8me Salon du Bien-\u00eatre \u00e0 Plombi\u00e8res-Les-Bains - Remiremont Info","robots":{"index":"index","follow":"follow","max-snippet":"max-snippet:-1","max-image-preview":"max-image-preview:large","max-video-preview":"max-video-preview:-1"},"canonical":"https:\/\/vosgesinfo.fr\/remiremontinfo\/2023\/05\/5eme-salon-bien-etre-a-plombieres-bains\/","twitter_card":"summary_large_image","twitter_title":"5\u00e8me Salon du Bien-\u00eatre \u00e0 Plombi\u00e8res-Les-Bains - Remiremont Info","twitter_description":"Fond\u00e9 et organis\u00e9 par l&rsquo;association PLOMBIERES NATURE, une \u00e9quipe de b\u00e9n\u00e9voles enthousiastes, amis et passionn\u00e9s, ce 5\u00e8me salon du Bien-\u00eatre [&hellip;]","twitter_image":"https:\/\/vosgesinfo.fr\/app\/uploads\/sites\/5\/2024\/09\/202305affiche-salon.jpg","twitter_creator":"@VosgesInfo88","twitter_site":"@VosgesInfo88","twitter_misc":{"\u00c9crit par":"C.M","Dur\u00e9e de lecture estim\u00e9e":"1 minute"},"schema":{"@context":"https:\/\/schema.org","@graph":[{"@type":"Article","@id":"https:\/\/vosgesinfo.fr\/remiremontinfo\/2023\/05\/5eme-salon-bien-etre-a-plombieres-bains\/#article","isPartOf":{"@id":"https:\/\/vosgesinfo.fr\/remiremontinfo\/2023\/05\/5eme-salon-bien-etre-a-plombieres-bains\/"},"author":{"name":"C.M","@id":"https:\/\/vosgesinfo.fr\/remiremontinfo\/#\/schema\/person\/27fd50bfa0474755c339da9cdfc89f3d"},"headline":"5\u00e8me Salon du Bien-\u00eatre \u00e0 Plombi\u00e8res-Les-Bains","datePublished":"2023-05-24T05:17:54+00:00","dateModified":"2023-05-24T05:17:54+00:00","mainEntityOfPage":{"@id":"https:\/\/vosgesinfo.fr\/remiremontinfo\/2023\/05\/5eme-salon-bien-etre-a-plombieres-bains\/"},"wordCount":267,"commentCount":0,"publisher":{"@id":"https:\/\/vosgesinfo.fr\/remiremontinfo\/#organization"},"image":{"@id":"https:\/\/vosgesinfo.fr\/remiremontinfo\/2023\/05\/5eme-salon-bien-etre-a-plombieres-bains\/#primaryimage"},"thumbnailUrl":"https:\/\/vosgesinfo.fr\/app\/uploads\/sites\/5\/2024\/09\/202305affiche-salon.jpg","keywords":["Salon du Bien Etre"],"articleSection":["A la Une","Ev\u00e8nements","Le Val-d'Ajol &amp; son canton","Plombi\u00e8res-l\u00e8s-Bains"],"inLanguage":"fr-FR","potentialAction":[{"@type":"CommentAction","name":"Comment","target":["https:\/\/vosgesinfo.fr\/remiremontinfo\/2023\/05\/5eme-salon-bien-etre-a-plombieres-bains\/#respond"]}]},{"@type":"WebPage","@id":"https:\/\/vosgesinfo.fr\/remiremontinfo\/2023\/05\/5eme-salon-bien-etre-a-plombieres-bains\/","url":"https:\/\/vosgesinfo.fr\/remiremontinfo\/2023\/05\/5eme-salon-bien-etre-a-plombieres-bains\/","name":"5\u00e8me Salon du Bien-\u00eatre \u00e0 Plombi\u00e8res-Les-Bains - Remiremont Info","isPartOf":{"@id":"https:\/\/vosgesinfo.fr\/remiremontinfo\/#website"},"primaryImageOfPage":{"@id":"https:\/\/vosgesinfo.fr\/remiremontinfo\/2023\/05\/5eme-salon-bien-etre-a-plombieres-bains\/#primaryimage"},"image":{"@id":"https:\/\/vosgesinfo.fr\/remiremontinfo\/2023\/05\/5eme-salon-bien-etre-a-plombieres-bains\/#primaryimage"},"thumbnailUrl":"https:\/\/vosgesinfo.fr\/app\/uploads\/sites\/5\/2024\/09\/202305affiche-salon.jpg","datePublished":"2023-05-24T05:17:54+00:00","dateModified":"2023-05-24T05:17:54+00:00","breadcrumb":{"@id":"https:\/\/vosgesinfo.fr\/remiremontinfo\/2023\/05\/5eme-salon-bien-etre-a-plombieres-bains\/#breadcrumb"},"inLanguage":"fr-FR","potentialAction":[{"@type":"ReadAction","target":["https:\/\/vosgesinfo.fr\/remiremontinfo\/2023\/05\/5eme-salon-bien-etre-a-plombieres-bains\/"]}]},{"@type":"ImageObject","inLanguage":"fr-FR","@id":"https:\/\/vosgesinfo.fr\/remiremontinfo\/2023\/05\/5eme-salon-bien-etre-a-plombieres-bains\/#primaryimage","url":"https:\/\/vosgesinfo.fr\/app\/uploads\/sites\/5\/2024\/09\/202305affiche-salon.jpg","contentUrl":"https:\/\/vosgesinfo.fr\/app\/uploads\/sites\/5\/2024\/09\/202305affiche-salon.jpg","width":547,"height":600},{"@type":"BreadcrumbList","@id":"https:\/\/vosgesinfo.fr\/remiremontinfo\/2023\/05\/5eme-salon-bien-etre-a-plombieres-bains\/#breadcrumb","itemListElement":[{"@type":"ListItem","position":1,"name":"Home","item":"https:\/\/vosgesinfo.fr\/remiremontinfo\/"},{"@type":"ListItem","position":2,"name":"5\u00e8me Salon du Bien-\u00eatre \u00e0 Plombi\u00e8res-Les-Bains"}]},{"@type":"WebSite","@id":"https:\/\/vosgesinfo.fr\/remiremontinfo\/#website","url":"https:\/\/vosgesinfo.fr\/remiremontinfo\/","name":"Remiremont Info","description":"Toute l&#039;actualit\u00e9 de Remiremont","publisher":{"@id":"https:\/\/vosgesinfo.fr\/remiremontinfo\/#organization"},"alternateName":"Toute l'actualit\u00e9 de Remiremont","potentialAction":[{"@type":"SearchAction","target":{"@type":"EntryPoint","urlTemplate":"https:\/\/vosgesinfo.fr\/remiremontinfo\/?s={search_term_string}"},"query-input":"required name=search_term_string"}],"inLanguage":"fr-FR"},{"@type":"Organization","@id":"https:\/\/vosgesinfo.fr\/remiremontinfo\/#organization","name":"Remiremont Info","url":"https:\/\/vosgesinfo.fr\/remiremontinfo\/","logo":{"@type":"ImageObject","inLanguage":"fr-FR","@id":"https:\/\/vosgesinfo.fr\/remiremontinfo\/#\/schema\/logo\/image\/","url":"https:\/\/vosgesinfo.fr\/app\/uploads\/sites\/5\/2023\/08\/favicon-remiremontinfo.png","contentUrl":"https:\/\/vosgesinfo.fr\/app\/uploads\/sites\/5\/2023\/08\/favicon-remiremontinfo.png","width":512,"height":512,"caption":"Remiremont Info"},"image":{"@id":"https:\/\/vosgesinfo.fr\/remiremontinfo\/#\/schema\/logo\/image\/"},"sameAs":["https:\/\/www.facebook.com\/remiremontinfo","https:\/\/x.com\/VosgesInfo88","https:\/\/www.youtube.com\/@vosgesinfo"]},{"@type":"Person","@id":"https:\/\/vosgesinfo.fr\/remiremontinfo\/#\/schema\/person\/27fd50bfa0474755c339da9cdfc89f3d","name":"C.M","image":{"@type":"ImageObject","inLanguage":"fr-FR","@id":"https:\/\/vosgesinfo.fr\/remiremontinfo\/#\/schema\/person\/image\/","url":"https:\/\/secure.gravatar.com\/avatar\/aeefb88e08fc3e19fa733c61898f1bec4517042b8355098e757f11b4d3d4df70?s=96&d=mm&r=g","contentUrl":"https:\/\/secure.gravatar.com\/avatar\/aeefb88e08fc3e19fa733c61898f1bec4517042b8355098e757f11b4d3d4df70?s=96&d=mm&r=g","caption":"C.M"},"url":"https:\/\/vosgesinfo.fr\/remiremontinfo\/author\/cathy88200\/"}]}},"_links":{"self":[{"href":"https:\/\/vosgesinfo.fr\/remiremontinfo\/wp-json\/wp\/v2\/posts\/71417","targetHints":{"allow":["GET"]}}],"collection":[{"href":"https:\/\/vosgesinfo.fr\/remiremontinfo\/wp-json\/wp\/v2\/posts"}],"about":[{"href":"https:\/\/vosgesinfo.fr\/remiremontinfo\/wp-json\/wp\/v2\/types\/post"}],"author":[{"embeddable":true,"href":"https:\/\/vosgesinfo.fr\/remiremontinfo\/wp-json\/wp\/v2\/users\/411"}],"replies":[{"embeddable":true,"href":"https:\/\/vosgesinfo.fr\/remiremontinfo\/wp-json\/wp\/v2\/comments?post=71417"}],"version-history":[{"count":0,"href":"https:\/\/vosgesinfo.fr\/remiremontinfo\/wp-json\/wp\/v2\/posts\/71417\/revisions"}],"wp:featuredmedia":[{"embeddable":true,"href":"https:\/\/vosgesinfo.fr\/remiremontinfo\/wp-json\/wp\/v2\/media\/71418"}],"wp:attachment":[{"href":"https:\/\/vosgesinfo.fr\/remiremontinfo\/wp-json\/wp\/v2\/media?parent=71417"}],"wp:term":[{"taxonomy":"category","embeddable":true,"href":"https:\/\/vosgesinfo.fr\/remiremontinfo\/wp-json\/wp\/v2\/categories?post=71417"},{"taxonomy":"post_tag","embeddable":true,"href":"https:\/\/vosgesinfo.fr\/remiremontinfo\/wp-json\/wp\/v2\/tags?post=71417"}],"curies":[{"name":"wp","href":"https:\/\/api.w.org\/{rel}","templated":true}]}}