{"id":71553,"date":"2023-05-28T07:18:44","date_gmt":"2023-05-28T05:18:44","guid":{"rendered":"https:\/\/vosgesinfo.fr\/remiremontinfo\/2023\/05\/blanchemer-lac-de-blanchemer-lundi-29-mai\/"},"modified":"2023-05-28T07:18:44","modified_gmt":"2023-05-28T05:18:44","slug":"blanchemer-lac-de-blanchemer-lundi-29-mai","status":"publish","type":"post","link":"https:\/\/vosgesinfo.fr\/remiremontinfo\/2023\/05\/blanchemer-lac-de-blanchemer-lundi-29-mai\/","title":{"rendered":"Blanchemer&#8230;.au lac de Blanchemer lundi 29 mai"},"content":{"rendered":"<p class=\"Normal_Web_ tm7 tm8\"><strong><span class=\"tm10\">\u00a0<a href=\"\/2023\/05\/bLANCHEMER-2020-6-8.jpg\"><img decoding=\"async\" class=\"aligncenter size-large wp-image-370822\" src=\"\/2023\/05\/bLANCHEMER-2020-6-8-1024x531.jpg\" alt=\"bLANCHEMER 2020 6 (8)\" width=\"960\" height=\"498\" \/><\/a><\/span><\/strong><\/p>\n<h3 class=\"Normal_Web_ tm7 tm8\"><strong><span class=\"tm10\">Dans le cadre de la Semaine du Paysage 2023 la troupe RECRE pr\u00e9sente une nouvelle pi\u00e8ce Blanchemer\u2026au Lac de Blanchemer, lundi de Pentec\u00f4te 29 mai \u00e0 15 h<\/span><\/strong><\/h3>\n<h3 class=\"Normal_Web_ tm7 tm8\"><strong><span class=\"tm10\">A la lisi\u00e8re du r\u00e9el et du r\u00eave, des personnages se croisent . Enfin, ce sont leurs r\u00eaves qui se croisent, se confrontent, puis se fondent dans une qu\u00eate partag\u00e9e. Le lac, la lune, le soleil, les rythmes portent ces personnages, deux gar\u00e7ons , une fille, et toutes celles et ceux qu\u2019ils rencontrent, vers un <\/span><em><span class=\"tm11\">questionnement, par l\u2019imaginaire .O\u00f9 la po\u00e9sie est le chemin et la r\u00e9ponse . Du moins la porte ouverte .<\/span><\/em><\/strong><\/h3>\n<p class=\"Normal_Web_ tm12\"><span class=\"tm14\">Paysage d\u2019\u00e9nergie\u00a0, le lac de Blanchemer l\u2019est de par sa beaut\u00e9 naturelle exceptionnelle si \u00e9mouvante et-par la l\u00e9gende et l\u2019histoire qui s\u2019attachent \u00e0 lui et r\u00e9veillent en chacun une image de bonheur profond, un d\u00e9sir actif de cr\u00e9ativit\u00e9 . Depuis 2014 la troupe RECRE s\u2019y attache pour y cr\u00e9er aussi, par th\u00e9\u00e2tre et musique, un nouvel imaginaire pour le futur. <\/span><\/p>\n<p class=\"Normal_Web_ tm12\"><span class=\"tm14\">Cette ann\u00e9e , c\u2019est donc le Lac qui est le personnage central de sa nouvelle pi\u00e8ce <\/span><\/p>\n<p class=\"Normal_Web_ tm12\"><span class=\"tm14\">Trois jeunes , une fille, deux gar\u00e7ons, unis par sa fascination, expriment plus particuli\u00e8rement cet esprit du lac\u00a0: face \u00e0 eux, le village, sceptique, prosa\u00efque, s\u2019\u00e9tonne, se moque . Mais la pi\u00e8ce montre peu \u00e0 peu sa mutation , sous l\u2019effet maqique du lac et d\u2019une immersion dans le pass\u00e9 et la l\u00e9gende , peuple subconscient , comme englouti dans la profondeurs des flots, et r\u00e9veill\u00e9, r\u00e9v\u00e9l\u00e9 \u00e0 lui-m\u00eame ainsi <\/span><\/p>\n<p class=\"Normal_Web_ tm7 tm8\"><span class=\"tm15\">\u00ab\u00a0Nourrissez le peuple du peuple, montrez lui sa propre l\u00e9gende\u00a0\u00bb, disait Maurice Pottecher, citant Michelet, lorsqu\u2019il fonda en 1895 le Th\u00e9\u00e2tre du Peuple<\/span><\/p>\n<p class=\"Normal_Web_ tm7 tm8\"><span class=\"tm15\">Par la m\u00e9moire du pass\u00e9, gu\u00e9rir le pr\u00e9sent et ouvrir l\u2019imaginaire futur<\/span><\/p>\n<p class=\"Normal_Web_ tm7 tm8\"><span class=\"tm15\">Autour du Lac le public sera amen\u00e9 de sc\u00e8ne en sc\u00e8ne , par les musiciens Jean Claude Lu\u00e7on au violon et Michel G\u00e9nini au chant et guitare .<\/span><\/p>\n<p class=\"Normal_Web_ tm7 tm8\"><span class=\"tm15\">Les sc\u00e8nes sont appuy\u00e9es par la musique cr\u00e9ative et traditionnelle de Christophe Toussaint ( \u00e9pinette, harpe allemande, vielle \u00e0 roue, cor des Alpes )<\/span><\/p>\n<p class=\"Normal_Web_ tm16\"><span class=\"tm13\">Auteur\u00a0: Vincent Decombis .\u00a0 Mise en sc\u00e8ne\u00a0: Evelyne Defez<\/span><\/p>\n<p class=\"Normal_Web_ tm16\"><span class=\"tm13\">Troupes RECRE ( Hautes Vosges ) et K\u00e9dalhum\u00e9s ( Thi\u00e9fosse )<\/span><\/p>\n<p class=\"Normal_Web_ tm7 tm8\"><span class=\"tm13\">Musiciens Christophe Toussaint ( Sapois ), Michel G\u00e9nini ( Saulxures sur <\/span><span class=\"tm15\">Moselotte ), Jean Claude Lu\u00e7on ( Fresse sur Moselle )<\/span><\/p>\n<p class=\"Normal_Web_ tm7 tm8\"><strong><span class=\"tm17\">Acc\u00e8s libre <\/span><\/strong><span class=\"tm18\">Un pot et un concert seront offerts au public \u00e0 l\u2019issue de la repr\u00e9sentation Cette pi\u00e8ce a \u00e9t\u00e9 initi\u00e9e dans le cadre d&rsquo;un atelier d&rsquo;\u00e9criture du Th\u00e9\u00e2tre du Peuple,, men\u00e9 par l&rsquo;acteur et auteur Sylvain Levey .\u00a0<\/span><\/p>\n<p class=\"Normal_Web_ tm7 tm8\"><strong><em><span class=\"tm17\">En cas de mauvais temps repli \u00e0 16 h Salle des F\u00eates de la Bresse <a href=\"\/2023\/05\/IMG_0181-1.jpg\"><img decoding=\"async\" class=\"alignright size-full wp-image-370826\" src=\"\/2023\/05\/IMG_0181-1.jpg\" alt=\"Blanchemer\" width=\"480\" height=\"360\" \/><\/a><\/span><\/em><\/strong><\/p>\n<p>&nbsp;<\/p>\n<p>&nbsp;<\/p>\n","protected":false},"excerpt":{"rendered":"<p>\u00a0 Dans le cadre de la Semaine du Paysage 2023 la troupe RECRE pr\u00e9sente une nouvelle pi\u00e8ce Blanchemer\u2026au Lac de [&hellip;]<\/p>\n","protected":false},"author":411,"featured_media":71554,"comment_status":"open","ping_status":"open","sticky":false,"template":"","format":"standard","meta":{"footnotes":""},"categories":[26,4,104,25],"tags":[5875,56],"class_list":["post-71553","post","type-post","status-publish","format-standard","has-post-thumbnail","hentry","category-a-la-une","category-culture","category-la-bresse-la-bresse-son-canton","category-la-bresse-son-canton","tag-blanchemer","tag-theatre"],"acf":[],"yoast_head":"<!-- This site is optimized with the Yoast SEO plugin v22.5 - https:\/\/yoast.com\/wordpress\/plugins\/seo\/ -->\n<title>Blanchemer....au lac de Blanchemer lundi 29 mai - Remiremont Info<\/title>\n<meta name=\"robots\" content=\"index, follow, max-snippet:-1, max-image-preview:large, max-video-preview:-1\" \/>\n<link rel=\"canonical\" href=\"https:\/\/vosgesinfo.fr\/remiremontinfo\/2023\/05\/blanchemer-lac-de-blanchemer-lundi-29-mai\/\" \/>\n<meta name=\"twitter:card\" content=\"summary_large_image\" \/>\n<meta name=\"twitter:title\" content=\"Blanchemer....au lac de Blanchemer lundi 29 mai - Remiremont Info\" \/>\n<meta name=\"twitter:description\" content=\"\u00a0 Dans le cadre de la Semaine du Paysage 2023 la troupe RECRE pr\u00e9sente une nouvelle pi\u00e8ce Blanchemer\u2026au Lac de [&hellip;]\" \/>\n<meta name=\"twitter:image\" content=\"https:\/\/vosgesinfo.fr\/app\/uploads\/sites\/5\/2024\/09\/202305img-0181-1.jpg\" \/>\n<meta name=\"twitter:creator\" content=\"@VosgesInfo88\" \/>\n<meta name=\"twitter:site\" content=\"@VosgesInfo88\" \/>\n<meta name=\"twitter:label1\" content=\"\u00c9crit par\" \/>\n\t<meta name=\"twitter:data1\" content=\"C.M\" \/>\n\t<meta name=\"twitter:label2\" content=\"Dur\u00e9e de lecture estim\u00e9e\" \/>\n\t<meta name=\"twitter:data2\" content=\"2 minutes\" \/>\n<script type=\"application\/ld+json\" class=\"yoast-schema-graph\">{\"@context\":\"https:\/\/schema.org\",\"@graph\":[{\"@type\":\"Article\",\"@id\":\"https:\/\/vosgesinfo.fr\/remiremontinfo\/2023\/05\/blanchemer-lac-de-blanchemer-lundi-29-mai\/#article\",\"isPartOf\":{\"@id\":\"https:\/\/vosgesinfo.fr\/remiremontinfo\/2023\/05\/blanchemer-lac-de-blanchemer-lundi-29-mai\/\"},\"author\":{\"name\":\"C.M\",\"@id\":\"https:\/\/vosgesinfo.fr\/remiremontinfo\/#\/schema\/person\/27fd50bfa0474755c339da9cdfc89f3d\"},\"headline\":\"Blanchemer&#8230;.au lac de Blanchemer lundi 29 mai\",\"datePublished\":\"2023-05-28T05:18:44+00:00\",\"dateModified\":\"2023-05-28T05:18:44+00:00\",\"mainEntityOfPage\":{\"@id\":\"https:\/\/vosgesinfo.fr\/remiremontinfo\/2023\/05\/blanchemer-lac-de-blanchemer-lundi-29-mai\/\"},\"wordCount\":469,\"commentCount\":0,\"publisher\":{\"@id\":\"https:\/\/vosgesinfo.fr\/remiremontinfo\/#organization\"},\"image\":{\"@id\":\"https:\/\/vosgesinfo.fr\/remiremontinfo\/2023\/05\/blanchemer-lac-de-blanchemer-lundi-29-mai\/#primaryimage\"},\"thumbnailUrl\":\"https:\/\/vosgesinfo.fr\/app\/uploads\/sites\/5\/2024\/09\/202305img-0181-1.jpg\",\"keywords\":[\"blanchemer\",\"th\u00e9\u00e2tre\"],\"articleSection\":[\"A la Une\",\"Culture\",\"La Bresse\",\"La Bresse &amp; son canton\"],\"inLanguage\":\"fr-FR\",\"potentialAction\":[{\"@type\":\"CommentAction\",\"name\":\"Comment\",\"target\":[\"https:\/\/vosgesinfo.fr\/remiremontinfo\/2023\/05\/blanchemer-lac-de-blanchemer-lundi-29-mai\/#respond\"]}]},{\"@type\":\"WebPage\",\"@id\":\"https:\/\/vosgesinfo.fr\/remiremontinfo\/2023\/05\/blanchemer-lac-de-blanchemer-lundi-29-mai\/\",\"url\":\"https:\/\/vosgesinfo.fr\/remiremontinfo\/2023\/05\/blanchemer-lac-de-blanchemer-lundi-29-mai\/\",\"name\":\"Blanchemer....au lac de Blanchemer lundi 29 mai - Remiremont Info\",\"isPartOf\":{\"@id\":\"https:\/\/vosgesinfo.fr\/remiremontinfo\/#website\"},\"primaryImageOfPage\":{\"@id\":\"https:\/\/vosgesinfo.fr\/remiremontinfo\/2023\/05\/blanchemer-lac-de-blanchemer-lundi-29-mai\/#primaryimage\"},\"image\":{\"@id\":\"https:\/\/vosgesinfo.fr\/remiremontinfo\/2023\/05\/blanchemer-lac-de-blanchemer-lundi-29-mai\/#primaryimage\"},\"thumbnailUrl\":\"https:\/\/vosgesinfo.fr\/app\/uploads\/sites\/5\/2024\/09\/202305img-0181-1.jpg\",\"datePublished\":\"2023-05-28T05:18:44+00:00\",\"dateModified\":\"2023-05-28T05:18:44+00:00\",\"breadcrumb\":{\"@id\":\"https:\/\/vosgesinfo.fr\/remiremontinfo\/2023\/05\/blanchemer-lac-de-blanchemer-lundi-29-mai\/#breadcrumb\"},\"inLanguage\":\"fr-FR\",\"potentialAction\":[{\"@type\":\"ReadAction\",\"target\":[\"https:\/\/vosgesinfo.fr\/remiremontinfo\/2023\/05\/blanchemer-lac-de-blanchemer-lundi-29-mai\/\"]}]},{\"@type\":\"ImageObject\",\"inLanguage\":\"fr-FR\",\"@id\":\"https:\/\/vosgesinfo.fr\/remiremontinfo\/2023\/05\/blanchemer-lac-de-blanchemer-lundi-29-mai\/#primaryimage\",\"url\":\"https:\/\/vosgesinfo.fr\/app\/uploads\/sites\/5\/2024\/09\/202305img-0181-1.jpg\",\"contentUrl\":\"https:\/\/vosgesinfo.fr\/app\/uploads\/sites\/5\/2024\/09\/202305img-0181-1.jpg\",\"width\":480,\"height\":360},{\"@type\":\"BreadcrumbList\",\"@id\":\"https:\/\/vosgesinfo.fr\/remiremontinfo\/2023\/05\/blanchemer-lac-de-blanchemer-lundi-29-mai\/#breadcrumb\",\"itemListElement\":[{\"@type\":\"ListItem\",\"position\":1,\"name\":\"Home\",\"item\":\"https:\/\/vosgesinfo.fr\/remiremontinfo\/\"},{\"@type\":\"ListItem\",\"position\":2,\"name\":\"Blanchemer&#8230;.au lac de Blanchemer lundi 29 mai\"}]},{\"@type\":\"WebSite\",\"@id\":\"https:\/\/vosgesinfo.fr\/remiremontinfo\/#website\",\"url\":\"https:\/\/vosgesinfo.fr\/remiremontinfo\/\",\"name\":\"Remiremont Info\",\"description\":\"Toute l&#039;actualit\u00e9 de Remiremont\",\"publisher\":{\"@id\":\"https:\/\/vosgesinfo.fr\/remiremontinfo\/#organization\"},\"alternateName\":\"Toute l'actualit\u00e9 de Remiremont\",\"potentialAction\":[{\"@type\":\"SearchAction\",\"target\":{\"@type\":\"EntryPoint\",\"urlTemplate\":\"https:\/\/vosgesinfo.fr\/remiremontinfo\/?s={search_term_string}\"},\"query-input\":\"required name=search_term_string\"}],\"inLanguage\":\"fr-FR\"},{\"@type\":\"Organization\",\"@id\":\"https:\/\/vosgesinfo.fr\/remiremontinfo\/#organization\",\"name\":\"Remiremont Info\",\"url\":\"https:\/\/vosgesinfo.fr\/remiremontinfo\/\",\"logo\":{\"@type\":\"ImageObject\",\"inLanguage\":\"fr-FR\",\"@id\":\"https:\/\/vosgesinfo.fr\/remiremontinfo\/#\/schema\/logo\/image\/\",\"url\":\"https:\/\/vosgesinfo.fr\/app\/uploads\/sites\/5\/2023\/08\/favicon-remiremontinfo.png\",\"contentUrl\":\"https:\/\/vosgesinfo.fr\/app\/uploads\/sites\/5\/2023\/08\/favicon-remiremontinfo.png\",\"width\":512,\"height\":512,\"caption\":\"Remiremont Info\"},\"image\":{\"@id\":\"https:\/\/vosgesinfo.fr\/remiremontinfo\/#\/schema\/logo\/image\/\"},\"sameAs\":[\"https:\/\/www.facebook.com\/remiremontinfo\",\"https:\/\/x.com\/VosgesInfo88\",\"https:\/\/www.youtube.com\/@vosgesinfo\"]},{\"@type\":\"Person\",\"@id\":\"https:\/\/vosgesinfo.fr\/remiremontinfo\/#\/schema\/person\/27fd50bfa0474755c339da9cdfc89f3d\",\"name\":\"C.M\",\"image\":{\"@type\":\"ImageObject\",\"inLanguage\":\"fr-FR\",\"@id\":\"https:\/\/vosgesinfo.fr\/remiremontinfo\/#\/schema\/person\/image\/\",\"url\":\"https:\/\/secure.gravatar.com\/avatar\/aeefb88e08fc3e19fa733c61898f1bec4517042b8355098e757f11b4d3d4df70?s=96&d=mm&r=g\",\"contentUrl\":\"https:\/\/secure.gravatar.com\/avatar\/aeefb88e08fc3e19fa733c61898f1bec4517042b8355098e757f11b4d3d4df70?s=96&d=mm&r=g\",\"caption\":\"C.M\"},\"url\":\"https:\/\/vosgesinfo.fr\/remiremontinfo\/author\/cathy88200\/\"}]}<\/script>\n<!-- \/ Yoast SEO plugin. -->","yoast_head_json":{"title":"Blanchemer....au lac de Blanchemer lundi 29 mai - Remiremont Info","robots":{"index":"index","follow":"follow","max-snippet":"max-snippet:-1","max-image-preview":"max-image-preview:large","max-video-preview":"max-video-preview:-1"},"canonical":"https:\/\/vosgesinfo.fr\/remiremontinfo\/2023\/05\/blanchemer-lac-de-blanchemer-lundi-29-mai\/","twitter_card":"summary_large_image","twitter_title":"Blanchemer....au lac de Blanchemer lundi 29 mai - Remiremont Info","twitter_description":"\u00a0 Dans le cadre de la Semaine du Paysage 2023 la troupe RECRE pr\u00e9sente une nouvelle pi\u00e8ce Blanchemer\u2026au Lac de [&hellip;]","twitter_image":"https:\/\/vosgesinfo.fr\/app\/uploads\/sites\/5\/2024\/09\/202305img-0181-1.jpg","twitter_creator":"@VosgesInfo88","twitter_site":"@VosgesInfo88","twitter_misc":{"\u00c9crit par":"C.M","Dur\u00e9e de lecture estim\u00e9e":"2 minutes"},"schema":{"@context":"https:\/\/schema.org","@graph":[{"@type":"Article","@id":"https:\/\/vosgesinfo.fr\/remiremontinfo\/2023\/05\/blanchemer-lac-de-blanchemer-lundi-29-mai\/#article","isPartOf":{"@id":"https:\/\/vosgesinfo.fr\/remiremontinfo\/2023\/05\/blanchemer-lac-de-blanchemer-lundi-29-mai\/"},"author":{"name":"C.M","@id":"https:\/\/vosgesinfo.fr\/remiremontinfo\/#\/schema\/person\/27fd50bfa0474755c339da9cdfc89f3d"},"headline":"Blanchemer&#8230;.au lac de Blanchemer lundi 29 mai","datePublished":"2023-05-28T05:18:44+00:00","dateModified":"2023-05-28T05:18:44+00:00","mainEntityOfPage":{"@id":"https:\/\/vosgesinfo.fr\/remiremontinfo\/2023\/05\/blanchemer-lac-de-blanchemer-lundi-29-mai\/"},"wordCount":469,"commentCount":0,"publisher":{"@id":"https:\/\/vosgesinfo.fr\/remiremontinfo\/#organization"},"image":{"@id":"https:\/\/vosgesinfo.fr\/remiremontinfo\/2023\/05\/blanchemer-lac-de-blanchemer-lundi-29-mai\/#primaryimage"},"thumbnailUrl":"https:\/\/vosgesinfo.fr\/app\/uploads\/sites\/5\/2024\/09\/202305img-0181-1.jpg","keywords":["blanchemer","th\u00e9\u00e2tre"],"articleSection":["A la Une","Culture","La Bresse","La Bresse &amp; son canton"],"inLanguage":"fr-FR","potentialAction":[{"@type":"CommentAction","name":"Comment","target":["https:\/\/vosgesinfo.fr\/remiremontinfo\/2023\/05\/blanchemer-lac-de-blanchemer-lundi-29-mai\/#respond"]}]},{"@type":"WebPage","@id":"https:\/\/vosgesinfo.fr\/remiremontinfo\/2023\/05\/blanchemer-lac-de-blanchemer-lundi-29-mai\/","url":"https:\/\/vosgesinfo.fr\/remiremontinfo\/2023\/05\/blanchemer-lac-de-blanchemer-lundi-29-mai\/","name":"Blanchemer....au lac de Blanchemer lundi 29 mai - Remiremont Info","isPartOf":{"@id":"https:\/\/vosgesinfo.fr\/remiremontinfo\/#website"},"primaryImageOfPage":{"@id":"https:\/\/vosgesinfo.fr\/remiremontinfo\/2023\/05\/blanchemer-lac-de-blanchemer-lundi-29-mai\/#primaryimage"},"image":{"@id":"https:\/\/vosgesinfo.fr\/remiremontinfo\/2023\/05\/blanchemer-lac-de-blanchemer-lundi-29-mai\/#primaryimage"},"thumbnailUrl":"https:\/\/vosgesinfo.fr\/app\/uploads\/sites\/5\/2024\/09\/202305img-0181-1.jpg","datePublished":"2023-05-28T05:18:44+00:00","dateModified":"2023-05-28T05:18:44+00:00","breadcrumb":{"@id":"https:\/\/vosgesinfo.fr\/remiremontinfo\/2023\/05\/blanchemer-lac-de-blanchemer-lundi-29-mai\/#breadcrumb"},"inLanguage":"fr-FR","potentialAction":[{"@type":"ReadAction","target":["https:\/\/vosgesinfo.fr\/remiremontinfo\/2023\/05\/blanchemer-lac-de-blanchemer-lundi-29-mai\/"]}]},{"@type":"ImageObject","inLanguage":"fr-FR","@id":"https:\/\/vosgesinfo.fr\/remiremontinfo\/2023\/05\/blanchemer-lac-de-blanchemer-lundi-29-mai\/#primaryimage","url":"https:\/\/vosgesinfo.fr\/app\/uploads\/sites\/5\/2024\/09\/202305img-0181-1.jpg","contentUrl":"https:\/\/vosgesinfo.fr\/app\/uploads\/sites\/5\/2024\/09\/202305img-0181-1.jpg","width":480,"height":360},{"@type":"BreadcrumbList","@id":"https:\/\/vosgesinfo.fr\/remiremontinfo\/2023\/05\/blanchemer-lac-de-blanchemer-lundi-29-mai\/#breadcrumb","itemListElement":[{"@type":"ListItem","position":1,"name":"Home","item":"https:\/\/vosgesinfo.fr\/remiremontinfo\/"},{"@type":"ListItem","position":2,"name":"Blanchemer&#8230;.au lac de Blanchemer lundi 29 mai"}]},{"@type":"WebSite","@id":"https:\/\/vosgesinfo.fr\/remiremontinfo\/#website","url":"https:\/\/vosgesinfo.fr\/remiremontinfo\/","name":"Remiremont Info","description":"Toute l&#039;actualit\u00e9 de Remiremont","publisher":{"@id":"https:\/\/vosgesinfo.fr\/remiremontinfo\/#organization"},"alternateName":"Toute l'actualit\u00e9 de Remiremont","potentialAction":[{"@type":"SearchAction","target":{"@type":"EntryPoint","urlTemplate":"https:\/\/vosgesinfo.fr\/remiremontinfo\/?s={search_term_string}"},"query-input":"required name=search_term_string"}],"inLanguage":"fr-FR"},{"@type":"Organization","@id":"https:\/\/vosgesinfo.fr\/remiremontinfo\/#organization","name":"Remiremont Info","url":"https:\/\/vosgesinfo.fr\/remiremontinfo\/","logo":{"@type":"ImageObject","inLanguage":"fr-FR","@id":"https:\/\/vosgesinfo.fr\/remiremontinfo\/#\/schema\/logo\/image\/","url":"https:\/\/vosgesinfo.fr\/app\/uploads\/sites\/5\/2023\/08\/favicon-remiremontinfo.png","contentUrl":"https:\/\/vosgesinfo.fr\/app\/uploads\/sites\/5\/2023\/08\/favicon-remiremontinfo.png","width":512,"height":512,"caption":"Remiremont Info"},"image":{"@id":"https:\/\/vosgesinfo.fr\/remiremontinfo\/#\/schema\/logo\/image\/"},"sameAs":["https:\/\/www.facebook.com\/remiremontinfo","https:\/\/x.com\/VosgesInfo88","https:\/\/www.youtube.com\/@vosgesinfo"]},{"@type":"Person","@id":"https:\/\/vosgesinfo.fr\/remiremontinfo\/#\/schema\/person\/27fd50bfa0474755c339da9cdfc89f3d","name":"C.M","image":{"@type":"ImageObject","inLanguage":"fr-FR","@id":"https:\/\/vosgesinfo.fr\/remiremontinfo\/#\/schema\/person\/image\/","url":"https:\/\/secure.gravatar.com\/avatar\/aeefb88e08fc3e19fa733c61898f1bec4517042b8355098e757f11b4d3d4df70?s=96&d=mm&r=g","contentUrl":"https:\/\/secure.gravatar.com\/avatar\/aeefb88e08fc3e19fa733c61898f1bec4517042b8355098e757f11b4d3d4df70?s=96&d=mm&r=g","caption":"C.M"},"url":"https:\/\/vosgesinfo.fr\/remiremontinfo\/author\/cathy88200\/"}]}},"_links":{"self":[{"href":"https:\/\/vosgesinfo.fr\/remiremontinfo\/wp-json\/wp\/v2\/posts\/71553","targetHints":{"allow":["GET"]}}],"collection":[{"href":"https:\/\/vosgesinfo.fr\/remiremontinfo\/wp-json\/wp\/v2\/posts"}],"about":[{"href":"https:\/\/vosgesinfo.fr\/remiremontinfo\/wp-json\/wp\/v2\/types\/post"}],"author":[{"embeddable":true,"href":"https:\/\/vosgesinfo.fr\/remiremontinfo\/wp-json\/wp\/v2\/users\/411"}],"replies":[{"embeddable":true,"href":"https:\/\/vosgesinfo.fr\/remiremontinfo\/wp-json\/wp\/v2\/comments?post=71553"}],"version-history":[{"count":0,"href":"https:\/\/vosgesinfo.fr\/remiremontinfo\/wp-json\/wp\/v2\/posts\/71553\/revisions"}],"wp:featuredmedia":[{"embeddable":true,"href":"https:\/\/vosgesinfo.fr\/remiremontinfo\/wp-json\/wp\/v2\/media\/71554"}],"wp:attachment":[{"href":"https:\/\/vosgesinfo.fr\/remiremontinfo\/wp-json\/wp\/v2\/media?parent=71553"}],"wp:term":[{"taxonomy":"category","embeddable":true,"href":"https:\/\/vosgesinfo.fr\/remiremontinfo\/wp-json\/wp\/v2\/categories?post=71553"},{"taxonomy":"post_tag","embeddable":true,"href":"https:\/\/vosgesinfo.fr\/remiremontinfo\/wp-json\/wp\/v2\/tags?post=71553"}],"curies":[{"name":"wp","href":"https:\/\/api.w.org\/{rel}","templated":true}]}}