{"id":71560,"date":"2023-05-28T08:44:19","date_gmt":"2023-05-28T06:44:19","guid":{"rendered":"https:\/\/vosgesinfo.fr\/remiremontinfo\/2023\/05\/journee-de-peche-a-letang-faing-18-juin\/"},"modified":"2023-05-28T08:44:19","modified_gmt":"2023-05-28T06:44:19","slug":"journee-de-peche-a-letang-faing-18-juin","status":"publish","type":"post","link":"https:\/\/vosgesinfo.fr\/remiremontinfo\/2023\/05\/journee-de-peche-a-letang-faing-18-juin\/","title":{"rendered":"Journ\u00e9e de p\u00eache \u00e0 l&rsquo;\u00c9tang du Faing le 18 juin"},"content":{"rendered":"<h3 class=\"Normal tm5\"><span class=\"tm6\">La journ\u00e9e de p\u00eache truites bagu\u00e9es organis\u00e9e par la St\u00e9 de P\u00eache de CORNIMONT approche&#8230;\u00a0 Cette manifestation se d\u00e9roulera le dimanche 18 juin 2023 \u00e0 l\u2019\u00c9tang du Faing \u00e0 Cornimont.<\/span><\/h3>\n<p class=\"Normal tm5\"><span class=\"tm6\"><br \/>\n120 kilos de truites seront d\u00e9vers\u00e9s dans l\u2019\u00e9tang dont 50 truites bagu\u00e9es.<br \/>\nUNE TRUITE BAGU\u00c9E = 1 Lot tir\u00e9 au sort par le p\u00eacheur.<\/span><\/p>\n<p class=\"Normal tm5\"><span class=\"tm6\"><br \/>\nLA P\u00caCHE sera pratiqu\u00e9e \u00e0 la Gaule simple avec ou sans moulinet.<br \/>\nAPP\u00c2TS NATURELS UNIQUEMENT SAUF ASTICOTS.<br \/>\nLe poisson restera la propri\u00e9t\u00e9 du p\u00eacheur.<\/span><\/p>\n<p class=\"Normal tm5\"><span class=\"tm6\"><br \/>\nLe Matin &#8211; Premi\u00e8res manche de 8h15 \u00e0 9h30<br \/>\nDeuxi\u00e8me manche de 10h15 \u00e0 11h30<br \/>\nL\u2019apr\u00e8s \u2013midi P\u00eache de 14 h \u00e0 17h emplacement libre.<br \/>\n<\/span><\/p>\n<p class=\"Normal tm5\"><span class=\"tm6\">Principaux LOTS\u00a0: 1 Fourneau \u00e0 bois, 1 frigidaire, 1 tron\u00e7onneuse thermique, 2 couettes un bon d\u2019achat de 100 \u20ac<br \/>\nArticles de p\u00eache \u2013 bons d\u2019achats et de nombreux lots de valeur offerts par les commer\u00e7ants de Cornimont et des environs.<\/span><\/p>\n<p class=\"Normal tm5\"><span class=\"tm6\"><br \/>\nTirage au sort des lots non attribu\u00e9s \u00e0 17 h (num\u00e9ros manche BLEUE)<\/span><\/p>\n<p class=\"Normal tm5\"><span class=\"tm6\"><br \/>\nRemise des gros lots \u00e0 17 h 30 &#8211; PRIX DE LA JOURNEE 20 EUROS.<br \/>\nBuvette Sandwichs (jambon Knack)<br \/>\n<\/span><\/p>\n<p class=\"Normal tm5\"><span class=\"tm6\">Inscriptions &#8211; Tabac Presse EGLANTHIS 20 Rue de la gare Cornimont 0329240617<br \/>\nEt sur place le jour de la manifestation.<br \/>\nR\u00e9servations \u2013 PIERRAT Francis 0636370085<\/span><\/p>\n<p class=\"Normal tm5\"><span class=\"tm6\">VENEZ NOMBREUX ET BONNE P\u00caCHE A TOUS<br \/>\nAfin de pr\u00e9server l\u2019\u00e9tang en vue de la r\u00e9ussite de la journ\u00e9e p\u00eache de 18\/06\/2023, la p\u00eache sera \u00e0 l\u2019\u00e9tang \u00e0 partir du Jeudi 15\/06\/2023 inclus et \u00e0 nouveau autoris\u00e9e le Lundi 19 juin \u00e0<br \/>\npartir de 8 heures.<\/span><\/p>\n<p class=\"Normal\">\u00a0<a href=\"\/2023\/05\/affiche-journ\u00e9e-p\u00eache-du-18-juin-2023-couleur.jpg\"><img decoding=\"async\" class=\"alignright size-large wp-image-370839\" src=\"\/2023\/05\/affiche-journ\u00e9e-p\u00eache-du-18-juin-2023-couleur-665x1024.jpg\" alt=\"journ\u00e9e p\u00eache \u00e9tang du Faing\" width=\"665\" height=\"1024\" \/><\/a><\/p>\n","protected":false},"excerpt":{"rendered":"<p>La journ\u00e9e de p\u00eache truites bagu\u00e9es organis\u00e9e par la St\u00e9 de P\u00eache de CORNIMONT approche&#8230;\u00a0 Cette manifestation se d\u00e9roulera le [&hellip;]<\/p>\n","protected":false},"author":411,"featured_media":71561,"comment_status":"open","ping_status":"open","sticky":false,"template":"","format":"standard","meta":{"footnotes":""},"categories":[26,34,25],"tags":[5877],"class_list":["post-71560","post","type-post","status-publish","format-standard","has-post-thumbnail","hentry","category-a-la-une","category-cornimont","category-la-bresse-son-canton","tag-journee-peche"],"acf":[],"yoast_head":"<!-- This site is optimized with the Yoast SEO plugin v22.5 - https:\/\/yoast.com\/wordpress\/plugins\/seo\/ -->\n<title>Journ\u00e9e de p\u00eache \u00e0 l&#039;\u00c9tang du Faing le 18 juin - Remiremont Info<\/title>\n<meta name=\"robots\" content=\"index, follow, max-snippet:-1, max-image-preview:large, max-video-preview:-1\" \/>\n<link rel=\"canonical\" href=\"https:\/\/vosgesinfo.fr\/remiremontinfo\/2023\/05\/journee-de-peche-a-letang-faing-18-juin\/\" \/>\n<meta name=\"twitter:card\" content=\"summary_large_image\" \/>\n<meta name=\"twitter:title\" content=\"Journ\u00e9e de p\u00eache \u00e0 l&#039;\u00c9tang du Faing le 18 juin - Remiremont Info\" \/>\n<meta name=\"twitter:description\" content=\"La journ\u00e9e de p\u00eache truites bagu\u00e9es organis\u00e9e par la St\u00e9 de P\u00eache de CORNIMONT approche&#8230;\u00a0 Cette manifestation se d\u00e9roulera le [&hellip;]\" \/>\n<meta name=\"twitter:image\" content=\"https:\/\/vosgesinfo.fr\/app\/uploads\/sites\/5\/2024\/09\/202305affiche-journee-peche-du-18-juin-2023-couleur-1.jpg\" \/>\n<meta name=\"twitter:creator\" content=\"@VosgesInfo88\" \/>\n<meta name=\"twitter:site\" content=\"@VosgesInfo88\" \/>\n<meta name=\"twitter:label1\" content=\"\u00c9crit par\" \/>\n\t<meta name=\"twitter:data1\" content=\"C.M\" \/>\n\t<meta name=\"twitter:label2\" content=\"Dur\u00e9e de lecture estim\u00e9e\" \/>\n\t<meta name=\"twitter:data2\" content=\"1 minute\" \/>\n<script type=\"application\/ld+json\" class=\"yoast-schema-graph\">{\"@context\":\"https:\/\/schema.org\",\"@graph\":[{\"@type\":\"Article\",\"@id\":\"https:\/\/vosgesinfo.fr\/remiremontinfo\/2023\/05\/journee-de-peche-a-letang-faing-18-juin\/#article\",\"isPartOf\":{\"@id\":\"https:\/\/vosgesinfo.fr\/remiremontinfo\/2023\/05\/journee-de-peche-a-letang-faing-18-juin\/\"},\"author\":{\"name\":\"C.M\",\"@id\":\"https:\/\/vosgesinfo.fr\/remiremontinfo\/#\/schema\/person\/27fd50bfa0474755c339da9cdfc89f3d\"},\"headline\":\"Journ\u00e9e de p\u00eache \u00e0 l&rsquo;\u00c9tang du Faing le 18 juin\",\"datePublished\":\"2023-05-28T06:44:19+00:00\",\"dateModified\":\"2023-05-28T06:44:19+00:00\",\"mainEntityOfPage\":{\"@id\":\"https:\/\/vosgesinfo.fr\/remiremontinfo\/2023\/05\/journee-de-peche-a-letang-faing-18-juin\/\"},\"wordCount\":258,\"commentCount\":0,\"publisher\":{\"@id\":\"https:\/\/vosgesinfo.fr\/remiremontinfo\/#organization\"},\"image\":{\"@id\":\"https:\/\/vosgesinfo.fr\/remiremontinfo\/2023\/05\/journee-de-peche-a-letang-faing-18-juin\/#primaryimage\"},\"thumbnailUrl\":\"https:\/\/vosgesinfo.fr\/app\/uploads\/sites\/5\/2024\/09\/202305affiche-journee-peche-du-18-juin-2023-couleur-1.jpg\",\"keywords\":[\"journ\u00e9e p\u00eache\"],\"articleSection\":[\"A la Une\",\"Cornimont\",\"La Bresse &amp; son canton\"],\"inLanguage\":\"fr-FR\",\"potentialAction\":[{\"@type\":\"CommentAction\",\"name\":\"Comment\",\"target\":[\"https:\/\/vosgesinfo.fr\/remiremontinfo\/2023\/05\/journee-de-peche-a-letang-faing-18-juin\/#respond\"]}]},{\"@type\":\"WebPage\",\"@id\":\"https:\/\/vosgesinfo.fr\/remiremontinfo\/2023\/05\/journee-de-peche-a-letang-faing-18-juin\/\",\"url\":\"https:\/\/vosgesinfo.fr\/remiremontinfo\/2023\/05\/journee-de-peche-a-letang-faing-18-juin\/\",\"name\":\"Journ\u00e9e de p\u00eache \u00e0 l'\u00c9tang du Faing le 18 juin - Remiremont Info\",\"isPartOf\":{\"@id\":\"https:\/\/vosgesinfo.fr\/remiremontinfo\/#website\"},\"primaryImageOfPage\":{\"@id\":\"https:\/\/vosgesinfo.fr\/remiremontinfo\/2023\/05\/journee-de-peche-a-letang-faing-18-juin\/#primaryimage\"},\"image\":{\"@id\":\"https:\/\/vosgesinfo.fr\/remiremontinfo\/2023\/05\/journee-de-peche-a-letang-faing-18-juin\/#primaryimage\"},\"thumbnailUrl\":\"https:\/\/vosgesinfo.fr\/app\/uploads\/sites\/5\/2024\/09\/202305affiche-journee-peche-du-18-juin-2023-couleur-1.jpg\",\"datePublished\":\"2023-05-28T06:44:19+00:00\",\"dateModified\":\"2023-05-28T06:44:19+00:00\",\"breadcrumb\":{\"@id\":\"https:\/\/vosgesinfo.fr\/remiremontinfo\/2023\/05\/journee-de-peche-a-letang-faing-18-juin\/#breadcrumb\"},\"inLanguage\":\"fr-FR\",\"potentialAction\":[{\"@type\":\"ReadAction\",\"target\":[\"https:\/\/vosgesinfo.fr\/remiremontinfo\/2023\/05\/journee-de-peche-a-letang-faing-18-juin\/\"]}]},{\"@type\":\"ImageObject\",\"inLanguage\":\"fr-FR\",\"@id\":\"https:\/\/vosgesinfo.fr\/remiremontinfo\/2023\/05\/journee-de-peche-a-letang-faing-18-juin\/#primaryimage\",\"url\":\"https:\/\/vosgesinfo.fr\/app\/uploads\/sites\/5\/2024\/09\/202305affiche-journee-peche-du-18-juin-2023-couleur-1.jpg\",\"contentUrl\":\"https:\/\/vosgesinfo.fr\/app\/uploads\/sites\/5\/2024\/09\/202305affiche-journee-peche-du-18-juin-2023-couleur-1.jpg\",\"width\":700,\"height\":303},{\"@type\":\"BreadcrumbList\",\"@id\":\"https:\/\/vosgesinfo.fr\/remiremontinfo\/2023\/05\/journee-de-peche-a-letang-faing-18-juin\/#breadcrumb\",\"itemListElement\":[{\"@type\":\"ListItem\",\"position\":1,\"name\":\"Home\",\"item\":\"https:\/\/vosgesinfo.fr\/remiremontinfo\/\"},{\"@type\":\"ListItem\",\"position\":2,\"name\":\"Journ\u00e9e de p\u00eache \u00e0 l&rsquo;\u00c9tang du Faing le 18 juin\"}]},{\"@type\":\"WebSite\",\"@id\":\"https:\/\/vosgesinfo.fr\/remiremontinfo\/#website\",\"url\":\"https:\/\/vosgesinfo.fr\/remiremontinfo\/\",\"name\":\"Remiremont Info\",\"description\":\"Toute l&#039;actualit\u00e9 de Remiremont\",\"publisher\":{\"@id\":\"https:\/\/vosgesinfo.fr\/remiremontinfo\/#organization\"},\"alternateName\":\"Toute l'actualit\u00e9 de Remiremont\",\"potentialAction\":[{\"@type\":\"SearchAction\",\"target\":{\"@type\":\"EntryPoint\",\"urlTemplate\":\"https:\/\/vosgesinfo.fr\/remiremontinfo\/?s={search_term_string}\"},\"query-input\":\"required name=search_term_string\"}],\"inLanguage\":\"fr-FR\"},{\"@type\":\"Organization\",\"@id\":\"https:\/\/vosgesinfo.fr\/remiremontinfo\/#organization\",\"name\":\"Remiremont Info\",\"url\":\"https:\/\/vosgesinfo.fr\/remiremontinfo\/\",\"logo\":{\"@type\":\"ImageObject\",\"inLanguage\":\"fr-FR\",\"@id\":\"https:\/\/vosgesinfo.fr\/remiremontinfo\/#\/schema\/logo\/image\/\",\"url\":\"https:\/\/vosgesinfo.fr\/app\/uploads\/sites\/5\/2023\/08\/favicon-remiremontinfo.png\",\"contentUrl\":\"https:\/\/vosgesinfo.fr\/app\/uploads\/sites\/5\/2023\/08\/favicon-remiremontinfo.png\",\"width\":512,\"height\":512,\"caption\":\"Remiremont Info\"},\"image\":{\"@id\":\"https:\/\/vosgesinfo.fr\/remiremontinfo\/#\/schema\/logo\/image\/\"},\"sameAs\":[\"https:\/\/www.facebook.com\/remiremontinfo\",\"https:\/\/x.com\/VosgesInfo88\",\"https:\/\/www.youtube.com\/@vosgesinfo\"]},{\"@type\":\"Person\",\"@id\":\"https:\/\/vosgesinfo.fr\/remiremontinfo\/#\/schema\/person\/27fd50bfa0474755c339da9cdfc89f3d\",\"name\":\"C.M\",\"image\":{\"@type\":\"ImageObject\",\"inLanguage\":\"fr-FR\",\"@id\":\"https:\/\/vosgesinfo.fr\/remiremontinfo\/#\/schema\/person\/image\/\",\"url\":\"https:\/\/secure.gravatar.com\/avatar\/aeefb88e08fc3e19fa733c61898f1bec4517042b8355098e757f11b4d3d4df70?s=96&d=mm&r=g\",\"contentUrl\":\"https:\/\/secure.gravatar.com\/avatar\/aeefb88e08fc3e19fa733c61898f1bec4517042b8355098e757f11b4d3d4df70?s=96&d=mm&r=g\",\"caption\":\"C.M\"},\"url\":\"https:\/\/vosgesinfo.fr\/remiremontinfo\/author\/cathy88200\/\"}]}<\/script>\n<!-- \/ Yoast SEO plugin. -->","yoast_head_json":{"title":"Journ\u00e9e de p\u00eache \u00e0 l'\u00c9tang du Faing le 18 juin - Remiremont Info","robots":{"index":"index","follow":"follow","max-snippet":"max-snippet:-1","max-image-preview":"max-image-preview:large","max-video-preview":"max-video-preview:-1"},"canonical":"https:\/\/vosgesinfo.fr\/remiremontinfo\/2023\/05\/journee-de-peche-a-letang-faing-18-juin\/","twitter_card":"summary_large_image","twitter_title":"Journ\u00e9e de p\u00eache \u00e0 l'\u00c9tang du Faing le 18 juin - Remiremont Info","twitter_description":"La journ\u00e9e de p\u00eache truites bagu\u00e9es organis\u00e9e par la St\u00e9 de P\u00eache de CORNIMONT approche&#8230;\u00a0 Cette manifestation se d\u00e9roulera le [&hellip;]","twitter_image":"https:\/\/vosgesinfo.fr\/app\/uploads\/sites\/5\/2024\/09\/202305affiche-journee-peche-du-18-juin-2023-couleur-1.jpg","twitter_creator":"@VosgesInfo88","twitter_site":"@VosgesInfo88","twitter_misc":{"\u00c9crit par":"C.M","Dur\u00e9e de lecture estim\u00e9e":"1 minute"},"schema":{"@context":"https:\/\/schema.org","@graph":[{"@type":"Article","@id":"https:\/\/vosgesinfo.fr\/remiremontinfo\/2023\/05\/journee-de-peche-a-letang-faing-18-juin\/#article","isPartOf":{"@id":"https:\/\/vosgesinfo.fr\/remiremontinfo\/2023\/05\/journee-de-peche-a-letang-faing-18-juin\/"},"author":{"name":"C.M","@id":"https:\/\/vosgesinfo.fr\/remiremontinfo\/#\/schema\/person\/27fd50bfa0474755c339da9cdfc89f3d"},"headline":"Journ\u00e9e de p\u00eache \u00e0 l&rsquo;\u00c9tang du Faing le 18 juin","datePublished":"2023-05-28T06:44:19+00:00","dateModified":"2023-05-28T06:44:19+00:00","mainEntityOfPage":{"@id":"https:\/\/vosgesinfo.fr\/remiremontinfo\/2023\/05\/journee-de-peche-a-letang-faing-18-juin\/"},"wordCount":258,"commentCount":0,"publisher":{"@id":"https:\/\/vosgesinfo.fr\/remiremontinfo\/#organization"},"image":{"@id":"https:\/\/vosgesinfo.fr\/remiremontinfo\/2023\/05\/journee-de-peche-a-letang-faing-18-juin\/#primaryimage"},"thumbnailUrl":"https:\/\/vosgesinfo.fr\/app\/uploads\/sites\/5\/2024\/09\/202305affiche-journee-peche-du-18-juin-2023-couleur-1.jpg","keywords":["journ\u00e9e p\u00eache"],"articleSection":["A la Une","Cornimont","La Bresse &amp; son canton"],"inLanguage":"fr-FR","potentialAction":[{"@type":"CommentAction","name":"Comment","target":["https:\/\/vosgesinfo.fr\/remiremontinfo\/2023\/05\/journee-de-peche-a-letang-faing-18-juin\/#respond"]}]},{"@type":"WebPage","@id":"https:\/\/vosgesinfo.fr\/remiremontinfo\/2023\/05\/journee-de-peche-a-letang-faing-18-juin\/","url":"https:\/\/vosgesinfo.fr\/remiremontinfo\/2023\/05\/journee-de-peche-a-letang-faing-18-juin\/","name":"Journ\u00e9e de p\u00eache \u00e0 l'\u00c9tang du Faing le 18 juin - Remiremont Info","isPartOf":{"@id":"https:\/\/vosgesinfo.fr\/remiremontinfo\/#website"},"primaryImageOfPage":{"@id":"https:\/\/vosgesinfo.fr\/remiremontinfo\/2023\/05\/journee-de-peche-a-letang-faing-18-juin\/#primaryimage"},"image":{"@id":"https:\/\/vosgesinfo.fr\/remiremontinfo\/2023\/05\/journee-de-peche-a-letang-faing-18-juin\/#primaryimage"},"thumbnailUrl":"https:\/\/vosgesinfo.fr\/app\/uploads\/sites\/5\/2024\/09\/202305affiche-journee-peche-du-18-juin-2023-couleur-1.jpg","datePublished":"2023-05-28T06:44:19+00:00","dateModified":"2023-05-28T06:44:19+00:00","breadcrumb":{"@id":"https:\/\/vosgesinfo.fr\/remiremontinfo\/2023\/05\/journee-de-peche-a-letang-faing-18-juin\/#breadcrumb"},"inLanguage":"fr-FR","potentialAction":[{"@type":"ReadAction","target":["https:\/\/vosgesinfo.fr\/remiremontinfo\/2023\/05\/journee-de-peche-a-letang-faing-18-juin\/"]}]},{"@type":"ImageObject","inLanguage":"fr-FR","@id":"https:\/\/vosgesinfo.fr\/remiremontinfo\/2023\/05\/journee-de-peche-a-letang-faing-18-juin\/#primaryimage","url":"https:\/\/vosgesinfo.fr\/app\/uploads\/sites\/5\/2024\/09\/202305affiche-journee-peche-du-18-juin-2023-couleur-1.jpg","contentUrl":"https:\/\/vosgesinfo.fr\/app\/uploads\/sites\/5\/2024\/09\/202305affiche-journee-peche-du-18-juin-2023-couleur-1.jpg","width":700,"height":303},{"@type":"BreadcrumbList","@id":"https:\/\/vosgesinfo.fr\/remiremontinfo\/2023\/05\/journee-de-peche-a-letang-faing-18-juin\/#breadcrumb","itemListElement":[{"@type":"ListItem","position":1,"name":"Home","item":"https:\/\/vosgesinfo.fr\/remiremontinfo\/"},{"@type":"ListItem","position":2,"name":"Journ\u00e9e de p\u00eache \u00e0 l&rsquo;\u00c9tang du Faing le 18 juin"}]},{"@type":"WebSite","@id":"https:\/\/vosgesinfo.fr\/remiremontinfo\/#website","url":"https:\/\/vosgesinfo.fr\/remiremontinfo\/","name":"Remiremont Info","description":"Toute l&#039;actualit\u00e9 de Remiremont","publisher":{"@id":"https:\/\/vosgesinfo.fr\/remiremontinfo\/#organization"},"alternateName":"Toute l'actualit\u00e9 de Remiremont","potentialAction":[{"@type":"SearchAction","target":{"@type":"EntryPoint","urlTemplate":"https:\/\/vosgesinfo.fr\/remiremontinfo\/?s={search_term_string}"},"query-input":"required name=search_term_string"}],"inLanguage":"fr-FR"},{"@type":"Organization","@id":"https:\/\/vosgesinfo.fr\/remiremontinfo\/#organization","name":"Remiremont Info","url":"https:\/\/vosgesinfo.fr\/remiremontinfo\/","logo":{"@type":"ImageObject","inLanguage":"fr-FR","@id":"https:\/\/vosgesinfo.fr\/remiremontinfo\/#\/schema\/logo\/image\/","url":"https:\/\/vosgesinfo.fr\/app\/uploads\/sites\/5\/2023\/08\/favicon-remiremontinfo.png","contentUrl":"https:\/\/vosgesinfo.fr\/app\/uploads\/sites\/5\/2023\/08\/favicon-remiremontinfo.png","width":512,"height":512,"caption":"Remiremont Info"},"image":{"@id":"https:\/\/vosgesinfo.fr\/remiremontinfo\/#\/schema\/logo\/image\/"},"sameAs":["https:\/\/www.facebook.com\/remiremontinfo","https:\/\/x.com\/VosgesInfo88","https:\/\/www.youtube.com\/@vosgesinfo"]},{"@type":"Person","@id":"https:\/\/vosgesinfo.fr\/remiremontinfo\/#\/schema\/person\/27fd50bfa0474755c339da9cdfc89f3d","name":"C.M","image":{"@type":"ImageObject","inLanguage":"fr-FR","@id":"https:\/\/vosgesinfo.fr\/remiremontinfo\/#\/schema\/person\/image\/","url":"https:\/\/secure.gravatar.com\/avatar\/aeefb88e08fc3e19fa733c61898f1bec4517042b8355098e757f11b4d3d4df70?s=96&d=mm&r=g","contentUrl":"https:\/\/secure.gravatar.com\/avatar\/aeefb88e08fc3e19fa733c61898f1bec4517042b8355098e757f11b4d3d4df70?s=96&d=mm&r=g","caption":"C.M"},"url":"https:\/\/vosgesinfo.fr\/remiremontinfo\/author\/cathy88200\/"}]}},"_links":{"self":[{"href":"https:\/\/vosgesinfo.fr\/remiremontinfo\/wp-json\/wp\/v2\/posts\/71560","targetHints":{"allow":["GET"]}}],"collection":[{"href":"https:\/\/vosgesinfo.fr\/remiremontinfo\/wp-json\/wp\/v2\/posts"}],"about":[{"href":"https:\/\/vosgesinfo.fr\/remiremontinfo\/wp-json\/wp\/v2\/types\/post"}],"author":[{"embeddable":true,"href":"https:\/\/vosgesinfo.fr\/remiremontinfo\/wp-json\/wp\/v2\/users\/411"}],"replies":[{"embeddable":true,"href":"https:\/\/vosgesinfo.fr\/remiremontinfo\/wp-json\/wp\/v2\/comments?post=71560"}],"version-history":[{"count":0,"href":"https:\/\/vosgesinfo.fr\/remiremontinfo\/wp-json\/wp\/v2\/posts\/71560\/revisions"}],"wp:featuredmedia":[{"embeddable":true,"href":"https:\/\/vosgesinfo.fr\/remiremontinfo\/wp-json\/wp\/v2\/media\/71561"}],"wp:attachment":[{"href":"https:\/\/vosgesinfo.fr\/remiremontinfo\/wp-json\/wp\/v2\/media?parent=71560"}],"wp:term":[{"taxonomy":"category","embeddable":true,"href":"https:\/\/vosgesinfo.fr\/remiremontinfo\/wp-json\/wp\/v2\/categories?post=71560"},{"taxonomy":"post_tag","embeddable":true,"href":"https:\/\/vosgesinfo.fr\/remiremontinfo\/wp-json\/wp\/v2\/tags?post=71560"}],"curies":[{"name":"wp","href":"https:\/\/api.w.org\/{rel}","templated":true}]}}