{"id":71598,"date":"2023-05-30T13:48:22","date_gmt":"2023-05-30T11:48:22","guid":{"rendered":"https:\/\/vosgesinfo.fr\/remiremontinfo\/2023\/05\/rn66-travaux-de-reparation-dun-mur-de-soutenement-a-hauteur-de-bussang\/"},"modified":"2023-05-30T13:48:22","modified_gmt":"2023-05-30T11:48:22","slug":"rn66-travaux-de-reparation-dun-mur-de-soutenement-a-hauteur-de-bussang","status":"publish","type":"post","link":"https:\/\/vosgesinfo.fr\/remiremontinfo\/2023\/05\/rn66-travaux-de-reparation-dun-mur-de-soutenement-a-hauteur-de-bussang\/","title":{"rendered":"RN66\u2013 Travaux de r\u00e9paration d\u2019un mur de sout\u00e8nement \u00e0 hauteur de Bussang"},"content":{"rendered":"<p><a href=\"\/2023\/05\/DIR_Est_Travaux-800x775.png\"><img decoding=\"async\" class=\"aligncenter size-medium wp-image-370942\" src=\"\/2023\/05\/DIR_Est_Travaux-800x775-263x255.png\" alt=\"DIR_Est_Travaux-800x775\" width=\"263\" height=\"255\" \/><\/a><\/p>\n<p>Du lundi 5 juin 2023 au mercredi 6 novembre 2023, la Direction Interd\u00e9partementale des Routes Est (DIR Est), pour le compte de l\u2019\u00c9tat, va proc\u00e9der \u00e0 des travaux de r\u00e9paration et consolidation d\u2019un mur de sout\u00e8nement de la RN66 \u00e0 hauteur de Bussang (88).<\/p>\n","protected":false},"excerpt":{"rendered":"<p>Du lundi 5 juin 2023 au mercredi 6 novembre 2023, la Direction Interd\u00e9partementale des Routes Est (DIR Est), pour le [&hellip;]<\/p>\n","protected":false},"author":411,"featured_media":1671,"comment_status":"open","ping_status":"open","sticky":false,"template":"","format":"standard","meta":{"footnotes":""},"categories":[26,38,70,37,18],"tags":[5884],"class_list":["post-71598","post","type-post","status-publish","format-standard","has-post-thumbnail","hentry","category-a-la-une","category-bussang","category-circulation","category-le-thillot-son-canton","category-vosges","tag-travaux-bussang"],"acf":[],"yoast_head":"<!-- This site is optimized with the Yoast SEO plugin v22.5 - https:\/\/yoast.com\/wordpress\/plugins\/seo\/ -->\n<title>RN66\u2013 Travaux de r\u00e9paration d\u2019un mur de sout\u00e8nement \u00e0 hauteur de Bussang - Remiremont Info<\/title>\n<meta name=\"robots\" content=\"index, follow, max-snippet:-1, max-image-preview:large, max-video-preview:-1\" \/>\n<link rel=\"canonical\" href=\"https:\/\/vosgesinfo.fr\/remiremontinfo\/2023\/05\/rn66-travaux-de-reparation-dun-mur-de-soutenement-a-hauteur-de-bussang\/\" \/>\n<meta name=\"twitter:card\" content=\"summary_large_image\" \/>\n<meta name=\"twitter:title\" content=\"RN66\u2013 Travaux de r\u00e9paration d\u2019un mur de sout\u00e8nement \u00e0 hauteur de Bussang - Remiremont Info\" \/>\n<meta name=\"twitter:description\" content=\"Du lundi 5 juin 2023 au mercredi 6 novembre 2023, la Direction Interd\u00e9partementale des Routes Est (DIR Est), pour le [&hellip;]\" \/>\n<meta name=\"twitter:image\" content=\"https:\/\/vosgesinfo.fr\/app\/uploads\/sites\/5\/2023\/05\/dir-est-travaux-800x775-1.png\" \/>\n<meta name=\"twitter:creator\" content=\"@VosgesInfo88\" \/>\n<meta name=\"twitter:site\" content=\"@VosgesInfo88\" \/>\n<meta name=\"twitter:label1\" content=\"\u00c9crit par\" \/>\n\t<meta name=\"twitter:data1\" content=\"C.M\" \/>\n<script type=\"application\/ld+json\" class=\"yoast-schema-graph\">{\"@context\":\"https:\/\/schema.org\",\"@graph\":[{\"@type\":\"Article\",\"@id\":\"https:\/\/vosgesinfo.fr\/remiremontinfo\/2023\/05\/rn66-travaux-de-reparation-dun-mur-de-soutenement-a-hauteur-de-bussang\/#article\",\"isPartOf\":{\"@id\":\"https:\/\/vosgesinfo.fr\/remiremontinfo\/2023\/05\/rn66-travaux-de-reparation-dun-mur-de-soutenement-a-hauteur-de-bussang\/\"},\"author\":{\"name\":\"C.M\",\"@id\":\"https:\/\/vosgesinfo.fr\/remiremontinfo\/#\/schema\/person\/27fd50bfa0474755c339da9cdfc89f3d\"},\"headline\":\"RN66\u2013 Travaux de r\u00e9paration d\u2019un mur de sout\u00e8nement \u00e0 hauteur de Bussang\",\"datePublished\":\"2023-05-30T11:48:22+00:00\",\"dateModified\":\"2023-05-30T11:48:22+00:00\",\"mainEntityOfPage\":{\"@id\":\"https:\/\/vosgesinfo.fr\/remiremontinfo\/2023\/05\/rn66-travaux-de-reparation-dun-mur-de-soutenement-a-hauteur-de-bussang\/\"},\"wordCount\":57,\"commentCount\":0,\"publisher\":{\"@id\":\"https:\/\/vosgesinfo.fr\/remiremontinfo\/#organization\"},\"image\":{\"@id\":\"https:\/\/vosgesinfo.fr\/remiremontinfo\/2023\/05\/rn66-travaux-de-reparation-dun-mur-de-soutenement-a-hauteur-de-bussang\/#primaryimage\"},\"thumbnailUrl\":\"https:\/\/vosgesinfo.fr\/app\/uploads\/sites\/5\/2023\/05\/dir-est-travaux-800x775-1.png\",\"keywords\":[\"travaux bussang\"],\"articleSection\":[\"A la Une\",\"Bussang\",\"Circulation\",\"Le Thillot &amp; son canton\",\"Vosges\"],\"inLanguage\":\"fr-FR\",\"potentialAction\":[{\"@type\":\"CommentAction\",\"name\":\"Comment\",\"target\":[\"https:\/\/vosgesinfo.fr\/remiremontinfo\/2023\/05\/rn66-travaux-de-reparation-dun-mur-de-soutenement-a-hauteur-de-bussang\/#respond\"]}]},{\"@type\":\"WebPage\",\"@id\":\"https:\/\/vosgesinfo.fr\/remiremontinfo\/2023\/05\/rn66-travaux-de-reparation-dun-mur-de-soutenement-a-hauteur-de-bussang\/\",\"url\":\"https:\/\/vosgesinfo.fr\/remiremontinfo\/2023\/05\/rn66-travaux-de-reparation-dun-mur-de-soutenement-a-hauteur-de-bussang\/\",\"name\":\"RN66\u2013 Travaux de r\u00e9paration d\u2019un mur de sout\u00e8nement \u00e0 hauteur de Bussang - Remiremont Info\",\"isPartOf\":{\"@id\":\"https:\/\/vosgesinfo.fr\/remiremontinfo\/#website\"},\"primaryImageOfPage\":{\"@id\":\"https:\/\/vosgesinfo.fr\/remiremontinfo\/2023\/05\/rn66-travaux-de-reparation-dun-mur-de-soutenement-a-hauteur-de-bussang\/#primaryimage\"},\"image\":{\"@id\":\"https:\/\/vosgesinfo.fr\/remiremontinfo\/2023\/05\/rn66-travaux-de-reparation-dun-mur-de-soutenement-a-hauteur-de-bussang\/#primaryimage\"},\"thumbnailUrl\":\"https:\/\/vosgesinfo.fr\/app\/uploads\/sites\/5\/2023\/05\/dir-est-travaux-800x775-1.png\",\"datePublished\":\"2023-05-30T11:48:22+00:00\",\"dateModified\":\"2023-05-30T11:48:22+00:00\",\"breadcrumb\":{\"@id\":\"https:\/\/vosgesinfo.fr\/remiremontinfo\/2023\/05\/rn66-travaux-de-reparation-dun-mur-de-soutenement-a-hauteur-de-bussang\/#breadcrumb\"},\"inLanguage\":\"fr-FR\",\"potentialAction\":[{\"@type\":\"ReadAction\",\"target\":[\"https:\/\/vosgesinfo.fr\/remiremontinfo\/2023\/05\/rn66-travaux-de-reparation-dun-mur-de-soutenement-a-hauteur-de-bussang\/\"]}]},{\"@type\":\"ImageObject\",\"inLanguage\":\"fr-FR\",\"@id\":\"https:\/\/vosgesinfo.fr\/remiremontinfo\/2023\/05\/rn66-travaux-de-reparation-dun-mur-de-soutenement-a-hauteur-de-bussang\/#primaryimage\",\"url\":\"https:\/\/vosgesinfo.fr\/app\/uploads\/sites\/5\/2023\/05\/dir-est-travaux-800x775-1.png\",\"contentUrl\":\"https:\/\/vosgesinfo.fr\/app\/uploads\/sites\/5\/2023\/05\/dir-est-travaux-800x775-1.png\",\"width\":800,\"height\":775},{\"@type\":\"BreadcrumbList\",\"@id\":\"https:\/\/vosgesinfo.fr\/remiremontinfo\/2023\/05\/rn66-travaux-de-reparation-dun-mur-de-soutenement-a-hauteur-de-bussang\/#breadcrumb\",\"itemListElement\":[{\"@type\":\"ListItem\",\"position\":1,\"name\":\"Home\",\"item\":\"https:\/\/vosgesinfo.fr\/remiremontinfo\/\"},{\"@type\":\"ListItem\",\"position\":2,\"name\":\"RN66\u2013 Travaux de r\u00e9paration d\u2019un mur de sout\u00e8nement \u00e0 hauteur de Bussang\"}]},{\"@type\":\"WebSite\",\"@id\":\"https:\/\/vosgesinfo.fr\/remiremontinfo\/#website\",\"url\":\"https:\/\/vosgesinfo.fr\/remiremontinfo\/\",\"name\":\"Remiremont Info\",\"description\":\"Toute l&#039;actualit\u00e9 de Remiremont\",\"publisher\":{\"@id\":\"https:\/\/vosgesinfo.fr\/remiremontinfo\/#organization\"},\"alternateName\":\"Toute l'actualit\u00e9 de Remiremont\",\"potentialAction\":[{\"@type\":\"SearchAction\",\"target\":{\"@type\":\"EntryPoint\",\"urlTemplate\":\"https:\/\/vosgesinfo.fr\/remiremontinfo\/?s={search_term_string}\"},\"query-input\":\"required name=search_term_string\"}],\"inLanguage\":\"fr-FR\"},{\"@type\":\"Organization\",\"@id\":\"https:\/\/vosgesinfo.fr\/remiremontinfo\/#organization\",\"name\":\"Remiremont Info\",\"url\":\"https:\/\/vosgesinfo.fr\/remiremontinfo\/\",\"logo\":{\"@type\":\"ImageObject\",\"inLanguage\":\"fr-FR\",\"@id\":\"https:\/\/vosgesinfo.fr\/remiremontinfo\/#\/schema\/logo\/image\/\",\"url\":\"https:\/\/vosgesinfo.fr\/app\/uploads\/sites\/5\/2023\/08\/favicon-remiremontinfo.png\",\"contentUrl\":\"https:\/\/vosgesinfo.fr\/app\/uploads\/sites\/5\/2023\/08\/favicon-remiremontinfo.png\",\"width\":512,\"height\":512,\"caption\":\"Remiremont Info\"},\"image\":{\"@id\":\"https:\/\/vosgesinfo.fr\/remiremontinfo\/#\/schema\/logo\/image\/\"},\"sameAs\":[\"https:\/\/www.facebook.com\/remiremontinfo\",\"https:\/\/x.com\/VosgesInfo88\",\"https:\/\/www.youtube.com\/@vosgesinfo\"]},{\"@type\":\"Person\",\"@id\":\"https:\/\/vosgesinfo.fr\/remiremontinfo\/#\/schema\/person\/27fd50bfa0474755c339da9cdfc89f3d\",\"name\":\"C.M\",\"image\":{\"@type\":\"ImageObject\",\"inLanguage\":\"fr-FR\",\"@id\":\"https:\/\/vosgesinfo.fr\/remiremontinfo\/#\/schema\/person\/image\/\",\"url\":\"https:\/\/secure.gravatar.com\/avatar\/aeefb88e08fc3e19fa733c61898f1bec4517042b8355098e757f11b4d3d4df70?s=96&d=mm&r=g\",\"contentUrl\":\"https:\/\/secure.gravatar.com\/avatar\/aeefb88e08fc3e19fa733c61898f1bec4517042b8355098e757f11b4d3d4df70?s=96&d=mm&r=g\",\"caption\":\"C.M\"},\"url\":\"https:\/\/vosgesinfo.fr\/remiremontinfo\/author\/cathy88200\/\"}]}<\/script>\n<!-- \/ Yoast SEO plugin. -->","yoast_head_json":{"title":"RN66\u2013 Travaux de r\u00e9paration d\u2019un mur de sout\u00e8nement \u00e0 hauteur de Bussang - Remiremont Info","robots":{"index":"index","follow":"follow","max-snippet":"max-snippet:-1","max-image-preview":"max-image-preview:large","max-video-preview":"max-video-preview:-1"},"canonical":"https:\/\/vosgesinfo.fr\/remiremontinfo\/2023\/05\/rn66-travaux-de-reparation-dun-mur-de-soutenement-a-hauteur-de-bussang\/","twitter_card":"summary_large_image","twitter_title":"RN66\u2013 Travaux de r\u00e9paration d\u2019un mur de sout\u00e8nement \u00e0 hauteur de Bussang - Remiremont Info","twitter_description":"Du lundi 5 juin 2023 au mercredi 6 novembre 2023, la Direction Interd\u00e9partementale des Routes Est (DIR Est), pour le [&hellip;]","twitter_image":"https:\/\/vosgesinfo.fr\/app\/uploads\/sites\/5\/2023\/05\/dir-est-travaux-800x775-1.png","twitter_creator":"@VosgesInfo88","twitter_site":"@VosgesInfo88","twitter_misc":{"\u00c9crit par":"C.M"},"schema":{"@context":"https:\/\/schema.org","@graph":[{"@type":"Article","@id":"https:\/\/vosgesinfo.fr\/remiremontinfo\/2023\/05\/rn66-travaux-de-reparation-dun-mur-de-soutenement-a-hauteur-de-bussang\/#article","isPartOf":{"@id":"https:\/\/vosgesinfo.fr\/remiremontinfo\/2023\/05\/rn66-travaux-de-reparation-dun-mur-de-soutenement-a-hauteur-de-bussang\/"},"author":{"name":"C.M","@id":"https:\/\/vosgesinfo.fr\/remiremontinfo\/#\/schema\/person\/27fd50bfa0474755c339da9cdfc89f3d"},"headline":"RN66\u2013 Travaux de r\u00e9paration d\u2019un mur de sout\u00e8nement \u00e0 hauteur de Bussang","datePublished":"2023-05-30T11:48:22+00:00","dateModified":"2023-05-30T11:48:22+00:00","mainEntityOfPage":{"@id":"https:\/\/vosgesinfo.fr\/remiremontinfo\/2023\/05\/rn66-travaux-de-reparation-dun-mur-de-soutenement-a-hauteur-de-bussang\/"},"wordCount":57,"commentCount":0,"publisher":{"@id":"https:\/\/vosgesinfo.fr\/remiremontinfo\/#organization"},"image":{"@id":"https:\/\/vosgesinfo.fr\/remiremontinfo\/2023\/05\/rn66-travaux-de-reparation-dun-mur-de-soutenement-a-hauteur-de-bussang\/#primaryimage"},"thumbnailUrl":"https:\/\/vosgesinfo.fr\/app\/uploads\/sites\/5\/2023\/05\/dir-est-travaux-800x775-1.png","keywords":["travaux bussang"],"articleSection":["A la Une","Bussang","Circulation","Le Thillot &amp; son canton","Vosges"],"inLanguage":"fr-FR","potentialAction":[{"@type":"CommentAction","name":"Comment","target":["https:\/\/vosgesinfo.fr\/remiremontinfo\/2023\/05\/rn66-travaux-de-reparation-dun-mur-de-soutenement-a-hauteur-de-bussang\/#respond"]}]},{"@type":"WebPage","@id":"https:\/\/vosgesinfo.fr\/remiremontinfo\/2023\/05\/rn66-travaux-de-reparation-dun-mur-de-soutenement-a-hauteur-de-bussang\/","url":"https:\/\/vosgesinfo.fr\/remiremontinfo\/2023\/05\/rn66-travaux-de-reparation-dun-mur-de-soutenement-a-hauteur-de-bussang\/","name":"RN66\u2013 Travaux de r\u00e9paration d\u2019un mur de sout\u00e8nement \u00e0 hauteur de Bussang - Remiremont Info","isPartOf":{"@id":"https:\/\/vosgesinfo.fr\/remiremontinfo\/#website"},"primaryImageOfPage":{"@id":"https:\/\/vosgesinfo.fr\/remiremontinfo\/2023\/05\/rn66-travaux-de-reparation-dun-mur-de-soutenement-a-hauteur-de-bussang\/#primaryimage"},"image":{"@id":"https:\/\/vosgesinfo.fr\/remiremontinfo\/2023\/05\/rn66-travaux-de-reparation-dun-mur-de-soutenement-a-hauteur-de-bussang\/#primaryimage"},"thumbnailUrl":"https:\/\/vosgesinfo.fr\/app\/uploads\/sites\/5\/2023\/05\/dir-est-travaux-800x775-1.png","datePublished":"2023-05-30T11:48:22+00:00","dateModified":"2023-05-30T11:48:22+00:00","breadcrumb":{"@id":"https:\/\/vosgesinfo.fr\/remiremontinfo\/2023\/05\/rn66-travaux-de-reparation-dun-mur-de-soutenement-a-hauteur-de-bussang\/#breadcrumb"},"inLanguage":"fr-FR","potentialAction":[{"@type":"ReadAction","target":["https:\/\/vosgesinfo.fr\/remiremontinfo\/2023\/05\/rn66-travaux-de-reparation-dun-mur-de-soutenement-a-hauteur-de-bussang\/"]}]},{"@type":"ImageObject","inLanguage":"fr-FR","@id":"https:\/\/vosgesinfo.fr\/remiremontinfo\/2023\/05\/rn66-travaux-de-reparation-dun-mur-de-soutenement-a-hauteur-de-bussang\/#primaryimage","url":"https:\/\/vosgesinfo.fr\/app\/uploads\/sites\/5\/2023\/05\/dir-est-travaux-800x775-1.png","contentUrl":"https:\/\/vosgesinfo.fr\/app\/uploads\/sites\/5\/2023\/05\/dir-est-travaux-800x775-1.png","width":800,"height":775},{"@type":"BreadcrumbList","@id":"https:\/\/vosgesinfo.fr\/remiremontinfo\/2023\/05\/rn66-travaux-de-reparation-dun-mur-de-soutenement-a-hauteur-de-bussang\/#breadcrumb","itemListElement":[{"@type":"ListItem","position":1,"name":"Home","item":"https:\/\/vosgesinfo.fr\/remiremontinfo\/"},{"@type":"ListItem","position":2,"name":"RN66\u2013 Travaux de r\u00e9paration d\u2019un mur de sout\u00e8nement \u00e0 hauteur de Bussang"}]},{"@type":"WebSite","@id":"https:\/\/vosgesinfo.fr\/remiremontinfo\/#website","url":"https:\/\/vosgesinfo.fr\/remiremontinfo\/","name":"Remiremont Info","description":"Toute l&#039;actualit\u00e9 de Remiremont","publisher":{"@id":"https:\/\/vosgesinfo.fr\/remiremontinfo\/#organization"},"alternateName":"Toute l'actualit\u00e9 de Remiremont","potentialAction":[{"@type":"SearchAction","target":{"@type":"EntryPoint","urlTemplate":"https:\/\/vosgesinfo.fr\/remiremontinfo\/?s={search_term_string}"},"query-input":"required name=search_term_string"}],"inLanguage":"fr-FR"},{"@type":"Organization","@id":"https:\/\/vosgesinfo.fr\/remiremontinfo\/#organization","name":"Remiremont Info","url":"https:\/\/vosgesinfo.fr\/remiremontinfo\/","logo":{"@type":"ImageObject","inLanguage":"fr-FR","@id":"https:\/\/vosgesinfo.fr\/remiremontinfo\/#\/schema\/logo\/image\/","url":"https:\/\/vosgesinfo.fr\/app\/uploads\/sites\/5\/2023\/08\/favicon-remiremontinfo.png","contentUrl":"https:\/\/vosgesinfo.fr\/app\/uploads\/sites\/5\/2023\/08\/favicon-remiremontinfo.png","width":512,"height":512,"caption":"Remiremont Info"},"image":{"@id":"https:\/\/vosgesinfo.fr\/remiremontinfo\/#\/schema\/logo\/image\/"},"sameAs":["https:\/\/www.facebook.com\/remiremontinfo","https:\/\/x.com\/VosgesInfo88","https:\/\/www.youtube.com\/@vosgesinfo"]},{"@type":"Person","@id":"https:\/\/vosgesinfo.fr\/remiremontinfo\/#\/schema\/person\/27fd50bfa0474755c339da9cdfc89f3d","name":"C.M","image":{"@type":"ImageObject","inLanguage":"fr-FR","@id":"https:\/\/vosgesinfo.fr\/remiremontinfo\/#\/schema\/person\/image\/","url":"https:\/\/secure.gravatar.com\/avatar\/aeefb88e08fc3e19fa733c61898f1bec4517042b8355098e757f11b4d3d4df70?s=96&d=mm&r=g","contentUrl":"https:\/\/secure.gravatar.com\/avatar\/aeefb88e08fc3e19fa733c61898f1bec4517042b8355098e757f11b4d3d4df70?s=96&d=mm&r=g","caption":"C.M"},"url":"https:\/\/vosgesinfo.fr\/remiremontinfo\/author\/cathy88200\/"}]}},"_links":{"self":[{"href":"https:\/\/vosgesinfo.fr\/remiremontinfo\/wp-json\/wp\/v2\/posts\/71598","targetHints":{"allow":["GET"]}}],"collection":[{"href":"https:\/\/vosgesinfo.fr\/remiremontinfo\/wp-json\/wp\/v2\/posts"}],"about":[{"href":"https:\/\/vosgesinfo.fr\/remiremontinfo\/wp-json\/wp\/v2\/types\/post"}],"author":[{"embeddable":true,"href":"https:\/\/vosgesinfo.fr\/remiremontinfo\/wp-json\/wp\/v2\/users\/411"}],"replies":[{"embeddable":true,"href":"https:\/\/vosgesinfo.fr\/remiremontinfo\/wp-json\/wp\/v2\/comments?post=71598"}],"version-history":[{"count":0,"href":"https:\/\/vosgesinfo.fr\/remiremontinfo\/wp-json\/wp\/v2\/posts\/71598\/revisions"}],"wp:featuredmedia":[{"embeddable":true,"href":"https:\/\/vosgesinfo.fr\/remiremontinfo\/wp-json\/wp\/v2\/media\/1671"}],"wp:attachment":[{"href":"https:\/\/vosgesinfo.fr\/remiremontinfo\/wp-json\/wp\/v2\/media?parent=71598"}],"wp:term":[{"taxonomy":"category","embeddable":true,"href":"https:\/\/vosgesinfo.fr\/remiremontinfo\/wp-json\/wp\/v2\/categories?post=71598"},{"taxonomy":"post_tag","embeddable":true,"href":"https:\/\/vosgesinfo.fr\/remiremontinfo\/wp-json\/wp\/v2\/tags?post=71598"}],"curies":[{"name":"wp","href":"https:\/\/api.w.org\/{rel}","templated":true}]}}