{"id":71599,"date":"2023-05-30T14:14:24","date_gmt":"2023-05-30T12:14:24","guid":{"rendered":"https:\/\/vosgesinfo.fr\/remiremontinfo\/2023\/05\/greves-6-juin-services-daccueils-ecoliers\/"},"modified":"2023-05-30T14:14:24","modified_gmt":"2023-05-30T12:14:24","slug":"greves-6-juin-services-daccueils-ecoliers","status":"publish","type":"post","link":"https:\/\/vosgesinfo.fr\/remiremontinfo\/2023\/05\/greves-6-juin-services-daccueils-ecoliers\/","title":{"rendered":"Gr\u00e8ves le 6 juin, quels services d&rsquo;accueils des \u00e9coliers?"},"content":{"rendered":"<h3 class=\"textLayer\" data-main-rotation=\"0\"><span dir=\"ltr\">INFORMATION <\/span><span dir=\"ltr\">AUX PARENTS D\u2019<\/span><span dir=\"ltr\">\u00c9<\/span><span dir=\"ltr\">L<\/span><span dir=\"ltr\">\u00c8<\/span><span dir=\"ltr\">VES\u00a0 <\/span><span dir=\"ltr\">des <strong>\u00e9coles primaires du Centre et des Meix<\/strong><\/span><\/h3>\n<div class=\"textLayer\" data-main-rotation=\"0\"><\/div>\n<div class=\"textLayer\" data-main-rotation=\"0\"><span dir=\"ltr\">Conform\u00e9ment \u00e0 la loi<\/span> <span dir=\"ltr\">2008<\/span><span dir=\"ltr\">&#8211;<\/span><span dir=\"ltr\">790 du 20<\/span><span dir=\"ltr\">&#8211;<\/span><span dir=\"ltr\">08<\/span><span dir=\"ltr\">&#8211;<\/span><span dir=\"ltr\">2008<\/span><span dir=\"ltr\">, <\/span><span dir=\"ltr\">la Commune mettra en place un<\/span> <span dir=\"ltr\">service minimum <\/span><span dir=\"ltr\">d\u2019accueil<\/span> <span dir=\"ltr\">pour les enfants dont l\u2019enseignant sera <\/span><span dir=\"ltr\">en gr\u00e8ve le<\/span> <strong><span dir=\"ltr\">Mar<\/span><span dir=\"ltr\">di<\/span> <span dir=\"ltr\">6<\/span> <span dir=\"ltr\">Juin<\/span> <span dir=\"ltr\">2023<\/span><\/strong><span dir=\"ltr\">.<\/span><\/div>\n<div class=\"textLayer\" data-main-rotation=\"0\">\n<span dir=\"ltr\">L\u2019accueil se d\u00e9roulera sur un seul lieu \u00e0<\/span> <span dir=\"ltr\">l\u2019<strong>accueil <\/strong><\/span><strong><span dir=\"ltr\">p\u00e9riscolaire du Centre<\/span> <\/strong><span dir=\"ltr\"><strong>(18 rue Jules Ferry)<\/strong>. Les <\/span><span dir=\"ltr\">parents devront amener et reprendre leurs enfants <\/span><span dir=\"ltr\">aux m\u00eames horaires que leur \u00e9cole d\u2019origine.<\/span><\/div>\n<div class=\"textLayer\" data-main-rotation=\"0\">\n<span dir=\"ltr\">L\u2019accueil p\u00e9riscolaire du matin et du soir sera <\/span><span dir=\"ltr\">assur\u00e9 comme les autres jours.<\/span> <span dir=\"ltr\">La restauration <\/span><span dir=\"ltr\">scolaire ne sera pas assur\u00e9e pour l\u2019\u00e9l<\/span><span dir=\"ltr\">\u00e9mentaire du <\/span><span dir=\"ltr\">Centre et les Meix.<\/span><\/div>\n<div class=\"textLayer\" data-main-rotation=\"0\"><span dir=\"ltr\">Elle sera assur\u00e9e par les Gros\u00a0 <\/span><span dir=\"ltr\">c\u00e2lins pour la maternelle du Centre.<\/span><\/div>\n<div class=\"textLayer\" data-main-rotation=\"0\">\n<strong><span dir=\"ltr\">Pour<\/span> <span dir=\"ltr\">plus<\/span> <span dir=\"ltr\">de<\/span> <span dir=\"ltr\">renseignements<\/span> <span dir=\"ltr\">vous<\/span> <span dir=\"ltr\">pouvez <\/span><span dir=\"ltr\">contacter la Mairie au 03.29.24.34.09<\/span><\/strong><\/div>\n","protected":false},"excerpt":{"rendered":"<p>INFORMATION AUX PARENTS D\u2019\u00c9L\u00c8VES\u00a0 des \u00e9coles primaires du Centre et des Meix Conform\u00e9ment \u00e0 la loi 2008&#8211;790 du 20&#8211;08&#8211;2008, la [&hellip;]<\/p>\n","protected":false},"author":411,"featured_media":71600,"comment_status":"open","ping_status":"open","sticky":false,"template":"","format":"standard","meta":{"footnotes":""},"categories":[26,37,250],"tags":[],"class_list":["post-71599","post","type-post","status-publish","format-standard","has-post-thumbnail","hentry","category-a-la-une","category-le-thillot-son-canton","category-rupt-sur-moselle"],"acf":[],"yoast_head":"<!-- This site is optimized with the Yoast SEO plugin v22.5 - https:\/\/yoast.com\/wordpress\/plugins\/seo\/ -->\n<title>Gr\u00e8ves le 6 juin, quels services d&#039;accueils des \u00e9coliers? - Remiremont Info<\/title>\n<meta name=\"robots\" content=\"index, follow, max-snippet:-1, max-image-preview:large, max-video-preview:-1\" \/>\n<link rel=\"canonical\" href=\"https:\/\/vosgesinfo.fr\/remiremontinfo\/2023\/05\/greves-6-juin-services-daccueils-ecoliers\/\" \/>\n<meta name=\"twitter:card\" content=\"summary_large_image\" \/>\n<meta name=\"twitter:title\" content=\"Gr\u00e8ves le 6 juin, quels services d&#039;accueils des \u00e9coliers? - Remiremont Info\" \/>\n<meta name=\"twitter:description\" content=\"INFORMATION AUX PARENTS D\u2019\u00c9L\u00c8VES\u00a0 des \u00e9coles primaires du Centre et des Meix Conform\u00e9ment \u00e0 la loi 2008&#8211;790 du 20&#8211;08&#8211;2008, la [&hellip;]\" \/>\n<meta name=\"twitter:image\" content=\"https:\/\/vosgesinfo.fr\/app\/uploads\/sites\/5\/2024\/09\/202305panneaux-ecole.jpg\" \/>\n<meta name=\"twitter:creator\" content=\"@VosgesInfo88\" \/>\n<meta name=\"twitter:site\" content=\"@VosgesInfo88\" \/>\n<meta name=\"twitter:label1\" content=\"\u00c9crit par\" \/>\n\t<meta name=\"twitter:data1\" content=\"C.M\" \/>\n\t<meta name=\"twitter:label2\" content=\"Dur\u00e9e de lecture estim\u00e9e\" \/>\n\t<meta name=\"twitter:data2\" content=\"1 minute\" \/>\n<script type=\"application\/ld+json\" class=\"yoast-schema-graph\">{\"@context\":\"https:\/\/schema.org\",\"@graph\":[{\"@type\":\"Article\",\"@id\":\"https:\/\/vosgesinfo.fr\/remiremontinfo\/2023\/05\/greves-6-juin-services-daccueils-ecoliers\/#article\",\"isPartOf\":{\"@id\":\"https:\/\/vosgesinfo.fr\/remiremontinfo\/2023\/05\/greves-6-juin-services-daccueils-ecoliers\/\"},\"author\":{\"name\":\"C.M\",\"@id\":\"https:\/\/vosgesinfo.fr\/remiremontinfo\/#\/schema\/person\/27fd50bfa0474755c339da9cdfc89f3d\"},\"headline\":\"Gr\u00e8ves le 6 juin, quels services d&rsquo;accueils des \u00e9coliers?\",\"datePublished\":\"2023-05-30T12:14:24+00:00\",\"dateModified\":\"2023-05-30T12:14:24+00:00\",\"mainEntityOfPage\":{\"@id\":\"https:\/\/vosgesinfo.fr\/remiremontinfo\/2023\/05\/greves-6-juin-services-daccueils-ecoliers\/\"},\"wordCount\":147,\"commentCount\":0,\"publisher\":{\"@id\":\"https:\/\/vosgesinfo.fr\/remiremontinfo\/#organization\"},\"image\":{\"@id\":\"https:\/\/vosgesinfo.fr\/remiremontinfo\/2023\/05\/greves-6-juin-services-daccueils-ecoliers\/#primaryimage\"},\"thumbnailUrl\":\"https:\/\/vosgesinfo.fr\/app\/uploads\/sites\/5\/2024\/09\/202305panneaux-ecole.jpg\",\"articleSection\":[\"A la Une\",\"Le Thillot &amp; son canton\",\"Rupt-Sur-Moselle\"],\"inLanguage\":\"fr-FR\",\"potentialAction\":[{\"@type\":\"CommentAction\",\"name\":\"Comment\",\"target\":[\"https:\/\/vosgesinfo.fr\/remiremontinfo\/2023\/05\/greves-6-juin-services-daccueils-ecoliers\/#respond\"]}]},{\"@type\":\"WebPage\",\"@id\":\"https:\/\/vosgesinfo.fr\/remiremontinfo\/2023\/05\/greves-6-juin-services-daccueils-ecoliers\/\",\"url\":\"https:\/\/vosgesinfo.fr\/remiremontinfo\/2023\/05\/greves-6-juin-services-daccueils-ecoliers\/\",\"name\":\"Gr\u00e8ves le 6 juin, quels services d'accueils des \u00e9coliers? - Remiremont Info\",\"isPartOf\":{\"@id\":\"https:\/\/vosgesinfo.fr\/remiremontinfo\/#website\"},\"primaryImageOfPage\":{\"@id\":\"https:\/\/vosgesinfo.fr\/remiremontinfo\/2023\/05\/greves-6-juin-services-daccueils-ecoliers\/#primaryimage\"},\"image\":{\"@id\":\"https:\/\/vosgesinfo.fr\/remiremontinfo\/2023\/05\/greves-6-juin-services-daccueils-ecoliers\/#primaryimage\"},\"thumbnailUrl\":\"https:\/\/vosgesinfo.fr\/app\/uploads\/sites\/5\/2024\/09\/202305panneaux-ecole.jpg\",\"datePublished\":\"2023-05-30T12:14:24+00:00\",\"dateModified\":\"2023-05-30T12:14:24+00:00\",\"breadcrumb\":{\"@id\":\"https:\/\/vosgesinfo.fr\/remiremontinfo\/2023\/05\/greves-6-juin-services-daccueils-ecoliers\/#breadcrumb\"},\"inLanguage\":\"fr-FR\",\"potentialAction\":[{\"@type\":\"ReadAction\",\"target\":[\"https:\/\/vosgesinfo.fr\/remiremontinfo\/2023\/05\/greves-6-juin-services-daccueils-ecoliers\/\"]}]},{\"@type\":\"ImageObject\",\"inLanguage\":\"fr-FR\",\"@id\":\"https:\/\/vosgesinfo.fr\/remiremontinfo\/2023\/05\/greves-6-juin-services-daccueils-ecoliers\/#primaryimage\",\"url\":\"https:\/\/vosgesinfo.fr\/app\/uploads\/sites\/5\/2024\/09\/202305panneaux-ecole.jpg\",\"contentUrl\":\"https:\/\/vosgesinfo.fr\/app\/uploads\/sites\/5\/2024\/09\/202305panneaux-ecole.jpg\",\"width\":439,\"height\":494},{\"@type\":\"BreadcrumbList\",\"@id\":\"https:\/\/vosgesinfo.fr\/remiremontinfo\/2023\/05\/greves-6-juin-services-daccueils-ecoliers\/#breadcrumb\",\"itemListElement\":[{\"@type\":\"ListItem\",\"position\":1,\"name\":\"Home\",\"item\":\"https:\/\/vosgesinfo.fr\/remiremontinfo\/\"},{\"@type\":\"ListItem\",\"position\":2,\"name\":\"Gr\u00e8ves le 6 juin, quels services d&rsquo;accueils des \u00e9coliers?\"}]},{\"@type\":\"WebSite\",\"@id\":\"https:\/\/vosgesinfo.fr\/remiremontinfo\/#website\",\"url\":\"https:\/\/vosgesinfo.fr\/remiremontinfo\/\",\"name\":\"Remiremont Info\",\"description\":\"Toute l&#039;actualit\u00e9 de Remiremont\",\"publisher\":{\"@id\":\"https:\/\/vosgesinfo.fr\/remiremontinfo\/#organization\"},\"alternateName\":\"Toute l'actualit\u00e9 de Remiremont\",\"potentialAction\":[{\"@type\":\"SearchAction\",\"target\":{\"@type\":\"EntryPoint\",\"urlTemplate\":\"https:\/\/vosgesinfo.fr\/remiremontinfo\/?s={search_term_string}\"},\"query-input\":\"required name=search_term_string\"}],\"inLanguage\":\"fr-FR\"},{\"@type\":\"Organization\",\"@id\":\"https:\/\/vosgesinfo.fr\/remiremontinfo\/#organization\",\"name\":\"Remiremont Info\",\"url\":\"https:\/\/vosgesinfo.fr\/remiremontinfo\/\",\"logo\":{\"@type\":\"ImageObject\",\"inLanguage\":\"fr-FR\",\"@id\":\"https:\/\/vosgesinfo.fr\/remiremontinfo\/#\/schema\/logo\/image\/\",\"url\":\"https:\/\/vosgesinfo.fr\/app\/uploads\/sites\/5\/2023\/08\/favicon-remiremontinfo.png\",\"contentUrl\":\"https:\/\/vosgesinfo.fr\/app\/uploads\/sites\/5\/2023\/08\/favicon-remiremontinfo.png\",\"width\":512,\"height\":512,\"caption\":\"Remiremont Info\"},\"image\":{\"@id\":\"https:\/\/vosgesinfo.fr\/remiremontinfo\/#\/schema\/logo\/image\/\"},\"sameAs\":[\"https:\/\/www.facebook.com\/remiremontinfo\",\"https:\/\/x.com\/VosgesInfo88\",\"https:\/\/www.youtube.com\/@vosgesinfo\"]},{\"@type\":\"Person\",\"@id\":\"https:\/\/vosgesinfo.fr\/remiremontinfo\/#\/schema\/person\/27fd50bfa0474755c339da9cdfc89f3d\",\"name\":\"C.M\",\"image\":{\"@type\":\"ImageObject\",\"inLanguage\":\"fr-FR\",\"@id\":\"https:\/\/vosgesinfo.fr\/remiremontinfo\/#\/schema\/person\/image\/\",\"url\":\"https:\/\/secure.gravatar.com\/avatar\/aeefb88e08fc3e19fa733c61898f1bec4517042b8355098e757f11b4d3d4df70?s=96&d=mm&r=g\",\"contentUrl\":\"https:\/\/secure.gravatar.com\/avatar\/aeefb88e08fc3e19fa733c61898f1bec4517042b8355098e757f11b4d3d4df70?s=96&d=mm&r=g\",\"caption\":\"C.M\"},\"url\":\"https:\/\/vosgesinfo.fr\/remiremontinfo\/author\/cathy88200\/\"}]}<\/script>\n<!-- \/ Yoast SEO plugin. -->","yoast_head_json":{"title":"Gr\u00e8ves le 6 juin, quels services d'accueils des \u00e9coliers? - Remiremont Info","robots":{"index":"index","follow":"follow","max-snippet":"max-snippet:-1","max-image-preview":"max-image-preview:large","max-video-preview":"max-video-preview:-1"},"canonical":"https:\/\/vosgesinfo.fr\/remiremontinfo\/2023\/05\/greves-6-juin-services-daccueils-ecoliers\/","twitter_card":"summary_large_image","twitter_title":"Gr\u00e8ves le 6 juin, quels services d'accueils des \u00e9coliers? - Remiremont Info","twitter_description":"INFORMATION AUX PARENTS D\u2019\u00c9L\u00c8VES\u00a0 des \u00e9coles primaires du Centre et des Meix Conform\u00e9ment \u00e0 la loi 2008&#8211;790 du 20&#8211;08&#8211;2008, la [&hellip;]","twitter_image":"https:\/\/vosgesinfo.fr\/app\/uploads\/sites\/5\/2024\/09\/202305panneaux-ecole.jpg","twitter_creator":"@VosgesInfo88","twitter_site":"@VosgesInfo88","twitter_misc":{"\u00c9crit par":"C.M","Dur\u00e9e de lecture estim\u00e9e":"1 minute"},"schema":{"@context":"https:\/\/schema.org","@graph":[{"@type":"Article","@id":"https:\/\/vosgesinfo.fr\/remiremontinfo\/2023\/05\/greves-6-juin-services-daccueils-ecoliers\/#article","isPartOf":{"@id":"https:\/\/vosgesinfo.fr\/remiremontinfo\/2023\/05\/greves-6-juin-services-daccueils-ecoliers\/"},"author":{"name":"C.M","@id":"https:\/\/vosgesinfo.fr\/remiremontinfo\/#\/schema\/person\/27fd50bfa0474755c339da9cdfc89f3d"},"headline":"Gr\u00e8ves le 6 juin, quels services d&rsquo;accueils des \u00e9coliers?","datePublished":"2023-05-30T12:14:24+00:00","dateModified":"2023-05-30T12:14:24+00:00","mainEntityOfPage":{"@id":"https:\/\/vosgesinfo.fr\/remiremontinfo\/2023\/05\/greves-6-juin-services-daccueils-ecoliers\/"},"wordCount":147,"commentCount":0,"publisher":{"@id":"https:\/\/vosgesinfo.fr\/remiremontinfo\/#organization"},"image":{"@id":"https:\/\/vosgesinfo.fr\/remiremontinfo\/2023\/05\/greves-6-juin-services-daccueils-ecoliers\/#primaryimage"},"thumbnailUrl":"https:\/\/vosgesinfo.fr\/app\/uploads\/sites\/5\/2024\/09\/202305panneaux-ecole.jpg","articleSection":["A la Une","Le Thillot &amp; son canton","Rupt-Sur-Moselle"],"inLanguage":"fr-FR","potentialAction":[{"@type":"CommentAction","name":"Comment","target":["https:\/\/vosgesinfo.fr\/remiremontinfo\/2023\/05\/greves-6-juin-services-daccueils-ecoliers\/#respond"]}]},{"@type":"WebPage","@id":"https:\/\/vosgesinfo.fr\/remiremontinfo\/2023\/05\/greves-6-juin-services-daccueils-ecoliers\/","url":"https:\/\/vosgesinfo.fr\/remiremontinfo\/2023\/05\/greves-6-juin-services-daccueils-ecoliers\/","name":"Gr\u00e8ves le 6 juin, quels services d'accueils des \u00e9coliers? - Remiremont Info","isPartOf":{"@id":"https:\/\/vosgesinfo.fr\/remiremontinfo\/#website"},"primaryImageOfPage":{"@id":"https:\/\/vosgesinfo.fr\/remiremontinfo\/2023\/05\/greves-6-juin-services-daccueils-ecoliers\/#primaryimage"},"image":{"@id":"https:\/\/vosgesinfo.fr\/remiremontinfo\/2023\/05\/greves-6-juin-services-daccueils-ecoliers\/#primaryimage"},"thumbnailUrl":"https:\/\/vosgesinfo.fr\/app\/uploads\/sites\/5\/2024\/09\/202305panneaux-ecole.jpg","datePublished":"2023-05-30T12:14:24+00:00","dateModified":"2023-05-30T12:14:24+00:00","breadcrumb":{"@id":"https:\/\/vosgesinfo.fr\/remiremontinfo\/2023\/05\/greves-6-juin-services-daccueils-ecoliers\/#breadcrumb"},"inLanguage":"fr-FR","potentialAction":[{"@type":"ReadAction","target":["https:\/\/vosgesinfo.fr\/remiremontinfo\/2023\/05\/greves-6-juin-services-daccueils-ecoliers\/"]}]},{"@type":"ImageObject","inLanguage":"fr-FR","@id":"https:\/\/vosgesinfo.fr\/remiremontinfo\/2023\/05\/greves-6-juin-services-daccueils-ecoliers\/#primaryimage","url":"https:\/\/vosgesinfo.fr\/app\/uploads\/sites\/5\/2024\/09\/202305panneaux-ecole.jpg","contentUrl":"https:\/\/vosgesinfo.fr\/app\/uploads\/sites\/5\/2024\/09\/202305panneaux-ecole.jpg","width":439,"height":494},{"@type":"BreadcrumbList","@id":"https:\/\/vosgesinfo.fr\/remiremontinfo\/2023\/05\/greves-6-juin-services-daccueils-ecoliers\/#breadcrumb","itemListElement":[{"@type":"ListItem","position":1,"name":"Home","item":"https:\/\/vosgesinfo.fr\/remiremontinfo\/"},{"@type":"ListItem","position":2,"name":"Gr\u00e8ves le 6 juin, quels services d&rsquo;accueils des \u00e9coliers?"}]},{"@type":"WebSite","@id":"https:\/\/vosgesinfo.fr\/remiremontinfo\/#website","url":"https:\/\/vosgesinfo.fr\/remiremontinfo\/","name":"Remiremont Info","description":"Toute l&#039;actualit\u00e9 de Remiremont","publisher":{"@id":"https:\/\/vosgesinfo.fr\/remiremontinfo\/#organization"},"alternateName":"Toute l'actualit\u00e9 de Remiremont","potentialAction":[{"@type":"SearchAction","target":{"@type":"EntryPoint","urlTemplate":"https:\/\/vosgesinfo.fr\/remiremontinfo\/?s={search_term_string}"},"query-input":"required name=search_term_string"}],"inLanguage":"fr-FR"},{"@type":"Organization","@id":"https:\/\/vosgesinfo.fr\/remiremontinfo\/#organization","name":"Remiremont Info","url":"https:\/\/vosgesinfo.fr\/remiremontinfo\/","logo":{"@type":"ImageObject","inLanguage":"fr-FR","@id":"https:\/\/vosgesinfo.fr\/remiremontinfo\/#\/schema\/logo\/image\/","url":"https:\/\/vosgesinfo.fr\/app\/uploads\/sites\/5\/2023\/08\/favicon-remiremontinfo.png","contentUrl":"https:\/\/vosgesinfo.fr\/app\/uploads\/sites\/5\/2023\/08\/favicon-remiremontinfo.png","width":512,"height":512,"caption":"Remiremont Info"},"image":{"@id":"https:\/\/vosgesinfo.fr\/remiremontinfo\/#\/schema\/logo\/image\/"},"sameAs":["https:\/\/www.facebook.com\/remiremontinfo","https:\/\/x.com\/VosgesInfo88","https:\/\/www.youtube.com\/@vosgesinfo"]},{"@type":"Person","@id":"https:\/\/vosgesinfo.fr\/remiremontinfo\/#\/schema\/person\/27fd50bfa0474755c339da9cdfc89f3d","name":"C.M","image":{"@type":"ImageObject","inLanguage":"fr-FR","@id":"https:\/\/vosgesinfo.fr\/remiremontinfo\/#\/schema\/person\/image\/","url":"https:\/\/secure.gravatar.com\/avatar\/aeefb88e08fc3e19fa733c61898f1bec4517042b8355098e757f11b4d3d4df70?s=96&d=mm&r=g","contentUrl":"https:\/\/secure.gravatar.com\/avatar\/aeefb88e08fc3e19fa733c61898f1bec4517042b8355098e757f11b4d3d4df70?s=96&d=mm&r=g","caption":"C.M"},"url":"https:\/\/vosgesinfo.fr\/remiremontinfo\/author\/cathy88200\/"}]}},"_links":{"self":[{"href":"https:\/\/vosgesinfo.fr\/remiremontinfo\/wp-json\/wp\/v2\/posts\/71599","targetHints":{"allow":["GET"]}}],"collection":[{"href":"https:\/\/vosgesinfo.fr\/remiremontinfo\/wp-json\/wp\/v2\/posts"}],"about":[{"href":"https:\/\/vosgesinfo.fr\/remiremontinfo\/wp-json\/wp\/v2\/types\/post"}],"author":[{"embeddable":true,"href":"https:\/\/vosgesinfo.fr\/remiremontinfo\/wp-json\/wp\/v2\/users\/411"}],"replies":[{"embeddable":true,"href":"https:\/\/vosgesinfo.fr\/remiremontinfo\/wp-json\/wp\/v2\/comments?post=71599"}],"version-history":[{"count":0,"href":"https:\/\/vosgesinfo.fr\/remiremontinfo\/wp-json\/wp\/v2\/posts\/71599\/revisions"}],"wp:featuredmedia":[{"embeddable":true,"href":"https:\/\/vosgesinfo.fr\/remiremontinfo\/wp-json\/wp\/v2\/media\/71600"}],"wp:attachment":[{"href":"https:\/\/vosgesinfo.fr\/remiremontinfo\/wp-json\/wp\/v2\/media?parent=71599"}],"wp:term":[{"taxonomy":"category","embeddable":true,"href":"https:\/\/vosgesinfo.fr\/remiremontinfo\/wp-json\/wp\/v2\/categories?post=71599"},{"taxonomy":"post_tag","embeddable":true,"href":"https:\/\/vosgesinfo.fr\/remiremontinfo\/wp-json\/wp\/v2\/tags?post=71599"}],"curies":[{"name":"wp","href":"https:\/\/api.w.org\/{rel}","templated":true}]}}