{"id":71608,"date":"2023-05-30T18:18:23","date_gmt":"2023-05-30T16:18:23","guid":{"rendered":"https:\/\/vosgesinfo.fr\/remiremontinfo\/2023\/05\/cest-lheure-grandes-vacances-myriam\/"},"modified":"2023-05-30T18:18:23","modified_gmt":"2023-05-30T16:18:23","slug":"cest-lheure-grandes-vacances-myriam","status":"publish","type":"post","link":"https:\/\/vosgesinfo.fr\/remiremontinfo\/2023\/05\/cest-lheure-grandes-vacances-myriam\/","title":{"rendered":"C\u2019est l\u2019heure des Grandes Vacances pour Myriam !"},"content":{"rendered":"<p><a href=\"\/2023\/05\/DSC_0117.jpg\"><img decoding=\"async\" class=\"aligncenter size-large wp-image-370966\" src=\"\/2023\/05\/DSC_0117-1024x680.jpg\" alt=\"D\u00e9part Myriam, Atsem, \u00e9cole R\u00e9villon\" width=\"960\" height=\"638\" \/><\/a><\/p>\n<h3 class=\"Normal tm5\"><span class=\"tm6\">Aujourd\u2019hui est une journ\u00e9e particuli\u00e8re pour Myriam Nguyen. Une journ\u00e9e o\u00f9, d\u00e8s le matin, les larmes perlent au coin des yeux. Une journ\u00e9e riche en \u00e9motions, en derniers c\u00e2lins, o\u00f9 la fin de la journ\u00e9e sera encore plus riche et difficile, quand elle franchira pour la derni\u00e8re fois la porte de l\u2019\u00e9cole de R\u00e9villon de Remiremont.<\/span><\/h3>\n<p class=\"Normal tm5\"><span class=\"tm6\">30 ans\u00a0! Pendant trente ann\u00e9es, Myriam Nguyen a franchi le portail de l\u2019\u00e9cole romarimontaine de R\u00e9villon, matin et soir, \u00ab\u00a0<em>avec plaisir. C\u2019est un m\u00e9tier prenant, mais c\u2019est v\u00e9ritablement un m\u00e9tier passion\u00a0\u00bb<\/em> reconna\u00eet la future retrait\u00e9e, ex-ATSEM. <\/span><\/p>\n<p class=\"Normal tm5\"><span class=\"tm6\"><a href=\"\/2023\/05\/DSC_0142a.jpg\"><img decoding=\"async\" class=\"alignright size-medium wp-image-370991\" src=\"\/2023\/05\/DSC_0142a-205x255.jpg\" alt=\"D\u00e9part Myriam, Atsem, \u00e9cole R\u00e9villon\" width=\"205\" height=\"255\" \/><\/a>Toute pimpante, \u00e0 62 ans, \u00ab\u00a0<em>c\u2019est un m\u00e9tier qui conserve<\/em>\u00a0\u00bb, les enfants l\u2019entourent en ce mardi matin, plus particuli\u00e8rement une petite Chlo\u00eb tr\u00e8s attentive \u00e0 ce que Myriam dispose sur les tables. <em>Je les g\u00e2te pour ce dernier jour<\/em>\u00a0\u00bb avoue-t-elle en disposant sur les tables un go\u00fbter matinal pour tous les enfants de l\u2019\u00e9cole. <\/span><\/p>\n<p class=\"Normal tm5\"><span class=\"tm6\">\u00ab<em>\u00a0Je suis contente d\u2019\u00eatre \u00e0 la retraite, mais j\u2019aime ce m\u00e9tier, c\u2019est toute une vie men\u00e9e par passion. Et puis il y a ici une \u00e9quipe enseignante super, soud\u00e9e, vraiment<\/em>\u00a0\u00bb. <\/span><\/p>\n<p class=\"Normal tm5\"><span class=\"tm6\">Une carri\u00e8re professionnelles d\u00e9but\u00e9e il y a 30 ans, en ATSEM, avec Isabelle Py et les petits de maternelle pendant 10 ans. Elle s\u2019occupera ensuite des grandes sections CP. <\/span><\/p>\n<p class=\"Normal tm5\"><span class=\"tm6\">Ce mardi, une chanson interpr\u00e9t\u00e9e par les grands, une rose dans la main des enfants, des cadeaux et des c\u00e2lins prouveront \u00e0 quel point cette \u00ab\u00a0ATSEM\u00a0\u00bb de c\u0153ur est aim\u00e9e.<\/span><\/p>\n\n<p class=\"Normal tm5\"><span class=\"tm6\">Calme, attentive, douce, Myriam, pendant des d\u00e9cennies, a soign\u00e9 les bobos, calm\u00e9 les chagrins, guid\u00e9 les mains pour l\u2019\u00e9criture. Elle a vu grandir les enfants au fil du temps, des petits qui prendront ensuite leurs envols pour rejoindre le coll\u00e8ge et dont les enfants, un jour, retrouveront Myriam. Et le cycle recommencera.<\/span><\/p>\n<p class=\"Normal tm5\"><span class=\"tm6\">Ce \u00ab<em>\u00a0m\u00e9tier passion<\/em>\u00a0\u00bb, Myriam reconna\u00eet \u00ab\u00a0<em>qu\u2019il lui manquera les matins et jours \u00e0 venir. Ce sera certainement compliqu\u00e9 les premiers matins, ne plus regarder l\u2019heure<\/em> \u00bb. Elle prendra d\u00e9sormais son temps, se consacrera \u00e0 sa famille, ses petits-enfants, mais nul doute que ses pens\u00e9es seront d\u00e8s le matin \u00e0 l\u2019\u00e9cole de R\u00e9villon, o\u00f9, \u00e0 jamais, l\u2019empreinte de ses trente ann\u00e9es de travail seront l\u00e0, dans l\u2019esprit de chaque enseignant, dans le c\u0153ur des enfants. \u00a0\u00bb <em>Ils \u00e9taient un peu tous mes enfants\u00a0\u00bb<\/em>\u00a0 avoue Myriam. Des enfants qu\u2019elle gardera \u00e0 jamais dans son c\u0153ur, au fil des photos et souvenirs. <\/span><\/p>\n<p class=\"Normal tm5\"><span class=\"tm6\">Bonne grandes Vacances Myriam\u00a0!<\/span><\/p>\n<p class=\"Normal tm5\"><span class=\"tm6\">\u00a0<a href=\"\/2023\/05\/DSC_0122.jpg\"><img decoding=\"async\" class=\"aligncenter size-large wp-image-370973\" src=\"\/2023\/05\/DSC_0122-1024x680.jpg\" alt=\"D\u00e9part Myriam, Atsem, \u00e9cole R\u00e9villon\" width=\"960\" height=\"638\" \/><\/a><\/span><\/p>\n\n","protected":false},"excerpt":{"rendered":"<p>Aujourd\u2019hui est une journ\u00e9e particuli\u00e8re pour Myriam Nguyen. Une journ\u00e9e o\u00f9, d\u00e8s le matin, les larmes perlent au coin des [&hellip;]<\/p>\n","protected":false},"author":411,"featured_media":71609,"comment_status":"open","ping_status":"open","sticky":false,"template":"","format":"standard","meta":{"footnotes":""},"categories":[26,6,1556,35],"tags":[5887,5888,5889],"class_list":["post-71608","post","type-post","status-publish","format-standard","has-post-thumbnail","hentry","category-a-la-une","category-education","category-remiremont-remiremont-son-canton-2","category-remiremont-son-canton","tag-ecole-revillon","tag-myriam","tag-remiremont-atsem"],"acf":[],"yoast_head":"<!-- This site is optimized with the Yoast SEO plugin v22.5 - https:\/\/yoast.com\/wordpress\/plugins\/seo\/ -->\n<title>C\u2019est l\u2019heure des Grandes Vacances pour Myriam ! - Remiremont Info<\/title>\n<meta name=\"robots\" content=\"index, follow, max-snippet:-1, max-image-preview:large, max-video-preview:-1\" \/>\n<link rel=\"canonical\" href=\"https:\/\/vosgesinfo.fr\/remiremontinfo\/2023\/05\/cest-lheure-grandes-vacances-myriam\/\" \/>\n<meta name=\"twitter:card\" content=\"summary_large_image\" \/>\n<meta name=\"twitter:title\" content=\"C\u2019est l\u2019heure des Grandes Vacances pour Myriam ! - Remiremont Info\" \/>\n<meta name=\"twitter:description\" content=\"Aujourd\u2019hui est une journ\u00e9e particuli\u00e8re pour Myriam Nguyen. Une journ\u00e9e o\u00f9, d\u00e8s le matin, les larmes perlent au coin des [&hellip;]\" \/>\n<meta name=\"twitter:image\" content=\"https:\/\/vosgesinfo.fr\/app\/uploads\/sites\/5\/2024\/09\/202305dsc-0129.jpg\" \/>\n<meta name=\"twitter:creator\" content=\"@VosgesInfo88\" \/>\n<meta name=\"twitter:site\" content=\"@VosgesInfo88\" \/>\n<meta name=\"twitter:label1\" content=\"\u00c9crit par\" \/>\n\t<meta name=\"twitter:data1\" content=\"C.M\" \/>\n\t<meta name=\"twitter:label2\" content=\"Dur\u00e9e de lecture estim\u00e9e\" \/>\n\t<meta name=\"twitter:data2\" content=\"2 minutes\" \/>\n<script type=\"application\/ld+json\" class=\"yoast-schema-graph\">{\"@context\":\"https:\/\/schema.org\",\"@graph\":[{\"@type\":\"Article\",\"@id\":\"https:\/\/vosgesinfo.fr\/remiremontinfo\/2023\/05\/cest-lheure-grandes-vacances-myriam\/#article\",\"isPartOf\":{\"@id\":\"https:\/\/vosgesinfo.fr\/remiremontinfo\/2023\/05\/cest-lheure-grandes-vacances-myriam\/\"},\"author\":{\"name\":\"C.M\",\"@id\":\"https:\/\/vosgesinfo.fr\/remiremontinfo\/#\/schema\/person\/27fd50bfa0474755c339da9cdfc89f3d\"},\"headline\":\"C\u2019est l\u2019heure des Grandes Vacances pour Myriam !\",\"datePublished\":\"2023-05-30T16:18:23+00:00\",\"dateModified\":\"2023-05-30T16:18:23+00:00\",\"mainEntityOfPage\":{\"@id\":\"https:\/\/vosgesinfo.fr\/remiremontinfo\/2023\/05\/cest-lheure-grandes-vacances-myriam\/\"},\"wordCount\":458,\"commentCount\":0,\"publisher\":{\"@id\":\"https:\/\/vosgesinfo.fr\/remiremontinfo\/#organization\"},\"image\":{\"@id\":\"https:\/\/vosgesinfo.fr\/remiremontinfo\/2023\/05\/cest-lheure-grandes-vacances-myriam\/#primaryimage\"},\"thumbnailUrl\":\"https:\/\/vosgesinfo.fr\/app\/uploads\/sites\/5\/2024\/09\/202305dsc-0129.jpg\",\"keywords\":[\"\u00e9cole r\u00e9villon\",\"myriam\",\"remiremont atsem\"],\"articleSection\":[\"A la Une\",\"\u00c9ducation\",\"Remiremont\",\"Remiremont &amp; son canton\"],\"inLanguage\":\"fr-FR\",\"potentialAction\":[{\"@type\":\"CommentAction\",\"name\":\"Comment\",\"target\":[\"https:\/\/vosgesinfo.fr\/remiremontinfo\/2023\/05\/cest-lheure-grandes-vacances-myriam\/#respond\"]}]},{\"@type\":\"WebPage\",\"@id\":\"https:\/\/vosgesinfo.fr\/remiremontinfo\/2023\/05\/cest-lheure-grandes-vacances-myriam\/\",\"url\":\"https:\/\/vosgesinfo.fr\/remiremontinfo\/2023\/05\/cest-lheure-grandes-vacances-myriam\/\",\"name\":\"C\u2019est l\u2019heure des Grandes Vacances pour Myriam ! - Remiremont Info\",\"isPartOf\":{\"@id\":\"https:\/\/vosgesinfo.fr\/remiremontinfo\/#website\"},\"primaryImageOfPage\":{\"@id\":\"https:\/\/vosgesinfo.fr\/remiremontinfo\/2023\/05\/cest-lheure-grandes-vacances-myriam\/#primaryimage\"},\"image\":{\"@id\":\"https:\/\/vosgesinfo.fr\/remiremontinfo\/2023\/05\/cest-lheure-grandes-vacances-myriam\/#primaryimage\"},\"thumbnailUrl\":\"https:\/\/vosgesinfo.fr\/app\/uploads\/sites\/5\/2024\/09\/202305dsc-0129.jpg\",\"datePublished\":\"2023-05-30T16:18:23+00:00\",\"dateModified\":\"2023-05-30T16:18:23+00:00\",\"breadcrumb\":{\"@id\":\"https:\/\/vosgesinfo.fr\/remiremontinfo\/2023\/05\/cest-lheure-grandes-vacances-myriam\/#breadcrumb\"},\"inLanguage\":\"fr-FR\",\"potentialAction\":[{\"@type\":\"ReadAction\",\"target\":[\"https:\/\/vosgesinfo.fr\/remiremontinfo\/2023\/05\/cest-lheure-grandes-vacances-myriam\/\"]}]},{\"@type\":\"ImageObject\",\"inLanguage\":\"fr-FR\",\"@id\":\"https:\/\/vosgesinfo.fr\/remiremontinfo\/2023\/05\/cest-lheure-grandes-vacances-myriam\/#primaryimage\",\"url\":\"https:\/\/vosgesinfo.fr\/app\/uploads\/sites\/5\/2024\/09\/202305dsc-0129.jpg\",\"contentUrl\":\"https:\/\/vosgesinfo.fr\/app\/uploads\/sites\/5\/2024\/09\/202305dsc-0129.jpg\",\"width\":1600,\"height\":1063},{\"@type\":\"BreadcrumbList\",\"@id\":\"https:\/\/vosgesinfo.fr\/remiremontinfo\/2023\/05\/cest-lheure-grandes-vacances-myriam\/#breadcrumb\",\"itemListElement\":[{\"@type\":\"ListItem\",\"position\":1,\"name\":\"Home\",\"item\":\"https:\/\/vosgesinfo.fr\/remiremontinfo\/\"},{\"@type\":\"ListItem\",\"position\":2,\"name\":\"C\u2019est l\u2019heure des Grandes Vacances pour Myriam !\"}]},{\"@type\":\"WebSite\",\"@id\":\"https:\/\/vosgesinfo.fr\/remiremontinfo\/#website\",\"url\":\"https:\/\/vosgesinfo.fr\/remiremontinfo\/\",\"name\":\"Remiremont Info\",\"description\":\"Toute l&#039;actualit\u00e9 de Remiremont\",\"publisher\":{\"@id\":\"https:\/\/vosgesinfo.fr\/remiremontinfo\/#organization\"},\"alternateName\":\"Toute l'actualit\u00e9 de Remiremont\",\"potentialAction\":[{\"@type\":\"SearchAction\",\"target\":{\"@type\":\"EntryPoint\",\"urlTemplate\":\"https:\/\/vosgesinfo.fr\/remiremontinfo\/?s={search_term_string}\"},\"query-input\":\"required name=search_term_string\"}],\"inLanguage\":\"fr-FR\"},{\"@type\":\"Organization\",\"@id\":\"https:\/\/vosgesinfo.fr\/remiremontinfo\/#organization\",\"name\":\"Remiremont Info\",\"url\":\"https:\/\/vosgesinfo.fr\/remiremontinfo\/\",\"logo\":{\"@type\":\"ImageObject\",\"inLanguage\":\"fr-FR\",\"@id\":\"https:\/\/vosgesinfo.fr\/remiremontinfo\/#\/schema\/logo\/image\/\",\"url\":\"https:\/\/vosgesinfo.fr\/app\/uploads\/sites\/5\/2023\/08\/favicon-remiremontinfo.png\",\"contentUrl\":\"https:\/\/vosgesinfo.fr\/app\/uploads\/sites\/5\/2023\/08\/favicon-remiremontinfo.png\",\"width\":512,\"height\":512,\"caption\":\"Remiremont Info\"},\"image\":{\"@id\":\"https:\/\/vosgesinfo.fr\/remiremontinfo\/#\/schema\/logo\/image\/\"},\"sameAs\":[\"https:\/\/www.facebook.com\/remiremontinfo\",\"https:\/\/x.com\/VosgesInfo88\",\"https:\/\/www.youtube.com\/@vosgesinfo\"]},{\"@type\":\"Person\",\"@id\":\"https:\/\/vosgesinfo.fr\/remiremontinfo\/#\/schema\/person\/27fd50bfa0474755c339da9cdfc89f3d\",\"name\":\"C.M\",\"image\":{\"@type\":\"ImageObject\",\"inLanguage\":\"fr-FR\",\"@id\":\"https:\/\/vosgesinfo.fr\/remiremontinfo\/#\/schema\/person\/image\/\",\"url\":\"https:\/\/secure.gravatar.com\/avatar\/aeefb88e08fc3e19fa733c61898f1bec4517042b8355098e757f11b4d3d4df70?s=96&d=mm&r=g\",\"contentUrl\":\"https:\/\/secure.gravatar.com\/avatar\/aeefb88e08fc3e19fa733c61898f1bec4517042b8355098e757f11b4d3d4df70?s=96&d=mm&r=g\",\"caption\":\"C.M\"},\"url\":\"https:\/\/vosgesinfo.fr\/remiremontinfo\/author\/cathy88200\/\"}]}<\/script>\n<!-- \/ Yoast SEO plugin. -->","yoast_head_json":{"title":"C\u2019est l\u2019heure des Grandes Vacances pour Myriam ! - Remiremont Info","robots":{"index":"index","follow":"follow","max-snippet":"max-snippet:-1","max-image-preview":"max-image-preview:large","max-video-preview":"max-video-preview:-1"},"canonical":"https:\/\/vosgesinfo.fr\/remiremontinfo\/2023\/05\/cest-lheure-grandes-vacances-myriam\/","twitter_card":"summary_large_image","twitter_title":"C\u2019est l\u2019heure des Grandes Vacances pour Myriam ! - Remiremont Info","twitter_description":"Aujourd\u2019hui est une journ\u00e9e particuli\u00e8re pour Myriam Nguyen. Une journ\u00e9e o\u00f9, d\u00e8s le matin, les larmes perlent au coin des [&hellip;]","twitter_image":"https:\/\/vosgesinfo.fr\/app\/uploads\/sites\/5\/2024\/09\/202305dsc-0129.jpg","twitter_creator":"@VosgesInfo88","twitter_site":"@VosgesInfo88","twitter_misc":{"\u00c9crit par":"C.M","Dur\u00e9e de lecture estim\u00e9e":"2 minutes"},"schema":{"@context":"https:\/\/schema.org","@graph":[{"@type":"Article","@id":"https:\/\/vosgesinfo.fr\/remiremontinfo\/2023\/05\/cest-lheure-grandes-vacances-myriam\/#article","isPartOf":{"@id":"https:\/\/vosgesinfo.fr\/remiremontinfo\/2023\/05\/cest-lheure-grandes-vacances-myriam\/"},"author":{"name":"C.M","@id":"https:\/\/vosgesinfo.fr\/remiremontinfo\/#\/schema\/person\/27fd50bfa0474755c339da9cdfc89f3d"},"headline":"C\u2019est l\u2019heure des Grandes Vacances pour Myriam !","datePublished":"2023-05-30T16:18:23+00:00","dateModified":"2023-05-30T16:18:23+00:00","mainEntityOfPage":{"@id":"https:\/\/vosgesinfo.fr\/remiremontinfo\/2023\/05\/cest-lheure-grandes-vacances-myriam\/"},"wordCount":458,"commentCount":0,"publisher":{"@id":"https:\/\/vosgesinfo.fr\/remiremontinfo\/#organization"},"image":{"@id":"https:\/\/vosgesinfo.fr\/remiremontinfo\/2023\/05\/cest-lheure-grandes-vacances-myriam\/#primaryimage"},"thumbnailUrl":"https:\/\/vosgesinfo.fr\/app\/uploads\/sites\/5\/2024\/09\/202305dsc-0129.jpg","keywords":["\u00e9cole r\u00e9villon","myriam","remiremont atsem"],"articleSection":["A la Une","\u00c9ducation","Remiremont","Remiremont &amp; son canton"],"inLanguage":"fr-FR","potentialAction":[{"@type":"CommentAction","name":"Comment","target":["https:\/\/vosgesinfo.fr\/remiremontinfo\/2023\/05\/cest-lheure-grandes-vacances-myriam\/#respond"]}]},{"@type":"WebPage","@id":"https:\/\/vosgesinfo.fr\/remiremontinfo\/2023\/05\/cest-lheure-grandes-vacances-myriam\/","url":"https:\/\/vosgesinfo.fr\/remiremontinfo\/2023\/05\/cest-lheure-grandes-vacances-myriam\/","name":"C\u2019est l\u2019heure des Grandes Vacances pour Myriam ! - Remiremont Info","isPartOf":{"@id":"https:\/\/vosgesinfo.fr\/remiremontinfo\/#website"},"primaryImageOfPage":{"@id":"https:\/\/vosgesinfo.fr\/remiremontinfo\/2023\/05\/cest-lheure-grandes-vacances-myriam\/#primaryimage"},"image":{"@id":"https:\/\/vosgesinfo.fr\/remiremontinfo\/2023\/05\/cest-lheure-grandes-vacances-myriam\/#primaryimage"},"thumbnailUrl":"https:\/\/vosgesinfo.fr\/app\/uploads\/sites\/5\/2024\/09\/202305dsc-0129.jpg","datePublished":"2023-05-30T16:18:23+00:00","dateModified":"2023-05-30T16:18:23+00:00","breadcrumb":{"@id":"https:\/\/vosgesinfo.fr\/remiremontinfo\/2023\/05\/cest-lheure-grandes-vacances-myriam\/#breadcrumb"},"inLanguage":"fr-FR","potentialAction":[{"@type":"ReadAction","target":["https:\/\/vosgesinfo.fr\/remiremontinfo\/2023\/05\/cest-lheure-grandes-vacances-myriam\/"]}]},{"@type":"ImageObject","inLanguage":"fr-FR","@id":"https:\/\/vosgesinfo.fr\/remiremontinfo\/2023\/05\/cest-lheure-grandes-vacances-myriam\/#primaryimage","url":"https:\/\/vosgesinfo.fr\/app\/uploads\/sites\/5\/2024\/09\/202305dsc-0129.jpg","contentUrl":"https:\/\/vosgesinfo.fr\/app\/uploads\/sites\/5\/2024\/09\/202305dsc-0129.jpg","width":1600,"height":1063},{"@type":"BreadcrumbList","@id":"https:\/\/vosgesinfo.fr\/remiremontinfo\/2023\/05\/cest-lheure-grandes-vacances-myriam\/#breadcrumb","itemListElement":[{"@type":"ListItem","position":1,"name":"Home","item":"https:\/\/vosgesinfo.fr\/remiremontinfo\/"},{"@type":"ListItem","position":2,"name":"C\u2019est l\u2019heure des Grandes Vacances pour Myriam !"}]},{"@type":"WebSite","@id":"https:\/\/vosgesinfo.fr\/remiremontinfo\/#website","url":"https:\/\/vosgesinfo.fr\/remiremontinfo\/","name":"Remiremont Info","description":"Toute l&#039;actualit\u00e9 de Remiremont","publisher":{"@id":"https:\/\/vosgesinfo.fr\/remiremontinfo\/#organization"},"alternateName":"Toute l'actualit\u00e9 de Remiremont","potentialAction":[{"@type":"SearchAction","target":{"@type":"EntryPoint","urlTemplate":"https:\/\/vosgesinfo.fr\/remiremontinfo\/?s={search_term_string}"},"query-input":"required name=search_term_string"}],"inLanguage":"fr-FR"},{"@type":"Organization","@id":"https:\/\/vosgesinfo.fr\/remiremontinfo\/#organization","name":"Remiremont Info","url":"https:\/\/vosgesinfo.fr\/remiremontinfo\/","logo":{"@type":"ImageObject","inLanguage":"fr-FR","@id":"https:\/\/vosgesinfo.fr\/remiremontinfo\/#\/schema\/logo\/image\/","url":"https:\/\/vosgesinfo.fr\/app\/uploads\/sites\/5\/2023\/08\/favicon-remiremontinfo.png","contentUrl":"https:\/\/vosgesinfo.fr\/app\/uploads\/sites\/5\/2023\/08\/favicon-remiremontinfo.png","width":512,"height":512,"caption":"Remiremont Info"},"image":{"@id":"https:\/\/vosgesinfo.fr\/remiremontinfo\/#\/schema\/logo\/image\/"},"sameAs":["https:\/\/www.facebook.com\/remiremontinfo","https:\/\/x.com\/VosgesInfo88","https:\/\/www.youtube.com\/@vosgesinfo"]},{"@type":"Person","@id":"https:\/\/vosgesinfo.fr\/remiremontinfo\/#\/schema\/person\/27fd50bfa0474755c339da9cdfc89f3d","name":"C.M","image":{"@type":"ImageObject","inLanguage":"fr-FR","@id":"https:\/\/vosgesinfo.fr\/remiremontinfo\/#\/schema\/person\/image\/","url":"https:\/\/secure.gravatar.com\/avatar\/aeefb88e08fc3e19fa733c61898f1bec4517042b8355098e757f11b4d3d4df70?s=96&d=mm&r=g","contentUrl":"https:\/\/secure.gravatar.com\/avatar\/aeefb88e08fc3e19fa733c61898f1bec4517042b8355098e757f11b4d3d4df70?s=96&d=mm&r=g","caption":"C.M"},"url":"https:\/\/vosgesinfo.fr\/remiremontinfo\/author\/cathy88200\/"}]}},"_links":{"self":[{"href":"https:\/\/vosgesinfo.fr\/remiremontinfo\/wp-json\/wp\/v2\/posts\/71608","targetHints":{"allow":["GET"]}}],"collection":[{"href":"https:\/\/vosgesinfo.fr\/remiremontinfo\/wp-json\/wp\/v2\/posts"}],"about":[{"href":"https:\/\/vosgesinfo.fr\/remiremontinfo\/wp-json\/wp\/v2\/types\/post"}],"author":[{"embeddable":true,"href":"https:\/\/vosgesinfo.fr\/remiremontinfo\/wp-json\/wp\/v2\/users\/411"}],"replies":[{"embeddable":true,"href":"https:\/\/vosgesinfo.fr\/remiremontinfo\/wp-json\/wp\/v2\/comments?post=71608"}],"version-history":[{"count":0,"href":"https:\/\/vosgesinfo.fr\/remiremontinfo\/wp-json\/wp\/v2\/posts\/71608\/revisions"}],"wp:featuredmedia":[{"embeddable":true,"href":"https:\/\/vosgesinfo.fr\/remiremontinfo\/wp-json\/wp\/v2\/media\/71609"}],"wp:attachment":[{"href":"https:\/\/vosgesinfo.fr\/remiremontinfo\/wp-json\/wp\/v2\/media?parent=71608"}],"wp:term":[{"taxonomy":"category","embeddable":true,"href":"https:\/\/vosgesinfo.fr\/remiremontinfo\/wp-json\/wp\/v2\/categories?post=71608"},{"taxonomy":"post_tag","embeddable":true,"href":"https:\/\/vosgesinfo.fr\/remiremontinfo\/wp-json\/wp\/v2\/tags?post=71608"}],"curies":[{"name":"wp","href":"https:\/\/api.w.org\/{rel}","templated":true}]}}