{"id":71658,"date":"2023-05-31T21:26:33","date_gmt":"2023-05-31T19:26:33","guid":{"rendered":"https:\/\/vosgesinfo.fr\/remiremontinfo\/2023\/05\/twirling-route-championnats-monde-alan-tilia\/"},"modified":"2023-05-31T21:26:33","modified_gmt":"2023-05-31T19:26:33","slug":"twirling-route-championnats-monde-alan-tilia","status":"publish","type":"post","link":"https:\/\/vosgesinfo.fr\/remiremontinfo\/2023\/05\/twirling-route-championnats-monde-alan-tilia\/","title":{"rendered":"Twirling : en route pour les championnats du monde pour Alan et Tilia"},"content":{"rendered":"<p><a href=\"\/2023\/05\/350672845_301427812210744_5746146944816979702_n.jpg\"><img decoding=\"async\" class=\"aligncenter size-large wp-image-371092\" src=\"\/2023\/05\/350672845_301427812210744_5746146944816979702_n-1024x768.jpg\" alt=\"350672845_301427812210744_5746146944816979702_n\" width=\"960\" height=\"720\" \/><\/a><\/p>\n<h3 class=\"Normal tm5\"><span class=\"tm6\">Les athl\u00e8tes du Twirling b\u00e2ton ont disput\u00e9 les championnats de France le week-end du 27 au 29 mai, \u00e0 Boulogne sur Mer et tous se sont tr\u00e8s bien illustr\u00e9s.<\/span><\/h3>\n<p class=\"Normal tm5\"><span class=\"tm6\">Des sportifs qui ont tout donn\u00e9 pendant ces trois jours intenses de comp\u00e9titions, la plupart d&rsquo;entre eux participant \u00e0 leur premier championnat de France.<\/span><\/p>\n<p class=\"Normal tm5\"><span class=\"tm6\">Quant aux r\u00e9sultats, le club n\u2019est pas peu fier d\u2019annoncer, avec juste raison, l\u2019obtention de quatre titres de champions de France ! <\/span><\/p>\n<p class=\"Normal tm5\"><span class=\"tm6\">Un pour le duo Alan Moussaoui et Tilia Ruhl, deux pour Alan en 2 et 3 b\u00e2tons et un pour Noa <\/span><span class=\"tm7\">DUSSAUSSOIS, <\/span><span class=\"tm7\">1<\/span><span class=\"tm7\">er champion de France <\/span><span class=\"tm6\">en minime\/cadet en 1 b\u00e2ton, ce qui lui permet d&rsquo;acc\u00e9der \u00e0 la cat\u00e9gorie interm\u00e9diaire la saison prochaine.<\/span><\/p>\n<p class=\"Normal tm5\"><span class=\"tm6\">Alan revient \u00e9galement avec deux titres de vice champion de France.<\/span><\/p>\n<p class=\"Normal tm5\"><span class=\"tm6\">On l&rsquo;a compris, ce week-end a \u00e9t\u00e9 fort en \u00e9motion, tant pour les comp\u00e9titeurs que pour leurs coachs Alexandra EHLINGER et Betty MAILLARD, qui ont vu l\u00e0 le r\u00e9sultat de tr\u00e8s nombreuses heures d\u2019entra\u00eenements pass\u00e9es au gymnase sans faiblir tout au long de la saison.<br \/>\n<\/span><\/p>\n<p class=\"Normal tm5\"><span class=\"tm6\">Le dernier rendez-vous de tous ces athl\u00e8tes se fera en terre romarimontaine pour le gala le 1er juillet au gymnase Charlet de Remiremont.<\/span><\/p>\n<p class=\"Normal tm5\"><span class=\"tm6\">Quant \u00e0 Alan et Tilia, ils vont de nouveau reprendre les entrainements pour d\u00e9fendre haut les couleurs de la commune, mais surtout de la France aux championnats du monde \u00e0 Liverpool.<\/span><\/p>\n<p class=\"Normal tm5\"><span class=\"tm6\">\u00a0<\/span><\/p>\n\n<p class=\"Normal tm5\"><span class=\"tm6\">\u00a0<\/span><\/p>\n<p>&nbsp;<\/p>\n","protected":false},"excerpt":{"rendered":"<p>Les athl\u00e8tes du Twirling b\u00e2ton ont disput\u00e9 les championnats de France le week-end du 27 au 29 mai, \u00e0 Boulogne [&hellip;]<\/p>\n","protected":false},"author":411,"featured_media":71659,"comment_status":"open","ping_status":"open","sticky":false,"template":"","format":"standard","meta":{"footnotes":""},"categories":[26,1556,35,14],"tags":[1429],"class_list":["post-71658","post","type-post","status-publish","format-standard","has-post-thumbnail","hentry","category-a-la-une","category-remiremont-remiremont-son-canton-2","category-remiremont-son-canton","category-sport","tag-twirling"],"acf":[],"yoast_head":"<!-- This site is optimized with the Yoast SEO plugin v22.5 - https:\/\/yoast.com\/wordpress\/plugins\/seo\/ -->\n<title>Twirling : en route pour les championnats du monde pour Alan et Tilia - Remiremont Info<\/title>\n<meta name=\"robots\" content=\"index, follow, max-snippet:-1, max-image-preview:large, max-video-preview:-1\" \/>\n<link rel=\"canonical\" href=\"https:\/\/vosgesinfo.fr\/remiremontinfo\/2023\/05\/twirling-route-championnats-monde-alan-tilia\/\" \/>\n<meta name=\"twitter:card\" content=\"summary_large_image\" \/>\n<meta name=\"twitter:title\" content=\"Twirling : en route pour les championnats du monde pour Alan et Tilia - Remiremont Info\" \/>\n<meta name=\"twitter:description\" content=\"Les athl\u00e8tes du Twirling b\u00e2ton ont disput\u00e9 les championnats de France le week-end du 27 au 29 mai, \u00e0 Boulogne [&hellip;]\" \/>\n<meta name=\"twitter:image\" content=\"https:\/\/vosgesinfo.fr\/app\/uploads\/sites\/5\/2024\/09\/202305350672845-301427812210744-5746146944816979702-n.jpg\" \/>\n<meta name=\"twitter:creator\" content=\"@VosgesInfo88\" \/>\n<meta name=\"twitter:site\" content=\"@VosgesInfo88\" \/>\n<meta name=\"twitter:label1\" content=\"\u00c9crit par\" \/>\n\t<meta name=\"twitter:data1\" content=\"C.M\" \/>\n\t<meta name=\"twitter:label2\" content=\"Dur\u00e9e de lecture estim\u00e9e\" \/>\n\t<meta name=\"twitter:data2\" content=\"1 minute\" \/>\n<script type=\"application\/ld+json\" class=\"yoast-schema-graph\">{\"@context\":\"https:\/\/schema.org\",\"@graph\":[{\"@type\":\"Article\",\"@id\":\"https:\/\/vosgesinfo.fr\/remiremontinfo\/2023\/05\/twirling-route-championnats-monde-alan-tilia\/#article\",\"isPartOf\":{\"@id\":\"https:\/\/vosgesinfo.fr\/remiremontinfo\/2023\/05\/twirling-route-championnats-monde-alan-tilia\/\"},\"author\":{\"name\":\"C.M\",\"@id\":\"https:\/\/vosgesinfo.fr\/remiremontinfo\/#\/schema\/person\/27fd50bfa0474755c339da9cdfc89f3d\"},\"headline\":\"Twirling : en route pour les championnats du monde pour Alan et Tilia\",\"datePublished\":\"2023-05-31T19:26:33+00:00\",\"dateModified\":\"2023-05-31T19:26:33+00:00\",\"mainEntityOfPage\":{\"@id\":\"https:\/\/vosgesinfo.fr\/remiremontinfo\/2023\/05\/twirling-route-championnats-monde-alan-tilia\/\"},\"wordCount\":262,\"commentCount\":0,\"publisher\":{\"@id\":\"https:\/\/vosgesinfo.fr\/remiremontinfo\/#organization\"},\"image\":{\"@id\":\"https:\/\/vosgesinfo.fr\/remiremontinfo\/2023\/05\/twirling-route-championnats-monde-alan-tilia\/#primaryimage\"},\"thumbnailUrl\":\"https:\/\/vosgesinfo.fr\/app\/uploads\/sites\/5\/2024\/09\/202305350672845-301427812210744-5746146944816979702-n.jpg\",\"keywords\":[\"Twirling\"],\"articleSection\":[\"A la Une\",\"Remiremont\",\"Remiremont &amp; son canton\",\"Sport\"],\"inLanguage\":\"fr-FR\",\"potentialAction\":[{\"@type\":\"CommentAction\",\"name\":\"Comment\",\"target\":[\"https:\/\/vosgesinfo.fr\/remiremontinfo\/2023\/05\/twirling-route-championnats-monde-alan-tilia\/#respond\"]}]},{\"@type\":\"WebPage\",\"@id\":\"https:\/\/vosgesinfo.fr\/remiremontinfo\/2023\/05\/twirling-route-championnats-monde-alan-tilia\/\",\"url\":\"https:\/\/vosgesinfo.fr\/remiremontinfo\/2023\/05\/twirling-route-championnats-monde-alan-tilia\/\",\"name\":\"Twirling : en route pour les championnats du monde pour Alan et Tilia - Remiremont Info\",\"isPartOf\":{\"@id\":\"https:\/\/vosgesinfo.fr\/remiremontinfo\/#website\"},\"primaryImageOfPage\":{\"@id\":\"https:\/\/vosgesinfo.fr\/remiremontinfo\/2023\/05\/twirling-route-championnats-monde-alan-tilia\/#primaryimage\"},\"image\":{\"@id\":\"https:\/\/vosgesinfo.fr\/remiremontinfo\/2023\/05\/twirling-route-championnats-monde-alan-tilia\/#primaryimage\"},\"thumbnailUrl\":\"https:\/\/vosgesinfo.fr\/app\/uploads\/sites\/5\/2024\/09\/202305350672845-301427812210744-5746146944816979702-n.jpg\",\"datePublished\":\"2023-05-31T19:26:33+00:00\",\"dateModified\":\"2023-05-31T19:26:33+00:00\",\"breadcrumb\":{\"@id\":\"https:\/\/vosgesinfo.fr\/remiremontinfo\/2023\/05\/twirling-route-championnats-monde-alan-tilia\/#breadcrumb\"},\"inLanguage\":\"fr-FR\",\"potentialAction\":[{\"@type\":\"ReadAction\",\"target\":[\"https:\/\/vosgesinfo.fr\/remiremontinfo\/2023\/05\/twirling-route-championnats-monde-alan-tilia\/\"]}]},{\"@type\":\"ImageObject\",\"inLanguage\":\"fr-FR\",\"@id\":\"https:\/\/vosgesinfo.fr\/remiremontinfo\/2023\/05\/twirling-route-championnats-monde-alan-tilia\/#primaryimage\",\"url\":\"https:\/\/vosgesinfo.fr\/app\/uploads\/sites\/5\/2024\/09\/202305350672845-301427812210744-5746146944816979702-n.jpg\",\"contentUrl\":\"https:\/\/vosgesinfo.fr\/app\/uploads\/sites\/5\/2024\/09\/202305350672845-301427812210744-5746146944816979702-n.jpg\",\"width\":2048,\"height\":1536},{\"@type\":\"BreadcrumbList\",\"@id\":\"https:\/\/vosgesinfo.fr\/remiremontinfo\/2023\/05\/twirling-route-championnats-monde-alan-tilia\/#breadcrumb\",\"itemListElement\":[{\"@type\":\"ListItem\",\"position\":1,\"name\":\"Home\",\"item\":\"https:\/\/vosgesinfo.fr\/remiremontinfo\/\"},{\"@type\":\"ListItem\",\"position\":2,\"name\":\"Twirling : en route pour les championnats du monde pour Alan et Tilia\"}]},{\"@type\":\"WebSite\",\"@id\":\"https:\/\/vosgesinfo.fr\/remiremontinfo\/#website\",\"url\":\"https:\/\/vosgesinfo.fr\/remiremontinfo\/\",\"name\":\"Remiremont Info\",\"description\":\"Toute l&#039;actualit\u00e9 de Remiremont\",\"publisher\":{\"@id\":\"https:\/\/vosgesinfo.fr\/remiremontinfo\/#organization\"},\"alternateName\":\"Toute l'actualit\u00e9 de Remiremont\",\"potentialAction\":[{\"@type\":\"SearchAction\",\"target\":{\"@type\":\"EntryPoint\",\"urlTemplate\":\"https:\/\/vosgesinfo.fr\/remiremontinfo\/?s={search_term_string}\"},\"query-input\":\"required name=search_term_string\"}],\"inLanguage\":\"fr-FR\"},{\"@type\":\"Organization\",\"@id\":\"https:\/\/vosgesinfo.fr\/remiremontinfo\/#organization\",\"name\":\"Remiremont Info\",\"url\":\"https:\/\/vosgesinfo.fr\/remiremontinfo\/\",\"logo\":{\"@type\":\"ImageObject\",\"inLanguage\":\"fr-FR\",\"@id\":\"https:\/\/vosgesinfo.fr\/remiremontinfo\/#\/schema\/logo\/image\/\",\"url\":\"https:\/\/vosgesinfo.fr\/app\/uploads\/sites\/5\/2023\/08\/favicon-remiremontinfo.png\",\"contentUrl\":\"https:\/\/vosgesinfo.fr\/app\/uploads\/sites\/5\/2023\/08\/favicon-remiremontinfo.png\",\"width\":512,\"height\":512,\"caption\":\"Remiremont Info\"},\"image\":{\"@id\":\"https:\/\/vosgesinfo.fr\/remiremontinfo\/#\/schema\/logo\/image\/\"},\"sameAs\":[\"https:\/\/www.facebook.com\/remiremontinfo\",\"https:\/\/x.com\/VosgesInfo88\",\"https:\/\/www.youtube.com\/@vosgesinfo\"]},{\"@type\":\"Person\",\"@id\":\"https:\/\/vosgesinfo.fr\/remiremontinfo\/#\/schema\/person\/27fd50bfa0474755c339da9cdfc89f3d\",\"name\":\"C.M\",\"image\":{\"@type\":\"ImageObject\",\"inLanguage\":\"fr-FR\",\"@id\":\"https:\/\/vosgesinfo.fr\/remiremontinfo\/#\/schema\/person\/image\/\",\"url\":\"https:\/\/secure.gravatar.com\/avatar\/aeefb88e08fc3e19fa733c61898f1bec4517042b8355098e757f11b4d3d4df70?s=96&d=mm&r=g\",\"contentUrl\":\"https:\/\/secure.gravatar.com\/avatar\/aeefb88e08fc3e19fa733c61898f1bec4517042b8355098e757f11b4d3d4df70?s=96&d=mm&r=g\",\"caption\":\"C.M\"},\"url\":\"https:\/\/vosgesinfo.fr\/remiremontinfo\/author\/cathy88200\/\"}]}<\/script>\n<!-- \/ Yoast SEO plugin. -->","yoast_head_json":{"title":"Twirling : en route pour les championnats du monde pour Alan et Tilia - Remiremont Info","robots":{"index":"index","follow":"follow","max-snippet":"max-snippet:-1","max-image-preview":"max-image-preview:large","max-video-preview":"max-video-preview:-1"},"canonical":"https:\/\/vosgesinfo.fr\/remiremontinfo\/2023\/05\/twirling-route-championnats-monde-alan-tilia\/","twitter_card":"summary_large_image","twitter_title":"Twirling : en route pour les championnats du monde pour Alan et Tilia - Remiremont Info","twitter_description":"Les athl\u00e8tes du Twirling b\u00e2ton ont disput\u00e9 les championnats de France le week-end du 27 au 29 mai, \u00e0 Boulogne [&hellip;]","twitter_image":"https:\/\/vosgesinfo.fr\/app\/uploads\/sites\/5\/2024\/09\/202305350672845-301427812210744-5746146944816979702-n.jpg","twitter_creator":"@VosgesInfo88","twitter_site":"@VosgesInfo88","twitter_misc":{"\u00c9crit par":"C.M","Dur\u00e9e de lecture estim\u00e9e":"1 minute"},"schema":{"@context":"https:\/\/schema.org","@graph":[{"@type":"Article","@id":"https:\/\/vosgesinfo.fr\/remiremontinfo\/2023\/05\/twirling-route-championnats-monde-alan-tilia\/#article","isPartOf":{"@id":"https:\/\/vosgesinfo.fr\/remiremontinfo\/2023\/05\/twirling-route-championnats-monde-alan-tilia\/"},"author":{"name":"C.M","@id":"https:\/\/vosgesinfo.fr\/remiremontinfo\/#\/schema\/person\/27fd50bfa0474755c339da9cdfc89f3d"},"headline":"Twirling : en route pour les championnats du monde pour Alan et Tilia","datePublished":"2023-05-31T19:26:33+00:00","dateModified":"2023-05-31T19:26:33+00:00","mainEntityOfPage":{"@id":"https:\/\/vosgesinfo.fr\/remiremontinfo\/2023\/05\/twirling-route-championnats-monde-alan-tilia\/"},"wordCount":262,"commentCount":0,"publisher":{"@id":"https:\/\/vosgesinfo.fr\/remiremontinfo\/#organization"},"image":{"@id":"https:\/\/vosgesinfo.fr\/remiremontinfo\/2023\/05\/twirling-route-championnats-monde-alan-tilia\/#primaryimage"},"thumbnailUrl":"https:\/\/vosgesinfo.fr\/app\/uploads\/sites\/5\/2024\/09\/202305350672845-301427812210744-5746146944816979702-n.jpg","keywords":["Twirling"],"articleSection":["A la Une","Remiremont","Remiremont &amp; son canton","Sport"],"inLanguage":"fr-FR","potentialAction":[{"@type":"CommentAction","name":"Comment","target":["https:\/\/vosgesinfo.fr\/remiremontinfo\/2023\/05\/twirling-route-championnats-monde-alan-tilia\/#respond"]}]},{"@type":"WebPage","@id":"https:\/\/vosgesinfo.fr\/remiremontinfo\/2023\/05\/twirling-route-championnats-monde-alan-tilia\/","url":"https:\/\/vosgesinfo.fr\/remiremontinfo\/2023\/05\/twirling-route-championnats-monde-alan-tilia\/","name":"Twirling : en route pour les championnats du monde pour Alan et Tilia - Remiremont Info","isPartOf":{"@id":"https:\/\/vosgesinfo.fr\/remiremontinfo\/#website"},"primaryImageOfPage":{"@id":"https:\/\/vosgesinfo.fr\/remiremontinfo\/2023\/05\/twirling-route-championnats-monde-alan-tilia\/#primaryimage"},"image":{"@id":"https:\/\/vosgesinfo.fr\/remiremontinfo\/2023\/05\/twirling-route-championnats-monde-alan-tilia\/#primaryimage"},"thumbnailUrl":"https:\/\/vosgesinfo.fr\/app\/uploads\/sites\/5\/2024\/09\/202305350672845-301427812210744-5746146944816979702-n.jpg","datePublished":"2023-05-31T19:26:33+00:00","dateModified":"2023-05-31T19:26:33+00:00","breadcrumb":{"@id":"https:\/\/vosgesinfo.fr\/remiremontinfo\/2023\/05\/twirling-route-championnats-monde-alan-tilia\/#breadcrumb"},"inLanguage":"fr-FR","potentialAction":[{"@type":"ReadAction","target":["https:\/\/vosgesinfo.fr\/remiremontinfo\/2023\/05\/twirling-route-championnats-monde-alan-tilia\/"]}]},{"@type":"ImageObject","inLanguage":"fr-FR","@id":"https:\/\/vosgesinfo.fr\/remiremontinfo\/2023\/05\/twirling-route-championnats-monde-alan-tilia\/#primaryimage","url":"https:\/\/vosgesinfo.fr\/app\/uploads\/sites\/5\/2024\/09\/202305350672845-301427812210744-5746146944816979702-n.jpg","contentUrl":"https:\/\/vosgesinfo.fr\/app\/uploads\/sites\/5\/2024\/09\/202305350672845-301427812210744-5746146944816979702-n.jpg","width":2048,"height":1536},{"@type":"BreadcrumbList","@id":"https:\/\/vosgesinfo.fr\/remiremontinfo\/2023\/05\/twirling-route-championnats-monde-alan-tilia\/#breadcrumb","itemListElement":[{"@type":"ListItem","position":1,"name":"Home","item":"https:\/\/vosgesinfo.fr\/remiremontinfo\/"},{"@type":"ListItem","position":2,"name":"Twirling : en route pour les championnats du monde pour Alan et Tilia"}]},{"@type":"WebSite","@id":"https:\/\/vosgesinfo.fr\/remiremontinfo\/#website","url":"https:\/\/vosgesinfo.fr\/remiremontinfo\/","name":"Remiremont Info","description":"Toute l&#039;actualit\u00e9 de Remiremont","publisher":{"@id":"https:\/\/vosgesinfo.fr\/remiremontinfo\/#organization"},"alternateName":"Toute l'actualit\u00e9 de Remiremont","potentialAction":[{"@type":"SearchAction","target":{"@type":"EntryPoint","urlTemplate":"https:\/\/vosgesinfo.fr\/remiremontinfo\/?s={search_term_string}"},"query-input":"required name=search_term_string"}],"inLanguage":"fr-FR"},{"@type":"Organization","@id":"https:\/\/vosgesinfo.fr\/remiremontinfo\/#organization","name":"Remiremont Info","url":"https:\/\/vosgesinfo.fr\/remiremontinfo\/","logo":{"@type":"ImageObject","inLanguage":"fr-FR","@id":"https:\/\/vosgesinfo.fr\/remiremontinfo\/#\/schema\/logo\/image\/","url":"https:\/\/vosgesinfo.fr\/app\/uploads\/sites\/5\/2023\/08\/favicon-remiremontinfo.png","contentUrl":"https:\/\/vosgesinfo.fr\/app\/uploads\/sites\/5\/2023\/08\/favicon-remiremontinfo.png","width":512,"height":512,"caption":"Remiremont Info"},"image":{"@id":"https:\/\/vosgesinfo.fr\/remiremontinfo\/#\/schema\/logo\/image\/"},"sameAs":["https:\/\/www.facebook.com\/remiremontinfo","https:\/\/x.com\/VosgesInfo88","https:\/\/www.youtube.com\/@vosgesinfo"]},{"@type":"Person","@id":"https:\/\/vosgesinfo.fr\/remiremontinfo\/#\/schema\/person\/27fd50bfa0474755c339da9cdfc89f3d","name":"C.M","image":{"@type":"ImageObject","inLanguage":"fr-FR","@id":"https:\/\/vosgesinfo.fr\/remiremontinfo\/#\/schema\/person\/image\/","url":"https:\/\/secure.gravatar.com\/avatar\/aeefb88e08fc3e19fa733c61898f1bec4517042b8355098e757f11b4d3d4df70?s=96&d=mm&r=g","contentUrl":"https:\/\/secure.gravatar.com\/avatar\/aeefb88e08fc3e19fa733c61898f1bec4517042b8355098e757f11b4d3d4df70?s=96&d=mm&r=g","caption":"C.M"},"url":"https:\/\/vosgesinfo.fr\/remiremontinfo\/author\/cathy88200\/"}]}},"_links":{"self":[{"href":"https:\/\/vosgesinfo.fr\/remiremontinfo\/wp-json\/wp\/v2\/posts\/71658","targetHints":{"allow":["GET"]}}],"collection":[{"href":"https:\/\/vosgesinfo.fr\/remiremontinfo\/wp-json\/wp\/v2\/posts"}],"about":[{"href":"https:\/\/vosgesinfo.fr\/remiremontinfo\/wp-json\/wp\/v2\/types\/post"}],"author":[{"embeddable":true,"href":"https:\/\/vosgesinfo.fr\/remiremontinfo\/wp-json\/wp\/v2\/users\/411"}],"replies":[{"embeddable":true,"href":"https:\/\/vosgesinfo.fr\/remiremontinfo\/wp-json\/wp\/v2\/comments?post=71658"}],"version-history":[{"count":0,"href":"https:\/\/vosgesinfo.fr\/remiremontinfo\/wp-json\/wp\/v2\/posts\/71658\/revisions"}],"wp:featuredmedia":[{"embeddable":true,"href":"https:\/\/vosgesinfo.fr\/remiremontinfo\/wp-json\/wp\/v2\/media\/71659"}],"wp:attachment":[{"href":"https:\/\/vosgesinfo.fr\/remiremontinfo\/wp-json\/wp\/v2\/media?parent=71658"}],"wp:term":[{"taxonomy":"category","embeddable":true,"href":"https:\/\/vosgesinfo.fr\/remiremontinfo\/wp-json\/wp\/v2\/categories?post=71658"},{"taxonomy":"post_tag","embeddable":true,"href":"https:\/\/vosgesinfo.fr\/remiremontinfo\/wp-json\/wp\/v2\/tags?post=71658"}],"curies":[{"name":"wp","href":"https:\/\/api.w.org\/{rel}","templated":true}]}}