{"id":71702,"date":"2023-06-02T14:06:48","date_gmt":"2023-06-02T12:06:48","guid":{"rendered":"https:\/\/vosgesinfo.fr\/remiremontinfo\/2023\/06\/projets-boutique-candidatures-ouvertes\/"},"modified":"2023-06-02T14:06:48","modified_gmt":"2023-06-02T12:06:48","slug":"projets-boutique-candidatures-ouvertes","status":"publish","type":"post","link":"https:\/\/vosgesinfo.fr\/remiremontinfo\/2023\/06\/projets-boutique-candidatures-ouvertes\/","title":{"rendered":"Projets \u00ab\u00a0Boutique\u00a0\u00bb : les candidatures sont ouvertes"},"content":{"rendered":"<h3><a href=\"\/2023\/06\/logo_projet_boutique.png\"><img decoding=\"async\" class=\"alignright wp-image-371197 size-large\" src=\"\/2023\/06\/logo_projet_boutique-1024x207.png\" alt=\"logo_projet_boutique\" width=\"960\" height=\"194\" \/><\/a><\/h3>\n<h3><span id=\"page1R_mcid7\" class=\"markedContent\"><span dir=\"ltr\"><span id=\"page1R_mcid5\" class=\"markedContent\"><span dir=\"ltr\">Vous projetez d&rsquo;ouvrir un commerce sur l&rsquo;une des 10 communes de la CCPVM ?<\/span><br \/>\n<span dir=\"ltr\">Vous avez besoin d&rsquo;un coup de pouce ?<\/span><br \/>\n<span dir=\"ltr\">Votre bail n&rsquo;est pas encore sign\u00e9 ?<\/span><br \/>\n<span dir=\"ltr\">La Communaut\u00e9 de Communes de la Porte des Vosges M\u00e9ridionales vous aide \u00e0 obtenir les cl\u00e9s !<\/span><\/span><span id=\"page1R_mcid6\" class=\"markedContent\"><\/span><\/span><\/span><\/h3>\n<p><span id=\"page1R_mcid7\" class=\"markedContent\"><span dir=\"ltr\"><span id=\"page1R_mcid6\" class=\"markedContent\"><span dir=\"ltr\">Les communes de la Communaut\u00e9 de Communes de la Porte des Vosges M\u00e9ridionales (CCPVM) ont<\/span> <span dir=\"ltr\">exprim\u00e9 un besoin g\u00e9n\u00e9ralis\u00e9 de contrer le ph\u00e9nom\u00e8ne de vacance commerciale et de redynamiser leurs<\/span> <span dir=\"ltr\">centres-bourgs.<\/span><\/span><span id=\"page1R_mcid7\" class=\"markedContent\"><br \/>\n<span dir=\"ltr\">A<\/span><span class=\"markedContent\"><span dir=\"ltr\">fi<\/span><\/span><span dir=\"ltr\">n de s<\/span>ti<span dir=\"ltr\">muler le lancement de nouveaux projets d\u2019installa<\/span>tion <span dir=\"ltr\">ou de reprise commerciale, la CCPVM a<\/span> <span dir=\"ltr\">donc d\u00e9cid\u00e9 de r\u00e9it\u00e9rer, du<\/span> <span dir=\"ltr\">1er juin au 18 septembre 2023<\/span><span dir=\"ltr\">, l\u2019appel \u00e0 projets \u00ab Bou<\/span>ti<span dir=\"ltr\">que \u00bb, ini<\/span>ti<span dir=\"ltr\">\u00e9 en 2022.<\/span><\/span><span id=\"page1R_mcid8\" class=\"markedContent\"><\/span><\/span><\/span><\/p>\n<p><span id=\"page1R_mcid7\" class=\"markedContent\"><span dir=\"ltr\"><span id=\"page1R_mcid8\" class=\"markedContent\"><a href=\"\/2023\/06\/afficheboutique1.png\"><img decoding=\"async\" class=\"alignright wp-image-371195 size-medium\" src=\"\/2023\/06\/afficheboutique1-180x255.png\" alt=\"afficheboutique1\" width=\"180\" height=\"255\" \/><\/a><br \/>\n<strong><span dir=\"ltr\">LE CONCEPT ?<\/span><\/strong><\/span><strong><span id=\"page1R_mcid9\" class=\"markedContent\"><br \/>\n<\/span><\/strong><span id=\"page1R_mcid9\" class=\"markedContent\"><span dir=\"ltr\">La CCPVM a pr\u00e9vu une enveloppe de 10 000 \u20ac de r\u00e9compenses partag\u00e9e en 5 laur\u00e9ats, sous forme<\/span><\/span><span id=\"page1R_mcid9\" class=\"markedContent\"> <span dir=\"ltr\">d\u2019aide au loyer sur la premi\u00e8re ann\u00e9e d\u2019installa<\/span>ti<span dir=\"ltr\">on (de 500 \u20ac \u00e0 3 500 \u20ac)<\/span><\/span><span id=\"page1R_mcid10\" class=\"markedContent\"><br \/>\n<\/span><strong><span id=\"page1R_mcid11\" class=\"markedContent\"><br \/>\n<span dir=\"ltr\">LE D\u00c9ROULEMENT ?<\/span><\/span><span id=\"page1R_mcid12\" class=\"markedContent\"><br \/>\n<\/span><\/strong><span id=\"page1R_mcid12\" class=\"markedContent\"><span dir=\"ltr\">&gt; Les porteurs de projets candidatent entre le 1er juin et le 18 septembre 2023.<\/span><\/span><span id=\"page1R_mcid13\" class=\"markedContent\"><br \/>\n<span dir=\"ltr\">&gt; Ils compl\u00e8tent le formulaire en ligne pour d\u00e9crire le projet qu\u2019ils souhaitent d\u00e9velopper :<\/span><br \/>\n<span dir=\"ltr\">pr\u00e9senta<\/span>ti<span dir=\"ltr\">on du projet, d\u00e9marches d\u00e9j\u00e0 r\u00e9alis\u00e9es, \u00e9tude de march\u00e9, plan de<\/span><span class=\"markedContent\"> <span dir=\"ltr\">fi<\/span><\/span><span dir=\"ltr\">nancement&#8230;<\/span><\/span><span id=\"page1R_mcid14\" class=\"markedContent\"><br \/>\n<span dir=\"ltr\">&gt; Les candidats pr\u00e9s\u00e9lectio<\/span><span dir=\"ltr\">nn\u00e9s se pr\u00e9sentent ensuite devant un jury et d\u00e9fendent la qualit\u00e9 de leur<\/span> <span dir=\"ltr\">projet, son \u00e9quipe, sa localisati<\/span><span dir=\"ltr\">on, sa capacit\u00e9 \u00e0 r\u00e9pondre \u00e0 un besoin local, son caract\u00e8re innovant<\/span>&#8230; <span dir=\"ltr\">ou son originalit\u00e9..<\/span><\/span><\/span><\/span><\/p>\n<p><span id=\"page1R_mcid16\" class=\"markedContent\"><span dir=\"ltr\">Le commerce peut se situer sur<\/span> <span dir=\"ltr\">les 10 communes de la CCPVM<\/span> <span dir=\"ltr\">:<\/span> <span dir=\"ltr\">Dommarti<\/span><span dir=\"ltr\">n-l\u00e8s-Remiremont<\/span> <span dir=\"ltr\">\/<\/span> <span dir=\"ltr\">\u00c9loyes<\/span> <span dir=\"ltr\">\/<\/span> <span dir=\"ltr\">Girmont-Val-d\u2019Ajol<\/span> <span dir=\"ltr\">\/<\/span> <span dir=\"ltr\">Le Val-d\u2019Ajol<\/span> <span dir=\"ltr\">\/<\/span> <span dir=\"ltr\">Plombi\u00e8res-les-Bains<\/span> <span dir=\"ltr\">\/<\/span><br \/>\n<span dir=\"ltr\">Remiremont<\/span> <span dir=\"ltr\">\/<\/span> <span dir=\"ltr\">Saint-Am\u00e9<\/span> <span dir=\"ltr\">\/<\/span> <span dir=\"ltr\">Saint-\u00c9<\/span>ti<span dir=\"ltr\">enne-l\u00e8s-Remiremont<\/span> <span dir=\"ltr\">\/<\/span> <span dir=\"ltr\">Saint-Nabord<\/span> <span dir=\"ltr\">\/<\/span> <span dir=\"ltr\">Vecoux<\/span><\/span><\/p>\n<p><span id=\"page1R_mcid17\" class=\"markedContent\"><span id=\"page1R_mcid18\" class=\"markedContent\"><span dir=\"ltr\">Toutes les informa<\/span>ti<span dir=\"ltr\">ons, r\u00e8glement o<\/span><span class=\"markedContent\"><span dir=\"ltr\">ffi<\/span><\/span><span dir=\"ltr\">ciel, lien d\u2019inscripti<\/span><span dir=\"ltr\">on, etc. sont disponibles sur la page<\/span><\/span><span id=\"page1R_mcid19\" class=\"markedContent\"> <span dir=\"ltr\">d\u00e9di\u00e9e sur site de la CCPVM :<\/span><\/span><span id=\"page1R_mcid20\" class=\"markedContent\"><br \/>\n<span dir=\"ltr\">h<\/span><span class=\"markedContent\"><span dir=\"ltr\">f<\/span><\/span><span dir=\"ltr\">ps:\/\/www.ccpvm.fr\/economie\/appel-a-projet-crea<\/span><span class=\"markedContent\"><span dir=\"ltr\">H<\/span><\/span><span dir=\"ltr\">on-ou-reprise-commerce<\/span><\/span><\/span><\/p>\n<p>&nbsp;<\/p>\n<p>&nbsp;<\/p>\n","protected":false},"excerpt":{"rendered":"<p>Vous projetez d&rsquo;ouvrir un commerce sur l&rsquo;une des 10 communes de la CCPVM ? Vous avez besoin d&rsquo;un coup de [&hellip;]<\/p>\n","protected":false},"author":411,"featured_media":71703,"comment_status":"open","ping_status":"open","sticky":false,"template":"","format":"standard","meta":{"footnotes":""},"categories":[26,120,1556,35],"tags":[],"class_list":["post-71702","post","type-post","status-publish","format-standard","has-post-thumbnail","hentry","category-a-la-une","category-commerce","category-remiremont-remiremont-son-canton-2","category-remiremont-son-canton"],"acf":[],"yoast_head":"<!-- This site is optimized with the Yoast SEO plugin v22.5 - https:\/\/yoast.com\/wordpress\/plugins\/seo\/ -->\n<title>Projets &quot;Boutique&quot; : les candidatures sont ouvertes - Remiremont Info<\/title>\n<meta name=\"robots\" content=\"index, follow, max-snippet:-1, max-image-preview:large, max-video-preview:-1\" \/>\n<link rel=\"canonical\" href=\"https:\/\/vosgesinfo.fr\/remiremontinfo\/2023\/06\/projets-boutique-candidatures-ouvertes\/\" \/>\n<meta name=\"twitter:card\" content=\"summary_large_image\" \/>\n<meta name=\"twitter:title\" content=\"Projets &quot;Boutique&quot; : les candidatures sont ouvertes - Remiremont Info\" \/>\n<meta name=\"twitter:description\" content=\"Vous projetez d&rsquo;ouvrir un commerce sur l&rsquo;une des 10 communes de la CCPVM ? Vous avez besoin d&rsquo;un coup de [&hellip;]\" \/>\n<meta name=\"twitter:image\" content=\"https:\/\/vosgesinfo.fr\/app\/uploads\/sites\/5\/2024\/09\/202306afficheboutique1.png\" \/>\n<meta name=\"twitter:creator\" content=\"@VosgesInfo88\" \/>\n<meta name=\"twitter:site\" content=\"@VosgesInfo88\" \/>\n<meta name=\"twitter:label1\" content=\"\u00c9crit par\" \/>\n\t<meta name=\"twitter:data1\" content=\"C.M\" \/>\n\t<meta name=\"twitter:label2\" content=\"Dur\u00e9e de lecture estim\u00e9e\" \/>\n\t<meta name=\"twitter:data2\" content=\"1 minute\" \/>\n<script type=\"application\/ld+json\" class=\"yoast-schema-graph\">{\"@context\":\"https:\/\/schema.org\",\"@graph\":[{\"@type\":\"Article\",\"@id\":\"https:\/\/vosgesinfo.fr\/remiremontinfo\/2023\/06\/projets-boutique-candidatures-ouvertes\/#article\",\"isPartOf\":{\"@id\":\"https:\/\/vosgesinfo.fr\/remiremontinfo\/2023\/06\/projets-boutique-candidatures-ouvertes\/\"},\"author\":{\"name\":\"C.M\",\"@id\":\"https:\/\/vosgesinfo.fr\/remiremontinfo\/#\/schema\/person\/27fd50bfa0474755c339da9cdfc89f3d\"},\"headline\":\"Projets \u00ab\u00a0Boutique\u00a0\u00bb : les candidatures sont ouvertes\",\"datePublished\":\"2023-06-02T12:06:48+00:00\",\"dateModified\":\"2023-06-02T12:06:48+00:00\",\"mainEntityOfPage\":{\"@id\":\"https:\/\/vosgesinfo.fr\/remiremontinfo\/2023\/06\/projets-boutique-candidatures-ouvertes\/\"},\"wordCount\":319,\"commentCount\":0,\"publisher\":{\"@id\":\"https:\/\/vosgesinfo.fr\/remiremontinfo\/#organization\"},\"image\":{\"@id\":\"https:\/\/vosgesinfo.fr\/remiremontinfo\/2023\/06\/projets-boutique-candidatures-ouvertes\/#primaryimage\"},\"thumbnailUrl\":\"https:\/\/vosgesinfo.fr\/app\/uploads\/sites\/5\/2024\/09\/202306afficheboutique1.png\",\"articleSection\":[\"A la Une\",\"Commerce\",\"Remiremont\",\"Remiremont &amp; son canton\"],\"inLanguage\":\"fr-FR\",\"potentialAction\":[{\"@type\":\"CommentAction\",\"name\":\"Comment\",\"target\":[\"https:\/\/vosgesinfo.fr\/remiremontinfo\/2023\/06\/projets-boutique-candidatures-ouvertes\/#respond\"]}]},{\"@type\":\"WebPage\",\"@id\":\"https:\/\/vosgesinfo.fr\/remiremontinfo\/2023\/06\/projets-boutique-candidatures-ouvertes\/\",\"url\":\"https:\/\/vosgesinfo.fr\/remiremontinfo\/2023\/06\/projets-boutique-candidatures-ouvertes\/\",\"name\":\"Projets \\\"Boutique\\\" : les candidatures sont ouvertes - Remiremont Info\",\"isPartOf\":{\"@id\":\"https:\/\/vosgesinfo.fr\/remiremontinfo\/#website\"},\"primaryImageOfPage\":{\"@id\":\"https:\/\/vosgesinfo.fr\/remiremontinfo\/2023\/06\/projets-boutique-candidatures-ouvertes\/#primaryimage\"},\"image\":{\"@id\":\"https:\/\/vosgesinfo.fr\/remiremontinfo\/2023\/06\/projets-boutique-candidatures-ouvertes\/#primaryimage\"},\"thumbnailUrl\":\"https:\/\/vosgesinfo.fr\/app\/uploads\/sites\/5\/2024\/09\/202306afficheboutique1.png\",\"datePublished\":\"2023-06-02T12:06:48+00:00\",\"dateModified\":\"2023-06-02T12:06:48+00:00\",\"breadcrumb\":{\"@id\":\"https:\/\/vosgesinfo.fr\/remiremontinfo\/2023\/06\/projets-boutique-candidatures-ouvertes\/#breadcrumb\"},\"inLanguage\":\"fr-FR\",\"potentialAction\":[{\"@type\":\"ReadAction\",\"target\":[\"https:\/\/vosgesinfo.fr\/remiremontinfo\/2023\/06\/projets-boutique-candidatures-ouvertes\/\"]}]},{\"@type\":\"ImageObject\",\"inLanguage\":\"fr-FR\",\"@id\":\"https:\/\/vosgesinfo.fr\/remiremontinfo\/2023\/06\/projets-boutique-candidatures-ouvertes\/#primaryimage\",\"url\":\"https:\/\/vosgesinfo.fr\/app\/uploads\/sites\/5\/2024\/09\/202306afficheboutique1.png\",\"contentUrl\":\"https:\/\/vosgesinfo.fr\/app\/uploads\/sites\/5\/2024\/09\/202306afficheboutique1.png\",\"width\":1131,\"height\":1600},{\"@type\":\"BreadcrumbList\",\"@id\":\"https:\/\/vosgesinfo.fr\/remiremontinfo\/2023\/06\/projets-boutique-candidatures-ouvertes\/#breadcrumb\",\"itemListElement\":[{\"@type\":\"ListItem\",\"position\":1,\"name\":\"Home\",\"item\":\"https:\/\/vosgesinfo.fr\/remiremontinfo\/\"},{\"@type\":\"ListItem\",\"position\":2,\"name\":\"Projets \u00ab\u00a0Boutique\u00a0\u00bb : les candidatures sont ouvertes\"}]},{\"@type\":\"WebSite\",\"@id\":\"https:\/\/vosgesinfo.fr\/remiremontinfo\/#website\",\"url\":\"https:\/\/vosgesinfo.fr\/remiremontinfo\/\",\"name\":\"Remiremont Info\",\"description\":\"Toute l&#039;actualit\u00e9 de Remiremont\",\"publisher\":{\"@id\":\"https:\/\/vosgesinfo.fr\/remiremontinfo\/#organization\"},\"alternateName\":\"Toute l'actualit\u00e9 de Remiremont\",\"potentialAction\":[{\"@type\":\"SearchAction\",\"target\":{\"@type\":\"EntryPoint\",\"urlTemplate\":\"https:\/\/vosgesinfo.fr\/remiremontinfo\/?s={search_term_string}\"},\"query-input\":\"required name=search_term_string\"}],\"inLanguage\":\"fr-FR\"},{\"@type\":\"Organization\",\"@id\":\"https:\/\/vosgesinfo.fr\/remiremontinfo\/#organization\",\"name\":\"Remiremont Info\",\"url\":\"https:\/\/vosgesinfo.fr\/remiremontinfo\/\",\"logo\":{\"@type\":\"ImageObject\",\"inLanguage\":\"fr-FR\",\"@id\":\"https:\/\/vosgesinfo.fr\/remiremontinfo\/#\/schema\/logo\/image\/\",\"url\":\"https:\/\/vosgesinfo.fr\/app\/uploads\/sites\/5\/2023\/08\/favicon-remiremontinfo.png\",\"contentUrl\":\"https:\/\/vosgesinfo.fr\/app\/uploads\/sites\/5\/2023\/08\/favicon-remiremontinfo.png\",\"width\":512,\"height\":512,\"caption\":\"Remiremont Info\"},\"image\":{\"@id\":\"https:\/\/vosgesinfo.fr\/remiremontinfo\/#\/schema\/logo\/image\/\"},\"sameAs\":[\"https:\/\/www.facebook.com\/remiremontinfo\",\"https:\/\/x.com\/VosgesInfo88\",\"https:\/\/www.youtube.com\/@vosgesinfo\"]},{\"@type\":\"Person\",\"@id\":\"https:\/\/vosgesinfo.fr\/remiremontinfo\/#\/schema\/person\/27fd50bfa0474755c339da9cdfc89f3d\",\"name\":\"C.M\",\"image\":{\"@type\":\"ImageObject\",\"inLanguage\":\"fr-FR\",\"@id\":\"https:\/\/vosgesinfo.fr\/remiremontinfo\/#\/schema\/person\/image\/\",\"url\":\"https:\/\/secure.gravatar.com\/avatar\/aeefb88e08fc3e19fa733c61898f1bec4517042b8355098e757f11b4d3d4df70?s=96&d=mm&r=g\",\"contentUrl\":\"https:\/\/secure.gravatar.com\/avatar\/aeefb88e08fc3e19fa733c61898f1bec4517042b8355098e757f11b4d3d4df70?s=96&d=mm&r=g\",\"caption\":\"C.M\"},\"url\":\"https:\/\/vosgesinfo.fr\/remiremontinfo\/author\/cathy88200\/\"}]}<\/script>\n<!-- \/ Yoast SEO plugin. -->","yoast_head_json":{"title":"Projets \"Boutique\" : les candidatures sont ouvertes - Remiremont Info","robots":{"index":"index","follow":"follow","max-snippet":"max-snippet:-1","max-image-preview":"max-image-preview:large","max-video-preview":"max-video-preview:-1"},"canonical":"https:\/\/vosgesinfo.fr\/remiremontinfo\/2023\/06\/projets-boutique-candidatures-ouvertes\/","twitter_card":"summary_large_image","twitter_title":"Projets \"Boutique\" : les candidatures sont ouvertes - Remiremont Info","twitter_description":"Vous projetez d&rsquo;ouvrir un commerce sur l&rsquo;une des 10 communes de la CCPVM ? Vous avez besoin d&rsquo;un coup de [&hellip;]","twitter_image":"https:\/\/vosgesinfo.fr\/app\/uploads\/sites\/5\/2024\/09\/202306afficheboutique1.png","twitter_creator":"@VosgesInfo88","twitter_site":"@VosgesInfo88","twitter_misc":{"\u00c9crit par":"C.M","Dur\u00e9e de lecture estim\u00e9e":"1 minute"},"schema":{"@context":"https:\/\/schema.org","@graph":[{"@type":"Article","@id":"https:\/\/vosgesinfo.fr\/remiremontinfo\/2023\/06\/projets-boutique-candidatures-ouvertes\/#article","isPartOf":{"@id":"https:\/\/vosgesinfo.fr\/remiremontinfo\/2023\/06\/projets-boutique-candidatures-ouvertes\/"},"author":{"name":"C.M","@id":"https:\/\/vosgesinfo.fr\/remiremontinfo\/#\/schema\/person\/27fd50bfa0474755c339da9cdfc89f3d"},"headline":"Projets \u00ab\u00a0Boutique\u00a0\u00bb : les candidatures sont ouvertes","datePublished":"2023-06-02T12:06:48+00:00","dateModified":"2023-06-02T12:06:48+00:00","mainEntityOfPage":{"@id":"https:\/\/vosgesinfo.fr\/remiremontinfo\/2023\/06\/projets-boutique-candidatures-ouvertes\/"},"wordCount":319,"commentCount":0,"publisher":{"@id":"https:\/\/vosgesinfo.fr\/remiremontinfo\/#organization"},"image":{"@id":"https:\/\/vosgesinfo.fr\/remiremontinfo\/2023\/06\/projets-boutique-candidatures-ouvertes\/#primaryimage"},"thumbnailUrl":"https:\/\/vosgesinfo.fr\/app\/uploads\/sites\/5\/2024\/09\/202306afficheboutique1.png","articleSection":["A la Une","Commerce","Remiremont","Remiremont &amp; son canton"],"inLanguage":"fr-FR","potentialAction":[{"@type":"CommentAction","name":"Comment","target":["https:\/\/vosgesinfo.fr\/remiremontinfo\/2023\/06\/projets-boutique-candidatures-ouvertes\/#respond"]}]},{"@type":"WebPage","@id":"https:\/\/vosgesinfo.fr\/remiremontinfo\/2023\/06\/projets-boutique-candidatures-ouvertes\/","url":"https:\/\/vosgesinfo.fr\/remiremontinfo\/2023\/06\/projets-boutique-candidatures-ouvertes\/","name":"Projets \"Boutique\" : les candidatures sont ouvertes - Remiremont Info","isPartOf":{"@id":"https:\/\/vosgesinfo.fr\/remiremontinfo\/#website"},"primaryImageOfPage":{"@id":"https:\/\/vosgesinfo.fr\/remiremontinfo\/2023\/06\/projets-boutique-candidatures-ouvertes\/#primaryimage"},"image":{"@id":"https:\/\/vosgesinfo.fr\/remiremontinfo\/2023\/06\/projets-boutique-candidatures-ouvertes\/#primaryimage"},"thumbnailUrl":"https:\/\/vosgesinfo.fr\/app\/uploads\/sites\/5\/2024\/09\/202306afficheboutique1.png","datePublished":"2023-06-02T12:06:48+00:00","dateModified":"2023-06-02T12:06:48+00:00","breadcrumb":{"@id":"https:\/\/vosgesinfo.fr\/remiremontinfo\/2023\/06\/projets-boutique-candidatures-ouvertes\/#breadcrumb"},"inLanguage":"fr-FR","potentialAction":[{"@type":"ReadAction","target":["https:\/\/vosgesinfo.fr\/remiremontinfo\/2023\/06\/projets-boutique-candidatures-ouvertes\/"]}]},{"@type":"ImageObject","inLanguage":"fr-FR","@id":"https:\/\/vosgesinfo.fr\/remiremontinfo\/2023\/06\/projets-boutique-candidatures-ouvertes\/#primaryimage","url":"https:\/\/vosgesinfo.fr\/app\/uploads\/sites\/5\/2024\/09\/202306afficheboutique1.png","contentUrl":"https:\/\/vosgesinfo.fr\/app\/uploads\/sites\/5\/2024\/09\/202306afficheboutique1.png","width":1131,"height":1600},{"@type":"BreadcrumbList","@id":"https:\/\/vosgesinfo.fr\/remiremontinfo\/2023\/06\/projets-boutique-candidatures-ouvertes\/#breadcrumb","itemListElement":[{"@type":"ListItem","position":1,"name":"Home","item":"https:\/\/vosgesinfo.fr\/remiremontinfo\/"},{"@type":"ListItem","position":2,"name":"Projets \u00ab\u00a0Boutique\u00a0\u00bb : les candidatures sont ouvertes"}]},{"@type":"WebSite","@id":"https:\/\/vosgesinfo.fr\/remiremontinfo\/#website","url":"https:\/\/vosgesinfo.fr\/remiremontinfo\/","name":"Remiremont Info","description":"Toute l&#039;actualit\u00e9 de Remiremont","publisher":{"@id":"https:\/\/vosgesinfo.fr\/remiremontinfo\/#organization"},"alternateName":"Toute l'actualit\u00e9 de Remiremont","potentialAction":[{"@type":"SearchAction","target":{"@type":"EntryPoint","urlTemplate":"https:\/\/vosgesinfo.fr\/remiremontinfo\/?s={search_term_string}"},"query-input":"required name=search_term_string"}],"inLanguage":"fr-FR"},{"@type":"Organization","@id":"https:\/\/vosgesinfo.fr\/remiremontinfo\/#organization","name":"Remiremont Info","url":"https:\/\/vosgesinfo.fr\/remiremontinfo\/","logo":{"@type":"ImageObject","inLanguage":"fr-FR","@id":"https:\/\/vosgesinfo.fr\/remiremontinfo\/#\/schema\/logo\/image\/","url":"https:\/\/vosgesinfo.fr\/app\/uploads\/sites\/5\/2023\/08\/favicon-remiremontinfo.png","contentUrl":"https:\/\/vosgesinfo.fr\/app\/uploads\/sites\/5\/2023\/08\/favicon-remiremontinfo.png","width":512,"height":512,"caption":"Remiremont Info"},"image":{"@id":"https:\/\/vosgesinfo.fr\/remiremontinfo\/#\/schema\/logo\/image\/"},"sameAs":["https:\/\/www.facebook.com\/remiremontinfo","https:\/\/x.com\/VosgesInfo88","https:\/\/www.youtube.com\/@vosgesinfo"]},{"@type":"Person","@id":"https:\/\/vosgesinfo.fr\/remiremontinfo\/#\/schema\/person\/27fd50bfa0474755c339da9cdfc89f3d","name":"C.M","image":{"@type":"ImageObject","inLanguage":"fr-FR","@id":"https:\/\/vosgesinfo.fr\/remiremontinfo\/#\/schema\/person\/image\/","url":"https:\/\/secure.gravatar.com\/avatar\/aeefb88e08fc3e19fa733c61898f1bec4517042b8355098e757f11b4d3d4df70?s=96&d=mm&r=g","contentUrl":"https:\/\/secure.gravatar.com\/avatar\/aeefb88e08fc3e19fa733c61898f1bec4517042b8355098e757f11b4d3d4df70?s=96&d=mm&r=g","caption":"C.M"},"url":"https:\/\/vosgesinfo.fr\/remiremontinfo\/author\/cathy88200\/"}]}},"_links":{"self":[{"href":"https:\/\/vosgesinfo.fr\/remiremontinfo\/wp-json\/wp\/v2\/posts\/71702","targetHints":{"allow":["GET"]}}],"collection":[{"href":"https:\/\/vosgesinfo.fr\/remiremontinfo\/wp-json\/wp\/v2\/posts"}],"about":[{"href":"https:\/\/vosgesinfo.fr\/remiremontinfo\/wp-json\/wp\/v2\/types\/post"}],"author":[{"embeddable":true,"href":"https:\/\/vosgesinfo.fr\/remiremontinfo\/wp-json\/wp\/v2\/users\/411"}],"replies":[{"embeddable":true,"href":"https:\/\/vosgesinfo.fr\/remiremontinfo\/wp-json\/wp\/v2\/comments?post=71702"}],"version-history":[{"count":0,"href":"https:\/\/vosgesinfo.fr\/remiremontinfo\/wp-json\/wp\/v2\/posts\/71702\/revisions"}],"wp:featuredmedia":[{"embeddable":true,"href":"https:\/\/vosgesinfo.fr\/remiremontinfo\/wp-json\/wp\/v2\/media\/71703"}],"wp:attachment":[{"href":"https:\/\/vosgesinfo.fr\/remiremontinfo\/wp-json\/wp\/v2\/media?parent=71702"}],"wp:term":[{"taxonomy":"category","embeddable":true,"href":"https:\/\/vosgesinfo.fr\/remiremontinfo\/wp-json\/wp\/v2\/categories?post=71702"},{"taxonomy":"post_tag","embeddable":true,"href":"https:\/\/vosgesinfo.fr\/remiremontinfo\/wp-json\/wp\/v2\/tags?post=71702"}],"curies":[{"name":"wp","href":"https:\/\/api.w.org\/{rel}","templated":true}]}}