{"id":71853,"date":"2023-06-07T15:10:19","date_gmt":"2023-06-07T13:10:19","guid":{"rendered":"https:\/\/vosgesinfo.fr\/remiremontinfo\/2023\/06\/convention-signee-entre-commune-sdis-deux-sapeurs-pompiers-volontaires\/"},"modified":"2023-06-07T15:10:19","modified_gmt":"2023-06-07T13:10:19","slug":"convention-signee-entre-commune-sdis-deux-sapeurs-pompiers-volontaires","status":"publish","type":"post","link":"https:\/\/vosgesinfo.fr\/remiremontinfo\/2023\/06\/convention-signee-entre-commune-sdis-deux-sapeurs-pompiers-volontaires\/","title":{"rendered":"Convention sign\u00e9e entre la commune et le sdis pour deux sapeurs-pompiers volontaires"},"content":{"rendered":"<h3>Dans la magnifique et embl\u00e9matique mairie de Xertigny, V\u00e9ronique Marcot, maire et Dominique P\u00e9duzzi, pr\u00e9sident du SDIS, ont sign\u00e9 une conventions concernant deux sapeurs-pompiers volontaires, \u00e9galement employ\u00e9s communaux, en pr\u00e9sence notamment du colonel Larry Ouvrard, directeur du SDIS et du chef de centre le lieutenant St\u00e9phane Duch\u00eane.<\/h3>\n<p><a href=\"\/2023\/06\/DSC_0318.jpg\"><img decoding=\"async\" class=\"wp-image-371495 size-large aligncenter\" src=\"\/2023\/06\/DSC_0318-1024x680.jpg\" alt=\"convention employeur sdis\" width=\"960\" height=\"638\" \/><\/a><\/p>\n<p>&nbsp;<\/p>\n<p>\u00catre pompier volontaire et avoir une activit\u00e9 professionnelle n&rsquo;est pas incompatible, \u00ab\u00a0<em>mais il est important de bien clarifier les choses. Il est normal de les laisser partir de leur travail pour une urgence pompiers, mais comment s&rsquo;organiser et que faire s&rsquo;il y a une urgence sur la commune. Cette convention permet d&rsquo;\u00e9claircir les choses et de savoir comment agir et ce qu&rsquo;il en est<\/em> \u00a0\u00bb souligne Mme Marcot.<\/p>\n<p>L&rsquo;adjudant-chef Yann Frin-Bodin,\u00a0pompier volontaire, \u00e9galement garde-champ\u00eatre et l&rsquo;adjudant-chef Yannick Hugny, \u00e9galement pompier volontaire et employ\u00e9 communal \u00e9taient les deux personnes concern\u00e9es par cette convention de disponibilit\u00e9.<\/p>\n<p>Dominique Peduzzi a rejoint les propos de Mme Marcot, en ajoutant qu&rsquo;il est \u00ab\u00a0i<em>mportant que la distribution des secours\u00a0 puisse se faire. Cette convention permet de lier les deux institutions. On ne peut que saluer les employeurs publiques et priv\u00e9s qui la signe. Il n&rsquo;y a pas de dualit\u00e9 entre les urgences pompiers et urgences de la commune. Le but n&rsquo;est pas de se d\u00e9munir ni d&rsquo;un c\u00f4t\u00e9 ni de l&rsquo;autre<\/em>\u00ab\u00a0.<\/p>\n\n<p>&nbsp;<\/p>\n","protected":false},"excerpt":{"rendered":"<p>Dans la magnifique et embl\u00e9matique mairie de Xertigny, V\u00e9ronique Marcot, maire et Dominique P\u00e9duzzi, pr\u00e9sident du SDIS, ont sign\u00e9 une [&hellip;]<\/p>\n","protected":false},"author":411,"featured_media":71854,"comment_status":"open","ping_status":"open","sticky":false,"template":"","format":"standard","meta":{"footnotes":""},"categories":[26,82,267],"tags":[481],"class_list":["post-71853","post","type-post","status-publish","format-standard","has-post-thumbnail","hentry","category-a-la-une","category-le-val-dajol-son-canton","category-xertigny","tag-convention"],"acf":[],"yoast_head":"<!-- This site is optimized with the Yoast SEO plugin v22.5 - https:\/\/yoast.com\/wordpress\/plugins\/seo\/ -->\n<title>Convention sign\u00e9e entre la commune et le sdis pour deux sapeurs-pompiers volontaires - Remiremont Info<\/title>\n<meta name=\"robots\" content=\"index, follow, max-snippet:-1, max-image-preview:large, max-video-preview:-1\" \/>\n<link rel=\"canonical\" href=\"https:\/\/vosgesinfo.fr\/remiremontinfo\/2023\/06\/convention-signee-entre-commune-sdis-deux-sapeurs-pompiers-volontaires\/\" \/>\n<meta name=\"twitter:card\" content=\"summary_large_image\" \/>\n<meta name=\"twitter:title\" content=\"Convention sign\u00e9e entre la commune et le sdis pour deux sapeurs-pompiers volontaires - Remiremont Info\" \/>\n<meta name=\"twitter:description\" content=\"Dans la magnifique et embl\u00e9matique mairie de Xertigny, V\u00e9ronique Marcot, maire et Dominique P\u00e9duzzi, pr\u00e9sident du SDIS, ont sign\u00e9 une [&hellip;]\" \/>\n<meta name=\"twitter:image\" content=\"https:\/\/vosgesinfo.fr\/app\/uploads\/sites\/5\/2024\/09\/202306dsc-0318.jpg\" \/>\n<meta name=\"twitter:creator\" content=\"@VosgesInfo88\" \/>\n<meta name=\"twitter:site\" content=\"@VosgesInfo88\" \/>\n<meta name=\"twitter:label1\" content=\"\u00c9crit par\" \/>\n\t<meta name=\"twitter:data1\" content=\"C.M\" \/>\n\t<meta name=\"twitter:label2\" content=\"Dur\u00e9e de lecture estim\u00e9e\" \/>\n\t<meta name=\"twitter:data2\" content=\"1 minute\" \/>\n<script type=\"application\/ld+json\" class=\"yoast-schema-graph\">{\"@context\":\"https:\/\/schema.org\",\"@graph\":[{\"@type\":\"Article\",\"@id\":\"https:\/\/vosgesinfo.fr\/remiremontinfo\/2023\/06\/convention-signee-entre-commune-sdis-deux-sapeurs-pompiers-volontaires\/#article\",\"isPartOf\":{\"@id\":\"https:\/\/vosgesinfo.fr\/remiremontinfo\/2023\/06\/convention-signee-entre-commune-sdis-deux-sapeurs-pompiers-volontaires\/\"},\"author\":{\"name\":\"C.M\",\"@id\":\"https:\/\/vosgesinfo.fr\/remiremontinfo\/#\/schema\/person\/27fd50bfa0474755c339da9cdfc89f3d\"},\"headline\":\"Convention sign\u00e9e entre la commune et le sdis pour deux sapeurs-pompiers volontaires\",\"datePublished\":\"2023-06-07T13:10:19+00:00\",\"dateModified\":\"2023-06-07T13:10:19+00:00\",\"mainEntityOfPage\":{\"@id\":\"https:\/\/vosgesinfo.fr\/remiremontinfo\/2023\/06\/convention-signee-entre-commune-sdis-deux-sapeurs-pompiers-volontaires\/\"},\"wordCount\":258,\"commentCount\":0,\"publisher\":{\"@id\":\"https:\/\/vosgesinfo.fr\/remiremontinfo\/#organization\"},\"image\":{\"@id\":\"https:\/\/vosgesinfo.fr\/remiremontinfo\/2023\/06\/convention-signee-entre-commune-sdis-deux-sapeurs-pompiers-volontaires\/#primaryimage\"},\"thumbnailUrl\":\"https:\/\/vosgesinfo.fr\/app\/uploads\/sites\/5\/2024\/09\/202306dsc-0318.jpg\",\"keywords\":[\"convention\"],\"articleSection\":[\"A la Une\",\"Le Val-d'Ajol &amp; son canton\",\"Xertigny\"],\"inLanguage\":\"fr-FR\",\"potentialAction\":[{\"@type\":\"CommentAction\",\"name\":\"Comment\",\"target\":[\"https:\/\/vosgesinfo.fr\/remiremontinfo\/2023\/06\/convention-signee-entre-commune-sdis-deux-sapeurs-pompiers-volontaires\/#respond\"]}]},{\"@type\":\"WebPage\",\"@id\":\"https:\/\/vosgesinfo.fr\/remiremontinfo\/2023\/06\/convention-signee-entre-commune-sdis-deux-sapeurs-pompiers-volontaires\/\",\"url\":\"https:\/\/vosgesinfo.fr\/remiremontinfo\/2023\/06\/convention-signee-entre-commune-sdis-deux-sapeurs-pompiers-volontaires\/\",\"name\":\"Convention sign\u00e9e entre la commune et le sdis pour deux sapeurs-pompiers volontaires - Remiremont Info\",\"isPartOf\":{\"@id\":\"https:\/\/vosgesinfo.fr\/remiremontinfo\/#website\"},\"primaryImageOfPage\":{\"@id\":\"https:\/\/vosgesinfo.fr\/remiremontinfo\/2023\/06\/convention-signee-entre-commune-sdis-deux-sapeurs-pompiers-volontaires\/#primaryimage\"},\"image\":{\"@id\":\"https:\/\/vosgesinfo.fr\/remiremontinfo\/2023\/06\/convention-signee-entre-commune-sdis-deux-sapeurs-pompiers-volontaires\/#primaryimage\"},\"thumbnailUrl\":\"https:\/\/vosgesinfo.fr\/app\/uploads\/sites\/5\/2024\/09\/202306dsc-0318.jpg\",\"datePublished\":\"2023-06-07T13:10:19+00:00\",\"dateModified\":\"2023-06-07T13:10:19+00:00\",\"breadcrumb\":{\"@id\":\"https:\/\/vosgesinfo.fr\/remiremontinfo\/2023\/06\/convention-signee-entre-commune-sdis-deux-sapeurs-pompiers-volontaires\/#breadcrumb\"},\"inLanguage\":\"fr-FR\",\"potentialAction\":[{\"@type\":\"ReadAction\",\"target\":[\"https:\/\/vosgesinfo.fr\/remiremontinfo\/2023\/06\/convention-signee-entre-commune-sdis-deux-sapeurs-pompiers-volontaires\/\"]}]},{\"@type\":\"ImageObject\",\"inLanguage\":\"fr-FR\",\"@id\":\"https:\/\/vosgesinfo.fr\/remiremontinfo\/2023\/06\/convention-signee-entre-commune-sdis-deux-sapeurs-pompiers-volontaires\/#primaryimage\",\"url\":\"https:\/\/vosgesinfo.fr\/app\/uploads\/sites\/5\/2024\/09\/202306dsc-0318.jpg\",\"contentUrl\":\"https:\/\/vosgesinfo.fr\/app\/uploads\/sites\/5\/2024\/09\/202306dsc-0318.jpg\",\"width\":1600,\"height\":1063},{\"@type\":\"BreadcrumbList\",\"@id\":\"https:\/\/vosgesinfo.fr\/remiremontinfo\/2023\/06\/convention-signee-entre-commune-sdis-deux-sapeurs-pompiers-volontaires\/#breadcrumb\",\"itemListElement\":[{\"@type\":\"ListItem\",\"position\":1,\"name\":\"Home\",\"item\":\"https:\/\/vosgesinfo.fr\/remiremontinfo\/\"},{\"@type\":\"ListItem\",\"position\":2,\"name\":\"Convention sign\u00e9e entre la commune et le sdis pour deux sapeurs-pompiers volontaires\"}]},{\"@type\":\"WebSite\",\"@id\":\"https:\/\/vosgesinfo.fr\/remiremontinfo\/#website\",\"url\":\"https:\/\/vosgesinfo.fr\/remiremontinfo\/\",\"name\":\"Remiremont Info\",\"description\":\"Toute l&#039;actualit\u00e9 de Remiremont\",\"publisher\":{\"@id\":\"https:\/\/vosgesinfo.fr\/remiremontinfo\/#organization\"},\"alternateName\":\"Toute l'actualit\u00e9 de Remiremont\",\"potentialAction\":[{\"@type\":\"SearchAction\",\"target\":{\"@type\":\"EntryPoint\",\"urlTemplate\":\"https:\/\/vosgesinfo.fr\/remiremontinfo\/?s={search_term_string}\"},\"query-input\":\"required name=search_term_string\"}],\"inLanguage\":\"fr-FR\"},{\"@type\":\"Organization\",\"@id\":\"https:\/\/vosgesinfo.fr\/remiremontinfo\/#organization\",\"name\":\"Remiremont Info\",\"url\":\"https:\/\/vosgesinfo.fr\/remiremontinfo\/\",\"logo\":{\"@type\":\"ImageObject\",\"inLanguage\":\"fr-FR\",\"@id\":\"https:\/\/vosgesinfo.fr\/remiremontinfo\/#\/schema\/logo\/image\/\",\"url\":\"https:\/\/vosgesinfo.fr\/app\/uploads\/sites\/5\/2023\/08\/favicon-remiremontinfo.png\",\"contentUrl\":\"https:\/\/vosgesinfo.fr\/app\/uploads\/sites\/5\/2023\/08\/favicon-remiremontinfo.png\",\"width\":512,\"height\":512,\"caption\":\"Remiremont Info\"},\"image\":{\"@id\":\"https:\/\/vosgesinfo.fr\/remiremontinfo\/#\/schema\/logo\/image\/\"},\"sameAs\":[\"https:\/\/www.facebook.com\/remiremontinfo\",\"https:\/\/x.com\/VosgesInfo88\",\"https:\/\/www.youtube.com\/@vosgesinfo\"]},{\"@type\":\"Person\",\"@id\":\"https:\/\/vosgesinfo.fr\/remiremontinfo\/#\/schema\/person\/27fd50bfa0474755c339da9cdfc89f3d\",\"name\":\"C.M\",\"image\":{\"@type\":\"ImageObject\",\"inLanguage\":\"fr-FR\",\"@id\":\"https:\/\/vosgesinfo.fr\/remiremontinfo\/#\/schema\/person\/image\/\",\"url\":\"https:\/\/secure.gravatar.com\/avatar\/aeefb88e08fc3e19fa733c61898f1bec4517042b8355098e757f11b4d3d4df70?s=96&d=mm&r=g\",\"contentUrl\":\"https:\/\/secure.gravatar.com\/avatar\/aeefb88e08fc3e19fa733c61898f1bec4517042b8355098e757f11b4d3d4df70?s=96&d=mm&r=g\",\"caption\":\"C.M\"},\"url\":\"https:\/\/vosgesinfo.fr\/remiremontinfo\/author\/cathy88200\/\"}]}<\/script>\n<!-- \/ Yoast SEO plugin. -->","yoast_head_json":{"title":"Convention sign\u00e9e entre la commune et le sdis pour deux sapeurs-pompiers volontaires - Remiremont Info","robots":{"index":"index","follow":"follow","max-snippet":"max-snippet:-1","max-image-preview":"max-image-preview:large","max-video-preview":"max-video-preview:-1"},"canonical":"https:\/\/vosgesinfo.fr\/remiremontinfo\/2023\/06\/convention-signee-entre-commune-sdis-deux-sapeurs-pompiers-volontaires\/","twitter_card":"summary_large_image","twitter_title":"Convention sign\u00e9e entre la commune et le sdis pour deux sapeurs-pompiers volontaires - Remiremont Info","twitter_description":"Dans la magnifique et embl\u00e9matique mairie de Xertigny, V\u00e9ronique Marcot, maire et Dominique P\u00e9duzzi, pr\u00e9sident du SDIS, ont sign\u00e9 une [&hellip;]","twitter_image":"https:\/\/vosgesinfo.fr\/app\/uploads\/sites\/5\/2024\/09\/202306dsc-0318.jpg","twitter_creator":"@VosgesInfo88","twitter_site":"@VosgesInfo88","twitter_misc":{"\u00c9crit par":"C.M","Dur\u00e9e de lecture estim\u00e9e":"1 minute"},"schema":{"@context":"https:\/\/schema.org","@graph":[{"@type":"Article","@id":"https:\/\/vosgesinfo.fr\/remiremontinfo\/2023\/06\/convention-signee-entre-commune-sdis-deux-sapeurs-pompiers-volontaires\/#article","isPartOf":{"@id":"https:\/\/vosgesinfo.fr\/remiremontinfo\/2023\/06\/convention-signee-entre-commune-sdis-deux-sapeurs-pompiers-volontaires\/"},"author":{"name":"C.M","@id":"https:\/\/vosgesinfo.fr\/remiremontinfo\/#\/schema\/person\/27fd50bfa0474755c339da9cdfc89f3d"},"headline":"Convention sign\u00e9e entre la commune et le sdis pour deux sapeurs-pompiers volontaires","datePublished":"2023-06-07T13:10:19+00:00","dateModified":"2023-06-07T13:10:19+00:00","mainEntityOfPage":{"@id":"https:\/\/vosgesinfo.fr\/remiremontinfo\/2023\/06\/convention-signee-entre-commune-sdis-deux-sapeurs-pompiers-volontaires\/"},"wordCount":258,"commentCount":0,"publisher":{"@id":"https:\/\/vosgesinfo.fr\/remiremontinfo\/#organization"},"image":{"@id":"https:\/\/vosgesinfo.fr\/remiremontinfo\/2023\/06\/convention-signee-entre-commune-sdis-deux-sapeurs-pompiers-volontaires\/#primaryimage"},"thumbnailUrl":"https:\/\/vosgesinfo.fr\/app\/uploads\/sites\/5\/2024\/09\/202306dsc-0318.jpg","keywords":["convention"],"articleSection":["A la Une","Le Val-d'Ajol &amp; son canton","Xertigny"],"inLanguage":"fr-FR","potentialAction":[{"@type":"CommentAction","name":"Comment","target":["https:\/\/vosgesinfo.fr\/remiremontinfo\/2023\/06\/convention-signee-entre-commune-sdis-deux-sapeurs-pompiers-volontaires\/#respond"]}]},{"@type":"WebPage","@id":"https:\/\/vosgesinfo.fr\/remiremontinfo\/2023\/06\/convention-signee-entre-commune-sdis-deux-sapeurs-pompiers-volontaires\/","url":"https:\/\/vosgesinfo.fr\/remiremontinfo\/2023\/06\/convention-signee-entre-commune-sdis-deux-sapeurs-pompiers-volontaires\/","name":"Convention sign\u00e9e entre la commune et le sdis pour deux sapeurs-pompiers volontaires - Remiremont Info","isPartOf":{"@id":"https:\/\/vosgesinfo.fr\/remiremontinfo\/#website"},"primaryImageOfPage":{"@id":"https:\/\/vosgesinfo.fr\/remiremontinfo\/2023\/06\/convention-signee-entre-commune-sdis-deux-sapeurs-pompiers-volontaires\/#primaryimage"},"image":{"@id":"https:\/\/vosgesinfo.fr\/remiremontinfo\/2023\/06\/convention-signee-entre-commune-sdis-deux-sapeurs-pompiers-volontaires\/#primaryimage"},"thumbnailUrl":"https:\/\/vosgesinfo.fr\/app\/uploads\/sites\/5\/2024\/09\/202306dsc-0318.jpg","datePublished":"2023-06-07T13:10:19+00:00","dateModified":"2023-06-07T13:10:19+00:00","breadcrumb":{"@id":"https:\/\/vosgesinfo.fr\/remiremontinfo\/2023\/06\/convention-signee-entre-commune-sdis-deux-sapeurs-pompiers-volontaires\/#breadcrumb"},"inLanguage":"fr-FR","potentialAction":[{"@type":"ReadAction","target":["https:\/\/vosgesinfo.fr\/remiremontinfo\/2023\/06\/convention-signee-entre-commune-sdis-deux-sapeurs-pompiers-volontaires\/"]}]},{"@type":"ImageObject","inLanguage":"fr-FR","@id":"https:\/\/vosgesinfo.fr\/remiremontinfo\/2023\/06\/convention-signee-entre-commune-sdis-deux-sapeurs-pompiers-volontaires\/#primaryimage","url":"https:\/\/vosgesinfo.fr\/app\/uploads\/sites\/5\/2024\/09\/202306dsc-0318.jpg","contentUrl":"https:\/\/vosgesinfo.fr\/app\/uploads\/sites\/5\/2024\/09\/202306dsc-0318.jpg","width":1600,"height":1063},{"@type":"BreadcrumbList","@id":"https:\/\/vosgesinfo.fr\/remiremontinfo\/2023\/06\/convention-signee-entre-commune-sdis-deux-sapeurs-pompiers-volontaires\/#breadcrumb","itemListElement":[{"@type":"ListItem","position":1,"name":"Home","item":"https:\/\/vosgesinfo.fr\/remiremontinfo\/"},{"@type":"ListItem","position":2,"name":"Convention sign\u00e9e entre la commune et le sdis pour deux sapeurs-pompiers volontaires"}]},{"@type":"WebSite","@id":"https:\/\/vosgesinfo.fr\/remiremontinfo\/#website","url":"https:\/\/vosgesinfo.fr\/remiremontinfo\/","name":"Remiremont Info","description":"Toute l&#039;actualit\u00e9 de Remiremont","publisher":{"@id":"https:\/\/vosgesinfo.fr\/remiremontinfo\/#organization"},"alternateName":"Toute l'actualit\u00e9 de Remiremont","potentialAction":[{"@type":"SearchAction","target":{"@type":"EntryPoint","urlTemplate":"https:\/\/vosgesinfo.fr\/remiremontinfo\/?s={search_term_string}"},"query-input":"required name=search_term_string"}],"inLanguage":"fr-FR"},{"@type":"Organization","@id":"https:\/\/vosgesinfo.fr\/remiremontinfo\/#organization","name":"Remiremont Info","url":"https:\/\/vosgesinfo.fr\/remiremontinfo\/","logo":{"@type":"ImageObject","inLanguage":"fr-FR","@id":"https:\/\/vosgesinfo.fr\/remiremontinfo\/#\/schema\/logo\/image\/","url":"https:\/\/vosgesinfo.fr\/app\/uploads\/sites\/5\/2023\/08\/favicon-remiremontinfo.png","contentUrl":"https:\/\/vosgesinfo.fr\/app\/uploads\/sites\/5\/2023\/08\/favicon-remiremontinfo.png","width":512,"height":512,"caption":"Remiremont Info"},"image":{"@id":"https:\/\/vosgesinfo.fr\/remiremontinfo\/#\/schema\/logo\/image\/"},"sameAs":["https:\/\/www.facebook.com\/remiremontinfo","https:\/\/x.com\/VosgesInfo88","https:\/\/www.youtube.com\/@vosgesinfo"]},{"@type":"Person","@id":"https:\/\/vosgesinfo.fr\/remiremontinfo\/#\/schema\/person\/27fd50bfa0474755c339da9cdfc89f3d","name":"C.M","image":{"@type":"ImageObject","inLanguage":"fr-FR","@id":"https:\/\/vosgesinfo.fr\/remiremontinfo\/#\/schema\/person\/image\/","url":"https:\/\/secure.gravatar.com\/avatar\/aeefb88e08fc3e19fa733c61898f1bec4517042b8355098e757f11b4d3d4df70?s=96&d=mm&r=g","contentUrl":"https:\/\/secure.gravatar.com\/avatar\/aeefb88e08fc3e19fa733c61898f1bec4517042b8355098e757f11b4d3d4df70?s=96&d=mm&r=g","caption":"C.M"},"url":"https:\/\/vosgesinfo.fr\/remiremontinfo\/author\/cathy88200\/"}]}},"_links":{"self":[{"href":"https:\/\/vosgesinfo.fr\/remiremontinfo\/wp-json\/wp\/v2\/posts\/71853","targetHints":{"allow":["GET"]}}],"collection":[{"href":"https:\/\/vosgesinfo.fr\/remiremontinfo\/wp-json\/wp\/v2\/posts"}],"about":[{"href":"https:\/\/vosgesinfo.fr\/remiremontinfo\/wp-json\/wp\/v2\/types\/post"}],"author":[{"embeddable":true,"href":"https:\/\/vosgesinfo.fr\/remiremontinfo\/wp-json\/wp\/v2\/users\/411"}],"replies":[{"embeddable":true,"href":"https:\/\/vosgesinfo.fr\/remiremontinfo\/wp-json\/wp\/v2\/comments?post=71853"}],"version-history":[{"count":0,"href":"https:\/\/vosgesinfo.fr\/remiremontinfo\/wp-json\/wp\/v2\/posts\/71853\/revisions"}],"wp:featuredmedia":[{"embeddable":true,"href":"https:\/\/vosgesinfo.fr\/remiremontinfo\/wp-json\/wp\/v2\/media\/71854"}],"wp:attachment":[{"href":"https:\/\/vosgesinfo.fr\/remiremontinfo\/wp-json\/wp\/v2\/media?parent=71853"}],"wp:term":[{"taxonomy":"category","embeddable":true,"href":"https:\/\/vosgesinfo.fr\/remiremontinfo\/wp-json\/wp\/v2\/categories?post=71853"},{"taxonomy":"post_tag","embeddable":true,"href":"https:\/\/vosgesinfo.fr\/remiremontinfo\/wp-json\/wp\/v2\/tags?post=71853"}],"curies":[{"name":"wp","href":"https:\/\/api.w.org\/{rel}","templated":true}]}}