{"id":71855,"date":"2023-06-07T10:01:59","date_gmt":"2023-06-07T08:01:59","guid":{"rendered":"https:\/\/vosgesinfo.fr\/remiremontinfo\/2023\/06\/stage-de-gospel-17-juin-a-mediatheque-de-saulxures-moselotte\/"},"modified":"2023-06-07T10:01:59","modified_gmt":"2023-06-07T08:01:59","slug":"stage-de-gospel-17-juin-a-mediatheque-de-saulxures-moselotte","status":"publish","type":"post","link":"https:\/\/vosgesinfo.fr\/remiremontinfo\/2023\/06\/stage-de-gospel-17-juin-a-mediatheque-de-saulxures-moselotte\/","title":{"rendered":"Stage de Gospel le 17 juin \u00e0 la m\u00e9diath\u00e8que de Saulxures-sur-Moselotte"},"content":{"rendered":"<h3><strong>La r\u00e9gie municipale Culture et Animations de la commune de Saulxures-sur-Moselotte vous propose un stage de Gospel le samedi 17 juin 2023\u00a0\u00e0 la\u00a0m\u00e9diath\u00e8que intercommunale \u00e0 Saulxures-sur-Moselotte.<\/strong><\/h3>\n<div id=\"corps-article\">\n<h4>Ce stage, gratuit et ouvert \u00e0 tous, permettra de s&rsquo;initier au Gospel le temps d&rsquo;une journ\u00e9e.<\/h4>\n<h4>Il sera suive sera suivi d&rsquo;un concert \u00e0 20 h l&rsquo;\u00e9glise Saint Prix de Saulxures-sur-Moselotte.<\/h4>\n<h4>Il reste des places : inscriptions au 03 29 24 52 13<a href=\"\/2023\/06\/thumb-AFFICHE_GOSPEL_2023_rdm-ca23c33216f823c5c084c24772e90705.jpg\"><img decoding=\"async\" class=\"alignright size-full wp-image-371553\" src=\"\/2023\/06\/thumb-AFFICHE_GOSPEL_2023_rdm-ca23c33216f823c5c084c24772e90705.jpg\" alt=\"stage gospel\" width=\"800\" height=\"1131\" \/><\/a><\/h4>\n<\/div>\n","protected":false},"excerpt":{"rendered":"<p>La r\u00e9gie municipale Culture et Animations de la commune de Saulxures-sur-Moselotte vous propose un stage de Gospel le samedi 17 [&hellip;]<\/p>\n","protected":false},"author":411,"featured_media":71856,"comment_status":"open","ping_status":"open","sticky":false,"template":"","format":"standard","meta":{"footnotes":""},"categories":[26,25,68],"tags":[5920],"class_list":["post-71855","post","type-post","status-publish","format-standard","has-post-thumbnail","hentry","category-a-la-une","category-la-bresse-son-canton","category-saulxures-sur-moselotte","tag-stage-de-gospel"],"acf":[],"yoast_head":"<!-- This site is optimized with the Yoast SEO plugin v22.5 - https:\/\/yoast.com\/wordpress\/plugins\/seo\/ -->\n<title>Stage de Gospel le 17 juin \u00e0 la m\u00e9diath\u00e8que de Saulxures-sur-Moselotte - Remiremont Info<\/title>\n<meta name=\"robots\" content=\"index, follow, max-snippet:-1, max-image-preview:large, max-video-preview:-1\" \/>\n<link rel=\"canonical\" href=\"https:\/\/vosgesinfo.fr\/remiremontinfo\/2023\/06\/stage-de-gospel-17-juin-a-mediatheque-de-saulxures-moselotte\/\" \/>\n<meta name=\"twitter:card\" content=\"summary_large_image\" \/>\n<meta name=\"twitter:title\" content=\"Stage de Gospel le 17 juin \u00e0 la m\u00e9diath\u00e8que de Saulxures-sur-Moselotte - Remiremont Info\" \/>\n<meta name=\"twitter:description\" content=\"La r\u00e9gie municipale Culture et Animations de la commune de Saulxures-sur-Moselotte vous propose un stage de Gospel le samedi 17 [&hellip;]\" \/>\n<meta name=\"twitter:image\" content=\"https:\/\/vosgesinfo.fr\/app\/uploads\/sites\/5\/2024\/09\/202306affiche-gospel-17-juina.jpg\" \/>\n<meta name=\"twitter:creator\" content=\"@VosgesInfo88\" \/>\n<meta name=\"twitter:site\" content=\"@VosgesInfo88\" \/>\n<meta name=\"twitter:label1\" content=\"\u00c9crit par\" \/>\n\t<meta name=\"twitter:data1\" content=\"C.M\" \/>\n<script type=\"application\/ld+json\" class=\"yoast-schema-graph\">{\"@context\":\"https:\/\/schema.org\",\"@graph\":[{\"@type\":\"Article\",\"@id\":\"https:\/\/vosgesinfo.fr\/remiremontinfo\/2023\/06\/stage-de-gospel-17-juin-a-mediatheque-de-saulxures-moselotte\/#article\",\"isPartOf\":{\"@id\":\"https:\/\/vosgesinfo.fr\/remiremontinfo\/2023\/06\/stage-de-gospel-17-juin-a-mediatheque-de-saulxures-moselotte\/\"},\"author\":{\"name\":\"C.M\",\"@id\":\"https:\/\/vosgesinfo.fr\/remiremontinfo\/#\/schema\/person\/27fd50bfa0474755c339da9cdfc89f3d\"},\"headline\":\"Stage de Gospel le 17 juin \u00e0 la m\u00e9diath\u00e8que de Saulxures-sur-Moselotte\",\"datePublished\":\"2023-06-07T08:01:59+00:00\",\"dateModified\":\"2023-06-07T08:01:59+00:00\",\"mainEntityOfPage\":{\"@id\":\"https:\/\/vosgesinfo.fr\/remiremontinfo\/2023\/06\/stage-de-gospel-17-juin-a-mediatheque-de-saulxures-moselotte\/\"},\"wordCount\":77,\"commentCount\":0,\"publisher\":{\"@id\":\"https:\/\/vosgesinfo.fr\/remiremontinfo\/#organization\"},\"image\":{\"@id\":\"https:\/\/vosgesinfo.fr\/remiremontinfo\/2023\/06\/stage-de-gospel-17-juin-a-mediatheque-de-saulxures-moselotte\/#primaryimage\"},\"thumbnailUrl\":\"https:\/\/vosgesinfo.fr\/app\/uploads\/sites\/5\/2024\/09\/202306affiche-gospel-17-juina.jpg\",\"keywords\":[\"stage de gospel\"],\"articleSection\":[\"A la Une\",\"La Bresse &amp; son canton\",\"Saulxures-Sur-Moselotte\"],\"inLanguage\":\"fr-FR\",\"potentialAction\":[{\"@type\":\"CommentAction\",\"name\":\"Comment\",\"target\":[\"https:\/\/vosgesinfo.fr\/remiremontinfo\/2023\/06\/stage-de-gospel-17-juin-a-mediatheque-de-saulxures-moselotte\/#respond\"]}]},{\"@type\":\"WebPage\",\"@id\":\"https:\/\/vosgesinfo.fr\/remiremontinfo\/2023\/06\/stage-de-gospel-17-juin-a-mediatheque-de-saulxures-moselotte\/\",\"url\":\"https:\/\/vosgesinfo.fr\/remiremontinfo\/2023\/06\/stage-de-gospel-17-juin-a-mediatheque-de-saulxures-moselotte\/\",\"name\":\"Stage de Gospel le 17 juin \u00e0 la m\u00e9diath\u00e8que de Saulxures-sur-Moselotte - Remiremont Info\",\"isPartOf\":{\"@id\":\"https:\/\/vosgesinfo.fr\/remiremontinfo\/#website\"},\"primaryImageOfPage\":{\"@id\":\"https:\/\/vosgesinfo.fr\/remiremontinfo\/2023\/06\/stage-de-gospel-17-juin-a-mediatheque-de-saulxures-moselotte\/#primaryimage\"},\"image\":{\"@id\":\"https:\/\/vosgesinfo.fr\/remiremontinfo\/2023\/06\/stage-de-gospel-17-juin-a-mediatheque-de-saulxures-moselotte\/#primaryimage\"},\"thumbnailUrl\":\"https:\/\/vosgesinfo.fr\/app\/uploads\/sites\/5\/2024\/09\/202306affiche-gospel-17-juina.jpg\",\"datePublished\":\"2023-06-07T08:01:59+00:00\",\"dateModified\":\"2023-06-07T08:01:59+00:00\",\"breadcrumb\":{\"@id\":\"https:\/\/vosgesinfo.fr\/remiremontinfo\/2023\/06\/stage-de-gospel-17-juin-a-mediatheque-de-saulxures-moselotte\/#breadcrumb\"},\"inLanguage\":\"fr-FR\",\"potentialAction\":[{\"@type\":\"ReadAction\",\"target\":[\"https:\/\/vosgesinfo.fr\/remiremontinfo\/2023\/06\/stage-de-gospel-17-juin-a-mediatheque-de-saulxures-moselotte\/\"]}]},{\"@type\":\"ImageObject\",\"inLanguage\":\"fr-FR\",\"@id\":\"https:\/\/vosgesinfo.fr\/remiremontinfo\/2023\/06\/stage-de-gospel-17-juin-a-mediatheque-de-saulxures-moselotte\/#primaryimage\",\"url\":\"https:\/\/vosgesinfo.fr\/app\/uploads\/sites\/5\/2024\/09\/202306affiche-gospel-17-juina.jpg\",\"contentUrl\":\"https:\/\/vosgesinfo.fr\/app\/uploads\/sites\/5\/2024\/09\/202306affiche-gospel-17-juina.jpg\",\"width\":498,\"height\":450},{\"@type\":\"BreadcrumbList\",\"@id\":\"https:\/\/vosgesinfo.fr\/remiremontinfo\/2023\/06\/stage-de-gospel-17-juin-a-mediatheque-de-saulxures-moselotte\/#breadcrumb\",\"itemListElement\":[{\"@type\":\"ListItem\",\"position\":1,\"name\":\"Home\",\"item\":\"https:\/\/vosgesinfo.fr\/remiremontinfo\/\"},{\"@type\":\"ListItem\",\"position\":2,\"name\":\"Stage de Gospel le 17 juin \u00e0 la m\u00e9diath\u00e8que de Saulxures-sur-Moselotte\"}]},{\"@type\":\"WebSite\",\"@id\":\"https:\/\/vosgesinfo.fr\/remiremontinfo\/#website\",\"url\":\"https:\/\/vosgesinfo.fr\/remiremontinfo\/\",\"name\":\"Remiremont Info\",\"description\":\"Toute l&#039;actualit\u00e9 de Remiremont\",\"publisher\":{\"@id\":\"https:\/\/vosgesinfo.fr\/remiremontinfo\/#organization\"},\"alternateName\":\"Toute l'actualit\u00e9 de Remiremont\",\"potentialAction\":[{\"@type\":\"SearchAction\",\"target\":{\"@type\":\"EntryPoint\",\"urlTemplate\":\"https:\/\/vosgesinfo.fr\/remiremontinfo\/?s={search_term_string}\"},\"query-input\":\"required name=search_term_string\"}],\"inLanguage\":\"fr-FR\"},{\"@type\":\"Organization\",\"@id\":\"https:\/\/vosgesinfo.fr\/remiremontinfo\/#organization\",\"name\":\"Remiremont Info\",\"url\":\"https:\/\/vosgesinfo.fr\/remiremontinfo\/\",\"logo\":{\"@type\":\"ImageObject\",\"inLanguage\":\"fr-FR\",\"@id\":\"https:\/\/vosgesinfo.fr\/remiremontinfo\/#\/schema\/logo\/image\/\",\"url\":\"https:\/\/vosgesinfo.fr\/app\/uploads\/sites\/5\/2023\/08\/favicon-remiremontinfo.png\",\"contentUrl\":\"https:\/\/vosgesinfo.fr\/app\/uploads\/sites\/5\/2023\/08\/favicon-remiremontinfo.png\",\"width\":512,\"height\":512,\"caption\":\"Remiremont Info\"},\"image\":{\"@id\":\"https:\/\/vosgesinfo.fr\/remiremontinfo\/#\/schema\/logo\/image\/\"},\"sameAs\":[\"https:\/\/www.facebook.com\/remiremontinfo\",\"https:\/\/x.com\/VosgesInfo88\",\"https:\/\/www.youtube.com\/@vosgesinfo\"]},{\"@type\":\"Person\",\"@id\":\"https:\/\/vosgesinfo.fr\/remiremontinfo\/#\/schema\/person\/27fd50bfa0474755c339da9cdfc89f3d\",\"name\":\"C.M\",\"image\":{\"@type\":\"ImageObject\",\"inLanguage\":\"fr-FR\",\"@id\":\"https:\/\/vosgesinfo.fr\/remiremontinfo\/#\/schema\/person\/image\/\",\"url\":\"https:\/\/secure.gravatar.com\/avatar\/aeefb88e08fc3e19fa733c61898f1bec4517042b8355098e757f11b4d3d4df70?s=96&d=mm&r=g\",\"contentUrl\":\"https:\/\/secure.gravatar.com\/avatar\/aeefb88e08fc3e19fa733c61898f1bec4517042b8355098e757f11b4d3d4df70?s=96&d=mm&r=g\",\"caption\":\"C.M\"},\"url\":\"https:\/\/vosgesinfo.fr\/remiremontinfo\/author\/cathy88200\/\"}]}<\/script>\n<!-- \/ Yoast SEO plugin. -->","yoast_head_json":{"title":"Stage de Gospel le 17 juin \u00e0 la m\u00e9diath\u00e8que de Saulxures-sur-Moselotte - Remiremont Info","robots":{"index":"index","follow":"follow","max-snippet":"max-snippet:-1","max-image-preview":"max-image-preview:large","max-video-preview":"max-video-preview:-1"},"canonical":"https:\/\/vosgesinfo.fr\/remiremontinfo\/2023\/06\/stage-de-gospel-17-juin-a-mediatheque-de-saulxures-moselotte\/","twitter_card":"summary_large_image","twitter_title":"Stage de Gospel le 17 juin \u00e0 la m\u00e9diath\u00e8que de Saulxures-sur-Moselotte - Remiremont Info","twitter_description":"La r\u00e9gie municipale Culture et Animations de la commune de Saulxures-sur-Moselotte vous propose un stage de Gospel le samedi 17 [&hellip;]","twitter_image":"https:\/\/vosgesinfo.fr\/app\/uploads\/sites\/5\/2024\/09\/202306affiche-gospel-17-juina.jpg","twitter_creator":"@VosgesInfo88","twitter_site":"@VosgesInfo88","twitter_misc":{"\u00c9crit par":"C.M"},"schema":{"@context":"https:\/\/schema.org","@graph":[{"@type":"Article","@id":"https:\/\/vosgesinfo.fr\/remiremontinfo\/2023\/06\/stage-de-gospel-17-juin-a-mediatheque-de-saulxures-moselotte\/#article","isPartOf":{"@id":"https:\/\/vosgesinfo.fr\/remiremontinfo\/2023\/06\/stage-de-gospel-17-juin-a-mediatheque-de-saulxures-moselotte\/"},"author":{"name":"C.M","@id":"https:\/\/vosgesinfo.fr\/remiremontinfo\/#\/schema\/person\/27fd50bfa0474755c339da9cdfc89f3d"},"headline":"Stage de Gospel le 17 juin \u00e0 la m\u00e9diath\u00e8que de Saulxures-sur-Moselotte","datePublished":"2023-06-07T08:01:59+00:00","dateModified":"2023-06-07T08:01:59+00:00","mainEntityOfPage":{"@id":"https:\/\/vosgesinfo.fr\/remiremontinfo\/2023\/06\/stage-de-gospel-17-juin-a-mediatheque-de-saulxures-moselotte\/"},"wordCount":77,"commentCount":0,"publisher":{"@id":"https:\/\/vosgesinfo.fr\/remiremontinfo\/#organization"},"image":{"@id":"https:\/\/vosgesinfo.fr\/remiremontinfo\/2023\/06\/stage-de-gospel-17-juin-a-mediatheque-de-saulxures-moselotte\/#primaryimage"},"thumbnailUrl":"https:\/\/vosgesinfo.fr\/app\/uploads\/sites\/5\/2024\/09\/202306affiche-gospel-17-juina.jpg","keywords":["stage de gospel"],"articleSection":["A la Une","La Bresse &amp; son canton","Saulxures-Sur-Moselotte"],"inLanguage":"fr-FR","potentialAction":[{"@type":"CommentAction","name":"Comment","target":["https:\/\/vosgesinfo.fr\/remiremontinfo\/2023\/06\/stage-de-gospel-17-juin-a-mediatheque-de-saulxures-moselotte\/#respond"]}]},{"@type":"WebPage","@id":"https:\/\/vosgesinfo.fr\/remiremontinfo\/2023\/06\/stage-de-gospel-17-juin-a-mediatheque-de-saulxures-moselotte\/","url":"https:\/\/vosgesinfo.fr\/remiremontinfo\/2023\/06\/stage-de-gospel-17-juin-a-mediatheque-de-saulxures-moselotte\/","name":"Stage de Gospel le 17 juin \u00e0 la m\u00e9diath\u00e8que de Saulxures-sur-Moselotte - Remiremont Info","isPartOf":{"@id":"https:\/\/vosgesinfo.fr\/remiremontinfo\/#website"},"primaryImageOfPage":{"@id":"https:\/\/vosgesinfo.fr\/remiremontinfo\/2023\/06\/stage-de-gospel-17-juin-a-mediatheque-de-saulxures-moselotte\/#primaryimage"},"image":{"@id":"https:\/\/vosgesinfo.fr\/remiremontinfo\/2023\/06\/stage-de-gospel-17-juin-a-mediatheque-de-saulxures-moselotte\/#primaryimage"},"thumbnailUrl":"https:\/\/vosgesinfo.fr\/app\/uploads\/sites\/5\/2024\/09\/202306affiche-gospel-17-juina.jpg","datePublished":"2023-06-07T08:01:59+00:00","dateModified":"2023-06-07T08:01:59+00:00","breadcrumb":{"@id":"https:\/\/vosgesinfo.fr\/remiremontinfo\/2023\/06\/stage-de-gospel-17-juin-a-mediatheque-de-saulxures-moselotte\/#breadcrumb"},"inLanguage":"fr-FR","potentialAction":[{"@type":"ReadAction","target":["https:\/\/vosgesinfo.fr\/remiremontinfo\/2023\/06\/stage-de-gospel-17-juin-a-mediatheque-de-saulxures-moselotte\/"]}]},{"@type":"ImageObject","inLanguage":"fr-FR","@id":"https:\/\/vosgesinfo.fr\/remiremontinfo\/2023\/06\/stage-de-gospel-17-juin-a-mediatheque-de-saulxures-moselotte\/#primaryimage","url":"https:\/\/vosgesinfo.fr\/app\/uploads\/sites\/5\/2024\/09\/202306affiche-gospel-17-juina.jpg","contentUrl":"https:\/\/vosgesinfo.fr\/app\/uploads\/sites\/5\/2024\/09\/202306affiche-gospel-17-juina.jpg","width":498,"height":450},{"@type":"BreadcrumbList","@id":"https:\/\/vosgesinfo.fr\/remiremontinfo\/2023\/06\/stage-de-gospel-17-juin-a-mediatheque-de-saulxures-moselotte\/#breadcrumb","itemListElement":[{"@type":"ListItem","position":1,"name":"Home","item":"https:\/\/vosgesinfo.fr\/remiremontinfo\/"},{"@type":"ListItem","position":2,"name":"Stage de Gospel le 17 juin \u00e0 la m\u00e9diath\u00e8que de Saulxures-sur-Moselotte"}]},{"@type":"WebSite","@id":"https:\/\/vosgesinfo.fr\/remiremontinfo\/#website","url":"https:\/\/vosgesinfo.fr\/remiremontinfo\/","name":"Remiremont Info","description":"Toute l&#039;actualit\u00e9 de Remiremont","publisher":{"@id":"https:\/\/vosgesinfo.fr\/remiremontinfo\/#organization"},"alternateName":"Toute l'actualit\u00e9 de Remiremont","potentialAction":[{"@type":"SearchAction","target":{"@type":"EntryPoint","urlTemplate":"https:\/\/vosgesinfo.fr\/remiremontinfo\/?s={search_term_string}"},"query-input":"required name=search_term_string"}],"inLanguage":"fr-FR"},{"@type":"Organization","@id":"https:\/\/vosgesinfo.fr\/remiremontinfo\/#organization","name":"Remiremont Info","url":"https:\/\/vosgesinfo.fr\/remiremontinfo\/","logo":{"@type":"ImageObject","inLanguage":"fr-FR","@id":"https:\/\/vosgesinfo.fr\/remiremontinfo\/#\/schema\/logo\/image\/","url":"https:\/\/vosgesinfo.fr\/app\/uploads\/sites\/5\/2023\/08\/favicon-remiremontinfo.png","contentUrl":"https:\/\/vosgesinfo.fr\/app\/uploads\/sites\/5\/2023\/08\/favicon-remiremontinfo.png","width":512,"height":512,"caption":"Remiremont Info"},"image":{"@id":"https:\/\/vosgesinfo.fr\/remiremontinfo\/#\/schema\/logo\/image\/"},"sameAs":["https:\/\/www.facebook.com\/remiremontinfo","https:\/\/x.com\/VosgesInfo88","https:\/\/www.youtube.com\/@vosgesinfo"]},{"@type":"Person","@id":"https:\/\/vosgesinfo.fr\/remiremontinfo\/#\/schema\/person\/27fd50bfa0474755c339da9cdfc89f3d","name":"C.M","image":{"@type":"ImageObject","inLanguage":"fr-FR","@id":"https:\/\/vosgesinfo.fr\/remiremontinfo\/#\/schema\/person\/image\/","url":"https:\/\/secure.gravatar.com\/avatar\/aeefb88e08fc3e19fa733c61898f1bec4517042b8355098e757f11b4d3d4df70?s=96&d=mm&r=g","contentUrl":"https:\/\/secure.gravatar.com\/avatar\/aeefb88e08fc3e19fa733c61898f1bec4517042b8355098e757f11b4d3d4df70?s=96&d=mm&r=g","caption":"C.M"},"url":"https:\/\/vosgesinfo.fr\/remiremontinfo\/author\/cathy88200\/"}]}},"_links":{"self":[{"href":"https:\/\/vosgesinfo.fr\/remiremontinfo\/wp-json\/wp\/v2\/posts\/71855","targetHints":{"allow":["GET"]}}],"collection":[{"href":"https:\/\/vosgesinfo.fr\/remiremontinfo\/wp-json\/wp\/v2\/posts"}],"about":[{"href":"https:\/\/vosgesinfo.fr\/remiremontinfo\/wp-json\/wp\/v2\/types\/post"}],"author":[{"embeddable":true,"href":"https:\/\/vosgesinfo.fr\/remiremontinfo\/wp-json\/wp\/v2\/users\/411"}],"replies":[{"embeddable":true,"href":"https:\/\/vosgesinfo.fr\/remiremontinfo\/wp-json\/wp\/v2\/comments?post=71855"}],"version-history":[{"count":0,"href":"https:\/\/vosgesinfo.fr\/remiremontinfo\/wp-json\/wp\/v2\/posts\/71855\/revisions"}],"wp:featuredmedia":[{"embeddable":true,"href":"https:\/\/vosgesinfo.fr\/remiremontinfo\/wp-json\/wp\/v2\/media\/71856"}],"wp:attachment":[{"href":"https:\/\/vosgesinfo.fr\/remiremontinfo\/wp-json\/wp\/v2\/media?parent=71855"}],"wp:term":[{"taxonomy":"category","embeddable":true,"href":"https:\/\/vosgesinfo.fr\/remiremontinfo\/wp-json\/wp\/v2\/categories?post=71855"},{"taxonomy":"post_tag","embeddable":true,"href":"https:\/\/vosgesinfo.fr\/remiremontinfo\/wp-json\/wp\/v2\/tags?post=71855"}],"curies":[{"name":"wp","href":"https:\/\/api.w.org\/{rel}","templated":true}]}}