{"id":7188,"date":"2024-06-20T09:59:05","date_gmt":"2024-06-20T07:59:05","guid":{"rendered":"https:\/\/vosgesinfo.fr\/remiremontinfo\/?p=7188"},"modified":"2024-06-20T09:59:05","modified_gmt":"2024-06-20T07:59:05","slug":"remiremont-perspectives-sur-la-grande-fete-medievale-du-dimanche-11-aout","status":"publish","type":"post","link":"https:\/\/vosgesinfo.fr\/remiremontinfo\/2024\/06\/remiremont-perspectives-sur-la-grande-fete-medievale-du-dimanche-11-aout\/","title":{"rendered":"Remiremont &#8211; Perspectives sur la grande f\u00eate m\u00e9di\u00e9vale du dimanche 11 ao\u00fbt&#8230;"},"content":{"rendered":"<p class=\"western\"><b>L\u2019\u00e9v\u00e9nement est d\u00e9j\u00e0 bien pr\u00e9sent dans toutes les t\u00eates et marquera une animation primordiale au c\u0153ur de la saison estivale. \u00ab\u00a0La Volont\u2019R\u00a0\u00bb, l\u2019association des commer\u00e7ants et acteurs \u00e9conomiques de Remiremont et des alentours en d\u00e9voile l\u2019affiche et le consistant programme\u2026 <\/b><\/p>\n<p class=\"western\"><a href=\"https:\/\/vosgesinfo.fr\/app\/uploads\/sites\/5\/2024\/06\/fete-medievale-le-serment-de-la-franche-pierre.jpg\"><img decoding=\"async\" class=\"alignright size-medium wp-image-7189\" src=\"https:\/\/vosgesinfo.fr\/app\/uploads\/sites\/5\/2024\/06\/fete-medievale-le-serment-de-la-franche-pierre-229x300.jpg\" alt=\"\" width=\"229\" height=\"300\" srcset=\"https:\/\/vosgesinfo.fr\/app\/uploads\/sites\/5\/2024\/06\/fete-medievale-le-serment-de-la-franche-pierre-229x300.jpg 229w, https:\/\/vosgesinfo.fr\/app\/uploads\/sites\/5\/2024\/06\/fete-medievale-le-serment-de-la-franche-pierre.jpg 526w\" sizes=\"(max-width: 229px) 100vw, 229px\" \/><\/a>Balade des Chevaliers, chasse aux dragons \u00e0 poneys, concours de costumes, jeux et ateliers d\u00e9couverte, mais encore march\u00e9 des artisans en concordance avec le th\u00e8me de la journ\u00e9e composeront le chapitre des animations. Du c\u00f4t\u00e9 des spectacles, le public pourra assister \u00e0 la grande parade des Seigneurs et aux combats des chevaliers, admirer danses m\u00e9di\u00e9vales et m\u00e9nestrels. Sans oublier la pr\u00e9sence d\u2019un cracheur de feu et bien entendu la reconstitution du fameux <b>Serment de la Franche Pierre, <\/b>dont le pr\u00e9c\u00e9dent \u00e9pisode remonte au 30 juillet 1950.<\/p>\n<p class=\"western\">Une grande page de l\u2019histoire allant puiser ses origines \u00e0 l\u2019\u00e9poque des Ducs de Lorraine. Ceux-ci devaient, en effet, pr\u00eater serment sur la \u00ab\u00a0<b>franche pierre\u00a0\u00bb (<\/b>d\u2019o\u00f9 le nom donn\u00e9 \u00e0 la rue) afin de prot\u00e9ger et d\u00e9fendre le Chapitre des dames chanoinesses. En cela, ils devaient pr\u00e9cis\u00e9ment pr\u00eater serment 3 fois\u00a0: sur la \u00ab\u00a0franche pierre\u00a0\u00bb en question, puis devant le 1<sup>er<\/sup> H\u00f4tel de Ville de Remiremont qui se trouvait dans cette rue et \u00e0 l\u2019\u00e9glise abbatiale. Il faut pr\u00e9ciser que la fameuse \u00ab\u00a0franche pierre\u00a0\u00bb fut enlev\u00e9e au 18\u00e8me si\u00e8cle car elle g\u00eanait le passage.<\/p>\n<p class=\"western\" align=\"left\">C\u2019est \u00e9crire que la f\u00eate m\u00e9di\u00e9vale du <b>11 ao\u00fbt <\/b>prochain constituera de grands moments faisant revivre le pass\u00e9 de Remiremont. Un \u00e9v\u00e9nement que les visiteurs-spectateurs pourront vivre en acc\u00e8s gratuit. Ils auront aussi la possibilit\u00e9 de prendre part au <b>banquet m\u00e9di\u00e9val <\/b>(sur r\u00e9servations) qui sera servi de 12 h 00 \u00e0 15 h 00. Un repas adultes <b>formule seigneuriale <\/b>\u00e0 <b>29,50 \u20ac <\/b>(hors boissons) avec salades au choix (Bigre ou Charlemagne), puis civet de sanglier accompagn\u00e9 d\u2019orge perl\u00e9e et d\u2019un l\u00e9gume de saison et un g\u00e2teau aux pommes en dessert (taillis, cr\u00e8me celte et biscuit de lune). Pour les enfants, seront propos\u00e9s la <b>formule jeune \u00e9cuyer <\/b>\u00e0 <b>12,50 \u20ac <\/b>(tanche 6-12 ans) et la <b>formule petit luron <\/b>\u00e0 <b>8 \u20ac <\/b>(moins de 6 ans). R\u00e9servations\u00a0: <span style=\"color: #000080;\"><span lang=\"zxx\"><u><a href=\"http:\/\/www.lavolontr.com\/\">www.lavolontr.com<\/a><\/u><\/span><\/span> ou \u00e0 la boutique Arbaur\u00e9a, 5 rue de la Franche Pierre. Possibilit\u00e9 aussi d\u2019utiliser le flash code.<\/p>\n<p class=\"western\" align=\"left\">La f\u00eate m\u00e9di\u00e9vale de Remiremont fait promesse d\u2019une journ\u00e9e historique\u00a0!<\/p>\n<p class=\"western\" align=\"left\">DP<\/p>\n<p class=\"western\" align=\"left\">\n<p class=\"western\" align=\"left\">\n","protected":false},"excerpt":{"rendered":"<p>L\u2019\u00e9v\u00e9nement est d\u00e9j\u00e0 bien pr\u00e9sent dans toutes les t\u00eates et marquera une animation primordiale au c\u0153ur de la saison estivale. [&hellip;]<\/p>\n","protected":false},"author":392,"featured_media":7189,"comment_status":"open","ping_status":"open","sticky":false,"template":"","format":"standard","meta":{"footnotes":""},"categories":[26,4,43],"tags":[1148],"class_list":["post-7188","post","type-post","status-publish","format-standard","has-post-thumbnail","hentry","category-a-la-une","category-culture","category-remiremont-remiremont-son-canton","tag-fete-medievale"],"acf":[],"yoast_head":"<!-- This site is optimized with the Yoast SEO plugin v22.5 - https:\/\/yoast.com\/wordpress\/plugins\/seo\/ -->\n<title>Remiremont - Perspectives sur la grande f\u00eate m\u00e9di\u00e9vale du dimanche 11 ao\u00fbt... - Remiremont Info<\/title>\n<meta name=\"robots\" content=\"index, follow, max-snippet:-1, max-image-preview:large, max-video-preview:-1\" \/>\n<link rel=\"canonical\" href=\"https:\/\/vosgesinfo.fr\/remiremontinfo\/2024\/06\/remiremont-perspectives-sur-la-grande-fete-medievale-du-dimanche-11-aout\/\" \/>\n<meta name=\"twitter:card\" content=\"summary_large_image\" \/>\n<meta name=\"twitter:title\" content=\"Remiremont - Perspectives sur la grande f\u00eate m\u00e9di\u00e9vale du dimanche 11 ao\u00fbt... - Remiremont Info\" \/>\n<meta name=\"twitter:description\" content=\"L\u2019\u00e9v\u00e9nement est d\u00e9j\u00e0 bien pr\u00e9sent dans toutes les t\u00eates et marquera une animation primordiale au c\u0153ur de la saison estivale. [&hellip;]\" \/>\n<meta name=\"twitter:image\" content=\"https:\/\/vosgesinfo.fr\/app\/uploads\/sites\/5\/2024\/06\/fete-medievale-le-serment-de-la-franche-pierre-229x300.jpg\" \/>\n<meta name=\"twitter:creator\" content=\"@VosgesInfo88\" \/>\n<meta name=\"twitter:site\" content=\"@VosgesInfo88\" \/>\n<meta name=\"twitter:label1\" content=\"\u00c9crit par\" \/>\n\t<meta name=\"twitter:data1\" content=\"La redaction\" \/>\n\t<meta name=\"twitter:label2\" content=\"Dur\u00e9e de lecture estim\u00e9e\" \/>\n\t<meta name=\"twitter:data2\" content=\"2 minutes\" \/>\n<script type=\"application\/ld+json\" class=\"yoast-schema-graph\">{\"@context\":\"https:\/\/schema.org\",\"@graph\":[{\"@type\":\"Article\",\"@id\":\"https:\/\/vosgesinfo.fr\/remiremontinfo\/2024\/06\/remiremont-perspectives-sur-la-grande-fete-medievale-du-dimanche-11-aout\/#article\",\"isPartOf\":{\"@id\":\"https:\/\/vosgesinfo.fr\/remiremontinfo\/2024\/06\/remiremont-perspectives-sur-la-grande-fete-medievale-du-dimanche-11-aout\/\"},\"author\":{\"name\":\"La redaction\",\"@id\":\"https:\/\/vosgesinfo.fr\/remiremontinfo\/#\/schema\/person\/80c6ea85ff4afefe81dceaf949954c76\"},\"headline\":\"Remiremont &#8211; Perspectives sur la grande f\u00eate m\u00e9di\u00e9vale du dimanche 11 ao\u00fbt&#8230;\",\"datePublished\":\"2024-06-20T07:59:05+00:00\",\"dateModified\":\"2024-06-20T07:59:05+00:00\",\"mainEntityOfPage\":{\"@id\":\"https:\/\/vosgesinfo.fr\/remiremontinfo\/2024\/06\/remiremont-perspectives-sur-la-grande-fete-medievale-du-dimanche-11-aout\/\"},\"wordCount\":427,\"commentCount\":2,\"publisher\":{\"@id\":\"https:\/\/vosgesinfo.fr\/remiremontinfo\/#organization\"},\"image\":{\"@id\":\"https:\/\/vosgesinfo.fr\/remiremontinfo\/2024\/06\/remiremont-perspectives-sur-la-grande-fete-medievale-du-dimanche-11-aout\/#primaryimage\"},\"thumbnailUrl\":\"https:\/\/vosgesinfo.fr\/app\/uploads\/sites\/5\/2024\/06\/fete-medievale-le-serment-de-la-franche-pierre.jpg\",\"keywords\":[\"fete m\u00e9di\u00e9vale\"],\"articleSection\":[\"A la Une\",\"Culture\",\"Remiremont\"],\"inLanguage\":\"fr-FR\",\"potentialAction\":[{\"@type\":\"CommentAction\",\"name\":\"Comment\",\"target\":[\"https:\/\/vosgesinfo.fr\/remiremontinfo\/2024\/06\/remiremont-perspectives-sur-la-grande-fete-medievale-du-dimanche-11-aout\/#respond\"]}]},{\"@type\":\"WebPage\",\"@id\":\"https:\/\/vosgesinfo.fr\/remiremontinfo\/2024\/06\/remiremont-perspectives-sur-la-grande-fete-medievale-du-dimanche-11-aout\/\",\"url\":\"https:\/\/vosgesinfo.fr\/remiremontinfo\/2024\/06\/remiremont-perspectives-sur-la-grande-fete-medievale-du-dimanche-11-aout\/\",\"name\":\"Remiremont - Perspectives sur la grande f\u00eate m\u00e9di\u00e9vale du dimanche 11 ao\u00fbt... - Remiremont Info\",\"isPartOf\":{\"@id\":\"https:\/\/vosgesinfo.fr\/remiremontinfo\/#website\"},\"primaryImageOfPage\":{\"@id\":\"https:\/\/vosgesinfo.fr\/remiremontinfo\/2024\/06\/remiremont-perspectives-sur-la-grande-fete-medievale-du-dimanche-11-aout\/#primaryimage\"},\"image\":{\"@id\":\"https:\/\/vosgesinfo.fr\/remiremontinfo\/2024\/06\/remiremont-perspectives-sur-la-grande-fete-medievale-du-dimanche-11-aout\/#primaryimage\"},\"thumbnailUrl\":\"https:\/\/vosgesinfo.fr\/app\/uploads\/sites\/5\/2024\/06\/fete-medievale-le-serment-de-la-franche-pierre.jpg\",\"datePublished\":\"2024-06-20T07:59:05+00:00\",\"dateModified\":\"2024-06-20T07:59:05+00:00\",\"breadcrumb\":{\"@id\":\"https:\/\/vosgesinfo.fr\/remiremontinfo\/2024\/06\/remiremont-perspectives-sur-la-grande-fete-medievale-du-dimanche-11-aout\/#breadcrumb\"},\"inLanguage\":\"fr-FR\",\"potentialAction\":[{\"@type\":\"ReadAction\",\"target\":[\"https:\/\/vosgesinfo.fr\/remiremontinfo\/2024\/06\/remiremont-perspectives-sur-la-grande-fete-medievale-du-dimanche-11-aout\/\"]}]},{\"@type\":\"ImageObject\",\"inLanguage\":\"fr-FR\",\"@id\":\"https:\/\/vosgesinfo.fr\/remiremontinfo\/2024\/06\/remiremont-perspectives-sur-la-grande-fete-medievale-du-dimanche-11-aout\/#primaryimage\",\"url\":\"https:\/\/vosgesinfo.fr\/app\/uploads\/sites\/5\/2024\/06\/fete-medievale-le-serment-de-la-franche-pierre.jpg\",\"contentUrl\":\"https:\/\/vosgesinfo.fr\/app\/uploads\/sites\/5\/2024\/06\/fete-medievale-le-serment-de-la-franche-pierre.jpg\",\"width\":526,\"height\":688},{\"@type\":\"BreadcrumbList\",\"@id\":\"https:\/\/vosgesinfo.fr\/remiremontinfo\/2024\/06\/remiremont-perspectives-sur-la-grande-fete-medievale-du-dimanche-11-aout\/#breadcrumb\",\"itemListElement\":[{\"@type\":\"ListItem\",\"position\":1,\"name\":\"Home\",\"item\":\"https:\/\/vosgesinfo.fr\/remiremontinfo\/\"},{\"@type\":\"ListItem\",\"position\":2,\"name\":\"Remiremont &#8211; Perspectives sur la grande f\u00eate m\u00e9di\u00e9vale du dimanche 11 ao\u00fbt&#8230;\"}]},{\"@type\":\"WebSite\",\"@id\":\"https:\/\/vosgesinfo.fr\/remiremontinfo\/#website\",\"url\":\"https:\/\/vosgesinfo.fr\/remiremontinfo\/\",\"name\":\"Remiremont Info\",\"description\":\"Toute l&#039;actualit\u00e9 de Remiremont\",\"publisher\":{\"@id\":\"https:\/\/vosgesinfo.fr\/remiremontinfo\/#organization\"},\"alternateName\":\"Toute l'actualit\u00e9 de Remiremont\",\"potentialAction\":[{\"@type\":\"SearchAction\",\"target\":{\"@type\":\"EntryPoint\",\"urlTemplate\":\"https:\/\/vosgesinfo.fr\/remiremontinfo\/?s={search_term_string}\"},\"query-input\":\"required name=search_term_string\"}],\"inLanguage\":\"fr-FR\"},{\"@type\":\"Organization\",\"@id\":\"https:\/\/vosgesinfo.fr\/remiremontinfo\/#organization\",\"name\":\"Remiremont Info\",\"url\":\"https:\/\/vosgesinfo.fr\/remiremontinfo\/\",\"logo\":{\"@type\":\"ImageObject\",\"inLanguage\":\"fr-FR\",\"@id\":\"https:\/\/vosgesinfo.fr\/remiremontinfo\/#\/schema\/logo\/image\/\",\"url\":\"https:\/\/vosgesinfo.fr\/app\/uploads\/sites\/5\/2023\/08\/favicon-remiremontinfo.png\",\"contentUrl\":\"https:\/\/vosgesinfo.fr\/app\/uploads\/sites\/5\/2023\/08\/favicon-remiremontinfo.png\",\"width\":512,\"height\":512,\"caption\":\"Remiremont Info\"},\"image\":{\"@id\":\"https:\/\/vosgesinfo.fr\/remiremontinfo\/#\/schema\/logo\/image\/\"},\"sameAs\":[\"https:\/\/www.facebook.com\/remiremontinfo\",\"https:\/\/x.com\/VosgesInfo88\",\"https:\/\/www.youtube.com\/@vosgesinfo\"]},{\"@type\":\"Person\",\"@id\":\"https:\/\/vosgesinfo.fr\/remiremontinfo\/#\/schema\/person\/80c6ea85ff4afefe81dceaf949954c76\",\"name\":\"La redaction\",\"image\":{\"@type\":\"ImageObject\",\"inLanguage\":\"fr-FR\",\"@id\":\"https:\/\/vosgesinfo.fr\/remiremontinfo\/#\/schema\/person\/image\/\",\"url\":\"https:\/\/secure.gravatar.com\/avatar\/fa684fed8c27e631d40f39d17520286009f89cf7526728ea4e58b5a8c426c16a?s=96&d=mm&r=g\",\"contentUrl\":\"https:\/\/secure.gravatar.com\/avatar\/fa684fed8c27e631d40f39d17520286009f89cf7526728ea4e58b5a8c426c16a?s=96&d=mm&r=g\",\"caption\":\"La redaction\"},\"url\":\"https:\/\/vosgesinfo.fr\/remiremontinfo\/author\/d-p\/\"}]}<\/script>\n<!-- \/ Yoast SEO plugin. -->","yoast_head_json":{"title":"Remiremont - Perspectives sur la grande f\u00eate m\u00e9di\u00e9vale du dimanche 11 ao\u00fbt... - Remiremont Info","robots":{"index":"index","follow":"follow","max-snippet":"max-snippet:-1","max-image-preview":"max-image-preview:large","max-video-preview":"max-video-preview:-1"},"canonical":"https:\/\/vosgesinfo.fr\/remiremontinfo\/2024\/06\/remiremont-perspectives-sur-la-grande-fete-medievale-du-dimanche-11-aout\/","twitter_card":"summary_large_image","twitter_title":"Remiremont - Perspectives sur la grande f\u00eate m\u00e9di\u00e9vale du dimanche 11 ao\u00fbt... - Remiremont Info","twitter_description":"L\u2019\u00e9v\u00e9nement est d\u00e9j\u00e0 bien pr\u00e9sent dans toutes les t\u00eates et marquera une animation primordiale au c\u0153ur de la saison estivale. [&hellip;]","twitter_image":"https:\/\/vosgesinfo.fr\/app\/uploads\/sites\/5\/2024\/06\/fete-medievale-le-serment-de-la-franche-pierre-229x300.jpg","twitter_creator":"@VosgesInfo88","twitter_site":"@VosgesInfo88","twitter_misc":{"\u00c9crit par":"La redaction","Dur\u00e9e de lecture estim\u00e9e":"2 minutes"},"schema":{"@context":"https:\/\/schema.org","@graph":[{"@type":"Article","@id":"https:\/\/vosgesinfo.fr\/remiremontinfo\/2024\/06\/remiremont-perspectives-sur-la-grande-fete-medievale-du-dimanche-11-aout\/#article","isPartOf":{"@id":"https:\/\/vosgesinfo.fr\/remiremontinfo\/2024\/06\/remiremont-perspectives-sur-la-grande-fete-medievale-du-dimanche-11-aout\/"},"author":{"name":"La redaction","@id":"https:\/\/vosgesinfo.fr\/remiremontinfo\/#\/schema\/person\/80c6ea85ff4afefe81dceaf949954c76"},"headline":"Remiremont &#8211; Perspectives sur la grande f\u00eate m\u00e9di\u00e9vale du dimanche 11 ao\u00fbt&#8230;","datePublished":"2024-06-20T07:59:05+00:00","dateModified":"2024-06-20T07:59:05+00:00","mainEntityOfPage":{"@id":"https:\/\/vosgesinfo.fr\/remiremontinfo\/2024\/06\/remiremont-perspectives-sur-la-grande-fete-medievale-du-dimanche-11-aout\/"},"wordCount":427,"commentCount":2,"publisher":{"@id":"https:\/\/vosgesinfo.fr\/remiremontinfo\/#organization"},"image":{"@id":"https:\/\/vosgesinfo.fr\/remiremontinfo\/2024\/06\/remiremont-perspectives-sur-la-grande-fete-medievale-du-dimanche-11-aout\/#primaryimage"},"thumbnailUrl":"https:\/\/vosgesinfo.fr\/app\/uploads\/sites\/5\/2024\/06\/fete-medievale-le-serment-de-la-franche-pierre.jpg","keywords":["fete m\u00e9di\u00e9vale"],"articleSection":["A la Une","Culture","Remiremont"],"inLanguage":"fr-FR","potentialAction":[{"@type":"CommentAction","name":"Comment","target":["https:\/\/vosgesinfo.fr\/remiremontinfo\/2024\/06\/remiremont-perspectives-sur-la-grande-fete-medievale-du-dimanche-11-aout\/#respond"]}]},{"@type":"WebPage","@id":"https:\/\/vosgesinfo.fr\/remiremontinfo\/2024\/06\/remiremont-perspectives-sur-la-grande-fete-medievale-du-dimanche-11-aout\/","url":"https:\/\/vosgesinfo.fr\/remiremontinfo\/2024\/06\/remiremont-perspectives-sur-la-grande-fete-medievale-du-dimanche-11-aout\/","name":"Remiremont - Perspectives sur la grande f\u00eate m\u00e9di\u00e9vale du dimanche 11 ao\u00fbt... - Remiremont Info","isPartOf":{"@id":"https:\/\/vosgesinfo.fr\/remiremontinfo\/#website"},"primaryImageOfPage":{"@id":"https:\/\/vosgesinfo.fr\/remiremontinfo\/2024\/06\/remiremont-perspectives-sur-la-grande-fete-medievale-du-dimanche-11-aout\/#primaryimage"},"image":{"@id":"https:\/\/vosgesinfo.fr\/remiremontinfo\/2024\/06\/remiremont-perspectives-sur-la-grande-fete-medievale-du-dimanche-11-aout\/#primaryimage"},"thumbnailUrl":"https:\/\/vosgesinfo.fr\/app\/uploads\/sites\/5\/2024\/06\/fete-medievale-le-serment-de-la-franche-pierre.jpg","datePublished":"2024-06-20T07:59:05+00:00","dateModified":"2024-06-20T07:59:05+00:00","breadcrumb":{"@id":"https:\/\/vosgesinfo.fr\/remiremontinfo\/2024\/06\/remiremont-perspectives-sur-la-grande-fete-medievale-du-dimanche-11-aout\/#breadcrumb"},"inLanguage":"fr-FR","potentialAction":[{"@type":"ReadAction","target":["https:\/\/vosgesinfo.fr\/remiremontinfo\/2024\/06\/remiremont-perspectives-sur-la-grande-fete-medievale-du-dimanche-11-aout\/"]}]},{"@type":"ImageObject","inLanguage":"fr-FR","@id":"https:\/\/vosgesinfo.fr\/remiremontinfo\/2024\/06\/remiremont-perspectives-sur-la-grande-fete-medievale-du-dimanche-11-aout\/#primaryimage","url":"https:\/\/vosgesinfo.fr\/app\/uploads\/sites\/5\/2024\/06\/fete-medievale-le-serment-de-la-franche-pierre.jpg","contentUrl":"https:\/\/vosgesinfo.fr\/app\/uploads\/sites\/5\/2024\/06\/fete-medievale-le-serment-de-la-franche-pierre.jpg","width":526,"height":688},{"@type":"BreadcrumbList","@id":"https:\/\/vosgesinfo.fr\/remiremontinfo\/2024\/06\/remiremont-perspectives-sur-la-grande-fete-medievale-du-dimanche-11-aout\/#breadcrumb","itemListElement":[{"@type":"ListItem","position":1,"name":"Home","item":"https:\/\/vosgesinfo.fr\/remiremontinfo\/"},{"@type":"ListItem","position":2,"name":"Remiremont &#8211; Perspectives sur la grande f\u00eate m\u00e9di\u00e9vale du dimanche 11 ao\u00fbt&#8230;"}]},{"@type":"WebSite","@id":"https:\/\/vosgesinfo.fr\/remiremontinfo\/#website","url":"https:\/\/vosgesinfo.fr\/remiremontinfo\/","name":"Remiremont Info","description":"Toute l&#039;actualit\u00e9 de Remiremont","publisher":{"@id":"https:\/\/vosgesinfo.fr\/remiremontinfo\/#organization"},"alternateName":"Toute l'actualit\u00e9 de Remiremont","potentialAction":[{"@type":"SearchAction","target":{"@type":"EntryPoint","urlTemplate":"https:\/\/vosgesinfo.fr\/remiremontinfo\/?s={search_term_string}"},"query-input":"required name=search_term_string"}],"inLanguage":"fr-FR"},{"@type":"Organization","@id":"https:\/\/vosgesinfo.fr\/remiremontinfo\/#organization","name":"Remiremont Info","url":"https:\/\/vosgesinfo.fr\/remiremontinfo\/","logo":{"@type":"ImageObject","inLanguage":"fr-FR","@id":"https:\/\/vosgesinfo.fr\/remiremontinfo\/#\/schema\/logo\/image\/","url":"https:\/\/vosgesinfo.fr\/app\/uploads\/sites\/5\/2023\/08\/favicon-remiremontinfo.png","contentUrl":"https:\/\/vosgesinfo.fr\/app\/uploads\/sites\/5\/2023\/08\/favicon-remiremontinfo.png","width":512,"height":512,"caption":"Remiremont Info"},"image":{"@id":"https:\/\/vosgesinfo.fr\/remiremontinfo\/#\/schema\/logo\/image\/"},"sameAs":["https:\/\/www.facebook.com\/remiremontinfo","https:\/\/x.com\/VosgesInfo88","https:\/\/www.youtube.com\/@vosgesinfo"]},{"@type":"Person","@id":"https:\/\/vosgesinfo.fr\/remiremontinfo\/#\/schema\/person\/80c6ea85ff4afefe81dceaf949954c76","name":"La redaction","image":{"@type":"ImageObject","inLanguage":"fr-FR","@id":"https:\/\/vosgesinfo.fr\/remiremontinfo\/#\/schema\/person\/image\/","url":"https:\/\/secure.gravatar.com\/avatar\/fa684fed8c27e631d40f39d17520286009f89cf7526728ea4e58b5a8c426c16a?s=96&d=mm&r=g","contentUrl":"https:\/\/secure.gravatar.com\/avatar\/fa684fed8c27e631d40f39d17520286009f89cf7526728ea4e58b5a8c426c16a?s=96&d=mm&r=g","caption":"La redaction"},"url":"https:\/\/vosgesinfo.fr\/remiremontinfo\/author\/d-p\/"}]}},"_links":{"self":[{"href":"https:\/\/vosgesinfo.fr\/remiremontinfo\/wp-json\/wp\/v2\/posts\/7188","targetHints":{"allow":["GET"]}}],"collection":[{"href":"https:\/\/vosgesinfo.fr\/remiremontinfo\/wp-json\/wp\/v2\/posts"}],"about":[{"href":"https:\/\/vosgesinfo.fr\/remiremontinfo\/wp-json\/wp\/v2\/types\/post"}],"author":[{"embeddable":true,"href":"https:\/\/vosgesinfo.fr\/remiremontinfo\/wp-json\/wp\/v2\/users\/392"}],"replies":[{"embeddable":true,"href":"https:\/\/vosgesinfo.fr\/remiremontinfo\/wp-json\/wp\/v2\/comments?post=7188"}],"version-history":[{"count":1,"href":"https:\/\/vosgesinfo.fr\/remiremontinfo\/wp-json\/wp\/v2\/posts\/7188\/revisions"}],"predecessor-version":[{"id":7190,"href":"https:\/\/vosgesinfo.fr\/remiremontinfo\/wp-json\/wp\/v2\/posts\/7188\/revisions\/7190"}],"wp:featuredmedia":[{"embeddable":true,"href":"https:\/\/vosgesinfo.fr\/remiremontinfo\/wp-json\/wp\/v2\/media\/7189"}],"wp:attachment":[{"href":"https:\/\/vosgesinfo.fr\/remiremontinfo\/wp-json\/wp\/v2\/media?parent=7188"}],"wp:term":[{"taxonomy":"category","embeddable":true,"href":"https:\/\/vosgesinfo.fr\/remiremontinfo\/wp-json\/wp\/v2\/categories?post=7188"},{"taxonomy":"post_tag","embeddable":true,"href":"https:\/\/vosgesinfo.fr\/remiremontinfo\/wp-json\/wp\/v2\/tags?post=7188"}],"curies":[{"name":"wp","href":"https:\/\/api.w.org\/{rel}","templated":true}]}}