{"id":71970,"date":"2023-06-10T19:33:06","date_gmt":"2023-06-10T17:33:06","guid":{"rendered":"https:\/\/vosgesinfo.fr\/remiremontinfo\/2023\/06\/comite-de-ski-vosges-congres-de-federation-francaise-de-ski-a-nice\/"},"modified":"2023-06-10T19:33:06","modified_gmt":"2023-06-10T17:33:06","slug":"comite-de-ski-vosges-congres-de-federation-francaise-de-ski-a-nice","status":"publish","type":"post","link":"https:\/\/vosgesinfo.fr\/remiremontinfo\/2023\/06\/comite-de-ski-vosges-congres-de-federation-francaise-de-ski-a-nice\/","title":{"rendered":"Le Comit\u00e9 de Ski des Vosges au Congr\u00e8s de la F\u00e9d\u00e9ration Fran\u00e7aise de Ski \u00e0 Nice"},"content":{"rendered":"<p><a href=\"\/2023\/06\/WhatsApp-Image-2023-06-10-at-09.40.46.jpeg\"><img decoding=\"async\" class=\"aligncenter size-large wp-image-371836\" src=\"\/2023\/06\/WhatsApp-Image-2023-06-10-at-09.40.46-1024x768.jpeg\" alt=\"Comit\u00e9 R\u00e9gional du Massif des Vosges.\" width=\"960\" height=\"720\" \/><\/a><\/p>\n<p><strong>L<em>e Comit\u00e9 de Ski des Vosges au Congr\u00e8s de la F\u00e9d\u00e9ration Fran\u00e7aise de Ski \u00e0 Nice<\/em><\/strong><\/p>\n<p>\u00ab\u00a0<em> Notre Comit\u00e9 \u00e9tait bien repr\u00e9sent\u00e9 au Congr\u00e8s de la F\u00e9d\u00e9ration de ski, qui se d\u00e9roulait ce vendredi et samedi \u00e0 Nice.<\/em><\/p>\n<p><em>Estelle Sch\u00fctz, pr\u00e9sidente du Comit\u00e9, \u00e9tait au c\u0153ur des d\u00e9bats, avec sa double casquette de Secr\u00e9taire g\u00e9n\u00e9rale de la F\u00e9d\u00e9ration fran\u00e7aise de ski et de pr\u00e9sidente du Comit\u00e9 de ski des Vosges.<\/em><\/p>\n<p><em>Elle \u00e9tait accompagn\u00e9e par 2 repr\u00e9sentants du Comit\u00e9 directeur du Massif, Martine Peter et Bertrand Bedel. <\/em><\/p>\n<p><em>Karine Didier en temps que pr\u00e9sidente de la Commission nationale Saut et Combin\u00e9 nordique \u00e9tait \u00e9galement pr\u00e9sente.<\/em>\u00ab\u00a0<\/p>\n","protected":false},"excerpt":{"rendered":"<p>Le Comit\u00e9 de Ski des Vosges au Congr\u00e8s de la F\u00e9d\u00e9ration Fran\u00e7aise de Ski \u00e0 Nice \u00ab\u00a0 Notre Comit\u00e9 \u00e9tait [&hellip;]<\/p>\n","protected":false},"author":411,"featured_media":71971,"comment_status":"open","ping_status":"open","sticky":false,"template":"","format":"standard","meta":{"footnotes":""},"categories":[26,351,18],"tags":[],"class_list":["post-71970","post","type-post","status-publish","format-standard","has-post-thumbnail","hentry","category-a-la-une","category-ski","category-vosges"],"acf":[],"yoast_head":"<!-- This site is optimized with the Yoast SEO plugin v22.5 - https:\/\/yoast.com\/wordpress\/plugins\/seo\/ -->\n<title>Le Comit\u00e9 de Ski des Vosges au Congr\u00e8s de la F\u00e9d\u00e9ration Fran\u00e7aise de Ski \u00e0 Nice - Remiremont Info<\/title>\n<meta name=\"robots\" content=\"index, follow, max-snippet:-1, max-image-preview:large, max-video-preview:-1\" \/>\n<link rel=\"canonical\" href=\"https:\/\/vosgesinfo.fr\/remiremontinfo\/2023\/06\/comite-de-ski-vosges-congres-de-federation-francaise-de-ski-a-nice\/\" \/>\n<meta name=\"twitter:card\" content=\"summary_large_image\" \/>\n<meta name=\"twitter:title\" content=\"Le Comit\u00e9 de Ski des Vosges au Congr\u00e8s de la F\u00e9d\u00e9ration Fran\u00e7aise de Ski \u00e0 Nice - Remiremont Info\" \/>\n<meta name=\"twitter:description\" content=\"Le Comit\u00e9 de Ski des Vosges au Congr\u00e8s de la F\u00e9d\u00e9ration Fran\u00e7aise de Ski \u00e0 Nice \u00ab\u00a0 Notre Comit\u00e9 \u00e9tait [&hellip;]\" \/>\n<meta name=\"twitter:image\" content=\"https:\/\/vosgesinfo.fr\/app\/uploads\/sites\/5\/2024\/09\/202306whatsapp-image-2023-06-10-at-09.40.46.jpeg\" \/>\n<meta name=\"twitter:creator\" content=\"@VosgesInfo88\" \/>\n<meta name=\"twitter:site\" content=\"@VosgesInfo88\" \/>\n<meta name=\"twitter:label1\" content=\"\u00c9crit par\" \/>\n\t<meta name=\"twitter:data1\" content=\"C.M\" \/>\n\t<meta name=\"twitter:label2\" content=\"Dur\u00e9e de lecture estim\u00e9e\" \/>\n\t<meta name=\"twitter:data2\" content=\"1 minute\" \/>\n<script type=\"application\/ld+json\" class=\"yoast-schema-graph\">{\"@context\":\"https:\/\/schema.org\",\"@graph\":[{\"@type\":\"Article\",\"@id\":\"https:\/\/vosgesinfo.fr\/remiremontinfo\/2023\/06\/comite-de-ski-vosges-congres-de-federation-francaise-de-ski-a-nice\/#article\",\"isPartOf\":{\"@id\":\"https:\/\/vosgesinfo.fr\/remiremontinfo\/2023\/06\/comite-de-ski-vosges-congres-de-federation-francaise-de-ski-a-nice\/\"},\"author\":{\"name\":\"C.M\",\"@id\":\"https:\/\/vosgesinfo.fr\/remiremontinfo\/#\/schema\/person\/27fd50bfa0474755c339da9cdfc89f3d\"},\"headline\":\"Le Comit\u00e9 de Ski des Vosges au Congr\u00e8s de la F\u00e9d\u00e9ration Fran\u00e7aise de Ski \u00e0 Nice\",\"datePublished\":\"2023-06-10T17:33:06+00:00\",\"dateModified\":\"2023-06-10T17:33:06+00:00\",\"mainEntityOfPage\":{\"@id\":\"https:\/\/vosgesinfo.fr\/remiremontinfo\/2023\/06\/comite-de-ski-vosges-congres-de-federation-francaise-de-ski-a-nice\/\"},\"wordCount\":142,\"commentCount\":0,\"publisher\":{\"@id\":\"https:\/\/vosgesinfo.fr\/remiremontinfo\/#organization\"},\"image\":{\"@id\":\"https:\/\/vosgesinfo.fr\/remiremontinfo\/2023\/06\/comite-de-ski-vosges-congres-de-federation-francaise-de-ski-a-nice\/#primaryimage\"},\"thumbnailUrl\":\"https:\/\/vosgesinfo.fr\/app\/uploads\/sites\/5\/2024\/09\/202306whatsapp-image-2023-06-10-at-09.40.46.jpeg\",\"articleSection\":[\"A la Une\",\"ski\",\"Vosges\"],\"inLanguage\":\"fr-FR\",\"potentialAction\":[{\"@type\":\"CommentAction\",\"name\":\"Comment\",\"target\":[\"https:\/\/vosgesinfo.fr\/remiremontinfo\/2023\/06\/comite-de-ski-vosges-congres-de-federation-francaise-de-ski-a-nice\/#respond\"]}]},{\"@type\":\"WebPage\",\"@id\":\"https:\/\/vosgesinfo.fr\/remiremontinfo\/2023\/06\/comite-de-ski-vosges-congres-de-federation-francaise-de-ski-a-nice\/\",\"url\":\"https:\/\/vosgesinfo.fr\/remiremontinfo\/2023\/06\/comite-de-ski-vosges-congres-de-federation-francaise-de-ski-a-nice\/\",\"name\":\"Le Comit\u00e9 de Ski des Vosges au Congr\u00e8s de la F\u00e9d\u00e9ration Fran\u00e7aise de Ski \u00e0 Nice - Remiremont Info\",\"isPartOf\":{\"@id\":\"https:\/\/vosgesinfo.fr\/remiremontinfo\/#website\"},\"primaryImageOfPage\":{\"@id\":\"https:\/\/vosgesinfo.fr\/remiremontinfo\/2023\/06\/comite-de-ski-vosges-congres-de-federation-francaise-de-ski-a-nice\/#primaryimage\"},\"image\":{\"@id\":\"https:\/\/vosgesinfo.fr\/remiremontinfo\/2023\/06\/comite-de-ski-vosges-congres-de-federation-francaise-de-ski-a-nice\/#primaryimage\"},\"thumbnailUrl\":\"https:\/\/vosgesinfo.fr\/app\/uploads\/sites\/5\/2024\/09\/202306whatsapp-image-2023-06-10-at-09.40.46.jpeg\",\"datePublished\":\"2023-06-10T17:33:06+00:00\",\"dateModified\":\"2023-06-10T17:33:06+00:00\",\"breadcrumb\":{\"@id\":\"https:\/\/vosgesinfo.fr\/remiremontinfo\/2023\/06\/comite-de-ski-vosges-congres-de-federation-francaise-de-ski-a-nice\/#breadcrumb\"},\"inLanguage\":\"fr-FR\",\"potentialAction\":[{\"@type\":\"ReadAction\",\"target\":[\"https:\/\/vosgesinfo.fr\/remiremontinfo\/2023\/06\/comite-de-ski-vosges-congres-de-federation-francaise-de-ski-a-nice\/\"]}]},{\"@type\":\"ImageObject\",\"inLanguage\":\"fr-FR\",\"@id\":\"https:\/\/vosgesinfo.fr\/remiremontinfo\/2023\/06\/comite-de-ski-vosges-congres-de-federation-francaise-de-ski-a-nice\/#primaryimage\",\"url\":\"https:\/\/vosgesinfo.fr\/app\/uploads\/sites\/5\/2024\/09\/202306whatsapp-image-2023-06-10-at-09.40.46.jpeg\",\"contentUrl\":\"https:\/\/vosgesinfo.fr\/app\/uploads\/sites\/5\/2024\/09\/202306whatsapp-image-2023-06-10-at-09.40.46.jpeg\",\"width\":1024,\"height\":768},{\"@type\":\"BreadcrumbList\",\"@id\":\"https:\/\/vosgesinfo.fr\/remiremontinfo\/2023\/06\/comite-de-ski-vosges-congres-de-federation-francaise-de-ski-a-nice\/#breadcrumb\",\"itemListElement\":[{\"@type\":\"ListItem\",\"position\":1,\"name\":\"Home\",\"item\":\"https:\/\/vosgesinfo.fr\/remiremontinfo\/\"},{\"@type\":\"ListItem\",\"position\":2,\"name\":\"Le Comit\u00e9 de Ski des Vosges au Congr\u00e8s de la F\u00e9d\u00e9ration Fran\u00e7aise de Ski \u00e0 Nice\"}]},{\"@type\":\"WebSite\",\"@id\":\"https:\/\/vosgesinfo.fr\/remiremontinfo\/#website\",\"url\":\"https:\/\/vosgesinfo.fr\/remiremontinfo\/\",\"name\":\"Remiremont Info\",\"description\":\"Toute l&#039;actualit\u00e9 de Remiremont\",\"publisher\":{\"@id\":\"https:\/\/vosgesinfo.fr\/remiremontinfo\/#organization\"},\"alternateName\":\"Toute l'actualit\u00e9 de Remiremont\",\"potentialAction\":[{\"@type\":\"SearchAction\",\"target\":{\"@type\":\"EntryPoint\",\"urlTemplate\":\"https:\/\/vosgesinfo.fr\/remiremontinfo\/?s={search_term_string}\"},\"query-input\":\"required name=search_term_string\"}],\"inLanguage\":\"fr-FR\"},{\"@type\":\"Organization\",\"@id\":\"https:\/\/vosgesinfo.fr\/remiremontinfo\/#organization\",\"name\":\"Remiremont Info\",\"url\":\"https:\/\/vosgesinfo.fr\/remiremontinfo\/\",\"logo\":{\"@type\":\"ImageObject\",\"inLanguage\":\"fr-FR\",\"@id\":\"https:\/\/vosgesinfo.fr\/remiremontinfo\/#\/schema\/logo\/image\/\",\"url\":\"https:\/\/vosgesinfo.fr\/app\/uploads\/sites\/5\/2023\/08\/favicon-remiremontinfo.png\",\"contentUrl\":\"https:\/\/vosgesinfo.fr\/app\/uploads\/sites\/5\/2023\/08\/favicon-remiremontinfo.png\",\"width\":512,\"height\":512,\"caption\":\"Remiremont Info\"},\"image\":{\"@id\":\"https:\/\/vosgesinfo.fr\/remiremontinfo\/#\/schema\/logo\/image\/\"},\"sameAs\":[\"https:\/\/www.facebook.com\/remiremontinfo\",\"https:\/\/x.com\/VosgesInfo88\",\"https:\/\/www.youtube.com\/@vosgesinfo\"]},{\"@type\":\"Person\",\"@id\":\"https:\/\/vosgesinfo.fr\/remiremontinfo\/#\/schema\/person\/27fd50bfa0474755c339da9cdfc89f3d\",\"name\":\"C.M\",\"image\":{\"@type\":\"ImageObject\",\"inLanguage\":\"fr-FR\",\"@id\":\"https:\/\/vosgesinfo.fr\/remiremontinfo\/#\/schema\/person\/image\/\",\"url\":\"https:\/\/secure.gravatar.com\/avatar\/aeefb88e08fc3e19fa733c61898f1bec4517042b8355098e757f11b4d3d4df70?s=96&d=mm&r=g\",\"contentUrl\":\"https:\/\/secure.gravatar.com\/avatar\/aeefb88e08fc3e19fa733c61898f1bec4517042b8355098e757f11b4d3d4df70?s=96&d=mm&r=g\",\"caption\":\"C.M\"},\"url\":\"https:\/\/vosgesinfo.fr\/remiremontinfo\/author\/cathy88200\/\"}]}<\/script>\n<!-- \/ Yoast SEO plugin. -->","yoast_head_json":{"title":"Le Comit\u00e9 de Ski des Vosges au Congr\u00e8s de la F\u00e9d\u00e9ration Fran\u00e7aise de Ski \u00e0 Nice - Remiremont Info","robots":{"index":"index","follow":"follow","max-snippet":"max-snippet:-1","max-image-preview":"max-image-preview:large","max-video-preview":"max-video-preview:-1"},"canonical":"https:\/\/vosgesinfo.fr\/remiremontinfo\/2023\/06\/comite-de-ski-vosges-congres-de-federation-francaise-de-ski-a-nice\/","twitter_card":"summary_large_image","twitter_title":"Le Comit\u00e9 de Ski des Vosges au Congr\u00e8s de la F\u00e9d\u00e9ration Fran\u00e7aise de Ski \u00e0 Nice - Remiremont Info","twitter_description":"Le Comit\u00e9 de Ski des Vosges au Congr\u00e8s de la F\u00e9d\u00e9ration Fran\u00e7aise de Ski \u00e0 Nice \u00ab\u00a0 Notre Comit\u00e9 \u00e9tait [&hellip;]","twitter_image":"https:\/\/vosgesinfo.fr\/app\/uploads\/sites\/5\/2024\/09\/202306whatsapp-image-2023-06-10-at-09.40.46.jpeg","twitter_creator":"@VosgesInfo88","twitter_site":"@VosgesInfo88","twitter_misc":{"\u00c9crit par":"C.M","Dur\u00e9e de lecture estim\u00e9e":"1 minute"},"schema":{"@context":"https:\/\/schema.org","@graph":[{"@type":"Article","@id":"https:\/\/vosgesinfo.fr\/remiremontinfo\/2023\/06\/comite-de-ski-vosges-congres-de-federation-francaise-de-ski-a-nice\/#article","isPartOf":{"@id":"https:\/\/vosgesinfo.fr\/remiremontinfo\/2023\/06\/comite-de-ski-vosges-congres-de-federation-francaise-de-ski-a-nice\/"},"author":{"name":"C.M","@id":"https:\/\/vosgesinfo.fr\/remiremontinfo\/#\/schema\/person\/27fd50bfa0474755c339da9cdfc89f3d"},"headline":"Le Comit\u00e9 de Ski des Vosges au Congr\u00e8s de la F\u00e9d\u00e9ration Fran\u00e7aise de Ski \u00e0 Nice","datePublished":"2023-06-10T17:33:06+00:00","dateModified":"2023-06-10T17:33:06+00:00","mainEntityOfPage":{"@id":"https:\/\/vosgesinfo.fr\/remiremontinfo\/2023\/06\/comite-de-ski-vosges-congres-de-federation-francaise-de-ski-a-nice\/"},"wordCount":142,"commentCount":0,"publisher":{"@id":"https:\/\/vosgesinfo.fr\/remiremontinfo\/#organization"},"image":{"@id":"https:\/\/vosgesinfo.fr\/remiremontinfo\/2023\/06\/comite-de-ski-vosges-congres-de-federation-francaise-de-ski-a-nice\/#primaryimage"},"thumbnailUrl":"https:\/\/vosgesinfo.fr\/app\/uploads\/sites\/5\/2024\/09\/202306whatsapp-image-2023-06-10-at-09.40.46.jpeg","articleSection":["A la Une","ski","Vosges"],"inLanguage":"fr-FR","potentialAction":[{"@type":"CommentAction","name":"Comment","target":["https:\/\/vosgesinfo.fr\/remiremontinfo\/2023\/06\/comite-de-ski-vosges-congres-de-federation-francaise-de-ski-a-nice\/#respond"]}]},{"@type":"WebPage","@id":"https:\/\/vosgesinfo.fr\/remiremontinfo\/2023\/06\/comite-de-ski-vosges-congres-de-federation-francaise-de-ski-a-nice\/","url":"https:\/\/vosgesinfo.fr\/remiremontinfo\/2023\/06\/comite-de-ski-vosges-congres-de-federation-francaise-de-ski-a-nice\/","name":"Le Comit\u00e9 de Ski des Vosges au Congr\u00e8s de la F\u00e9d\u00e9ration Fran\u00e7aise de Ski \u00e0 Nice - Remiremont Info","isPartOf":{"@id":"https:\/\/vosgesinfo.fr\/remiremontinfo\/#website"},"primaryImageOfPage":{"@id":"https:\/\/vosgesinfo.fr\/remiremontinfo\/2023\/06\/comite-de-ski-vosges-congres-de-federation-francaise-de-ski-a-nice\/#primaryimage"},"image":{"@id":"https:\/\/vosgesinfo.fr\/remiremontinfo\/2023\/06\/comite-de-ski-vosges-congres-de-federation-francaise-de-ski-a-nice\/#primaryimage"},"thumbnailUrl":"https:\/\/vosgesinfo.fr\/app\/uploads\/sites\/5\/2024\/09\/202306whatsapp-image-2023-06-10-at-09.40.46.jpeg","datePublished":"2023-06-10T17:33:06+00:00","dateModified":"2023-06-10T17:33:06+00:00","breadcrumb":{"@id":"https:\/\/vosgesinfo.fr\/remiremontinfo\/2023\/06\/comite-de-ski-vosges-congres-de-federation-francaise-de-ski-a-nice\/#breadcrumb"},"inLanguage":"fr-FR","potentialAction":[{"@type":"ReadAction","target":["https:\/\/vosgesinfo.fr\/remiremontinfo\/2023\/06\/comite-de-ski-vosges-congres-de-federation-francaise-de-ski-a-nice\/"]}]},{"@type":"ImageObject","inLanguage":"fr-FR","@id":"https:\/\/vosgesinfo.fr\/remiremontinfo\/2023\/06\/comite-de-ski-vosges-congres-de-federation-francaise-de-ski-a-nice\/#primaryimage","url":"https:\/\/vosgesinfo.fr\/app\/uploads\/sites\/5\/2024\/09\/202306whatsapp-image-2023-06-10-at-09.40.46.jpeg","contentUrl":"https:\/\/vosgesinfo.fr\/app\/uploads\/sites\/5\/2024\/09\/202306whatsapp-image-2023-06-10-at-09.40.46.jpeg","width":1024,"height":768},{"@type":"BreadcrumbList","@id":"https:\/\/vosgesinfo.fr\/remiremontinfo\/2023\/06\/comite-de-ski-vosges-congres-de-federation-francaise-de-ski-a-nice\/#breadcrumb","itemListElement":[{"@type":"ListItem","position":1,"name":"Home","item":"https:\/\/vosgesinfo.fr\/remiremontinfo\/"},{"@type":"ListItem","position":2,"name":"Le Comit\u00e9 de Ski des Vosges au Congr\u00e8s de la F\u00e9d\u00e9ration Fran\u00e7aise de Ski \u00e0 Nice"}]},{"@type":"WebSite","@id":"https:\/\/vosgesinfo.fr\/remiremontinfo\/#website","url":"https:\/\/vosgesinfo.fr\/remiremontinfo\/","name":"Remiremont Info","description":"Toute l&#039;actualit\u00e9 de Remiremont","publisher":{"@id":"https:\/\/vosgesinfo.fr\/remiremontinfo\/#organization"},"alternateName":"Toute l'actualit\u00e9 de Remiremont","potentialAction":[{"@type":"SearchAction","target":{"@type":"EntryPoint","urlTemplate":"https:\/\/vosgesinfo.fr\/remiremontinfo\/?s={search_term_string}"},"query-input":"required name=search_term_string"}],"inLanguage":"fr-FR"},{"@type":"Organization","@id":"https:\/\/vosgesinfo.fr\/remiremontinfo\/#organization","name":"Remiremont Info","url":"https:\/\/vosgesinfo.fr\/remiremontinfo\/","logo":{"@type":"ImageObject","inLanguage":"fr-FR","@id":"https:\/\/vosgesinfo.fr\/remiremontinfo\/#\/schema\/logo\/image\/","url":"https:\/\/vosgesinfo.fr\/app\/uploads\/sites\/5\/2023\/08\/favicon-remiremontinfo.png","contentUrl":"https:\/\/vosgesinfo.fr\/app\/uploads\/sites\/5\/2023\/08\/favicon-remiremontinfo.png","width":512,"height":512,"caption":"Remiremont Info"},"image":{"@id":"https:\/\/vosgesinfo.fr\/remiremontinfo\/#\/schema\/logo\/image\/"},"sameAs":["https:\/\/www.facebook.com\/remiremontinfo","https:\/\/x.com\/VosgesInfo88","https:\/\/www.youtube.com\/@vosgesinfo"]},{"@type":"Person","@id":"https:\/\/vosgesinfo.fr\/remiremontinfo\/#\/schema\/person\/27fd50bfa0474755c339da9cdfc89f3d","name":"C.M","image":{"@type":"ImageObject","inLanguage":"fr-FR","@id":"https:\/\/vosgesinfo.fr\/remiremontinfo\/#\/schema\/person\/image\/","url":"https:\/\/secure.gravatar.com\/avatar\/aeefb88e08fc3e19fa733c61898f1bec4517042b8355098e757f11b4d3d4df70?s=96&d=mm&r=g","contentUrl":"https:\/\/secure.gravatar.com\/avatar\/aeefb88e08fc3e19fa733c61898f1bec4517042b8355098e757f11b4d3d4df70?s=96&d=mm&r=g","caption":"C.M"},"url":"https:\/\/vosgesinfo.fr\/remiremontinfo\/author\/cathy88200\/"}]}},"_links":{"self":[{"href":"https:\/\/vosgesinfo.fr\/remiremontinfo\/wp-json\/wp\/v2\/posts\/71970","targetHints":{"allow":["GET"]}}],"collection":[{"href":"https:\/\/vosgesinfo.fr\/remiremontinfo\/wp-json\/wp\/v2\/posts"}],"about":[{"href":"https:\/\/vosgesinfo.fr\/remiremontinfo\/wp-json\/wp\/v2\/types\/post"}],"author":[{"embeddable":true,"href":"https:\/\/vosgesinfo.fr\/remiremontinfo\/wp-json\/wp\/v2\/users\/411"}],"replies":[{"embeddable":true,"href":"https:\/\/vosgesinfo.fr\/remiremontinfo\/wp-json\/wp\/v2\/comments?post=71970"}],"version-history":[{"count":0,"href":"https:\/\/vosgesinfo.fr\/remiremontinfo\/wp-json\/wp\/v2\/posts\/71970\/revisions"}],"wp:featuredmedia":[{"embeddable":true,"href":"https:\/\/vosgesinfo.fr\/remiremontinfo\/wp-json\/wp\/v2\/media\/71971"}],"wp:attachment":[{"href":"https:\/\/vosgesinfo.fr\/remiremontinfo\/wp-json\/wp\/v2\/media?parent=71970"}],"wp:term":[{"taxonomy":"category","embeddable":true,"href":"https:\/\/vosgesinfo.fr\/remiremontinfo\/wp-json\/wp\/v2\/categories?post=71970"},{"taxonomy":"post_tag","embeddable":true,"href":"https:\/\/vosgesinfo.fr\/remiremontinfo\/wp-json\/wp\/v2\/tags?post=71970"}],"curies":[{"name":"wp","href":"https:\/\/api.w.org\/{rel}","templated":true}]}}