{"id":72009,"date":"2023-06-12T10:51:23","date_gmt":"2023-06-12T08:51:23","guid":{"rendered":"https:\/\/vosgesinfo.fr\/remiremontinfo\/2023\/06\/golbey-homme-accuse-davoir-violemment-secoue-bebe-de-2-mois\/"},"modified":"2023-06-12T10:51:23","modified_gmt":"2023-06-12T08:51:23","slug":"golbey-homme-accuse-davoir-violemment-secoue-bebe-de-2-mois","status":"publish","type":"post","link":"https:\/\/vosgesinfo.fr\/remiremontinfo\/2023\/06\/golbey-homme-accuse-davoir-violemment-secoue-bebe-de-2-mois\/","title":{"rendered":"Golbey \u2013 Un homme accus\u00e9 d\u2019avoir violemment secou\u00e9 un b\u00e9b\u00e9 de 2 mois"},"content":{"rendered":"<h2><span style=\"font-size: 14pt;\"><a href=\"https:\/\/epinalinfos.fr\/2023\/06\/viol-secteur-de-bruyeres-homme-condamne-a-6-ans-de-reclusion-criminelle\/tribunal-epinal-2-1024x681-800x532-2\/\" rel=\"attachment wp-att-371656\"><img decoding=\"async\" class=\"aligncenter wp-image-371656 size-full\" src=\"\/2023\/06\/tribunal-epinal-2-1024x681-800x5321.jpg\" alt=\"tribunal-epinal-2-1024x681-800x532\" width=\"800\" height=\"532\" \/><\/a>A partir de ce lundi, les jur\u00e9s de la Cour d\u2019Assises des Vosges vont devoir se pencher sur une triste affaire. Il s\u2019agit d\u2019un homme accus\u00e9 d\u2019avoir violemment secou\u00e9 un b\u00e9b\u00e9 de 2 mois. Les faits ont eu lieu en mars 2020. L\u2019enfant est handicap\u00e9 suite \u00e0 ce geste.<\/span><\/h2>\n<p>A Golbey, un homme de 39 ans a \u00e9t\u00e9 plac\u00e9 en d\u00e9tention provisoire. Il est soup\u00e7onn\u00e9 d\u2019avoir violemment secou\u00e9 le nourrisson de sa compagne, en mars 2020 \u00e0 Golbey. Le b\u00e9b\u00e9 est vivant mais lourdement handicap\u00e9. Il sera dans le box des accus\u00e9s \u00e0 partir de ce lundi. L\u2019homme qui n\u2019est pas le p\u00e8re de l\u2019enfant, est accus\u00e9 de<em>\u00ab\u00a0violences ayant entra\u00een\u00e9 une mutilation ou infirmit\u00e9 permanente sur un mineur de moins de 15 ans, qui plus est par une personne ayant autorit\u00e9 sur la victime.\u00a0\u00bb<\/em> Le proc\u00e8s d\u2019assises durera jusque mercredi.<\/p>\n<p>L\u2019homme a \u00e9t\u00e9 entendu et il s\u2019est vu prononcer un placement en d\u00e9tention provisoire. Il \u00e9tait incarc\u00e9r\u00e9 \u00e0 la maison d\u2019arr\u00eat de Bar-le-Duc.<\/p>\n","protected":false},"excerpt":{"rendered":"<p>A partir de ce lundi, les jur\u00e9s de la Cour d\u2019Assises des Vosges vont devoir se pencher sur une triste [&hellip;]<\/p>\n","protected":false},"author":39,"featured_media":72010,"comment_status":"open","ping_status":"open","sticky":false,"template":"","format":"standard","meta":{"footnotes":""},"categories":[26,18],"tags":[],"class_list":["post-72009","post","type-post","status-publish","format-standard","has-post-thumbnail","hentry","category-a-la-une","category-vosges"],"acf":[],"yoast_head":"<!-- This site is optimized with the Yoast SEO plugin v22.5 - https:\/\/yoast.com\/wordpress\/plugins\/seo\/ -->\n<title>Golbey \u2013 Un homme accus\u00e9 d\u2019avoir violemment secou\u00e9 un b\u00e9b\u00e9 de 2 mois - Remiremont Info<\/title>\n<meta name=\"robots\" content=\"index, follow, max-snippet:-1, max-image-preview:large, max-video-preview:-1\" \/>\n<link rel=\"canonical\" href=\"https:\/\/vosgesinfo.fr\/remiremontinfo\/2023\/06\/golbey-homme-accuse-davoir-violemment-secoue-bebe-de-2-mois\/\" \/>\n<meta name=\"twitter:card\" content=\"summary_large_image\" \/>\n<meta name=\"twitter:title\" content=\"Golbey \u2013 Un homme accus\u00e9 d\u2019avoir violemment secou\u00e9 un b\u00e9b\u00e9 de 2 mois - Remiremont Info\" \/>\n<meta name=\"twitter:description\" content=\"A partir de ce lundi, les jur\u00e9s de la Cour d\u2019Assises des Vosges vont devoir se pencher sur une triste [&hellip;]\" \/>\n<meta name=\"twitter:image\" content=\"https:\/\/vosgesinfo.fr\/app\/uploads\/sites\/5\/2024\/09\/202306tribunal-epinal-2-1024x681-800x5321-2.jpg\" \/>\n<meta name=\"twitter:creator\" content=\"@VosgesInfo88\" \/>\n<meta name=\"twitter:site\" content=\"@VosgesInfo88\" \/>\n<meta name=\"twitter:label1\" content=\"\u00c9crit par\" \/>\n\t<meta name=\"twitter:data1\" content=\"Phj\" \/>\n\t<meta name=\"twitter:label2\" content=\"Dur\u00e9e de lecture estim\u00e9e\" \/>\n\t<meta name=\"twitter:data2\" content=\"1 minute\" \/>\n<script type=\"application\/ld+json\" class=\"yoast-schema-graph\">{\"@context\":\"https:\/\/schema.org\",\"@graph\":[{\"@type\":\"Article\",\"@id\":\"https:\/\/vosgesinfo.fr\/remiremontinfo\/2023\/06\/golbey-homme-accuse-davoir-violemment-secoue-bebe-de-2-mois\/#article\",\"isPartOf\":{\"@id\":\"https:\/\/vosgesinfo.fr\/remiremontinfo\/2023\/06\/golbey-homme-accuse-davoir-violemment-secoue-bebe-de-2-mois\/\"},\"author\":{\"name\":\"Phj\",\"@id\":\"https:\/\/vosgesinfo.fr\/remiremontinfo\/#\/schema\/person\/4f57dc393faf2ac8b9f1cab30ad79250\"},\"headline\":\"Golbey \u2013 Un homme accus\u00e9 d\u2019avoir violemment secou\u00e9 un b\u00e9b\u00e9 de 2 mois\",\"datePublished\":\"2023-06-12T08:51:23+00:00\",\"dateModified\":\"2023-06-12T08:51:23+00:00\",\"mainEntityOfPage\":{\"@id\":\"https:\/\/vosgesinfo.fr\/remiremontinfo\/2023\/06\/golbey-homme-accuse-davoir-violemment-secoue-bebe-de-2-mois\/\"},\"wordCount\":193,\"commentCount\":0,\"publisher\":{\"@id\":\"https:\/\/vosgesinfo.fr\/remiremontinfo\/#organization\"},\"image\":{\"@id\":\"https:\/\/vosgesinfo.fr\/remiremontinfo\/2023\/06\/golbey-homme-accuse-davoir-violemment-secoue-bebe-de-2-mois\/#primaryimage\"},\"thumbnailUrl\":\"https:\/\/vosgesinfo.fr\/app\/uploads\/sites\/5\/2024\/09\/202306tribunal-epinal-2-1024x681-800x5321-2.jpg\",\"articleSection\":[\"A la Une\",\"Vosges\"],\"inLanguage\":\"fr-FR\",\"potentialAction\":[{\"@type\":\"CommentAction\",\"name\":\"Comment\",\"target\":[\"https:\/\/vosgesinfo.fr\/remiremontinfo\/2023\/06\/golbey-homme-accuse-davoir-violemment-secoue-bebe-de-2-mois\/#respond\"]}]},{\"@type\":\"WebPage\",\"@id\":\"https:\/\/vosgesinfo.fr\/remiremontinfo\/2023\/06\/golbey-homme-accuse-davoir-violemment-secoue-bebe-de-2-mois\/\",\"url\":\"https:\/\/vosgesinfo.fr\/remiremontinfo\/2023\/06\/golbey-homme-accuse-davoir-violemment-secoue-bebe-de-2-mois\/\",\"name\":\"Golbey \u2013 Un homme accus\u00e9 d\u2019avoir violemment secou\u00e9 un b\u00e9b\u00e9 de 2 mois - Remiremont Info\",\"isPartOf\":{\"@id\":\"https:\/\/vosgesinfo.fr\/remiremontinfo\/#website\"},\"primaryImageOfPage\":{\"@id\":\"https:\/\/vosgesinfo.fr\/remiremontinfo\/2023\/06\/golbey-homme-accuse-davoir-violemment-secoue-bebe-de-2-mois\/#primaryimage\"},\"image\":{\"@id\":\"https:\/\/vosgesinfo.fr\/remiremontinfo\/2023\/06\/golbey-homme-accuse-davoir-violemment-secoue-bebe-de-2-mois\/#primaryimage\"},\"thumbnailUrl\":\"https:\/\/vosgesinfo.fr\/app\/uploads\/sites\/5\/2024\/09\/202306tribunal-epinal-2-1024x681-800x5321-2.jpg\",\"datePublished\":\"2023-06-12T08:51:23+00:00\",\"dateModified\":\"2023-06-12T08:51:23+00:00\",\"breadcrumb\":{\"@id\":\"https:\/\/vosgesinfo.fr\/remiremontinfo\/2023\/06\/golbey-homme-accuse-davoir-violemment-secoue-bebe-de-2-mois\/#breadcrumb\"},\"inLanguage\":\"fr-FR\",\"potentialAction\":[{\"@type\":\"ReadAction\",\"target\":[\"https:\/\/vosgesinfo.fr\/remiremontinfo\/2023\/06\/golbey-homme-accuse-davoir-violemment-secoue-bebe-de-2-mois\/\"]}]},{\"@type\":\"ImageObject\",\"inLanguage\":\"fr-FR\",\"@id\":\"https:\/\/vosgesinfo.fr\/remiremontinfo\/2023\/06\/golbey-homme-accuse-davoir-violemment-secoue-bebe-de-2-mois\/#primaryimage\",\"url\":\"https:\/\/vosgesinfo.fr\/app\/uploads\/sites\/5\/2024\/09\/202306tribunal-epinal-2-1024x681-800x5321-2.jpg\",\"contentUrl\":\"https:\/\/vosgesinfo.fr\/app\/uploads\/sites\/5\/2024\/09\/202306tribunal-epinal-2-1024x681-800x5321-2.jpg\",\"width\":800,\"height\":532},{\"@type\":\"BreadcrumbList\",\"@id\":\"https:\/\/vosgesinfo.fr\/remiremontinfo\/2023\/06\/golbey-homme-accuse-davoir-violemment-secoue-bebe-de-2-mois\/#breadcrumb\",\"itemListElement\":[{\"@type\":\"ListItem\",\"position\":1,\"name\":\"Home\",\"item\":\"https:\/\/vosgesinfo.fr\/remiremontinfo\/\"},{\"@type\":\"ListItem\",\"position\":2,\"name\":\"Golbey \u2013 Un homme accus\u00e9 d\u2019avoir violemment secou\u00e9 un b\u00e9b\u00e9 de 2 mois\"}]},{\"@type\":\"WebSite\",\"@id\":\"https:\/\/vosgesinfo.fr\/remiremontinfo\/#website\",\"url\":\"https:\/\/vosgesinfo.fr\/remiremontinfo\/\",\"name\":\"Remiremont Info\",\"description\":\"Toute l&#039;actualit\u00e9 de Remiremont\",\"publisher\":{\"@id\":\"https:\/\/vosgesinfo.fr\/remiremontinfo\/#organization\"},\"alternateName\":\"Toute l'actualit\u00e9 de Remiremont\",\"potentialAction\":[{\"@type\":\"SearchAction\",\"target\":{\"@type\":\"EntryPoint\",\"urlTemplate\":\"https:\/\/vosgesinfo.fr\/remiremontinfo\/?s={search_term_string}\"},\"query-input\":\"required name=search_term_string\"}],\"inLanguage\":\"fr-FR\"},{\"@type\":\"Organization\",\"@id\":\"https:\/\/vosgesinfo.fr\/remiremontinfo\/#organization\",\"name\":\"Remiremont Info\",\"url\":\"https:\/\/vosgesinfo.fr\/remiremontinfo\/\",\"logo\":{\"@type\":\"ImageObject\",\"inLanguage\":\"fr-FR\",\"@id\":\"https:\/\/vosgesinfo.fr\/remiremontinfo\/#\/schema\/logo\/image\/\",\"url\":\"https:\/\/vosgesinfo.fr\/app\/uploads\/sites\/5\/2023\/08\/favicon-remiremontinfo.png\",\"contentUrl\":\"https:\/\/vosgesinfo.fr\/app\/uploads\/sites\/5\/2023\/08\/favicon-remiremontinfo.png\",\"width\":512,\"height\":512,\"caption\":\"Remiremont Info\"},\"image\":{\"@id\":\"https:\/\/vosgesinfo.fr\/remiremontinfo\/#\/schema\/logo\/image\/\"},\"sameAs\":[\"https:\/\/www.facebook.com\/remiremontinfo\",\"https:\/\/x.com\/VosgesInfo88\",\"https:\/\/www.youtube.com\/@vosgesinfo\"]},{\"@type\":\"Person\",\"@id\":\"https:\/\/vosgesinfo.fr\/remiremontinfo\/#\/schema\/person\/4f57dc393faf2ac8b9f1cab30ad79250\",\"name\":\"Phj\",\"image\":{\"@type\":\"ImageObject\",\"inLanguage\":\"fr-FR\",\"@id\":\"https:\/\/vosgesinfo.fr\/remiremontinfo\/#\/schema\/person\/image\/\",\"url\":\"https:\/\/secure.gravatar.com\/avatar\/ada60265080fb9a89c9809bf0abb1f448a128cb85db1c08905baa5038fbe3cfe?s=96&d=mm&r=g\",\"contentUrl\":\"https:\/\/secure.gravatar.com\/avatar\/ada60265080fb9a89c9809bf0abb1f448a128cb85db1c08905baa5038fbe3cfe?s=96&d=mm&r=g\",\"caption\":\"Phj\"},\"url\":\"https:\/\/vosgesinfo.fr\/remiremontinfo\/author\/phj\/\"}]}<\/script>\n<!-- \/ Yoast SEO plugin. -->","yoast_head_json":{"title":"Golbey \u2013 Un homme accus\u00e9 d\u2019avoir violemment secou\u00e9 un b\u00e9b\u00e9 de 2 mois - Remiremont Info","robots":{"index":"index","follow":"follow","max-snippet":"max-snippet:-1","max-image-preview":"max-image-preview:large","max-video-preview":"max-video-preview:-1"},"canonical":"https:\/\/vosgesinfo.fr\/remiremontinfo\/2023\/06\/golbey-homme-accuse-davoir-violemment-secoue-bebe-de-2-mois\/","twitter_card":"summary_large_image","twitter_title":"Golbey \u2013 Un homme accus\u00e9 d\u2019avoir violemment secou\u00e9 un b\u00e9b\u00e9 de 2 mois - Remiremont Info","twitter_description":"A partir de ce lundi, les jur\u00e9s de la Cour d\u2019Assises des Vosges vont devoir se pencher sur une triste [&hellip;]","twitter_image":"https:\/\/vosgesinfo.fr\/app\/uploads\/sites\/5\/2024\/09\/202306tribunal-epinal-2-1024x681-800x5321-2.jpg","twitter_creator":"@VosgesInfo88","twitter_site":"@VosgesInfo88","twitter_misc":{"\u00c9crit par":"Phj","Dur\u00e9e de lecture estim\u00e9e":"1 minute"},"schema":{"@context":"https:\/\/schema.org","@graph":[{"@type":"Article","@id":"https:\/\/vosgesinfo.fr\/remiremontinfo\/2023\/06\/golbey-homme-accuse-davoir-violemment-secoue-bebe-de-2-mois\/#article","isPartOf":{"@id":"https:\/\/vosgesinfo.fr\/remiremontinfo\/2023\/06\/golbey-homme-accuse-davoir-violemment-secoue-bebe-de-2-mois\/"},"author":{"name":"Phj","@id":"https:\/\/vosgesinfo.fr\/remiremontinfo\/#\/schema\/person\/4f57dc393faf2ac8b9f1cab30ad79250"},"headline":"Golbey \u2013 Un homme accus\u00e9 d\u2019avoir violemment secou\u00e9 un b\u00e9b\u00e9 de 2 mois","datePublished":"2023-06-12T08:51:23+00:00","dateModified":"2023-06-12T08:51:23+00:00","mainEntityOfPage":{"@id":"https:\/\/vosgesinfo.fr\/remiremontinfo\/2023\/06\/golbey-homme-accuse-davoir-violemment-secoue-bebe-de-2-mois\/"},"wordCount":193,"commentCount":0,"publisher":{"@id":"https:\/\/vosgesinfo.fr\/remiremontinfo\/#organization"},"image":{"@id":"https:\/\/vosgesinfo.fr\/remiremontinfo\/2023\/06\/golbey-homme-accuse-davoir-violemment-secoue-bebe-de-2-mois\/#primaryimage"},"thumbnailUrl":"https:\/\/vosgesinfo.fr\/app\/uploads\/sites\/5\/2024\/09\/202306tribunal-epinal-2-1024x681-800x5321-2.jpg","articleSection":["A la Une","Vosges"],"inLanguage":"fr-FR","potentialAction":[{"@type":"CommentAction","name":"Comment","target":["https:\/\/vosgesinfo.fr\/remiremontinfo\/2023\/06\/golbey-homme-accuse-davoir-violemment-secoue-bebe-de-2-mois\/#respond"]}]},{"@type":"WebPage","@id":"https:\/\/vosgesinfo.fr\/remiremontinfo\/2023\/06\/golbey-homme-accuse-davoir-violemment-secoue-bebe-de-2-mois\/","url":"https:\/\/vosgesinfo.fr\/remiremontinfo\/2023\/06\/golbey-homme-accuse-davoir-violemment-secoue-bebe-de-2-mois\/","name":"Golbey \u2013 Un homme accus\u00e9 d\u2019avoir violemment secou\u00e9 un b\u00e9b\u00e9 de 2 mois - Remiremont Info","isPartOf":{"@id":"https:\/\/vosgesinfo.fr\/remiremontinfo\/#website"},"primaryImageOfPage":{"@id":"https:\/\/vosgesinfo.fr\/remiremontinfo\/2023\/06\/golbey-homme-accuse-davoir-violemment-secoue-bebe-de-2-mois\/#primaryimage"},"image":{"@id":"https:\/\/vosgesinfo.fr\/remiremontinfo\/2023\/06\/golbey-homme-accuse-davoir-violemment-secoue-bebe-de-2-mois\/#primaryimage"},"thumbnailUrl":"https:\/\/vosgesinfo.fr\/app\/uploads\/sites\/5\/2024\/09\/202306tribunal-epinal-2-1024x681-800x5321-2.jpg","datePublished":"2023-06-12T08:51:23+00:00","dateModified":"2023-06-12T08:51:23+00:00","breadcrumb":{"@id":"https:\/\/vosgesinfo.fr\/remiremontinfo\/2023\/06\/golbey-homme-accuse-davoir-violemment-secoue-bebe-de-2-mois\/#breadcrumb"},"inLanguage":"fr-FR","potentialAction":[{"@type":"ReadAction","target":["https:\/\/vosgesinfo.fr\/remiremontinfo\/2023\/06\/golbey-homme-accuse-davoir-violemment-secoue-bebe-de-2-mois\/"]}]},{"@type":"ImageObject","inLanguage":"fr-FR","@id":"https:\/\/vosgesinfo.fr\/remiremontinfo\/2023\/06\/golbey-homme-accuse-davoir-violemment-secoue-bebe-de-2-mois\/#primaryimage","url":"https:\/\/vosgesinfo.fr\/app\/uploads\/sites\/5\/2024\/09\/202306tribunal-epinal-2-1024x681-800x5321-2.jpg","contentUrl":"https:\/\/vosgesinfo.fr\/app\/uploads\/sites\/5\/2024\/09\/202306tribunal-epinal-2-1024x681-800x5321-2.jpg","width":800,"height":532},{"@type":"BreadcrumbList","@id":"https:\/\/vosgesinfo.fr\/remiremontinfo\/2023\/06\/golbey-homme-accuse-davoir-violemment-secoue-bebe-de-2-mois\/#breadcrumb","itemListElement":[{"@type":"ListItem","position":1,"name":"Home","item":"https:\/\/vosgesinfo.fr\/remiremontinfo\/"},{"@type":"ListItem","position":2,"name":"Golbey \u2013 Un homme accus\u00e9 d\u2019avoir violemment secou\u00e9 un b\u00e9b\u00e9 de 2 mois"}]},{"@type":"WebSite","@id":"https:\/\/vosgesinfo.fr\/remiremontinfo\/#website","url":"https:\/\/vosgesinfo.fr\/remiremontinfo\/","name":"Remiremont Info","description":"Toute l&#039;actualit\u00e9 de Remiremont","publisher":{"@id":"https:\/\/vosgesinfo.fr\/remiremontinfo\/#organization"},"alternateName":"Toute l'actualit\u00e9 de Remiremont","potentialAction":[{"@type":"SearchAction","target":{"@type":"EntryPoint","urlTemplate":"https:\/\/vosgesinfo.fr\/remiremontinfo\/?s={search_term_string}"},"query-input":"required name=search_term_string"}],"inLanguage":"fr-FR"},{"@type":"Organization","@id":"https:\/\/vosgesinfo.fr\/remiremontinfo\/#organization","name":"Remiremont Info","url":"https:\/\/vosgesinfo.fr\/remiremontinfo\/","logo":{"@type":"ImageObject","inLanguage":"fr-FR","@id":"https:\/\/vosgesinfo.fr\/remiremontinfo\/#\/schema\/logo\/image\/","url":"https:\/\/vosgesinfo.fr\/app\/uploads\/sites\/5\/2023\/08\/favicon-remiremontinfo.png","contentUrl":"https:\/\/vosgesinfo.fr\/app\/uploads\/sites\/5\/2023\/08\/favicon-remiremontinfo.png","width":512,"height":512,"caption":"Remiremont Info"},"image":{"@id":"https:\/\/vosgesinfo.fr\/remiremontinfo\/#\/schema\/logo\/image\/"},"sameAs":["https:\/\/www.facebook.com\/remiremontinfo","https:\/\/x.com\/VosgesInfo88","https:\/\/www.youtube.com\/@vosgesinfo"]},{"@type":"Person","@id":"https:\/\/vosgesinfo.fr\/remiremontinfo\/#\/schema\/person\/4f57dc393faf2ac8b9f1cab30ad79250","name":"Phj","image":{"@type":"ImageObject","inLanguage":"fr-FR","@id":"https:\/\/vosgesinfo.fr\/remiremontinfo\/#\/schema\/person\/image\/","url":"https:\/\/secure.gravatar.com\/avatar\/ada60265080fb9a89c9809bf0abb1f448a128cb85db1c08905baa5038fbe3cfe?s=96&d=mm&r=g","contentUrl":"https:\/\/secure.gravatar.com\/avatar\/ada60265080fb9a89c9809bf0abb1f448a128cb85db1c08905baa5038fbe3cfe?s=96&d=mm&r=g","caption":"Phj"},"url":"https:\/\/vosgesinfo.fr\/remiremontinfo\/author\/phj\/"}]}},"_links":{"self":[{"href":"https:\/\/vosgesinfo.fr\/remiremontinfo\/wp-json\/wp\/v2\/posts\/72009","targetHints":{"allow":["GET"]}}],"collection":[{"href":"https:\/\/vosgesinfo.fr\/remiremontinfo\/wp-json\/wp\/v2\/posts"}],"about":[{"href":"https:\/\/vosgesinfo.fr\/remiremontinfo\/wp-json\/wp\/v2\/types\/post"}],"author":[{"embeddable":true,"href":"https:\/\/vosgesinfo.fr\/remiremontinfo\/wp-json\/wp\/v2\/users\/39"}],"replies":[{"embeddable":true,"href":"https:\/\/vosgesinfo.fr\/remiremontinfo\/wp-json\/wp\/v2\/comments?post=72009"}],"version-history":[{"count":0,"href":"https:\/\/vosgesinfo.fr\/remiremontinfo\/wp-json\/wp\/v2\/posts\/72009\/revisions"}],"wp:featuredmedia":[{"embeddable":true,"href":"https:\/\/vosgesinfo.fr\/remiremontinfo\/wp-json\/wp\/v2\/media\/72010"}],"wp:attachment":[{"href":"https:\/\/vosgesinfo.fr\/remiremontinfo\/wp-json\/wp\/v2\/media?parent=72009"}],"wp:term":[{"taxonomy":"category","embeddable":true,"href":"https:\/\/vosgesinfo.fr\/remiremontinfo\/wp-json\/wp\/v2\/categories?post=72009"},{"taxonomy":"post_tag","embeddable":true,"href":"https:\/\/vosgesinfo.fr\/remiremontinfo\/wp-json\/wp\/v2\/tags?post=72009"}],"curies":[{"name":"wp","href":"https:\/\/api.w.org\/{rel}","templated":true}]}}