{"id":72098,"date":"2023-06-15T16:00:33","date_gmt":"2023-06-15T14:00:33","guid":{"rendered":"https:\/\/vosgesinfo.fr\/remiremontinfo\/2023\/06\/suite-de-lincendie-deux-chats-disparus\/"},"modified":"2023-06-15T16:00:33","modified_gmt":"2023-06-15T14:00:33","slug":"suite-de-lincendie-deux-chats-disparus","status":"publish","type":"post","link":"https:\/\/vosgesinfo.fr\/remiremontinfo\/2023\/06\/suite-de-lincendie-deux-chats-disparus\/","title":{"rendered":"Suite de l&rsquo;incendie, deux chats disparus"},"content":{"rendered":"<p class=\"Normal tm5\"><span class=\"tm6\">R\u00e9veill\u00e9s pendant leur sommeil, suite \u00e0 l&rsquo;incendie qui s&rsquo;est d\u00e9clar\u00e9 impasse des Herbures \u00e0 Saint-Nabord, \u00e0 proximit\u00e9 de la pharmacie et de l&rsquo;\u00e9cole, les habitants concern\u00e9s r\u00e9alisent ce qu&rsquo;il leur est arriv\u00e9 et \u00e0 quoi ils ont \u00e9chapp\u00e9. Des larmes, une r\u00e9signation face au drame.\u00a0\u00bb<em>Nous avons juste r\u00e9ussi \u00e0 sauver nos papiers et la voiture<\/em>\u00a0\u00bb soulignait une habitante. D&rsquo;autres n&rsquo;ont que les habits mis \u00e0 la h\u00e2te avant de sortir. Tous, une dizaine de personnes avaient \u00e9t\u00e9 accueillis au centre socio-culturel navoiriaud<br \/>\n<\/span><\/p>\n<p class=\"Normal tm5\"><span class=\"tm6\">Rien, il ne reste rien des habitations\/appartements qui ont \u00e9t\u00e9 d\u00e9truits par les flammes. Les sapeurs-pompiers encore pr\u00e9sents dans la matin\u00e9e continuant l&rsquo;arrosage et surveillant les reprises de feux.<\/span><\/p>\n<p class=\"Normal tm5\">Une grande cha\u00eene de solidarit\u00e9 s&rsquo;est rapidement mise en place, coordonn\u00e9e par la municipalit\u00e9. Vosgelis semblait avoir r\u00e9ussi \u00e0 reloger tous les habitants, mais les logements \u00e9tant vides, la qu\u00eate de mobilier et tout ce qui sert au quotidien \u00e9tait la pr\u00e9occupation. Des entreprises ont propos\u00e9 des dons spontan\u00e9s.<\/p>\n<p class=\"Normal tm5\">La municipalit\u00e9 avait mis en place une appel au don via les r\u00e9seaux\u00a0 sociaux<\/p>\n<p class=\"Normal tm5\" style=\"text-align: left;\"><span class=\"tm6\"><strong>Chats perdus<\/strong> <\/span><\/p>\n<p class=\"Normal tm5\"><a href=\"\/2023\/06\/354061840_592621152979660_847008159600549256_n.jpg\"><img decoding=\"async\" class=\"size-medium wp-image-372130 alignright\" src=\"\/2023\/06\/354061840_592621152979660_847008159600549256_n-230x255.jpg\" alt=\"chats perdus\" width=\"230\" height=\"255\" \/><\/a><strong><span class=\"tm6\">Suite \u00e0 l\u2019incendie deux chats se sont enfuis et sont toujours disparus.<\/span><\/strong><\/p>\n<p class=\"Normal tm5\"><strong><span class=\"tm6\">Un siamois beige et brun aux yeux bleus adulte sans collier qui s\u2019appelle Abi.<\/span><\/strong><\/p>\n<p class=\"Normal tm5\"><strong><span class=\"tm6\">Un chat tigr\u00e9 aux yeux bleus avec un collier anti-puces gris qui s\u2019appelle Horacio.<\/span><\/strong><\/p>\n<p class=\"Normal tm5\"><strong><span class=\"tm6\">Si vous les retrouvez merci de contacter la mairie au 03 29 62 06 22.<\/span><\/strong><\/p>\n<p>https:\/\/www.facebook.com\/SAINT.NABORD\/?locale=fr_FR<\/p>\n<p><strong>Communiqu\u00e9 de la page FB de la commune :<\/strong><\/p>\n<div class=\"\" dir=\"auto\">\n<div id=\":re:\" class=\"x1iorvi4 x1pi30zi x1l90r2v x1swvt13\" data-ad-comet-preview=\"message\" data-ad-preview=\"message\">\n<div class=\"x78zum5 xdt5ytf xz62fqu x16ldp7u\">\n<div class=\"xu06os2 x1ok221b\">\n<div class=\"xdj266r x11i5rnm xat24cr x1mh8g0r x1vvkbs x126k92a\">\n<div dir=\"auto\">MERCI !!!<span class=\"x3nfvp2 x1j61x8r x1fcty0u xdj266r xhhsvwb xat24cr xgzva0m xxymvpz xlup9mm x1kky2od\"><img decoding=\"async\" src=\"https:\/\/vosgesinfo.fr\/app\/uploads\/sites\/5\/2024\/01\/1f60d.png\" alt=\"&#x1f60d;\" width=\"16\" height=\"16\" \/><\/span><\/div>\n<div dir=\"auto\">&#8211; pour votre g\u00e9n\u00e9rosit\u00e9,<\/div>\n<div dir=\"auto\">&#8211; pour votre r\u00e9activit\u00e9<\/div>\n<div dir=\"auto\">&#8211; pour vos dons<\/div>\n<div dir=\"auto\">&#8211; pour votre bienveillante.<\/div>\n<\/div>\n<div class=\"x11i5rnm xat24cr x1mh8g0r x1vvkbs xtlvy1s x126k92a\">\n<div dir=\"auto\">Nous aurions encore besoin pour l\u2019instant de :<\/div>\n<\/div>\n<div class=\"x11i5rnm xat24cr x1mh8g0r x1vvkbs xtlvy1s x126k92a\">\n<div dir=\"auto\">&#8211; v\u00eatements grande taille XXL en Tshirts et pulls, T 54\/56 en pantalons, bermudas et sous v\u00eatements hommes.<\/div>\n<\/div>\n<div class=\"x11i5rnm xat24cr x1mh8g0r x1vvkbs xtlvy1s x126k92a\">\n<div dir=\"auto\">&#8211; des sous-v\u00eatements hommes et femmes toutes tailles.<\/div>\n<\/div>\n<div class=\"x11i5rnm xat24cr x1mh8g0r x1vvkbs xtlvy1s x126k92a\">\n<div dir=\"auto\">&#8211; des ceintures, chaussettes.<\/div>\n<\/div>\n<div class=\"x11i5rnm xat24cr x1mh8g0r x1vvkbs xtlvy1s x126k92a\">\n<div dir=\"auto\">&#8211; des chaussures :<\/div>\n<div dir=\"auto\">Pour les hommes : 42 et 45\/46<\/div>\n<div dir=\"auto\">Pour les femmes : 37 et 38<\/div>\n<\/div>\n<div class=\"x11i5rnm xat24cr x1mh8g0r x1vvkbs xtlvy1s x126k92a\">\n<div dir=\"auto\">&#8211; maquillage, lait d\u00e9maquillant, coton-tiges, rasoirs, prot\u00e8ge-slips. Coton, papier toilette.<\/div>\n<\/div>\n<div class=\"x11i5rnm xat24cr x1mh8g0r x1vvkbs xtlvy1s x126k92a\">\n<div dir=\"auto\">&#8211; des draps, taies d\u2019oreiller, couettes, housses de couettes, oreillers.<\/div>\n<\/div>\n<div class=\"x11i5rnm xat24cr x1mh8g0r x1vvkbs xtlvy1s x126k92a\">\n<div dir=\"auto\">&#8211; de l\u2019alimentation et produits d\u2019entretien.<\/div>\n<\/div>\n<div class=\"x11i5rnm xat24cr x1mh8g0r x1vvkbs xtlvy1s x126k92a\">\n<div dir=\"auto\">Merci d\u2018apporter vos dons \u00e0 la mairie ouverte de 9h \u00e0 17h30.<\/div>\n<\/div>\n<div class=\"x11i5rnm xat24cr x1mh8g0r x1vvkbs xtlvy1s x126k92a\">\n<div dir=\"auto\">Merci \u00e0 tous!!!<span class=\"x3nfvp2 x1j61x8r x1fcty0u xdj266r xhhsvwb xat24cr xgzva0m xxymvpz xlup9mm x1kky2od\"><img decoding=\"async\" src=\"https:\/\/vosgesinfo.fr\/app\/uploads\/sites\/5\/2024\/01\/1f60d.png\" alt=\"&#x1f60d;\" width=\"16\" height=\"16\" \/><\/span><\/div>\n<\/div>\n<\/div>\n<\/div>\n<\/div>\n<\/div>\n<p>&nbsp;<\/p>\n","protected":false},"excerpt":{"rendered":"<p>R\u00e9veill\u00e9s pendant leur sommeil, suite \u00e0 l&rsquo;incendie qui s&rsquo;est d\u00e9clar\u00e9 impasse des Herbures \u00e0 Saint-Nabord, \u00e0 proximit\u00e9 de la pharmacie [&hellip;]<\/p>\n","protected":false},"author":411,"featured_media":72099,"comment_status":"open","ping_status":"open","sticky":false,"template":"","format":"standard","meta":{"footnotes":""},"categories":[26,35,100],"tags":[5954],"class_list":["post-72098","post","type-post","status-publish","format-standard","has-post-thumbnail","hentry","category-a-la-une","category-remiremont-son-canton","category-saint-nabord","tag-suite-incendie"],"acf":[],"yoast_head":"<!-- This site is optimized with the Yoast SEO plugin v22.5 - https:\/\/yoast.com\/wordpress\/plugins\/seo\/ -->\n<title>Suite de l&#039;incendie, deux chats disparus - Remiremont Info<\/title>\n<meta name=\"robots\" content=\"index, follow, max-snippet:-1, max-image-preview:large, max-video-preview:-1\" \/>\n<link rel=\"canonical\" href=\"https:\/\/vosgesinfo.fr\/remiremontinfo\/2023\/06\/suite-de-lincendie-deux-chats-disparus\/\" \/>\n<meta name=\"twitter:card\" content=\"summary_large_image\" \/>\n<meta name=\"twitter:title\" content=\"Suite de l&#039;incendie, deux chats disparus - Remiremont Info\" \/>\n<meta name=\"twitter:description\" content=\"R\u00e9veill\u00e9s pendant leur sommeil, suite \u00e0 l&rsquo;incendie qui s&rsquo;est d\u00e9clar\u00e9 impasse des Herbures \u00e0 Saint-Nabord, \u00e0 proximit\u00e9 de la pharmacie [&hellip;]\" \/>\n<meta name=\"twitter:image\" content=\"https:\/\/vosgesinfo.fr\/app\/uploads\/sites\/5\/2024\/09\/202306dsc-0685.jpg\" \/>\n<meta name=\"twitter:creator\" content=\"@VosgesInfo88\" \/>\n<meta name=\"twitter:site\" content=\"@VosgesInfo88\" \/>\n<meta name=\"twitter:label1\" content=\"\u00c9crit par\" \/>\n\t<meta name=\"twitter:data1\" content=\"C.M\" \/>\n\t<meta name=\"twitter:label2\" content=\"Dur\u00e9e de lecture estim\u00e9e\" \/>\n\t<meta name=\"twitter:data2\" content=\"2 minutes\" \/>\n<script type=\"application\/ld+json\" class=\"yoast-schema-graph\">{\"@context\":\"https:\/\/schema.org\",\"@graph\":[{\"@type\":\"Article\",\"@id\":\"https:\/\/vosgesinfo.fr\/remiremontinfo\/2023\/06\/suite-de-lincendie-deux-chats-disparus\/#article\",\"isPartOf\":{\"@id\":\"https:\/\/vosgesinfo.fr\/remiremontinfo\/2023\/06\/suite-de-lincendie-deux-chats-disparus\/\"},\"author\":{\"name\":\"C.M\",\"@id\":\"https:\/\/vosgesinfo.fr\/remiremontinfo\/#\/schema\/person\/27fd50bfa0474755c339da9cdfc89f3d\"},\"headline\":\"Suite de l&rsquo;incendie, deux chats disparus\",\"datePublished\":\"2023-06-15T14:00:33+00:00\",\"dateModified\":\"2023-06-15T14:00:33+00:00\",\"mainEntityOfPage\":{\"@id\":\"https:\/\/vosgesinfo.fr\/remiremontinfo\/2023\/06\/suite-de-lincendie-deux-chats-disparus\/\"},\"wordCount\":389,\"commentCount\":0,\"publisher\":{\"@id\":\"https:\/\/vosgesinfo.fr\/remiremontinfo\/#organization\"},\"image\":{\"@id\":\"https:\/\/vosgesinfo.fr\/remiremontinfo\/2023\/06\/suite-de-lincendie-deux-chats-disparus\/#primaryimage\"},\"thumbnailUrl\":\"https:\/\/vosgesinfo.fr\/app\/uploads\/sites\/5\/2024\/09\/202306dsc-0685.jpg\",\"keywords\":[\"suite incendie\"],\"articleSection\":[\"A la Une\",\"Remiremont &amp; son canton\",\"Saint-Nabord\"],\"inLanguage\":\"fr-FR\",\"potentialAction\":[{\"@type\":\"CommentAction\",\"name\":\"Comment\",\"target\":[\"https:\/\/vosgesinfo.fr\/remiremontinfo\/2023\/06\/suite-de-lincendie-deux-chats-disparus\/#respond\"]}]},{\"@type\":\"WebPage\",\"@id\":\"https:\/\/vosgesinfo.fr\/remiremontinfo\/2023\/06\/suite-de-lincendie-deux-chats-disparus\/\",\"url\":\"https:\/\/vosgesinfo.fr\/remiremontinfo\/2023\/06\/suite-de-lincendie-deux-chats-disparus\/\",\"name\":\"Suite de l'incendie, deux chats disparus - Remiremont Info\",\"isPartOf\":{\"@id\":\"https:\/\/vosgesinfo.fr\/remiremontinfo\/#website\"},\"primaryImageOfPage\":{\"@id\":\"https:\/\/vosgesinfo.fr\/remiremontinfo\/2023\/06\/suite-de-lincendie-deux-chats-disparus\/#primaryimage\"},\"image\":{\"@id\":\"https:\/\/vosgesinfo.fr\/remiremontinfo\/2023\/06\/suite-de-lincendie-deux-chats-disparus\/#primaryimage\"},\"thumbnailUrl\":\"https:\/\/vosgesinfo.fr\/app\/uploads\/sites\/5\/2024\/09\/202306dsc-0685.jpg\",\"datePublished\":\"2023-06-15T14:00:33+00:00\",\"dateModified\":\"2023-06-15T14:00:33+00:00\",\"breadcrumb\":{\"@id\":\"https:\/\/vosgesinfo.fr\/remiremontinfo\/2023\/06\/suite-de-lincendie-deux-chats-disparus\/#breadcrumb\"},\"inLanguage\":\"fr-FR\",\"potentialAction\":[{\"@type\":\"ReadAction\",\"target\":[\"https:\/\/vosgesinfo.fr\/remiremontinfo\/2023\/06\/suite-de-lincendie-deux-chats-disparus\/\"]}]},{\"@type\":\"ImageObject\",\"inLanguage\":\"fr-FR\",\"@id\":\"https:\/\/vosgesinfo.fr\/remiremontinfo\/2023\/06\/suite-de-lincendie-deux-chats-disparus\/#primaryimage\",\"url\":\"https:\/\/vosgesinfo.fr\/app\/uploads\/sites\/5\/2024\/09\/202306dsc-0685.jpg\",\"contentUrl\":\"https:\/\/vosgesinfo.fr\/app\/uploads\/sites\/5\/2024\/09\/202306dsc-0685.jpg\",\"width\":1600,\"height\":1063},{\"@type\":\"BreadcrumbList\",\"@id\":\"https:\/\/vosgesinfo.fr\/remiremontinfo\/2023\/06\/suite-de-lincendie-deux-chats-disparus\/#breadcrumb\",\"itemListElement\":[{\"@type\":\"ListItem\",\"position\":1,\"name\":\"Home\",\"item\":\"https:\/\/vosgesinfo.fr\/remiremontinfo\/\"},{\"@type\":\"ListItem\",\"position\":2,\"name\":\"Suite de l&rsquo;incendie, deux chats disparus\"}]},{\"@type\":\"WebSite\",\"@id\":\"https:\/\/vosgesinfo.fr\/remiremontinfo\/#website\",\"url\":\"https:\/\/vosgesinfo.fr\/remiremontinfo\/\",\"name\":\"Remiremont Info\",\"description\":\"Toute l&#039;actualit\u00e9 de Remiremont\",\"publisher\":{\"@id\":\"https:\/\/vosgesinfo.fr\/remiremontinfo\/#organization\"},\"alternateName\":\"Toute l'actualit\u00e9 de Remiremont\",\"potentialAction\":[{\"@type\":\"SearchAction\",\"target\":{\"@type\":\"EntryPoint\",\"urlTemplate\":\"https:\/\/vosgesinfo.fr\/remiremontinfo\/?s={search_term_string}\"},\"query-input\":\"required name=search_term_string\"}],\"inLanguage\":\"fr-FR\"},{\"@type\":\"Organization\",\"@id\":\"https:\/\/vosgesinfo.fr\/remiremontinfo\/#organization\",\"name\":\"Remiremont Info\",\"url\":\"https:\/\/vosgesinfo.fr\/remiremontinfo\/\",\"logo\":{\"@type\":\"ImageObject\",\"inLanguage\":\"fr-FR\",\"@id\":\"https:\/\/vosgesinfo.fr\/remiremontinfo\/#\/schema\/logo\/image\/\",\"url\":\"https:\/\/vosgesinfo.fr\/app\/uploads\/sites\/5\/2023\/08\/favicon-remiremontinfo.png\",\"contentUrl\":\"https:\/\/vosgesinfo.fr\/app\/uploads\/sites\/5\/2023\/08\/favicon-remiremontinfo.png\",\"width\":512,\"height\":512,\"caption\":\"Remiremont Info\"},\"image\":{\"@id\":\"https:\/\/vosgesinfo.fr\/remiremontinfo\/#\/schema\/logo\/image\/\"},\"sameAs\":[\"https:\/\/www.facebook.com\/remiremontinfo\",\"https:\/\/x.com\/VosgesInfo88\",\"https:\/\/www.youtube.com\/@vosgesinfo\"]},{\"@type\":\"Person\",\"@id\":\"https:\/\/vosgesinfo.fr\/remiremontinfo\/#\/schema\/person\/27fd50bfa0474755c339da9cdfc89f3d\",\"name\":\"C.M\",\"image\":{\"@type\":\"ImageObject\",\"inLanguage\":\"fr-FR\",\"@id\":\"https:\/\/vosgesinfo.fr\/remiremontinfo\/#\/schema\/person\/image\/\",\"url\":\"https:\/\/secure.gravatar.com\/avatar\/aeefb88e08fc3e19fa733c61898f1bec4517042b8355098e757f11b4d3d4df70?s=96&d=mm&r=g\",\"contentUrl\":\"https:\/\/secure.gravatar.com\/avatar\/aeefb88e08fc3e19fa733c61898f1bec4517042b8355098e757f11b4d3d4df70?s=96&d=mm&r=g\",\"caption\":\"C.M\"},\"url\":\"https:\/\/vosgesinfo.fr\/remiremontinfo\/author\/cathy88200\/\"}]}<\/script>\n<!-- \/ Yoast SEO plugin. -->","yoast_head_json":{"title":"Suite de l'incendie, deux chats disparus - Remiremont Info","robots":{"index":"index","follow":"follow","max-snippet":"max-snippet:-1","max-image-preview":"max-image-preview:large","max-video-preview":"max-video-preview:-1"},"canonical":"https:\/\/vosgesinfo.fr\/remiremontinfo\/2023\/06\/suite-de-lincendie-deux-chats-disparus\/","twitter_card":"summary_large_image","twitter_title":"Suite de l'incendie, deux chats disparus - Remiremont Info","twitter_description":"R\u00e9veill\u00e9s pendant leur sommeil, suite \u00e0 l&rsquo;incendie qui s&rsquo;est d\u00e9clar\u00e9 impasse des Herbures \u00e0 Saint-Nabord, \u00e0 proximit\u00e9 de la pharmacie [&hellip;]","twitter_image":"https:\/\/vosgesinfo.fr\/app\/uploads\/sites\/5\/2024\/09\/202306dsc-0685.jpg","twitter_creator":"@VosgesInfo88","twitter_site":"@VosgesInfo88","twitter_misc":{"\u00c9crit par":"C.M","Dur\u00e9e de lecture estim\u00e9e":"2 minutes"},"schema":{"@context":"https:\/\/schema.org","@graph":[{"@type":"Article","@id":"https:\/\/vosgesinfo.fr\/remiremontinfo\/2023\/06\/suite-de-lincendie-deux-chats-disparus\/#article","isPartOf":{"@id":"https:\/\/vosgesinfo.fr\/remiremontinfo\/2023\/06\/suite-de-lincendie-deux-chats-disparus\/"},"author":{"name":"C.M","@id":"https:\/\/vosgesinfo.fr\/remiremontinfo\/#\/schema\/person\/27fd50bfa0474755c339da9cdfc89f3d"},"headline":"Suite de l&rsquo;incendie, deux chats disparus","datePublished":"2023-06-15T14:00:33+00:00","dateModified":"2023-06-15T14:00:33+00:00","mainEntityOfPage":{"@id":"https:\/\/vosgesinfo.fr\/remiremontinfo\/2023\/06\/suite-de-lincendie-deux-chats-disparus\/"},"wordCount":389,"commentCount":0,"publisher":{"@id":"https:\/\/vosgesinfo.fr\/remiremontinfo\/#organization"},"image":{"@id":"https:\/\/vosgesinfo.fr\/remiremontinfo\/2023\/06\/suite-de-lincendie-deux-chats-disparus\/#primaryimage"},"thumbnailUrl":"https:\/\/vosgesinfo.fr\/app\/uploads\/sites\/5\/2024\/09\/202306dsc-0685.jpg","keywords":["suite incendie"],"articleSection":["A la Une","Remiremont &amp; son canton","Saint-Nabord"],"inLanguage":"fr-FR","potentialAction":[{"@type":"CommentAction","name":"Comment","target":["https:\/\/vosgesinfo.fr\/remiremontinfo\/2023\/06\/suite-de-lincendie-deux-chats-disparus\/#respond"]}]},{"@type":"WebPage","@id":"https:\/\/vosgesinfo.fr\/remiremontinfo\/2023\/06\/suite-de-lincendie-deux-chats-disparus\/","url":"https:\/\/vosgesinfo.fr\/remiremontinfo\/2023\/06\/suite-de-lincendie-deux-chats-disparus\/","name":"Suite de l'incendie, deux chats disparus - Remiremont Info","isPartOf":{"@id":"https:\/\/vosgesinfo.fr\/remiremontinfo\/#website"},"primaryImageOfPage":{"@id":"https:\/\/vosgesinfo.fr\/remiremontinfo\/2023\/06\/suite-de-lincendie-deux-chats-disparus\/#primaryimage"},"image":{"@id":"https:\/\/vosgesinfo.fr\/remiremontinfo\/2023\/06\/suite-de-lincendie-deux-chats-disparus\/#primaryimage"},"thumbnailUrl":"https:\/\/vosgesinfo.fr\/app\/uploads\/sites\/5\/2024\/09\/202306dsc-0685.jpg","datePublished":"2023-06-15T14:00:33+00:00","dateModified":"2023-06-15T14:00:33+00:00","breadcrumb":{"@id":"https:\/\/vosgesinfo.fr\/remiremontinfo\/2023\/06\/suite-de-lincendie-deux-chats-disparus\/#breadcrumb"},"inLanguage":"fr-FR","potentialAction":[{"@type":"ReadAction","target":["https:\/\/vosgesinfo.fr\/remiremontinfo\/2023\/06\/suite-de-lincendie-deux-chats-disparus\/"]}]},{"@type":"ImageObject","inLanguage":"fr-FR","@id":"https:\/\/vosgesinfo.fr\/remiremontinfo\/2023\/06\/suite-de-lincendie-deux-chats-disparus\/#primaryimage","url":"https:\/\/vosgesinfo.fr\/app\/uploads\/sites\/5\/2024\/09\/202306dsc-0685.jpg","contentUrl":"https:\/\/vosgesinfo.fr\/app\/uploads\/sites\/5\/2024\/09\/202306dsc-0685.jpg","width":1600,"height":1063},{"@type":"BreadcrumbList","@id":"https:\/\/vosgesinfo.fr\/remiremontinfo\/2023\/06\/suite-de-lincendie-deux-chats-disparus\/#breadcrumb","itemListElement":[{"@type":"ListItem","position":1,"name":"Home","item":"https:\/\/vosgesinfo.fr\/remiremontinfo\/"},{"@type":"ListItem","position":2,"name":"Suite de l&rsquo;incendie, deux chats disparus"}]},{"@type":"WebSite","@id":"https:\/\/vosgesinfo.fr\/remiremontinfo\/#website","url":"https:\/\/vosgesinfo.fr\/remiremontinfo\/","name":"Remiremont Info","description":"Toute l&#039;actualit\u00e9 de Remiremont","publisher":{"@id":"https:\/\/vosgesinfo.fr\/remiremontinfo\/#organization"},"alternateName":"Toute l'actualit\u00e9 de Remiremont","potentialAction":[{"@type":"SearchAction","target":{"@type":"EntryPoint","urlTemplate":"https:\/\/vosgesinfo.fr\/remiremontinfo\/?s={search_term_string}"},"query-input":"required name=search_term_string"}],"inLanguage":"fr-FR"},{"@type":"Organization","@id":"https:\/\/vosgesinfo.fr\/remiremontinfo\/#organization","name":"Remiremont Info","url":"https:\/\/vosgesinfo.fr\/remiremontinfo\/","logo":{"@type":"ImageObject","inLanguage":"fr-FR","@id":"https:\/\/vosgesinfo.fr\/remiremontinfo\/#\/schema\/logo\/image\/","url":"https:\/\/vosgesinfo.fr\/app\/uploads\/sites\/5\/2023\/08\/favicon-remiremontinfo.png","contentUrl":"https:\/\/vosgesinfo.fr\/app\/uploads\/sites\/5\/2023\/08\/favicon-remiremontinfo.png","width":512,"height":512,"caption":"Remiremont Info"},"image":{"@id":"https:\/\/vosgesinfo.fr\/remiremontinfo\/#\/schema\/logo\/image\/"},"sameAs":["https:\/\/www.facebook.com\/remiremontinfo","https:\/\/x.com\/VosgesInfo88","https:\/\/www.youtube.com\/@vosgesinfo"]},{"@type":"Person","@id":"https:\/\/vosgesinfo.fr\/remiremontinfo\/#\/schema\/person\/27fd50bfa0474755c339da9cdfc89f3d","name":"C.M","image":{"@type":"ImageObject","inLanguage":"fr-FR","@id":"https:\/\/vosgesinfo.fr\/remiremontinfo\/#\/schema\/person\/image\/","url":"https:\/\/secure.gravatar.com\/avatar\/aeefb88e08fc3e19fa733c61898f1bec4517042b8355098e757f11b4d3d4df70?s=96&d=mm&r=g","contentUrl":"https:\/\/secure.gravatar.com\/avatar\/aeefb88e08fc3e19fa733c61898f1bec4517042b8355098e757f11b4d3d4df70?s=96&d=mm&r=g","caption":"C.M"},"url":"https:\/\/vosgesinfo.fr\/remiremontinfo\/author\/cathy88200\/"}]}},"_links":{"self":[{"href":"https:\/\/vosgesinfo.fr\/remiremontinfo\/wp-json\/wp\/v2\/posts\/72098","targetHints":{"allow":["GET"]}}],"collection":[{"href":"https:\/\/vosgesinfo.fr\/remiremontinfo\/wp-json\/wp\/v2\/posts"}],"about":[{"href":"https:\/\/vosgesinfo.fr\/remiremontinfo\/wp-json\/wp\/v2\/types\/post"}],"author":[{"embeddable":true,"href":"https:\/\/vosgesinfo.fr\/remiremontinfo\/wp-json\/wp\/v2\/users\/411"}],"replies":[{"embeddable":true,"href":"https:\/\/vosgesinfo.fr\/remiremontinfo\/wp-json\/wp\/v2\/comments?post=72098"}],"version-history":[{"count":0,"href":"https:\/\/vosgesinfo.fr\/remiremontinfo\/wp-json\/wp\/v2\/posts\/72098\/revisions"}],"wp:featuredmedia":[{"embeddable":true,"href":"https:\/\/vosgesinfo.fr\/remiremontinfo\/wp-json\/wp\/v2\/media\/72099"}],"wp:attachment":[{"href":"https:\/\/vosgesinfo.fr\/remiremontinfo\/wp-json\/wp\/v2\/media?parent=72098"}],"wp:term":[{"taxonomy":"category","embeddable":true,"href":"https:\/\/vosgesinfo.fr\/remiremontinfo\/wp-json\/wp\/v2\/categories?post=72098"},{"taxonomy":"post_tag","embeddable":true,"href":"https:\/\/vosgesinfo.fr\/remiremontinfo\/wp-json\/wp\/v2\/tags?post=72098"}],"curies":[{"name":"wp","href":"https:\/\/api.w.org\/{rel}","templated":true}]}}